{"id":228881,"date":"2025-02-17T22:55:00","date_gmt":"2025-02-18T01:55:00","guid":{"rendered":"https:\/\/www.gaveanews.com\/?p=228881"},"modified":"2025-02-17T21:48:56","modified_gmt":"2025-02-18T00:48:56","slug":"racing-x-botafogo-bastos-vai-jogar","status":"publish","type":"post","link":"https:\/\/www.gaveanews.com\/index.php\/2025\/02\/17\/racing-x-botafogo-bastos-vai-jogar\/","title":{"rendered":"Racing x Botafogo: Bastos vai jogar?"},"content":{"rendered":"\n<p>Bastos n\u00e3o estar\u00e1 presente na primeira partida da Recopa Sul-Americana, que ser\u00e1 realizada nesta quinta-feira, em Buenos Aires. O defensor angolano, que est\u00e1 afastado dos campos de batalha por conta de uma les\u00e3o no joelho sofrida nos primeiros minutos de Nova Igua\u00e7u x Botafogo, prossegue com seu processo de recupera\u00e7\u00e3o. Em Avellaneda, ele n\u00e3o estar\u00e1 dispon\u00edvel para Cl\u00e1udio Ca\u00e7apa.<\/p>\n\n\n\n<p>O Botafogo concluiu internamente que o retorno de Bastos, ou seja, as queixas do defensor sobre o estado de sa\u00fade, foram modestas em rela\u00e7\u00e3o ao grau do trauma no joelho esquerdo.<\/p>\n\n\n\n<p>A resist\u00eancia f\u00edsica do defensor angolano \u00e9 frequentemente mencionada nos bastidores. O Botafogo optou por um tratamento conservador, mas espera-se uma recupera\u00e7\u00e3o r\u00e1pida.<\/p>\n\n\n\n<h2 class=\"wp-block-heading\" id=\"h-outros-reforcos-para-a-partida\">Outros refor\u00e7os para a partida:<\/h2>\n\n\n\n<p>Artur estar\u00e1 novamente dispon\u00edvel. Depois de se lesionar na coxa esquerda contra o Nova Igua\u00e7u, o atacante est\u00e1 apto a jogar e embarcar\u00e1 para Buenos Aires. Na quarta-feira que vem, o Botafogo viaja durante a tarde.<\/p>\n\n\n\n<p>Jair e Nathan Fernandes ser\u00e3o adicionados \u00e0 delega\u00e7\u00e3o alvinegra. A dupla, que conquistou o t\u00edtulo do Sul-Americano sub-20 com a sele\u00e7\u00e3o brasileira no \u00faltimo domingo, chegar\u00e1 ao Rio de Janeiro na madrugada de ter\u00e7a.<\/p>\n\n\n\n<p>Ambos j\u00e1 estavam presentes na lista enviada pelo Botafogo \u00e0 Conmebol na semana passada. Santiago Rodr\u00edguez, que chegou ao Brasil na segunda-feira passada, n\u00e3o est\u00e1 inscrito.<\/p>\n\n\n\n<p>O treinador interino Cl\u00e1udio Ca\u00e7apa tem a op\u00e7\u00e3o de escolher David Ricardo, que foi oficialmente apresentado nesta segunda-feira, ou os jovens Jair e Serafim para substituir Bastos. Danilo Barbosa tamb\u00e9m j\u00e1 desempenhou um papel improvisado como zagueiro na defesa do Botafogo.<\/p>\n\n\n\n<p>Se Artur n\u00e3o puder come\u00e7ar a partida em Avellaneda, as alternativas mais prov\u00e1veis s\u00e3o Rafael Lobato e Yarlen ambos s\u00e3o das categorias de base do Botafogo. Na Supercopa Rei, realizada em Bel\u00e9m, o jogador de n\u00famero 7 integrou o ataque juntamente com Matheus Martins e Igor Jesus.<\/p>\n","protected":false},"excerpt":{"rendered":"<p>Bastos n\u00e3o estar\u00e1 presente na primeira partida da Recopa Sul-Americana, que ser\u00e1 realizada nesta quinta-feira, em Buenos Aires. O defensor angolano, que est\u00e1 afastado dos campos de batalha por conta de uma les\u00e3o no joelho sofrida nos primeiros minutos de Nova Igua\u00e7u x Botafogo, prossegue com seu processo de recupera\u00e7\u00e3o. Em Avellaneda, ele n\u00e3o estar\u00e1 [&hellip;]<\/p>\n","protected":false},"author":16,"featured_media":170336,"comment_status":"open","ping_status":"closed","sticky":false,"template":"","format":"standard","meta":{"footnotes":""},"categories":[138],"tags":[],"class_list":["post-228881","post","type-post","status-publish","format-standard","has-post-thumbnail","hentry","category-botafogo"],"yoast_head":"<!-- This site is optimized with the Yoast SEO Premium plugin v24.2 (Yoast SEO v26.9) - https:\/\/yoast.com\/product\/yoast-seo-premium-wordpress\/ -->\n<title>Racing x Botafogo: Bastos vai jogar?<\/title>\n<meta name=\"robots\" content=\"index, follow, max-snippet:-1, max-image-preview:large, max-video-preview:-1\" \/>\n<link rel=\"canonical\" href=\"https:\/\/www.gaveanews.com\/index.php\/2025\/02\/17\/racing-x-botafogo-bastos-vai-jogar\/\" \/>\n<meta property=\"og:locale\" content=\"pt_BR\" \/>\n<meta property=\"og:type\" content=\"article\" \/>\n<meta property=\"og:title\" content=\"Racing x Botafogo: Bastos vai jogar?\" \/>\n<meta property=\"og:description\" content=\"Bastos n\u00e3o estar\u00e1 presente na primeira partida da Recopa Sul-Americana, que ser\u00e1 realizada nesta quinta-feira, em Buenos Aires. O defensor angolano, que est\u00e1 afastado dos campos de batalha por conta de uma les\u00e3o no joelho sofrida nos primeiros minutos de Nova Igua\u00e7u x Botafogo, prossegue com seu processo de recupera\u00e7\u00e3o. Em Avellaneda, ele n\u00e3o estar\u00e1 [&hellip;]\" \/>\n<meta property=\"og:url\" content=\"https:\/\/www.gaveanews.com\/index.php\/2025\/02\/17\/racing-x-botafogo-bastos-vai-jogar\/\" \/>\n<meta property=\"og:site_name\" content=\"G\u00e1vea News\" \/>\n<meta property=\"article:publisher\" content=\"https:\/\/facebook.com\/gaveaNews\/\" \/>\n<meta property=\"article:published_time\" content=\"2025-02-18T01:55:00+00:00\" \/>\n<meta property=\"og:image\" content=\"https:\/\/www.gaveanews.com\/wp-content\/uploads\/Bastos-em-acao-pelo-Botafogo.webp\" \/>\n\t<meta property=\"og:image:width\" content=\"667\" \/>\n\t<meta property=\"og:image:height\" content=\"592\" \/>\n\t<meta property=\"og:image:type\" content=\"image\/jpeg\" \/>\n<meta name=\"author\" content=\"D\u00e9bora Figueiredo\" \/>\n<meta name=\"twitter:card\" content=\"summary_large_image\" \/>\n<meta name=\"twitter:label1\" content=\"Escrito por\" \/>\n\t<meta name=\"twitter:data1\" content=\"D\u00e9bora Figueiredo\" \/>\n\t<meta name=\"twitter:label2\" content=\"Est. tempo de leitura\" \/>\n\t<meta name=\"twitter:data2\" content=\"2 minutos\" \/>\n<script type=\"application\/ld+json\" class=\"yoast-schema-graph\">{\"@context\":\"https:\/\/schema.org\",\"@graph\":[{\"@type\":\"NewsArticle\",\"@id\":\"https:\/\/www.gaveanews.com\/index.php\/2025\/02\/17\/racing-x-botafogo-bastos-vai-jogar\/#article\",\"isPartOf\":{\"@id\":\"https:\/\/www.gaveanews.com\/index.php\/2025\/02\/17\/racing-x-botafogo-bastos-vai-jogar\/\"},\"author\":{\"name\":\"D\u00e9bora Figueiredo\",\"@id\":\"https:\/\/www.gaveanews.com\/#\/schema\/person\/37122681a8575a5c8db05a56f099a5e4\"},\"headline\":\"Racing x Botafogo: Bastos vai jogar?\",\"datePublished\":\"2025-02-18T01:55:00+00:00\",\"mainEntityOfPage\":{\"@id\":\"https:\/\/www.gaveanews.com\/index.php\/2025\/02\/17\/racing-x-botafogo-bastos-vai-jogar\/\"},\"wordCount\":339,\"commentCount\":0,\"image\":{\"@id\":\"https:\/\/www.gaveanews.com\/index.php\/2025\/02\/17\/racing-x-botafogo-bastos-vai-jogar\/#primaryimage\"},\"thumbnailUrl\":\"https:\/\/www.gaveanews.com\/wp-content\/uploads\/Bastos-em-acao-pelo-Botafogo.webp\",\"articleSection\":[\"Botafogo\"],\"inLanguage\":\"pt-BR\",\"potentialAction\":[{\"@type\":\"CommentAction\",\"name\":\"Comment\",\"target\":[\"https:\/\/www.gaveanews.com\/index.php\/2025\/02\/17\/racing-x-botafogo-bastos-vai-jogar\/#respond\"]}],\"copyrightYear\":\"2025\",\"copyrightHolder\":{\"@id\":\"https:\/\/www.gaveanews.com\/#organization\"}},{\"@type\":\"WebPage\",\"@id\":\"https:\/\/www.gaveanews.com\/index.php\/2025\/02\/17\/racing-x-botafogo-bastos-vai-jogar\/\",\"url\":\"https:\/\/www.gaveanews.com\/index.php\/2025\/02\/17\/racing-x-botafogo-bastos-vai-jogar\/\",\"name\":\"Racing x Botafogo: Bastos vai jogar?\",\"isPartOf\":{\"@id\":\"https:\/\/www.gaveanews.com\/#website\"},\"primaryImageOfPage\":{\"@id\":\"https:\/\/www.gaveanews.com\/index.php\/2025\/02\/17\/racing-x-botafogo-bastos-vai-jogar\/#primaryimage\"},\"image\":{\"@id\":\"https:\/\/www.gaveanews.com\/index.php\/2025\/02\/17\/racing-x-botafogo-bastos-vai-jogar\/#primaryimage\"},\"thumbnailUrl\":\"https:\/\/www.gaveanews.com\/wp-content\/uploads\/Bastos-em-acao-pelo-Botafogo.webp\",\"datePublished\":\"2025-02-18T01:55:00+00:00\",\"author\":{\"@id\":\"https:\/\/www.gaveanews.com\/#\/schema\/person\/37122681a8575a5c8db05a56f099a5e4\"},\"breadcrumb\":{\"@id\":\"https:\/\/www.gaveanews.com\/index.php\/2025\/02\/17\/racing-x-botafogo-bastos-vai-jogar\/#breadcrumb\"},\"inLanguage\":\"pt-BR\",\"potentialAction\":[{\"@type\":\"ReadAction\",\"target\":[\"https:\/\/www.gaveanews.com\/index.php\/2025\/02\/17\/racing-x-botafogo-bastos-vai-jogar\/\"]}]},{\"@type\":\"ImageObject\",\"inLanguage\":\"pt-BR\",\"@id\":\"https:\/\/www.gaveanews.com\/index.php\/2025\/02\/17\/racing-x-botafogo-bastos-vai-jogar\/#primaryimage\",\"url\":\"https:\/\/www.gaveanews.com\/wp-content\/uploads\/Bastos-em-acao-pelo-Botafogo.webp\",\"contentUrl\":\"https:\/\/www.gaveanews.com\/wp-content\/uploads\/Bastos-em-acao-pelo-Botafogo.webp\",\"width\":667,\"height\":592,\"caption\":\"Bastos em a\u00e7\u00e3o pelo Botafogo (Foto: Vitor Silva\/Botafogo)\"},{\"@type\":\"BreadcrumbList\",\"@id\":\"https:\/\/www.gaveanews.com\/index.php\/2025\/02\/17\/racing-x-botafogo-bastos-vai-jogar\/#breadcrumb\",\"itemListElement\":[{\"@type\":\"ListItem\",\"position\":1,\"name\":\"Home\",\"item\":\"https:\/\/www.gaveanews.com\/\"},{\"@type\":\"ListItem\",\"position\":2,\"name\":\"Racing x Botafogo: Bastos vai jogar?\"}]},{\"@type\":\"WebSite\",\"@id\":\"https:\/\/www.gaveanews.com\/#website\",\"url\":\"https:\/\/www.gaveanews.com\/\",\"name\":\"G\u00e1vea News\",\"description\":\"Veja todas as not\u00edcias sobre o Flamengo: Contrata\u00e7\u00f5es, categorias de base, resultados das partidas, tabela de classifica\u00e7\u00e3o, pr\u00f3ximos jogos!\",\"potentialAction\":[{\"@type\":\"SearchAction\",\"target\":{\"@type\":\"EntryPoint\",\"urlTemplate\":\"https:\/\/www.gaveanews.com\/?s={search_term_string}\"},\"query-input\":{\"@type\":\"PropertyValueSpecification\",\"valueRequired\":true,\"valueName\":\"search_term_string\"}}],\"inLanguage\":\"pt-BR\"},{\"@type\":\"Person\",\"@id\":\"https:\/\/www.gaveanews.com\/#\/schema\/person\/37122681a8575a5c8db05a56f099a5e4\",\"name\":\"D\u00e9bora Figueiredo\",\"image\":{\"@type\":\"ImageObject\",\"inLanguage\":\"pt-BR\",\"@id\":\"https:\/\/www.gaveanews.com\/#\/schema\/person\/image\/\",\"url\":\"https:\/\/secure.gravatar.com\/avatar\/1f44802859351588499d26f52aed1d15796ce17e67602895b72837c08018868d?s=96&d=mm&r=g\",\"contentUrl\":\"https:\/\/secure.gravatar.com\/avatar\/1f44802859351588499d26f52aed1d15796ce17e67602895b72837c08018868d?s=96&d=mm&r=g\",\"caption\":\"D\u00e9bora Figueiredo\"}}]}<\/script>\n<!-- \/ Yoast SEO Premium plugin. -->","yoast_head_json":{"title":"Racing x Botafogo: Bastos vai jogar?","robots":{"index":"index","follow":"follow","max-snippet":"max-snippet:-1","max-image-preview":"max-image-preview:large","max-video-preview":"max-video-preview:-1"},"canonical":"https:\/\/www.gaveanews.com\/index.php\/2025\/02\/17\/racing-x-botafogo-bastos-vai-jogar\/","og_locale":"pt_BR","og_type":"article","og_title":"Racing x Botafogo: Bastos vai jogar?","og_description":"Bastos n\u00e3o estar\u00e1 presente na primeira partida da Recopa Sul-Americana, que ser\u00e1 realizada nesta quinta-feira, em Buenos Aires. O defensor angolano, que est\u00e1 afastado dos campos de batalha por conta de uma les\u00e3o no joelho sofrida nos primeiros minutos de Nova Igua\u00e7u x Botafogo, prossegue com seu processo de recupera\u00e7\u00e3o. Em Avellaneda, ele n\u00e3o estar\u00e1 [&hellip;]","og_url":"https:\/\/www.gaveanews.com\/index.php\/2025\/02\/17\/racing-x-botafogo-bastos-vai-jogar\/","og_site_name":"G\u00e1vea News","article_publisher":"https:\/\/facebook.com\/gaveaNews\/","article_published_time":"2025-02-18T01:55:00+00:00","og_image":[{"width":667,"height":592,"url":"https:\/\/www.gaveanews.com\/wp-content\/uploads\/Bastos-em-acao-pelo-Botafogo.webp","type":"image\/jpeg"}],"author":"D\u00e9bora Figueiredo","twitter_card":"summary_large_image","twitter_misc":{"Escrito por":"D\u00e9bora Figueiredo","Est. tempo de leitura":"2 minutos"},"schema":{"@context":"https:\/\/schema.org","@graph":[{"@type":"NewsArticle","@id":"https:\/\/www.gaveanews.com\/index.php\/2025\/02\/17\/racing-x-botafogo-bastos-vai-jogar\/#article","isPartOf":{"@id":"https:\/\/www.gaveanews.com\/index.php\/2025\/02\/17\/racing-x-botafogo-bastos-vai-jogar\/"},"author":{"name":"D\u00e9bora Figueiredo","@id":"https:\/\/www.gaveanews.com\/#\/schema\/person\/37122681a8575a5c8db05a56f099a5e4"},"headline":"Racing x Botafogo: Bastos vai jogar?","datePublished":"2025-02-18T01:55:00+00:00","mainEntityOfPage":{"@id":"https:\/\/www.gaveanews.com\/index.php\/2025\/02\/17\/racing-x-botafogo-bastos-vai-jogar\/"},"wordCount":339,"commentCount":0,"image":{"@id":"https:\/\/www.gaveanews.com\/index.php\/2025\/02\/17\/racing-x-botafogo-bastos-vai-jogar\/#primaryimage"},"thumbnailUrl":"https:\/\/www.gaveanews.com\/wp-content\/uploads\/Bastos-em-acao-pelo-Botafogo.webp","articleSection":["Botafogo"],"inLanguage":"pt-BR","potentialAction":[{"@type":"CommentAction","name":"Comment","target":["https:\/\/www.gaveanews.com\/index.php\/2025\/02\/17\/racing-x-botafogo-bastos-vai-jogar\/#respond"]}],"copyrightYear":"2025","copyrightHolder":{"@id":"https:\/\/www.gaveanews.com\/#organization"}},{"@type":"WebPage","@id":"https:\/\/www.gaveanews.com\/index.php\/2025\/02\/17\/racing-x-botafogo-bastos-vai-jogar\/","url":"https:\/\/www.gaveanews.com\/index.php\/2025\/02\/17\/racing-x-botafogo-bastos-vai-jogar\/","name":"Racing x Botafogo: Bastos vai jogar?","isPartOf":{"@id":"https:\/\/www.gaveanews.com\/#website"},"primaryImageOfPage":{"@id":"https:\/\/www.gaveanews.com\/index.php\/2025\/02\/17\/racing-x-botafogo-bastos-vai-jogar\/#primaryimage"},"image":{"@id":"https:\/\/www.gaveanews.com\/index.php\/2025\/02\/17\/racing-x-botafogo-bastos-vai-jogar\/#primaryimage"},"thumbnailUrl":"https:\/\/www.gaveanews.com\/wp-content\/uploads\/Bastos-em-acao-pelo-Botafogo.webp","datePublished":"2025-02-18T01:55:00+00:00","author":{"@id":"https:\/\/www.gaveanews.com\/#\/schema\/person\/37122681a8575a5c8db05a56f099a5e4"},"breadcrumb":{"@id":"https:\/\/www.gaveanews.com\/index.php\/2025\/02\/17\/racing-x-botafogo-bastos-vai-jogar\/#breadcrumb"},"inLanguage":"pt-BR","potentialAction":[{"@type":"ReadAction","target":["https:\/\/www.gaveanews.com\/index.php\/2025\/02\/17\/racing-x-botafogo-bastos-vai-jogar\/"]}]},{"@type":"ImageObject","inLanguage":"pt-BR","@id":"https:\/\/www.gaveanews.com\/index.php\/2025\/02\/17\/racing-x-botafogo-bastos-vai-jogar\/#primaryimage","url":"https:\/\/www.gaveanews.com\/wp-content\/uploads\/Bastos-em-acao-pelo-Botafogo.webp","contentUrl":"https:\/\/www.gaveanews.com\/wp-content\/uploads\/Bastos-em-acao-pelo-Botafogo.webp","width":667,"height":592,"caption":"Bastos em a\u00e7\u00e3o pelo Botafogo (Foto: Vitor Silva\/Botafogo)"},{"@type":"BreadcrumbList","@id":"https:\/\/www.gaveanews.com\/index.php\/2025\/02\/17\/racing-x-botafogo-bastos-vai-jogar\/#breadcrumb","itemListElement":[{"@type":"ListItem","position":1,"name":"Home","item":"https:\/\/www.gaveanews.com\/"},{"@type":"ListItem","position":2,"name":"Racing x Botafogo: Bastos vai jogar?"}]},{"@type":"WebSite","@id":"https:\/\/www.gaveanews.com\/#website","url":"https:\/\/www.gaveanews.com\/","name":"G\u00e1vea News","description":"Veja todas as not\u00edcias sobre o Flamengo: Contrata\u00e7\u00f5es, categorias de base, resultados das partidas, tabela de classifica\u00e7\u00e3o, pr\u00f3ximos jogos!","potentialAction":[{"@type":"SearchAction","target":{"@type":"EntryPoint","urlTemplate":"https:\/\/www.gaveanews.com\/?s={search_term_string}"},"query-input":{"@type":"PropertyValueSpecification","valueRequired":true,"valueName":"search_term_string"}}],"inLanguage":"pt-BR"},{"@type":"Person","@id":"https:\/\/www.gaveanews.com\/#\/schema\/person\/37122681a8575a5c8db05a56f099a5e4","name":"D\u00e9bora Figueiredo","image":{"@type":"ImageObject","inLanguage":"pt-BR","@id":"https:\/\/www.gaveanews.com\/#\/schema\/person\/image\/","url":"https:\/\/secure.gravatar.com\/avatar\/1f44802859351588499d26f52aed1d15796ce17e67602895b72837c08018868d?s=96&d=mm&r=g","contentUrl":"https:\/\/secure.gravatar.com\/avatar\/1f44802859351588499d26f52aed1d15796ce17e67602895b72837c08018868d?s=96&d=mm&r=g","caption":"D\u00e9bora Figueiredo"}}]}},"_links":{"self":[{"href":"https:\/\/www.gaveanews.com\/index.php\/wp-json\/wp\/v2\/posts\/228881","targetHints":{"allow":["GET"]}}],"collection":[{"href":"https:\/\/www.gaveanews.com\/index.php\/wp-json\/wp\/v2\/posts"}],"about":[{"href":"https:\/\/www.gaveanews.com\/index.php\/wp-json\/wp\/v2\/types\/post"}],"author":[{"embeddable":true,"href":"https:\/\/www.gaveanews.com\/index.php\/wp-json\/wp\/v2\/users\/16"}],"replies":[{"embeddable":true,"href":"https:\/\/www.gaveanews.com\/index.php\/wp-json\/wp\/v2\/comments?post=228881"}],"version-history":[{"count":2,"href":"https:\/\/www.gaveanews.com\/index.php\/wp-json\/wp\/v2\/posts\/228881\/revisions"}],"predecessor-version":[{"id":229018,"href":"https:\/\/www.gaveanews.com\/index.php\/wp-json\/wp\/v2\/posts\/228881\/revisions\/229018"}],"wp:featuredmedia":[{"embeddable":true,"href":"https:\/\/www.gaveanews.com\/index.php\/wp-json\/wp\/v2\/media\/170336"}],"wp:attachment":[{"href":"https:\/\/www.gaveanews.com\/index.php\/wp-json\/wp\/v2\/media?parent=228881"}],"wp:term":[{"taxonomy":"category","embeddable":true,"href":"https:\/\/www.gaveanews.com\/index.php\/wp-json\/wp\/v2\/categories?post=228881"},{"taxonomy":"post_tag","embeddable":true,"href":"https:\/\/www.gaveanews.com\/index.php\/wp-json\/wp\/v2\/tags?post=228881"}],"curies":[{"name":"wp","href":"https:\/\/api.w.org\/{rel}","templated":true}]}}