{"id":228889,"date":"2025-02-17T22:05:00","date_gmt":"2025-02-18T01:05:00","guid":{"rendered":"https:\/\/www.gaveanews.com\/?p=228889"},"modified":"2025-02-17T21:43:48","modified_gmt":"2025-02-18T00:43:48","slug":"vasco-maxime-dominguez-e-sincero-sobre-onde-prefere-jogar-no-vasco","status":"publish","type":"post","link":"https:\/\/www.gaveanews.com\/index.php\/2025\/02\/17\/vasco-maxime-dominguez-e-sincero-sobre-onde-prefere-jogar-no-vasco\/","title":{"rendered":"Vasco: M\u00e1xime Dominguez \u00e9 sincero sobre onde prefere jogar no Vasco"},"content":{"rendered":"\n<h2 class=\"wp-block-heading\" id=\"h-o-jogador-nao-foi-relacionado-para-o-proximo-jogo\">O jogador n\u00e3o foi relacionado para o pr\u00f3ximo jogo <\/h2>\n\n\n\n<p>O Vasco divulgou, nesta segunda-feira (17), a lista dos jogadores relacionados para o confronto contra o Uni\u00e3o Rondon\u00f3polis, pela primeira fase da Copa do Brasil. A partida acontecer\u00e1 nesta ter\u00e7a-feira (18), \u00e0s 19h30, no Est\u00e1dio Kleber Andrade, em Cariacica.<\/p>\n\n\n\n<p> O t\u00e9cnico F\u00e1bio Carille contar\u00e1 com a presen\u00e7a do jovem atacante Rayan, que retorna ao clube ap\u00f3s disputar o Sul-Americano sub-20 com a Sele\u00e7\u00e3o Brasileira. O jogador, de 18 anos, foi um dos principais destaques da competi\u00e7\u00e3o, com duas assist\u00eancias e dois gols marcados em nove partidas disputadas.<\/p>\n\n\n\n<p>A inclus\u00e3o de Rayan no elenco traz um al\u00edvio ao time, que aposta no talento do atacante para refor\u00e7ar o setor ofensivo na busca pela classifica\u00e7\u00e3o \u00e0 pr\u00f3xima fase do torneio nacional.<\/p>\n\n\n\n<p>Sua presen\u00e7a no grupo \u00e9 vista com grande expectativa, principalmente pela sua boa fase e pelas chances que teve na Sele\u00e7\u00e3o Brasileira sub-20. Em sua aus\u00eancia, o Vasco teve que se acostumar a jogar sem o jovem, mas agora ele volta com a miss\u00e3o de agregar ao time e refor\u00e7ar a ofensiva.<\/p>\n\n\n\n<p>Al\u00e9m de Rayan, a principal aus\u00eancia na lista divulgada pelo Vasco foi o su\u00ed\u00e7o Maxime Dominguez. O jogador, que recentemente solicitou ao t\u00e9cnico F\u00e1bio Carille para ser escalado como meio-campista e n\u00e3o mais como ponta, n\u00e3o foi relacionado para a partida. Dominguez tem lutado para encontrar um lugar de destaque no elenco e sua situa\u00e7\u00e3o segue sendo monitorada pelo clube.<\/p>\n\n\n\n<p>A rela\u00e7\u00e3o dos jogadores convocados para o duelo contra o Uni\u00e3o Rondon\u00f3polis \u00e9 a seguinte:<\/p>\n\n\n\n<ul class=\"wp-block-list\">\n<li><strong>Goleiros<\/strong>: Daniel Fuzato, L\u00e9o Jardim e Pablo.<\/li>\n\n\n\n<li><strong>Laterais<\/strong>: Lucas Piton, Paulo Henrique, Puma Rodr\u00edguez e Victor Lu\u00eds.<\/li>\n\n\n\n<li><strong>Zagueiros<\/strong>: Jo\u00e3o Victor, Lucas Freitas e Mauricio Lemos.<\/li>\n\n\n\n<li><strong>Volantes<\/strong>: Hugo Moura, Jair, Mateus Carvalho, Souza e Tch\u00ea Tch\u00ea.<\/li>\n\n\n\n<li><strong>Meias<\/strong>: Coutinho, Lukas Zuccarello, Paulinho e Payet.<\/li>\n\n\n\n<li><strong>Atacantes<\/strong>: Alex Teixeira, Jean David, Maxsuell, Rayan e Vegetti.<\/li>\n<\/ul>\n\n\n\n<p>O Vasco, que vem de um bom in\u00edcio de temporada, tem a miss\u00e3o de superar o Uni\u00e3o Rondon\u00f3polis para seguir firme na competi\u00e7\u00e3o e avan\u00e7ar para a segunda fase da Copa do Brasil. O time est\u00e1 focado em garantir uma classifica\u00e7\u00e3o tranquila, mas sabe que o torneio mata-mata sempre reserva desafios dif\u00edceis, especialmente quando se trata de um \u00fanico jogo decisivo, como no caso dessa fase inicial.<\/p>\n","protected":false},"excerpt":{"rendered":"<p>O jogador n\u00e3o foi relacionado para o pr\u00f3ximo jogo O Vasco divulgou, nesta segunda-feira (17), a lista dos jogadores relacionados para o confronto contra o Uni\u00e3o Rondon\u00f3polis, pela primeira fase da Copa do Brasil. A partida acontecer\u00e1 nesta ter\u00e7a-feira (18), \u00e0s 19h30, no Est\u00e1dio Kleber Andrade, em Cariacica. O t\u00e9cnico F\u00e1bio Carille contar\u00e1 com a [&hellip;]<\/p>\n","protected":false},"author":17,"featured_media":165451,"comment_status":"open","ping_status":"closed","sticky":false,"template":"","format":"standard","meta":{"footnotes":""},"categories":[152],"tags":[],"class_list":["post-228889","post","type-post","status-publish","format-standard","has-post-thumbnail","hentry","category-vasco"],"yoast_head":"<!-- This site is optimized with the Yoast SEO Premium plugin v24.2 (Yoast SEO v26.9) - https:\/\/yoast.com\/product\/yoast-seo-premium-wordpress\/ -->\n<title>Vasco: M\u00e1xime Dominguez \u00e9 sincero sobre onde prefere jogar no Vasco<\/title>\n<meta name=\"robots\" content=\"index, follow, max-snippet:-1, max-image-preview:large, max-video-preview:-1\" \/>\n<link rel=\"canonical\" href=\"https:\/\/www.gaveanews.com\/index.php\/2025\/02\/17\/vasco-maxime-dominguez-e-sincero-sobre-onde-prefere-jogar-no-vasco\/\" \/>\n<meta property=\"og:locale\" content=\"pt_BR\" \/>\n<meta property=\"og:type\" content=\"article\" \/>\n<meta property=\"og:title\" content=\"Vasco: M\u00e1xime Dominguez \u00e9 sincero sobre onde prefere jogar no Vasco\" \/>\n<meta property=\"og:description\" content=\"O jogador n\u00e3o foi relacionado para o pr\u00f3ximo jogo O Vasco divulgou, nesta segunda-feira (17), a lista dos jogadores relacionados para o confronto contra o Uni\u00e3o Rondon\u00f3polis, pela primeira fase da Copa do Brasil. A partida acontecer\u00e1 nesta ter\u00e7a-feira (18), \u00e0s 19h30, no Est\u00e1dio Kleber Andrade, em Cariacica. O t\u00e9cnico F\u00e1bio Carille contar\u00e1 com a [&hellip;]\" \/>\n<meta property=\"og:url\" content=\"https:\/\/www.gaveanews.com\/index.php\/2025\/02\/17\/vasco-maxime-dominguez-e-sincero-sobre-onde-prefere-jogar-no-vasco\/\" \/>\n<meta property=\"og:site_name\" content=\"G\u00e1vea News\" \/>\n<meta property=\"article:publisher\" content=\"https:\/\/facebook.com\/gaveaNews\/\" \/>\n<meta property=\"article:published_time\" content=\"2025-02-18T01:05:00+00:00\" \/>\n<meta property=\"og:image\" content=\"https:\/\/www.gaveanews.com\/wp-content\/uploads\/Maxime-Dominguez-durante-apresentacao-ao-Vasco-no-CT-Moacyr-Barbosa.webp\" \/>\n\t<meta property=\"og:image:width\" content=\"984\" \/>\n\t<meta property=\"og:image:height\" content=\"653\" \/>\n\t<meta property=\"og:image:type\" content=\"image\/webp\" \/>\n<meta name=\"author\" content=\"Geovanna Thomaz\" \/>\n<meta name=\"twitter:card\" content=\"summary_large_image\" \/>\n<meta name=\"twitter:label1\" content=\"Escrito por\" \/>\n\t<meta name=\"twitter:data1\" content=\"Geovanna Thomaz\" \/>\n\t<meta name=\"twitter:label2\" content=\"Est. tempo de leitura\" \/>\n\t<meta name=\"twitter:data2\" content=\"3 minutos\" \/>\n<script type=\"application\/ld+json\" class=\"yoast-schema-graph\">{\"@context\":\"https:\/\/schema.org\",\"@graph\":[{\"@type\":\"NewsArticle\",\"@id\":\"https:\/\/www.gaveanews.com\/index.php\/2025\/02\/17\/vasco-maxime-dominguez-e-sincero-sobre-onde-prefere-jogar-no-vasco\/#article\",\"isPartOf\":{\"@id\":\"https:\/\/www.gaveanews.com\/index.php\/2025\/02\/17\/vasco-maxime-dominguez-e-sincero-sobre-onde-prefere-jogar-no-vasco\/\"},\"author\":{\"name\":\"Geovanna Thomaz\",\"@id\":\"https:\/\/www.gaveanews.com\/#\/schema\/person\/f42654babcd2b2014a1a65af82b081f1\"},\"headline\":\"Vasco: M\u00e1xime Dominguez \u00e9 sincero sobre onde prefere jogar no Vasco\",\"datePublished\":\"2025-02-18T01:05:00+00:00\",\"mainEntityOfPage\":{\"@id\":\"https:\/\/www.gaveanews.com\/index.php\/2025\/02\/17\/vasco-maxime-dominguez-e-sincero-sobre-onde-prefere-jogar-no-vasco\/\"},\"wordCount\":424,\"commentCount\":0,\"image\":{\"@id\":\"https:\/\/www.gaveanews.com\/index.php\/2025\/02\/17\/vasco-maxime-dominguez-e-sincero-sobre-onde-prefere-jogar-no-vasco\/#primaryimage\"},\"thumbnailUrl\":\"https:\/\/www.gaveanews.com\/wp-content\/uploads\/Maxime-Dominguez-durante-apresentacao-ao-Vasco-no-CT-Moacyr-Barbosa.webp\",\"articleSection\":[\"Vasco\"],\"inLanguage\":\"pt-BR\",\"potentialAction\":[{\"@type\":\"CommentAction\",\"name\":\"Comment\",\"target\":[\"https:\/\/www.gaveanews.com\/index.php\/2025\/02\/17\/vasco-maxime-dominguez-e-sincero-sobre-onde-prefere-jogar-no-vasco\/#respond\"]}],\"copyrightYear\":\"2025\",\"copyrightHolder\":{\"@id\":\"https:\/\/www.gaveanews.com\/#organization\"}},{\"@type\":\"WebPage\",\"@id\":\"https:\/\/www.gaveanews.com\/index.php\/2025\/02\/17\/vasco-maxime-dominguez-e-sincero-sobre-onde-prefere-jogar-no-vasco\/\",\"url\":\"https:\/\/www.gaveanews.com\/index.php\/2025\/02\/17\/vasco-maxime-dominguez-e-sincero-sobre-onde-prefere-jogar-no-vasco\/\",\"name\":\"Vasco: M\u00e1xime Dominguez \u00e9 sincero sobre onde prefere jogar no Vasco\",\"isPartOf\":{\"@id\":\"https:\/\/www.gaveanews.com\/#website\"},\"primaryImageOfPage\":{\"@id\":\"https:\/\/www.gaveanews.com\/index.php\/2025\/02\/17\/vasco-maxime-dominguez-e-sincero-sobre-onde-prefere-jogar-no-vasco\/#primaryimage\"},\"image\":{\"@id\":\"https:\/\/www.gaveanews.com\/index.php\/2025\/02\/17\/vasco-maxime-dominguez-e-sincero-sobre-onde-prefere-jogar-no-vasco\/#primaryimage\"},\"thumbnailUrl\":\"https:\/\/www.gaveanews.com\/wp-content\/uploads\/Maxime-Dominguez-durante-apresentacao-ao-Vasco-no-CT-Moacyr-Barbosa.webp\",\"datePublished\":\"2025-02-18T01:05:00+00:00\",\"author\":{\"@id\":\"https:\/\/www.gaveanews.com\/#\/schema\/person\/f42654babcd2b2014a1a65af82b081f1\"},\"breadcrumb\":{\"@id\":\"https:\/\/www.gaveanews.com\/index.php\/2025\/02\/17\/vasco-maxime-dominguez-e-sincero-sobre-onde-prefere-jogar-no-vasco\/#breadcrumb\"},\"inLanguage\":\"pt-BR\",\"potentialAction\":[{\"@type\":\"ReadAction\",\"target\":[\"https:\/\/www.gaveanews.com\/index.php\/2025\/02\/17\/vasco-maxime-dominguez-e-sincero-sobre-onde-prefere-jogar-no-vasco\/\"]}]},{\"@type\":\"ImageObject\",\"inLanguage\":\"pt-BR\",\"@id\":\"https:\/\/www.gaveanews.com\/index.php\/2025\/02\/17\/vasco-maxime-dominguez-e-sincero-sobre-onde-prefere-jogar-no-vasco\/#primaryimage\",\"url\":\"https:\/\/www.gaveanews.com\/wp-content\/uploads\/Maxime-Dominguez-durante-apresentacao-ao-Vasco-no-CT-Moacyr-Barbosa.webp\",\"contentUrl\":\"https:\/\/www.gaveanews.com\/wp-content\/uploads\/Maxime-Dominguez-durante-apresentacao-ao-Vasco-no-CT-Moacyr-Barbosa.webp\",\"width\":984,\"height\":653,\"caption\":\"Maxime Dominguez durante apresenta\u00e7\u00e3o ao Vasco, no CT Moacyr Barbosa (Foto: Matheus Lima\/Vasco)\"},{\"@type\":\"BreadcrumbList\",\"@id\":\"https:\/\/www.gaveanews.com\/index.php\/2025\/02\/17\/vasco-maxime-dominguez-e-sincero-sobre-onde-prefere-jogar-no-vasco\/#breadcrumb\",\"itemListElement\":[{\"@type\":\"ListItem\",\"position\":1,\"name\":\"Home\",\"item\":\"https:\/\/www.gaveanews.com\/\"},{\"@type\":\"ListItem\",\"position\":2,\"name\":\"Vasco: M\u00e1xime Dominguez \u00e9 sincero sobre onde prefere jogar no Vasco\"}]},{\"@type\":\"WebSite\",\"@id\":\"https:\/\/www.gaveanews.com\/#website\",\"url\":\"https:\/\/www.gaveanews.com\/\",\"name\":\"G\u00e1vea News\",\"description\":\"Veja todas as not\u00edcias sobre o Flamengo: Contrata\u00e7\u00f5es, categorias de base, resultados das partidas, tabela de classifica\u00e7\u00e3o, pr\u00f3ximos jogos!\",\"potentialAction\":[{\"@type\":\"SearchAction\",\"target\":{\"@type\":\"EntryPoint\",\"urlTemplate\":\"https:\/\/www.gaveanews.com\/?s={search_term_string}\"},\"query-input\":{\"@type\":\"PropertyValueSpecification\",\"valueRequired\":true,\"valueName\":\"search_term_string\"}}],\"inLanguage\":\"pt-BR\"},{\"@type\":\"Person\",\"@id\":\"https:\/\/www.gaveanews.com\/#\/schema\/person\/f42654babcd2b2014a1a65af82b081f1\",\"name\":\"Geovanna Thomaz\",\"image\":{\"@type\":\"ImageObject\",\"inLanguage\":\"pt-BR\",\"@id\":\"https:\/\/www.gaveanews.com\/#\/schema\/person\/image\/\",\"url\":\"https:\/\/secure.gravatar.com\/avatar\/4092073255489533afb558984b49b64268c47198af8623cc82a925ae9fb7118a?s=96&d=mm&r=g\",\"contentUrl\":\"https:\/\/secure.gravatar.com\/avatar\/4092073255489533afb558984b49b64268c47198af8623cc82a925ae9fb7118a?s=96&d=mm&r=g\",\"caption\":\"Geovanna Thomaz\"}}]}<\/script>\n<!-- \/ Yoast SEO Premium plugin. -->","yoast_head_json":{"title":"Vasco: M\u00e1xime Dominguez \u00e9 sincero sobre onde prefere jogar no Vasco","robots":{"index":"index","follow":"follow","max-snippet":"max-snippet:-1","max-image-preview":"max-image-preview:large","max-video-preview":"max-video-preview:-1"},"canonical":"https:\/\/www.gaveanews.com\/index.php\/2025\/02\/17\/vasco-maxime-dominguez-e-sincero-sobre-onde-prefere-jogar-no-vasco\/","og_locale":"pt_BR","og_type":"article","og_title":"Vasco: M\u00e1xime Dominguez \u00e9 sincero sobre onde prefere jogar no Vasco","og_description":"O jogador n\u00e3o foi relacionado para o pr\u00f3ximo jogo O Vasco divulgou, nesta segunda-feira (17), a lista dos jogadores relacionados para o confronto contra o Uni\u00e3o Rondon\u00f3polis, pela primeira fase da Copa do Brasil. A partida acontecer\u00e1 nesta ter\u00e7a-feira (18), \u00e0s 19h30, no Est\u00e1dio Kleber Andrade, em Cariacica. O t\u00e9cnico F\u00e1bio Carille contar\u00e1 com a [&hellip;]","og_url":"https:\/\/www.gaveanews.com\/index.php\/2025\/02\/17\/vasco-maxime-dominguez-e-sincero-sobre-onde-prefere-jogar-no-vasco\/","og_site_name":"G\u00e1vea News","article_publisher":"https:\/\/facebook.com\/gaveaNews\/","article_published_time":"2025-02-18T01:05:00+00:00","og_image":[{"width":984,"height":653,"url":"https:\/\/www.gaveanews.com\/wp-content\/uploads\/Maxime-Dominguez-durante-apresentacao-ao-Vasco-no-CT-Moacyr-Barbosa.webp","type":"image\/webp"}],"author":"Geovanna Thomaz","twitter_card":"summary_large_image","twitter_misc":{"Escrito por":"Geovanna Thomaz","Est. tempo de leitura":"3 minutos"},"schema":{"@context":"https:\/\/schema.org","@graph":[{"@type":"NewsArticle","@id":"https:\/\/www.gaveanews.com\/index.php\/2025\/02\/17\/vasco-maxime-dominguez-e-sincero-sobre-onde-prefere-jogar-no-vasco\/#article","isPartOf":{"@id":"https:\/\/www.gaveanews.com\/index.php\/2025\/02\/17\/vasco-maxime-dominguez-e-sincero-sobre-onde-prefere-jogar-no-vasco\/"},"author":{"name":"Geovanna Thomaz","@id":"https:\/\/www.gaveanews.com\/#\/schema\/person\/f42654babcd2b2014a1a65af82b081f1"},"headline":"Vasco: M\u00e1xime Dominguez \u00e9 sincero sobre onde prefere jogar no Vasco","datePublished":"2025-02-18T01:05:00+00:00","mainEntityOfPage":{"@id":"https:\/\/www.gaveanews.com\/index.php\/2025\/02\/17\/vasco-maxime-dominguez-e-sincero-sobre-onde-prefere-jogar-no-vasco\/"},"wordCount":424,"commentCount":0,"image":{"@id":"https:\/\/www.gaveanews.com\/index.php\/2025\/02\/17\/vasco-maxime-dominguez-e-sincero-sobre-onde-prefere-jogar-no-vasco\/#primaryimage"},"thumbnailUrl":"https:\/\/www.gaveanews.com\/wp-content\/uploads\/Maxime-Dominguez-durante-apresentacao-ao-Vasco-no-CT-Moacyr-Barbosa.webp","articleSection":["Vasco"],"inLanguage":"pt-BR","potentialAction":[{"@type":"CommentAction","name":"Comment","target":["https:\/\/www.gaveanews.com\/index.php\/2025\/02\/17\/vasco-maxime-dominguez-e-sincero-sobre-onde-prefere-jogar-no-vasco\/#respond"]}],"copyrightYear":"2025","copyrightHolder":{"@id":"https:\/\/www.gaveanews.com\/#organization"}},{"@type":"WebPage","@id":"https:\/\/www.gaveanews.com\/index.php\/2025\/02\/17\/vasco-maxime-dominguez-e-sincero-sobre-onde-prefere-jogar-no-vasco\/","url":"https:\/\/www.gaveanews.com\/index.php\/2025\/02\/17\/vasco-maxime-dominguez-e-sincero-sobre-onde-prefere-jogar-no-vasco\/","name":"Vasco: M\u00e1xime Dominguez \u00e9 sincero sobre onde prefere jogar no Vasco","isPartOf":{"@id":"https:\/\/www.gaveanews.com\/#website"},"primaryImageOfPage":{"@id":"https:\/\/www.gaveanews.com\/index.php\/2025\/02\/17\/vasco-maxime-dominguez-e-sincero-sobre-onde-prefere-jogar-no-vasco\/#primaryimage"},"image":{"@id":"https:\/\/www.gaveanews.com\/index.php\/2025\/02\/17\/vasco-maxime-dominguez-e-sincero-sobre-onde-prefere-jogar-no-vasco\/#primaryimage"},"thumbnailUrl":"https:\/\/www.gaveanews.com\/wp-content\/uploads\/Maxime-Dominguez-durante-apresentacao-ao-Vasco-no-CT-Moacyr-Barbosa.webp","datePublished":"2025-02-18T01:05:00+00:00","author":{"@id":"https:\/\/www.gaveanews.com\/#\/schema\/person\/f42654babcd2b2014a1a65af82b081f1"},"breadcrumb":{"@id":"https:\/\/www.gaveanews.com\/index.php\/2025\/02\/17\/vasco-maxime-dominguez-e-sincero-sobre-onde-prefere-jogar-no-vasco\/#breadcrumb"},"inLanguage":"pt-BR","potentialAction":[{"@type":"ReadAction","target":["https:\/\/www.gaveanews.com\/index.php\/2025\/02\/17\/vasco-maxime-dominguez-e-sincero-sobre-onde-prefere-jogar-no-vasco\/"]}]},{"@type":"ImageObject","inLanguage":"pt-BR","@id":"https:\/\/www.gaveanews.com\/index.php\/2025\/02\/17\/vasco-maxime-dominguez-e-sincero-sobre-onde-prefere-jogar-no-vasco\/#primaryimage","url":"https:\/\/www.gaveanews.com\/wp-content\/uploads\/Maxime-Dominguez-durante-apresentacao-ao-Vasco-no-CT-Moacyr-Barbosa.webp","contentUrl":"https:\/\/www.gaveanews.com\/wp-content\/uploads\/Maxime-Dominguez-durante-apresentacao-ao-Vasco-no-CT-Moacyr-Barbosa.webp","width":984,"height":653,"caption":"Maxime Dominguez durante apresenta\u00e7\u00e3o ao Vasco, no CT Moacyr Barbosa (Foto: Matheus Lima\/Vasco)"},{"@type":"BreadcrumbList","@id":"https:\/\/www.gaveanews.com\/index.php\/2025\/02\/17\/vasco-maxime-dominguez-e-sincero-sobre-onde-prefere-jogar-no-vasco\/#breadcrumb","itemListElement":[{"@type":"ListItem","position":1,"name":"Home","item":"https:\/\/www.gaveanews.com\/"},{"@type":"ListItem","position":2,"name":"Vasco: M\u00e1xime Dominguez \u00e9 sincero sobre onde prefere jogar no Vasco"}]},{"@type":"WebSite","@id":"https:\/\/www.gaveanews.com\/#website","url":"https:\/\/www.gaveanews.com\/","name":"G\u00e1vea News","description":"Veja todas as not\u00edcias sobre o Flamengo: Contrata\u00e7\u00f5es, categorias de base, resultados das partidas, tabela de classifica\u00e7\u00e3o, pr\u00f3ximos jogos!","potentialAction":[{"@type":"SearchAction","target":{"@type":"EntryPoint","urlTemplate":"https:\/\/www.gaveanews.com\/?s={search_term_string}"},"query-input":{"@type":"PropertyValueSpecification","valueRequired":true,"valueName":"search_term_string"}}],"inLanguage":"pt-BR"},{"@type":"Person","@id":"https:\/\/www.gaveanews.com\/#\/schema\/person\/f42654babcd2b2014a1a65af82b081f1","name":"Geovanna Thomaz","image":{"@type":"ImageObject","inLanguage":"pt-BR","@id":"https:\/\/www.gaveanews.com\/#\/schema\/person\/image\/","url":"https:\/\/secure.gravatar.com\/avatar\/4092073255489533afb558984b49b64268c47198af8623cc82a925ae9fb7118a?s=96&d=mm&r=g","contentUrl":"https:\/\/secure.gravatar.com\/avatar\/4092073255489533afb558984b49b64268c47198af8623cc82a925ae9fb7118a?s=96&d=mm&r=g","caption":"Geovanna Thomaz"}}]}},"_links":{"self":[{"href":"https:\/\/www.gaveanews.com\/index.php\/wp-json\/wp\/v2\/posts\/228889","targetHints":{"allow":["GET"]}}],"collection":[{"href":"https:\/\/www.gaveanews.com\/index.php\/wp-json\/wp\/v2\/posts"}],"about":[{"href":"https:\/\/www.gaveanews.com\/index.php\/wp-json\/wp\/v2\/types\/post"}],"author":[{"embeddable":true,"href":"https:\/\/www.gaveanews.com\/index.php\/wp-json\/wp\/v2\/users\/17"}],"replies":[{"embeddable":true,"href":"https:\/\/www.gaveanews.com\/index.php\/wp-json\/wp\/v2\/comments?post=228889"}],"version-history":[{"count":1,"href":"https:\/\/www.gaveanews.com\/index.php\/wp-json\/wp\/v2\/posts\/228889\/revisions"}],"predecessor-version":[{"id":228890,"href":"https:\/\/www.gaveanews.com\/index.php\/wp-json\/wp\/v2\/posts\/228889\/revisions\/228890"}],"wp:featuredmedia":[{"embeddable":true,"href":"https:\/\/www.gaveanews.com\/index.php\/wp-json\/wp\/v2\/media\/165451"}],"wp:attachment":[{"href":"https:\/\/www.gaveanews.com\/index.php\/wp-json\/wp\/v2\/media?parent=228889"}],"wp:term":[{"taxonomy":"category","embeddable":true,"href":"https:\/\/www.gaveanews.com\/index.php\/wp-json\/wp\/v2\/categories?post=228889"},{"taxonomy":"post_tag","embeddable":true,"href":"https:\/\/www.gaveanews.com\/index.php\/wp-json\/wp\/v2\/tags?post=228889"}],"curies":[{"name":"wp","href":"https:\/\/api.w.org\/{rel}","templated":true}]}}