{"id":228893,"date":"2025-02-17T21:55:00","date_gmt":"2025-02-18T00:55:00","guid":{"rendered":"https:\/\/www.gaveanews.com\/?p=228893"},"modified":"2025-02-17T21:43:34","modified_gmt":"2025-02-18T00:43:34","slug":"gremio-reage-apos-ser-cobrado-por-divida-na-compra-de-aravena","status":"publish","type":"post","link":"https:\/\/www.gaveanews.com\/index.php\/2025\/02\/17\/gremio-reage-apos-ser-cobrado-por-divida-na-compra-de-aravena\/","title":{"rendered":"Gr\u00eamio reage ap\u00f3s ser cobrado por d\u00edvida na compra de Aravena"},"content":{"rendered":"\n<p>A Universidad Cat\u00f3lica (CHI) notificou o Gr\u00eamio devido ao atraso no pagamento de uma das parcelas referentes \u00e0 compra de Alexander Aravena, no valor superior a R$ 3 milh\u00f5es. O Tricolor trata a situa\u00e7\u00e3o como um retraso pontual e se movimenta para quitar o d\u00e9bito nas pr\u00f3ximas semanas, enquanto os chilenos compreendem o caso e n\u00e3o cogitam acionar a Fifa.<\/p>\n\n\n\n<p>O Gr\u00eamio adquiriu 70% dos direitos econ\u00f4micos de Aravena por uma transa\u00e7\u00e3o parcelada no valor de 2,8 milh\u00f5es de euros (R$ 16,6 milh\u00f5es de reais conforme a cota \u00e0 \u00e9poca), em julho de 2024. A c\u00fapula tricolor quitou todos pagamentos previstos at\u00e9 o momento, exceto pelo mais recente do dia 31 de janeiro, na quantia de 530 mil euros (cerca de R$ 3,1 milh\u00f5es).<\/p>\n\n\n\n<p>Como o acordo foi cumprido sem quaisquer intercorr\u00eancias anteriormente, a Universidad Cat\u00f3lica entende que trata-se de um imprevisto e optou por apenas notificar o clube brasileiro. O Gr\u00eamio tem mantido contato com os chilenos a fim de resolver o caso nas pr\u00f3ximas semanas.<\/p>\n\n\n\n<h2 class=\"wp-block-heading\" id=\"h-planejamento-do-gremio\">Planejamento do Gr\u00eamio<\/h2>\n\n\n\n<p>A ideia da c\u00fapula ga\u00facha \u00e9 utilizar parte da venda de Nathan Fernandes ao Botafogo, por 7,5 milh\u00f5es de d\u00f3lares (40,9 milh\u00f5es de reais), para quitar a parcela por Aravena. Vale destacar que o Tricolor ainda tem outros valores de negocia\u00e7\u00f5es a receber, ent\u00e3o por isso que a notifica\u00e7\u00e3o chilena n\u00e3o causou inquieta\u00e7\u00e3o interna.<\/p>\n\n\n\n<p>Gr\u00eamio e Universidad Cat\u00f3lica firmaram um acordo em quatro parcelas a ser pagas entre 2024 e 2026. Nesse sentido, o Tricolor ga\u00facho ainda precisa efetuar o pagamento de 1,6 milh\u00e3o de euros (R$ 9,5 milh\u00f5es) nos pr\u00f3ximos dois anos pelo atacante.<\/p>\n\n\n\n<h2 class=\"wp-block-heading\" id=\"h-aravena-pelo-tricolor\">Aravena pelo Tricolor<\/h2>\n\n\n\n<p>O atacante chileno disputou 24 jogos desde sua chegada \u00e0 equipe brasileira, com tr\u00eas gols marcados e o mesmo n\u00famero de assist\u00eancias. Com contrato at\u00e9 dezembro de 2028, Aravena esteve em campo em todos os oito compromissos do Tricolor pelo Estadual, contabilizando 496 minutos jogados. Contribuiu at\u00e9 o momento com um tento e um passe aos companheiros.<\/p>\n","protected":false},"excerpt":{"rendered":"<p>A Universidad Cat\u00f3lica (CHI) notificou o Gr\u00eamio devido ao atraso no pagamento de uma das parcelas referentes \u00e0 compra de Alexander Aravena, no valor superior a R$ 3 milh\u00f5es. O Tricolor trata a situa\u00e7\u00e3o como um retraso pontual e se movimenta para quitar o d\u00e9bito nas pr\u00f3ximas semanas, enquanto os chilenos compreendem o caso e [&hellip;]<\/p>\n","protected":false},"author":30,"featured_media":169833,"comment_status":"open","ping_status":"closed","sticky":false,"template":"","format":"standard","meta":{"footnotes":""},"categories":[147],"tags":[],"class_list":["post-228893","post","type-post","status-publish","format-standard","has-post-thumbnail","hentry","category-gremio"],"yoast_head":"<!-- This site is optimized with the Yoast SEO Premium plugin v24.2 (Yoast SEO v26.9) - https:\/\/yoast.com\/product\/yoast-seo-premium-wordpress\/ -->\n<title>Gr\u00eamio reage ap\u00f3s ser cobrado por d\u00edvida na compra de Aravena<\/title>\n<meta name=\"robots\" content=\"index, follow, max-snippet:-1, max-image-preview:large, max-video-preview:-1\" \/>\n<link rel=\"canonical\" href=\"https:\/\/www.gaveanews.com\/index.php\/2025\/02\/17\/gremio-reage-apos-ser-cobrado-por-divida-na-compra-de-aravena\/\" \/>\n<meta property=\"og:locale\" content=\"pt_BR\" \/>\n<meta property=\"og:type\" content=\"article\" \/>\n<meta property=\"og:title\" content=\"Gr\u00eamio reage ap\u00f3s ser cobrado por d\u00edvida na compra de Aravena\" \/>\n<meta property=\"og:description\" content=\"A Universidad Cat\u00f3lica (CHI) notificou o Gr\u00eamio devido ao atraso no pagamento de uma das parcelas referentes \u00e0 compra de Alexander Aravena, no valor superior a R$ 3 milh\u00f5es. O Tricolor trata a situa\u00e7\u00e3o como um retraso pontual e se movimenta para quitar o d\u00e9bito nas pr\u00f3ximas semanas, enquanto os chilenos compreendem o caso e [&hellip;]\" \/>\n<meta property=\"og:url\" content=\"https:\/\/www.gaveanews.com\/index.php\/2025\/02\/17\/gremio-reage-apos-ser-cobrado-por-divida-na-compra-de-aravena\/\" \/>\n<meta property=\"og:site_name\" content=\"G\u00e1vea News\" \/>\n<meta property=\"article:publisher\" content=\"https:\/\/facebook.com\/gaveaNews\/\" \/>\n<meta property=\"article:published_time\" content=\"2025-02-18T00:55:00+00:00\" \/>\n<meta property=\"og:image\" content=\"https:\/\/www.gaveanews.com\/wp-content\/uploads\/Alexander-Aravena-apresentado-pelo-Gremio.webp\" \/>\n\t<meta property=\"og:image:width\" content=\"1287\" \/>\n\t<meta property=\"og:image:height\" content=\"912\" \/>\n\t<meta property=\"og:image:type\" content=\"image\/jpeg\" \/>\n<meta name=\"author\" content=\"Ana Teixeira\" \/>\n<meta name=\"twitter:card\" content=\"summary_large_image\" \/>\n<meta name=\"twitter:label1\" content=\"Escrito por\" \/>\n\t<meta name=\"twitter:data1\" content=\"Ana Teixeira\" \/>\n\t<meta name=\"twitter:label2\" content=\"Est. tempo de leitura\" \/>\n\t<meta name=\"twitter:data2\" content=\"2 minutos\" \/>\n<script type=\"application\/ld+json\" class=\"yoast-schema-graph\">{\"@context\":\"https:\/\/schema.org\",\"@graph\":[{\"@type\":\"NewsArticle\",\"@id\":\"https:\/\/www.gaveanews.com\/index.php\/2025\/02\/17\/gremio-reage-apos-ser-cobrado-por-divida-na-compra-de-aravena\/#article\",\"isPartOf\":{\"@id\":\"https:\/\/www.gaveanews.com\/index.php\/2025\/02\/17\/gremio-reage-apos-ser-cobrado-por-divida-na-compra-de-aravena\/\"},\"author\":{\"name\":\"Ana Teixeira\",\"@id\":\"https:\/\/www.gaveanews.com\/#\/schema\/person\/3b19f7288b0ce20372991275e4f2e6c2\"},\"headline\":\"Gr\u00eamio reage ap\u00f3s ser cobrado por d\u00edvida na compra de Aravena\",\"datePublished\":\"2025-02-18T00:55:00+00:00\",\"mainEntityOfPage\":{\"@id\":\"https:\/\/www.gaveanews.com\/index.php\/2025\/02\/17\/gremio-reage-apos-ser-cobrado-por-divida-na-compra-de-aravena\/\"},\"wordCount\":356,\"commentCount\":0,\"image\":{\"@id\":\"https:\/\/www.gaveanews.com\/index.php\/2025\/02\/17\/gremio-reage-apos-ser-cobrado-por-divida-na-compra-de-aravena\/#primaryimage\"},\"thumbnailUrl\":\"https:\/\/www.gaveanews.com\/wp-content\/uploads\/Alexander-Aravena-apresentado-pelo-Gremio.webp\",\"articleSection\":[\"Gr\u00eamio\"],\"inLanguage\":\"pt-BR\",\"potentialAction\":[{\"@type\":\"CommentAction\",\"name\":\"Comment\",\"target\":[\"https:\/\/www.gaveanews.com\/index.php\/2025\/02\/17\/gremio-reage-apos-ser-cobrado-por-divida-na-compra-de-aravena\/#respond\"]}],\"copyrightYear\":\"2025\",\"copyrightHolder\":{\"@id\":\"https:\/\/www.gaveanews.com\/#organization\"}},{\"@type\":\"WebPage\",\"@id\":\"https:\/\/www.gaveanews.com\/index.php\/2025\/02\/17\/gremio-reage-apos-ser-cobrado-por-divida-na-compra-de-aravena\/\",\"url\":\"https:\/\/www.gaveanews.com\/index.php\/2025\/02\/17\/gremio-reage-apos-ser-cobrado-por-divida-na-compra-de-aravena\/\",\"name\":\"Gr\u00eamio reage ap\u00f3s ser cobrado por d\u00edvida na compra de Aravena\",\"isPartOf\":{\"@id\":\"https:\/\/www.gaveanews.com\/#website\"},\"primaryImageOfPage\":{\"@id\":\"https:\/\/www.gaveanews.com\/index.php\/2025\/02\/17\/gremio-reage-apos-ser-cobrado-por-divida-na-compra-de-aravena\/#primaryimage\"},\"image\":{\"@id\":\"https:\/\/www.gaveanews.com\/index.php\/2025\/02\/17\/gremio-reage-apos-ser-cobrado-por-divida-na-compra-de-aravena\/#primaryimage\"},\"thumbnailUrl\":\"https:\/\/www.gaveanews.com\/wp-content\/uploads\/Alexander-Aravena-apresentado-pelo-Gremio.webp\",\"datePublished\":\"2025-02-18T00:55:00+00:00\",\"author\":{\"@id\":\"https:\/\/www.gaveanews.com\/#\/schema\/person\/3b19f7288b0ce20372991275e4f2e6c2\"},\"breadcrumb\":{\"@id\":\"https:\/\/www.gaveanews.com\/index.php\/2025\/02\/17\/gremio-reage-apos-ser-cobrado-por-divida-na-compra-de-aravena\/#breadcrumb\"},\"inLanguage\":\"pt-BR\",\"potentialAction\":[{\"@type\":\"ReadAction\",\"target\":[\"https:\/\/www.gaveanews.com\/index.php\/2025\/02\/17\/gremio-reage-apos-ser-cobrado-por-divida-na-compra-de-aravena\/\"]}]},{\"@type\":\"ImageObject\",\"inLanguage\":\"pt-BR\",\"@id\":\"https:\/\/www.gaveanews.com\/index.php\/2025\/02\/17\/gremio-reage-apos-ser-cobrado-por-divida-na-compra-de-aravena\/#primaryimage\",\"url\":\"https:\/\/www.gaveanews.com\/wp-content\/uploads\/Alexander-Aravena-apresentado-pelo-Gremio.webp\",\"contentUrl\":\"https:\/\/www.gaveanews.com\/wp-content\/uploads\/Alexander-Aravena-apresentado-pelo-Gremio.webp\",\"width\":1287,\"height\":912,\"caption\":\"Alexander Aravena apresentado pelo Gr\u00eamio (Foto: Lucas Uebel\/Gr\u00eamio)\"},{\"@type\":\"BreadcrumbList\",\"@id\":\"https:\/\/www.gaveanews.com\/index.php\/2025\/02\/17\/gremio-reage-apos-ser-cobrado-por-divida-na-compra-de-aravena\/#breadcrumb\",\"itemListElement\":[{\"@type\":\"ListItem\",\"position\":1,\"name\":\"Home\",\"item\":\"https:\/\/www.gaveanews.com\/\"},{\"@type\":\"ListItem\",\"position\":2,\"name\":\"Gr\u00eamio reage ap\u00f3s ser cobrado por d\u00edvida na compra de Aravena\"}]},{\"@type\":\"WebSite\",\"@id\":\"https:\/\/www.gaveanews.com\/#website\",\"url\":\"https:\/\/www.gaveanews.com\/\",\"name\":\"G\u00e1vea News\",\"description\":\"Veja todas as not\u00edcias sobre o Flamengo: Contrata\u00e7\u00f5es, categorias de base, resultados das partidas, tabela de classifica\u00e7\u00e3o, pr\u00f3ximos jogos!\",\"potentialAction\":[{\"@type\":\"SearchAction\",\"target\":{\"@type\":\"EntryPoint\",\"urlTemplate\":\"https:\/\/www.gaveanews.com\/?s={search_term_string}\"},\"query-input\":{\"@type\":\"PropertyValueSpecification\",\"valueRequired\":true,\"valueName\":\"search_term_string\"}}],\"inLanguage\":\"pt-BR\"},{\"@type\":\"Person\",\"@id\":\"https:\/\/www.gaveanews.com\/#\/schema\/person\/3b19f7288b0ce20372991275e4f2e6c2\",\"name\":\"Ana Teixeira\",\"image\":{\"@type\":\"ImageObject\",\"inLanguage\":\"pt-BR\",\"@id\":\"https:\/\/www.gaveanews.com\/#\/schema\/person\/image\/\",\"url\":\"https:\/\/secure.gravatar.com\/avatar\/0a73f5a5258f3fed37fc2fa641892f3f7a4748456d4d4792f9bc550e6c19e06c?s=96&d=mm&r=g\",\"contentUrl\":\"https:\/\/secure.gravatar.com\/avatar\/0a73f5a5258f3fed37fc2fa641892f3f7a4748456d4d4792f9bc550e6c19e06c?s=96&d=mm&r=g\",\"caption\":\"Ana Teixeira\"}}]}<\/script>\n<!-- \/ Yoast SEO Premium plugin. -->","yoast_head_json":{"title":"Gr\u00eamio reage ap\u00f3s ser cobrado por d\u00edvida na compra de Aravena","robots":{"index":"index","follow":"follow","max-snippet":"max-snippet:-1","max-image-preview":"max-image-preview:large","max-video-preview":"max-video-preview:-1"},"canonical":"https:\/\/www.gaveanews.com\/index.php\/2025\/02\/17\/gremio-reage-apos-ser-cobrado-por-divida-na-compra-de-aravena\/","og_locale":"pt_BR","og_type":"article","og_title":"Gr\u00eamio reage ap\u00f3s ser cobrado por d\u00edvida na compra de Aravena","og_description":"A Universidad Cat\u00f3lica (CHI) notificou o Gr\u00eamio devido ao atraso no pagamento de uma das parcelas referentes \u00e0 compra de Alexander Aravena, no valor superior a R$ 3 milh\u00f5es. O Tricolor trata a situa\u00e7\u00e3o como um retraso pontual e se movimenta para quitar o d\u00e9bito nas pr\u00f3ximas semanas, enquanto os chilenos compreendem o caso e [&hellip;]","og_url":"https:\/\/www.gaveanews.com\/index.php\/2025\/02\/17\/gremio-reage-apos-ser-cobrado-por-divida-na-compra-de-aravena\/","og_site_name":"G\u00e1vea News","article_publisher":"https:\/\/facebook.com\/gaveaNews\/","article_published_time":"2025-02-18T00:55:00+00:00","og_image":[{"width":1287,"height":912,"url":"https:\/\/www.gaveanews.com\/wp-content\/uploads\/Alexander-Aravena-apresentado-pelo-Gremio.webp","type":"image\/jpeg"}],"author":"Ana Teixeira","twitter_card":"summary_large_image","twitter_misc":{"Escrito por":"Ana Teixeira","Est. tempo de leitura":"2 minutos"},"schema":{"@context":"https:\/\/schema.org","@graph":[{"@type":"NewsArticle","@id":"https:\/\/www.gaveanews.com\/index.php\/2025\/02\/17\/gremio-reage-apos-ser-cobrado-por-divida-na-compra-de-aravena\/#article","isPartOf":{"@id":"https:\/\/www.gaveanews.com\/index.php\/2025\/02\/17\/gremio-reage-apos-ser-cobrado-por-divida-na-compra-de-aravena\/"},"author":{"name":"Ana Teixeira","@id":"https:\/\/www.gaveanews.com\/#\/schema\/person\/3b19f7288b0ce20372991275e4f2e6c2"},"headline":"Gr\u00eamio reage ap\u00f3s ser cobrado por d\u00edvida na compra de Aravena","datePublished":"2025-02-18T00:55:00+00:00","mainEntityOfPage":{"@id":"https:\/\/www.gaveanews.com\/index.php\/2025\/02\/17\/gremio-reage-apos-ser-cobrado-por-divida-na-compra-de-aravena\/"},"wordCount":356,"commentCount":0,"image":{"@id":"https:\/\/www.gaveanews.com\/index.php\/2025\/02\/17\/gremio-reage-apos-ser-cobrado-por-divida-na-compra-de-aravena\/#primaryimage"},"thumbnailUrl":"https:\/\/www.gaveanews.com\/wp-content\/uploads\/Alexander-Aravena-apresentado-pelo-Gremio.webp","articleSection":["Gr\u00eamio"],"inLanguage":"pt-BR","potentialAction":[{"@type":"CommentAction","name":"Comment","target":["https:\/\/www.gaveanews.com\/index.php\/2025\/02\/17\/gremio-reage-apos-ser-cobrado-por-divida-na-compra-de-aravena\/#respond"]}],"copyrightYear":"2025","copyrightHolder":{"@id":"https:\/\/www.gaveanews.com\/#organization"}},{"@type":"WebPage","@id":"https:\/\/www.gaveanews.com\/index.php\/2025\/02\/17\/gremio-reage-apos-ser-cobrado-por-divida-na-compra-de-aravena\/","url":"https:\/\/www.gaveanews.com\/index.php\/2025\/02\/17\/gremio-reage-apos-ser-cobrado-por-divida-na-compra-de-aravena\/","name":"Gr\u00eamio reage ap\u00f3s ser cobrado por d\u00edvida na compra de Aravena","isPartOf":{"@id":"https:\/\/www.gaveanews.com\/#website"},"primaryImageOfPage":{"@id":"https:\/\/www.gaveanews.com\/index.php\/2025\/02\/17\/gremio-reage-apos-ser-cobrado-por-divida-na-compra-de-aravena\/#primaryimage"},"image":{"@id":"https:\/\/www.gaveanews.com\/index.php\/2025\/02\/17\/gremio-reage-apos-ser-cobrado-por-divida-na-compra-de-aravena\/#primaryimage"},"thumbnailUrl":"https:\/\/www.gaveanews.com\/wp-content\/uploads\/Alexander-Aravena-apresentado-pelo-Gremio.webp","datePublished":"2025-02-18T00:55:00+00:00","author":{"@id":"https:\/\/www.gaveanews.com\/#\/schema\/person\/3b19f7288b0ce20372991275e4f2e6c2"},"breadcrumb":{"@id":"https:\/\/www.gaveanews.com\/index.php\/2025\/02\/17\/gremio-reage-apos-ser-cobrado-por-divida-na-compra-de-aravena\/#breadcrumb"},"inLanguage":"pt-BR","potentialAction":[{"@type":"ReadAction","target":["https:\/\/www.gaveanews.com\/index.php\/2025\/02\/17\/gremio-reage-apos-ser-cobrado-por-divida-na-compra-de-aravena\/"]}]},{"@type":"ImageObject","inLanguage":"pt-BR","@id":"https:\/\/www.gaveanews.com\/index.php\/2025\/02\/17\/gremio-reage-apos-ser-cobrado-por-divida-na-compra-de-aravena\/#primaryimage","url":"https:\/\/www.gaveanews.com\/wp-content\/uploads\/Alexander-Aravena-apresentado-pelo-Gremio.webp","contentUrl":"https:\/\/www.gaveanews.com\/wp-content\/uploads\/Alexander-Aravena-apresentado-pelo-Gremio.webp","width":1287,"height":912,"caption":"Alexander Aravena apresentado pelo Gr\u00eamio (Foto: Lucas Uebel\/Gr\u00eamio)"},{"@type":"BreadcrumbList","@id":"https:\/\/www.gaveanews.com\/index.php\/2025\/02\/17\/gremio-reage-apos-ser-cobrado-por-divida-na-compra-de-aravena\/#breadcrumb","itemListElement":[{"@type":"ListItem","position":1,"name":"Home","item":"https:\/\/www.gaveanews.com\/"},{"@type":"ListItem","position":2,"name":"Gr\u00eamio reage ap\u00f3s ser cobrado por d\u00edvida na compra de Aravena"}]},{"@type":"WebSite","@id":"https:\/\/www.gaveanews.com\/#website","url":"https:\/\/www.gaveanews.com\/","name":"G\u00e1vea News","description":"Veja todas as not\u00edcias sobre o Flamengo: Contrata\u00e7\u00f5es, categorias de base, resultados das partidas, tabela de classifica\u00e7\u00e3o, pr\u00f3ximos jogos!","potentialAction":[{"@type":"SearchAction","target":{"@type":"EntryPoint","urlTemplate":"https:\/\/www.gaveanews.com\/?s={search_term_string}"},"query-input":{"@type":"PropertyValueSpecification","valueRequired":true,"valueName":"search_term_string"}}],"inLanguage":"pt-BR"},{"@type":"Person","@id":"https:\/\/www.gaveanews.com\/#\/schema\/person\/3b19f7288b0ce20372991275e4f2e6c2","name":"Ana Teixeira","image":{"@type":"ImageObject","inLanguage":"pt-BR","@id":"https:\/\/www.gaveanews.com\/#\/schema\/person\/image\/","url":"https:\/\/secure.gravatar.com\/avatar\/0a73f5a5258f3fed37fc2fa641892f3f7a4748456d4d4792f9bc550e6c19e06c?s=96&d=mm&r=g","contentUrl":"https:\/\/secure.gravatar.com\/avatar\/0a73f5a5258f3fed37fc2fa641892f3f7a4748456d4d4792f9bc550e6c19e06c?s=96&d=mm&r=g","caption":"Ana Teixeira"}}]}},"_links":{"self":[{"href":"https:\/\/www.gaveanews.com\/index.php\/wp-json\/wp\/v2\/posts\/228893","targetHints":{"allow":["GET"]}}],"collection":[{"href":"https:\/\/www.gaveanews.com\/index.php\/wp-json\/wp\/v2\/posts"}],"about":[{"href":"https:\/\/www.gaveanews.com\/index.php\/wp-json\/wp\/v2\/types\/post"}],"author":[{"embeddable":true,"href":"https:\/\/www.gaveanews.com\/index.php\/wp-json\/wp\/v2\/users\/30"}],"replies":[{"embeddable":true,"href":"https:\/\/www.gaveanews.com\/index.php\/wp-json\/wp\/v2\/comments?post=228893"}],"version-history":[{"count":1,"href":"https:\/\/www.gaveanews.com\/index.php\/wp-json\/wp\/v2\/posts\/228893\/revisions"}],"predecessor-version":[{"id":228895,"href":"https:\/\/www.gaveanews.com\/index.php\/wp-json\/wp\/v2\/posts\/228893\/revisions\/228895"}],"wp:featuredmedia":[{"embeddable":true,"href":"https:\/\/www.gaveanews.com\/index.php\/wp-json\/wp\/v2\/media\/169833"}],"wp:attachment":[{"href":"https:\/\/www.gaveanews.com\/index.php\/wp-json\/wp\/v2\/media?parent=228893"}],"wp:term":[{"taxonomy":"category","embeddable":true,"href":"https:\/\/www.gaveanews.com\/index.php\/wp-json\/wp\/v2\/categories?post=228893"},{"taxonomy":"post_tag","embeddable":true,"href":"https:\/\/www.gaveanews.com\/index.php\/wp-json\/wp\/v2\/tags?post=228893"}],"curies":[{"name":"wp","href":"https:\/\/api.w.org\/{rel}","templated":true}]}}