{"id":228974,"date":"2025-02-17T23:00:00","date_gmt":"2025-02-18T02:00:00","guid":{"rendered":"https:\/\/www.gaveanews.com\/?p=228974"},"modified":"2025-02-17T23:02:46","modified_gmt":"2025-02-18T02:02:46","slug":"campeonato-carioca-ferj-define-datas-das-semifinais","status":"publish","type":"post","link":"https:\/\/www.gaveanews.com\/index.php\/2025\/02\/17\/campeonato-carioca-ferj-define-datas-das-semifinais\/","title":{"rendered":"Campeonato Carioca: FERJ define datas das semifinais"},"content":{"rendered":"\n<p>A Federa\u00e7\u00e3o de Futebol do Estado do Rio de Janeiro (FERJ) definiu as datas para as semifinais do Campeonato Carioca. Os jogos de ida est\u00e3o marcados para os dias 1\u00ba e 2 de mar\u00e7o, enquanto as partidas de volta acontecem em 8 e 9 do mesmo m\u00eas.<\/p>\n\n\n\n<p>Inicialmente, a FERJ analisava a possibilidade de realizar uma das partidas no dia 28 de fevereiro (sexta-feira), \u00faltimo dia do m\u00eas. No entanto, a entidade descartou essa ideia e confirmou que os confrontos acontecer\u00e3o nos dois primeiros finais de semana de mar\u00e7o.<\/p>\n\n\n\n<p>At\u00e9 o momento, Flamengo e Volta Redonda s\u00e3o os \u00fanicos clubes garantidos na semifinal do Carioca. Al\u00e9m da classifica\u00e7\u00e3o antecipada, os dois times brigam pelo t\u00edtulo da Ta\u00e7a Guanabara, dado ao l\u00edder da primeira fase.<\/p>\n\n\n\n<p>No momento, o Flamengo lidera a tabela com 20 pontos, mesma pontua\u00e7\u00e3o do Volta Redonda, que est\u00e1 na vice-lideran\u00e7a pelos crit\u00e9rios de desempate. Restando uma rodada para o fim da fase classificat\u00f3ria, o Rubro-Negro depende apenas de si para ficar com o t\u00edtulo.<\/p>\n\n\n\n<p>O Flamengo volta a campo neste s\u00e1bado (21), contra o Maric\u00e1, pela 11\u00aa e \u00faltima rodada da Ta\u00e7a Guanabara. O jogo ser\u00e1 disputado \u00e0s 16h30 (de Bras\u00edlia), no Maracan\u00e3.<\/p>\n\n\n\n<p>O t\u00e9cnico Filipe Luis deve manter a base da equipe que venceu o Vasco por 2 a 0 na \u00faltima rodada. A tend\u00eancia \u00e9 que os principais jogadores sejam utilizados, j\u00e1 que o time precisa vencer para confirmar a conquista do primeiro turno.<\/p>\n\n\n\n<p>A equipe Rubro-Negra vem sofrendo algumas baixas, Michael foi o jogador da vez. O atacante teve um impacto no confronto com o Vasco neste fim de semana e o jogador deve ficar afastado por no m\u00ednimo duas semanas.<\/p>\n\n\n\n<p>A comiss\u00e3o t\u00e9cnica deu dois dias de folga para o Mais Querido e os jogadores voltam aos treinos nesta ter\u00e7a-feira (18).<\/p>\n\n\n\n<p>J\u00e1 classificado para a semifinal, o Flamengo aguarda a defini\u00e7\u00e3o dos outros dois times que avan\u00e7ar\u00e3o no Carioca. Fluminense, Vasco e Botafogo seguem na disputa pelas vagas restantes.<\/p>\n","protected":false},"excerpt":{"rendered":"<p>A Federa\u00e7\u00e3o de Futebol do Estado do Rio de Janeiro (FERJ) definiu as datas para as semifinais do Campeonato Carioca. Os jogos de ida est\u00e3o marcados para os dias 1\u00ba e 2 de mar\u00e7o, enquanto as partidas de volta acontecem em 8 e 9 do mesmo m\u00eas. Inicialmente, a FERJ analisava a possibilidade de realizar [&hellip;]<\/p>\n","protected":false},"author":23,"featured_media":126532,"comment_status":"open","ping_status":"closed","sticky":false,"template":"","format":"standard","meta":{"footnotes":""},"categories":[1],"tags":[],"class_list":["post-228974","post","type-post","status-publish","format-standard","has-post-thumbnail","hentry","category-flamengo"],"yoast_head":"<!-- This site is optimized with the Yoast SEO Premium plugin v24.2 (Yoast SEO v26.9) - https:\/\/yoast.com\/product\/yoast-seo-premium-wordpress\/ -->\n<title>Campeonato Carioca: FERJ define datas das semifinais<\/title>\n<meta name=\"robots\" content=\"index, follow, max-snippet:-1, max-image-preview:large, max-video-preview:-1\" \/>\n<link rel=\"canonical\" href=\"https:\/\/www.gaveanews.com\/index.php\/2025\/02\/17\/campeonato-carioca-ferj-define-datas-das-semifinais\/\" \/>\n<meta property=\"og:locale\" content=\"pt_BR\" \/>\n<meta property=\"og:type\" content=\"article\" \/>\n<meta property=\"og:title\" content=\"Campeonato Carioca: FERJ define datas das semifinais\" \/>\n<meta property=\"og:description\" content=\"A Federa\u00e7\u00e3o de Futebol do Estado do Rio de Janeiro (FERJ) definiu as datas para as semifinais do Campeonato Carioca. Os jogos de ida est\u00e3o marcados para os dias 1\u00ba e 2 de mar\u00e7o, enquanto as partidas de volta acontecem em 8 e 9 do mesmo m\u00eas. Inicialmente, a FERJ analisava a possibilidade de realizar [&hellip;]\" \/>\n<meta property=\"og:url\" content=\"https:\/\/www.gaveanews.com\/index.php\/2025\/02\/17\/campeonato-carioca-ferj-define-datas-das-semifinais\/\" \/>\n<meta property=\"og:site_name\" content=\"G\u00e1vea News\" \/>\n<meta property=\"article:publisher\" content=\"https:\/\/facebook.com\/gaveaNews\/\" \/>\n<meta property=\"article:published_time\" content=\"2025-02-18T02:00:00+00:00\" \/>\n<meta property=\"article:modified_time\" content=\"2025-02-18T02:02:46+00:00\" \/>\n<meta property=\"og:image\" content=\"http:\/\/www.gaveanews.com\/wp-content\/uploads\/chrome_zy2GleMuvA.webp\" \/>\n\t<meta property=\"og:image:width\" content=\"1576\" \/>\n\t<meta property=\"og:image:height\" content=\"925\" \/>\n\t<meta property=\"og:image:type\" content=\"image\/png\" \/>\n<meta name=\"author\" content=\"Leandro Azevedo\" \/>\n<meta name=\"twitter:card\" content=\"summary_large_image\" \/>\n<meta name=\"twitter:label1\" content=\"Escrito por\" \/>\n\t<meta name=\"twitter:data1\" content=\"Leandro Azevedo\" \/>\n\t<meta name=\"twitter:label2\" content=\"Est. tempo de leitura\" \/>\n\t<meta name=\"twitter:data2\" content=\"3 minutos\" \/>\n<script type=\"application\/ld+json\" class=\"yoast-schema-graph\">{\"@context\":\"https:\/\/schema.org\",\"@graph\":[{\"@type\":\"NewsArticle\",\"@id\":\"https:\/\/www.gaveanews.com\/index.php\/2025\/02\/17\/campeonato-carioca-ferj-define-datas-das-semifinais\/#article\",\"isPartOf\":{\"@id\":\"https:\/\/www.gaveanews.com\/index.php\/2025\/02\/17\/campeonato-carioca-ferj-define-datas-das-semifinais\/\"},\"author\":{\"name\":\"Leandro Azevedo\",\"@id\":\"https:\/\/www.gaveanews.com\/#\/schema\/person\/2877169f354c4596cf5aab74ea7c56a8\"},\"headline\":\"Campeonato Carioca: FERJ define datas das semifinais\",\"datePublished\":\"2025-02-18T02:00:00+00:00\",\"dateModified\":\"2025-02-18T02:02:46+00:00\",\"mainEntityOfPage\":{\"@id\":\"https:\/\/www.gaveanews.com\/index.php\/2025\/02\/17\/campeonato-carioca-ferj-define-datas-das-semifinais\/\"},\"wordCount\":351,\"commentCount\":0,\"image\":{\"@id\":\"https:\/\/www.gaveanews.com\/index.php\/2025\/02\/17\/campeonato-carioca-ferj-define-datas-das-semifinais\/#primaryimage\"},\"thumbnailUrl\":\"https:\/\/www.gaveanews.com\/wp-content\/uploads\/chrome_zy2GleMuvA.webp\",\"articleSection\":[\"Flamengo\"],\"inLanguage\":\"pt-BR\",\"potentialAction\":[{\"@type\":\"CommentAction\",\"name\":\"Comment\",\"target\":[\"https:\/\/www.gaveanews.com\/index.php\/2025\/02\/17\/campeonato-carioca-ferj-define-datas-das-semifinais\/#respond\"]}],\"copyrightYear\":\"2025\",\"copyrightHolder\":{\"@id\":\"https:\/\/www.gaveanews.com\/#organization\"}},{\"@type\":\"WebPage\",\"@id\":\"https:\/\/www.gaveanews.com\/index.php\/2025\/02\/17\/campeonato-carioca-ferj-define-datas-das-semifinais\/\",\"url\":\"https:\/\/www.gaveanews.com\/index.php\/2025\/02\/17\/campeonato-carioca-ferj-define-datas-das-semifinais\/\",\"name\":\"Campeonato Carioca: FERJ define datas das semifinais\",\"isPartOf\":{\"@id\":\"https:\/\/www.gaveanews.com\/#website\"},\"primaryImageOfPage\":{\"@id\":\"https:\/\/www.gaveanews.com\/index.php\/2025\/02\/17\/campeonato-carioca-ferj-define-datas-das-semifinais\/#primaryimage\"},\"image\":{\"@id\":\"https:\/\/www.gaveanews.com\/index.php\/2025\/02\/17\/campeonato-carioca-ferj-define-datas-das-semifinais\/#primaryimage\"},\"thumbnailUrl\":\"https:\/\/www.gaveanews.com\/wp-content\/uploads\/chrome_zy2GleMuvA.webp\",\"datePublished\":\"2025-02-18T02:00:00+00:00\",\"dateModified\":\"2025-02-18T02:02:46+00:00\",\"author\":{\"@id\":\"https:\/\/www.gaveanews.com\/#\/schema\/person\/2877169f354c4596cf5aab74ea7c56a8\"},\"breadcrumb\":{\"@id\":\"https:\/\/www.gaveanews.com\/index.php\/2025\/02\/17\/campeonato-carioca-ferj-define-datas-das-semifinais\/#breadcrumb\"},\"inLanguage\":\"pt-BR\",\"potentialAction\":[{\"@type\":\"ReadAction\",\"target\":[\"https:\/\/www.gaveanews.com\/index.php\/2025\/02\/17\/campeonato-carioca-ferj-define-datas-das-semifinais\/\"]}]},{\"@type\":\"ImageObject\",\"inLanguage\":\"pt-BR\",\"@id\":\"https:\/\/www.gaveanews.com\/index.php\/2025\/02\/17\/campeonato-carioca-ferj-define-datas-das-semifinais\/#primaryimage\",\"url\":\"https:\/\/www.gaveanews.com\/wp-content\/uploads\/chrome_zy2GleMuvA.webp\",\"contentUrl\":\"https:\/\/www.gaveanews.com\/wp-content\/uploads\/chrome_zy2GleMuvA.webp\",\"width\":1576,\"height\":925,\"caption\":\"FERJ\"},{\"@type\":\"BreadcrumbList\",\"@id\":\"https:\/\/www.gaveanews.com\/index.php\/2025\/02\/17\/campeonato-carioca-ferj-define-datas-das-semifinais\/#breadcrumb\",\"itemListElement\":[{\"@type\":\"ListItem\",\"position\":1,\"name\":\"Home\",\"item\":\"https:\/\/www.gaveanews.com\/\"},{\"@type\":\"ListItem\",\"position\":2,\"name\":\"Campeonato Carioca: FERJ define datas das semifinais\"}]},{\"@type\":\"WebSite\",\"@id\":\"https:\/\/www.gaveanews.com\/#website\",\"url\":\"https:\/\/www.gaveanews.com\/\",\"name\":\"G\u00e1vea News\",\"description\":\"Veja todas as not\u00edcias sobre o Flamengo: Contrata\u00e7\u00f5es, categorias de base, resultados das partidas, tabela de classifica\u00e7\u00e3o, pr\u00f3ximos jogos!\",\"potentialAction\":[{\"@type\":\"SearchAction\",\"target\":{\"@type\":\"EntryPoint\",\"urlTemplate\":\"https:\/\/www.gaveanews.com\/?s={search_term_string}\"},\"query-input\":{\"@type\":\"PropertyValueSpecification\",\"valueRequired\":true,\"valueName\":\"search_term_string\"}}],\"inLanguage\":\"pt-BR\"},{\"@type\":\"Person\",\"@id\":\"https:\/\/www.gaveanews.com\/#\/schema\/person\/2877169f354c4596cf5aab74ea7c56a8\",\"name\":\"Leandro Azevedo\",\"image\":{\"@type\":\"ImageObject\",\"inLanguage\":\"pt-BR\",\"@id\":\"https:\/\/www.gaveanews.com\/#\/schema\/person\/image\/\",\"url\":\"https:\/\/secure.gravatar.com\/avatar\/e2f72eb6d986a41d592a85e4e36a6c6170e9ea8a1f433dfc29d0011a8968f89c?s=96&d=mm&r=g\",\"contentUrl\":\"https:\/\/secure.gravatar.com\/avatar\/e2f72eb6d986a41d592a85e4e36a6c6170e9ea8a1f433dfc29d0011a8968f89c?s=96&d=mm&r=g\",\"caption\":\"Leandro Azevedo\"}}]}<\/script>\n<!-- \/ Yoast SEO Premium plugin. -->","yoast_head_json":{"title":"Campeonato Carioca: FERJ define datas das semifinais","robots":{"index":"index","follow":"follow","max-snippet":"max-snippet:-1","max-image-preview":"max-image-preview:large","max-video-preview":"max-video-preview:-1"},"canonical":"https:\/\/www.gaveanews.com\/index.php\/2025\/02\/17\/campeonato-carioca-ferj-define-datas-das-semifinais\/","og_locale":"pt_BR","og_type":"article","og_title":"Campeonato Carioca: FERJ define datas das semifinais","og_description":"A Federa\u00e7\u00e3o de Futebol do Estado do Rio de Janeiro (FERJ) definiu as datas para as semifinais do Campeonato Carioca. Os jogos de ida est\u00e3o marcados para os dias 1\u00ba e 2 de mar\u00e7o, enquanto as partidas de volta acontecem em 8 e 9 do mesmo m\u00eas. Inicialmente, a FERJ analisava a possibilidade de realizar [&hellip;]","og_url":"https:\/\/www.gaveanews.com\/index.php\/2025\/02\/17\/campeonato-carioca-ferj-define-datas-das-semifinais\/","og_site_name":"G\u00e1vea News","article_publisher":"https:\/\/facebook.com\/gaveaNews\/","article_published_time":"2025-02-18T02:00:00+00:00","article_modified_time":"2025-02-18T02:02:46+00:00","og_image":[{"width":1576,"height":925,"url":"http:\/\/www.gaveanews.com\/wp-content\/uploads\/chrome_zy2GleMuvA.webp","type":"image\/png"}],"author":"Leandro Azevedo","twitter_card":"summary_large_image","twitter_misc":{"Escrito por":"Leandro Azevedo","Est. tempo de leitura":"3 minutos"},"schema":{"@context":"https:\/\/schema.org","@graph":[{"@type":"NewsArticle","@id":"https:\/\/www.gaveanews.com\/index.php\/2025\/02\/17\/campeonato-carioca-ferj-define-datas-das-semifinais\/#article","isPartOf":{"@id":"https:\/\/www.gaveanews.com\/index.php\/2025\/02\/17\/campeonato-carioca-ferj-define-datas-das-semifinais\/"},"author":{"name":"Leandro Azevedo","@id":"https:\/\/www.gaveanews.com\/#\/schema\/person\/2877169f354c4596cf5aab74ea7c56a8"},"headline":"Campeonato Carioca: FERJ define datas das semifinais","datePublished":"2025-02-18T02:00:00+00:00","dateModified":"2025-02-18T02:02:46+00:00","mainEntityOfPage":{"@id":"https:\/\/www.gaveanews.com\/index.php\/2025\/02\/17\/campeonato-carioca-ferj-define-datas-das-semifinais\/"},"wordCount":351,"commentCount":0,"image":{"@id":"https:\/\/www.gaveanews.com\/index.php\/2025\/02\/17\/campeonato-carioca-ferj-define-datas-das-semifinais\/#primaryimage"},"thumbnailUrl":"https:\/\/www.gaveanews.com\/wp-content\/uploads\/chrome_zy2GleMuvA.webp","articleSection":["Flamengo"],"inLanguage":"pt-BR","potentialAction":[{"@type":"CommentAction","name":"Comment","target":["https:\/\/www.gaveanews.com\/index.php\/2025\/02\/17\/campeonato-carioca-ferj-define-datas-das-semifinais\/#respond"]}],"copyrightYear":"2025","copyrightHolder":{"@id":"https:\/\/www.gaveanews.com\/#organization"}},{"@type":"WebPage","@id":"https:\/\/www.gaveanews.com\/index.php\/2025\/02\/17\/campeonato-carioca-ferj-define-datas-das-semifinais\/","url":"https:\/\/www.gaveanews.com\/index.php\/2025\/02\/17\/campeonato-carioca-ferj-define-datas-das-semifinais\/","name":"Campeonato Carioca: FERJ define datas das semifinais","isPartOf":{"@id":"https:\/\/www.gaveanews.com\/#website"},"primaryImageOfPage":{"@id":"https:\/\/www.gaveanews.com\/index.php\/2025\/02\/17\/campeonato-carioca-ferj-define-datas-das-semifinais\/#primaryimage"},"image":{"@id":"https:\/\/www.gaveanews.com\/index.php\/2025\/02\/17\/campeonato-carioca-ferj-define-datas-das-semifinais\/#primaryimage"},"thumbnailUrl":"https:\/\/www.gaveanews.com\/wp-content\/uploads\/chrome_zy2GleMuvA.webp","datePublished":"2025-02-18T02:00:00+00:00","dateModified":"2025-02-18T02:02:46+00:00","author":{"@id":"https:\/\/www.gaveanews.com\/#\/schema\/person\/2877169f354c4596cf5aab74ea7c56a8"},"breadcrumb":{"@id":"https:\/\/www.gaveanews.com\/index.php\/2025\/02\/17\/campeonato-carioca-ferj-define-datas-das-semifinais\/#breadcrumb"},"inLanguage":"pt-BR","potentialAction":[{"@type":"ReadAction","target":["https:\/\/www.gaveanews.com\/index.php\/2025\/02\/17\/campeonato-carioca-ferj-define-datas-das-semifinais\/"]}]},{"@type":"ImageObject","inLanguage":"pt-BR","@id":"https:\/\/www.gaveanews.com\/index.php\/2025\/02\/17\/campeonato-carioca-ferj-define-datas-das-semifinais\/#primaryimage","url":"https:\/\/www.gaveanews.com\/wp-content\/uploads\/chrome_zy2GleMuvA.webp","contentUrl":"https:\/\/www.gaveanews.com\/wp-content\/uploads\/chrome_zy2GleMuvA.webp","width":1576,"height":925,"caption":"FERJ"},{"@type":"BreadcrumbList","@id":"https:\/\/www.gaveanews.com\/index.php\/2025\/02\/17\/campeonato-carioca-ferj-define-datas-das-semifinais\/#breadcrumb","itemListElement":[{"@type":"ListItem","position":1,"name":"Home","item":"https:\/\/www.gaveanews.com\/"},{"@type":"ListItem","position":2,"name":"Campeonato Carioca: FERJ define datas das semifinais"}]},{"@type":"WebSite","@id":"https:\/\/www.gaveanews.com\/#website","url":"https:\/\/www.gaveanews.com\/","name":"G\u00e1vea News","description":"Veja todas as not\u00edcias sobre o Flamengo: Contrata\u00e7\u00f5es, categorias de base, resultados das partidas, tabela de classifica\u00e7\u00e3o, pr\u00f3ximos jogos!","potentialAction":[{"@type":"SearchAction","target":{"@type":"EntryPoint","urlTemplate":"https:\/\/www.gaveanews.com\/?s={search_term_string}"},"query-input":{"@type":"PropertyValueSpecification","valueRequired":true,"valueName":"search_term_string"}}],"inLanguage":"pt-BR"},{"@type":"Person","@id":"https:\/\/www.gaveanews.com\/#\/schema\/person\/2877169f354c4596cf5aab74ea7c56a8","name":"Leandro Azevedo","image":{"@type":"ImageObject","inLanguage":"pt-BR","@id":"https:\/\/www.gaveanews.com\/#\/schema\/person\/image\/","url":"https:\/\/secure.gravatar.com\/avatar\/e2f72eb6d986a41d592a85e4e36a6c6170e9ea8a1f433dfc29d0011a8968f89c?s=96&d=mm&r=g","contentUrl":"https:\/\/secure.gravatar.com\/avatar\/e2f72eb6d986a41d592a85e4e36a6c6170e9ea8a1f433dfc29d0011a8968f89c?s=96&d=mm&r=g","caption":"Leandro Azevedo"}}]}},"_links":{"self":[{"href":"https:\/\/www.gaveanews.com\/index.php\/wp-json\/wp\/v2\/posts\/228974","targetHints":{"allow":["GET"]}}],"collection":[{"href":"https:\/\/www.gaveanews.com\/index.php\/wp-json\/wp\/v2\/posts"}],"about":[{"href":"https:\/\/www.gaveanews.com\/index.php\/wp-json\/wp\/v2\/types\/post"}],"author":[{"embeddable":true,"href":"https:\/\/www.gaveanews.com\/index.php\/wp-json\/wp\/v2\/users\/23"}],"replies":[{"embeddable":true,"href":"https:\/\/www.gaveanews.com\/index.php\/wp-json\/wp\/v2\/comments?post=228974"}],"version-history":[{"count":2,"href":"https:\/\/www.gaveanews.com\/index.php\/wp-json\/wp\/v2\/posts\/228974\/revisions"}],"predecessor-version":[{"id":229037,"href":"https:\/\/www.gaveanews.com\/index.php\/wp-json\/wp\/v2\/posts\/228974\/revisions\/229037"}],"wp:featuredmedia":[{"embeddable":true,"href":"https:\/\/www.gaveanews.com\/index.php\/wp-json\/wp\/v2\/media\/126532"}],"wp:attachment":[{"href":"https:\/\/www.gaveanews.com\/index.php\/wp-json\/wp\/v2\/media?parent=228974"}],"wp:term":[{"taxonomy":"category","embeddable":true,"href":"https:\/\/www.gaveanews.com\/index.php\/wp-json\/wp\/v2\/categories?post=228974"},{"taxonomy":"post_tag","embeddable":true,"href":"https:\/\/www.gaveanews.com\/index.php\/wp-json\/wp\/v2\/tags?post=228974"}],"curies":[{"name":"wp","href":"https:\/\/api.w.org\/{rel}","templated":true}]}}