{"id":228986,"date":"2025-02-18T01:00:00","date_gmt":"2025-02-18T04:00:00","guid":{"rendered":"https:\/\/www.gaveanews.com\/?p=228986"},"modified":"2025-02-17T23:31:13","modified_gmt":"2025-02-18T02:31:13","slug":"paulistao-2025-muller-crava-campeao","status":"publish","type":"post","link":"https:\/\/www.gaveanews.com\/index.php\/2025\/02\/18\/paulistao-2025-muller-crava-campeao\/","title":{"rendered":"Paulist\u00e3o 2025: Muller crava campe\u00e3o"},"content":{"rendered":"\n<p>Antes da abertura do Campeonato Paulista 2025, Muller estava convicto de que o Palmeiras era o grande favorito na disputa pelo tetracampeonato consecutivo. Contudo, quase ao final da primeira fase, o ex-jogador alterou seu progn\u00f3stico e agora acredita que Corinthians e S\u00e3o Paulo t\u00eam as maiores chances de conquistar a ta\u00e7a. Durante sua participa\u00e7\u00e3o no programa Mesa Redonda, da TV Gazeta, o comentarista fez quest\u00e3o de expressar sua nova opini\u00e3o.<\/p>\n\n\n\n<p>\u201cO\u00a0Corinthians, junto com o\u00a0S\u00e3o Paulo, s\u00e3o os grandes favoritos\u201d, cravou Muller.<\/p>\n\n\n\n<p>\u00c9 importante ressaltar que os dois clubes mencionados por Muller j\u00e1 garantiram suas vagas nas quartas de final do Paulist\u00e3o.<\/p>\n\n\n\n<figure class=\"wp-block-image size-full\"><img loading=\"lazy\" decoding=\"async\" width=\"941\" height=\"604\" src=\"http:\/\/www.gaveanews.com\/wp-content\/uploads\/Yuri-Alberto-em-acao-pelo-Corinthians.webp\" alt=\"\" class=\"wp-image-171334\" srcset=\"https:\/\/www.gaveanews.com\/wp-content\/uploads\/Yuri-Alberto-em-acao-pelo-Corinthians.webp 941w, https:\/\/www.gaveanews.com\/wp-content\/uploads\/Yuri-Alberto-em-acao-pelo-Corinthians-300x194.webp 300w, https:\/\/www.gaveanews.com\/wp-content\/uploads\/Yuri-Alberto-em-acao-pelo-Corinthians-768x493.webp 768w, https:\/\/www.gaveanews.com\/wp-content\/uploads\/Yuri-Alberto-em-acao-pelo-Corinthians-654x420.webp 654w, https:\/\/www.gaveanews.com\/wp-content\/uploads\/Yuri-Alberto-em-acao-pelo-Corinthians-341x220.webp 341w, https:\/\/www.gaveanews.com\/wp-content\/uploads\/Yuri-Alberto-em-acao-pelo-Corinthians-640x411.webp 640w, https:\/\/www.gaveanews.com\/wp-content\/uploads\/Yuri-Alberto-em-acao-pelo-Corinthians-681x437.webp 681w, https:\/\/www.gaveanews.com\/wp-content\/uploads\/Yuri-Alberto-em-acao-pelo-Corinthians-100x64.webp 100w\" sizes=\"auto, (max-width: 941px) 100vw, 941px\" \/><figcaption class=\"wp-element-caption\">Yuri Alberto em a\u00e7\u00e3o pelo Corinthians (Foto: Rodrigo Coca\/Ag\u00eancia Corinthians)<\/figcaption><\/figure>\n\n\n\n<p>Por outro lado, o Palmeiras, que era o palpite anterior de Muller, ainda n\u00e3o assegurou sua classifica\u00e7\u00e3o para a pr\u00f3xima fase e n\u00e3o depende apenas de seus pr\u00f3prios esfor\u00e7os para se classificar.<\/p>\n\n\n\n<p>O Verd\u00e3o tem 17 pontos e ocupa a terceira posi\u00e7\u00e3o do grupo D, atr\u00e1s de S\u00e3o Bernardo (22 pontos) e Ponte Preta (19), com duas partidas restantes para o t\u00e9rmino da fase de grupos.<\/p>\n\n\n\n<h2 class=\"wp-block-heading\" id=\"h-jornalista-nao-poupa-palavras-ao-falar-sobre-o-corinthians\">Jornalista n\u00e3o poupa palavras ao falar sobre o Corinthians<\/h2>\n\n\n\n<p>Na vis\u00e3o do ex-atacante, a equipe treinada por Ram\u00f3n D\u00edaz vem se tornando cada vez mais competitiva, contando com um bom n\u00famero de jogadores capazes de decidir uma partida.<\/p>\n\n\n\n<p>\u201cO Corinthians tem v\u00e1rios jogadores que podem decidir. N\u00e3o \u00e9 s\u00f3 o Memphis. O Garro pode decidir, o Yuri Alberto, Talles, o Romero, que na Neo Qu\u00edmica \u00e9 iluminado\u201d, destacou Muller, elogiando os atacantes do Tim\u00e3o na temporada 2025.<\/p>\n\n\n\n<h2 class=\"wp-block-heading\" id=\"h-quando-o-corinthians-e-sao-paulo-volta-em-campo\">Quando o Corinthians e S\u00e3o Paulo volta em campo?<\/h2>\n\n\n\n<p>Com a classifica\u00e7\u00e3o j\u00e1 garantida para a pr\u00f3xima etapa do Paulist\u00e3o, os dois times estar\u00e3o em a\u00e7\u00e3o novamente j\u00e1 nesta semana.<\/p>\n\n\n\n<p>A estreia do Corinthians na Libertadores ocorrer\u00e1 no jogo de ida da segunda fase preliminar contra o Universidad Central, na Venezuela, na quarta-feira (19), \u00e0s 21h30 (hor\u00e1rio de Bras\u00edlia).<\/p>\n\n\n\n<p>Por outro lado, o S\u00e3o Paulo jogar\u00e1 contra a Ponte Preta na 11a rodada do campeonato estadual, \u00e0s 21h35 (hor\u00e1rio de Bras\u00edlia), tamb\u00e9m na quarta-feira.<\/p>\n","protected":false},"excerpt":{"rendered":"<p>Antes da abertura do Campeonato Paulista 2025, Muller estava convicto de que o Palmeiras era o grande favorito na disputa pelo tetracampeonato consecutivo. Contudo, quase ao final da primeira fase, o ex-jogador alterou seu progn\u00f3stico e agora acredita que Corinthians e S\u00e3o Paulo t\u00eam as maiores chances de conquistar a ta\u00e7a. Durante sua participa\u00e7\u00e3o no [&hellip;]<\/p>\n","protected":false},"author":16,"featured_media":212474,"comment_status":"open","ping_status":"closed","sticky":false,"template":"","format":"standard","meta":{"footnotes":""},"categories":[140,478,141,150,457,139,151],"tags":[],"class_list":["post-228986","post","type-post","status-publish","format-standard","has-post-thumbnail","hentry","category-bragantino","category-brasil","category-corinthians","category-palmeiras","category-ponte-preta","category-santos","category-sao-paulo"],"yoast_head":"<!-- This site is optimized with the Yoast SEO Premium plugin v24.2 (Yoast SEO v26.9) - https:\/\/yoast.com\/product\/yoast-seo-premium-wordpress\/ -->\n<title>Paulist\u00e3o 2025: Muller crava campe\u00e3o<\/title>\n<meta name=\"robots\" content=\"index, follow, max-snippet:-1, max-image-preview:large, max-video-preview:-1\" \/>\n<link rel=\"canonical\" href=\"https:\/\/www.gaveanews.com\/index.php\/2025\/02\/18\/paulistao-2025-muller-crava-campeao\/\" \/>\n<meta property=\"og:locale\" content=\"pt_BR\" \/>\n<meta property=\"og:type\" content=\"article\" \/>\n<meta property=\"og:title\" content=\"Paulist\u00e3o 2025: Muller crava campe\u00e3o\" \/>\n<meta property=\"og:description\" content=\"Antes da abertura do Campeonato Paulista 2025, Muller estava convicto de que o Palmeiras era o grande favorito na disputa pelo tetracampeonato consecutivo. Contudo, quase ao final da primeira fase, o ex-jogador alterou seu progn\u00f3stico e agora acredita que Corinthians e S\u00e3o Paulo t\u00eam as maiores chances de conquistar a ta\u00e7a. Durante sua participa\u00e7\u00e3o no [&hellip;]\" \/>\n<meta property=\"og:url\" content=\"https:\/\/www.gaveanews.com\/index.php\/2025\/02\/18\/paulistao-2025-muller-crava-campeao\/\" \/>\n<meta property=\"og:site_name\" content=\"G\u00e1vea News\" \/>\n<meta property=\"article:publisher\" content=\"https:\/\/facebook.com\/gaveaNews\/\" \/>\n<meta property=\"article:published_time\" content=\"2025-02-18T04:00:00+00:00\" \/>\n<meta property=\"og:image\" content=\"https:\/\/www.gaveanews.com\/wp-content\/uploads\/Muller-durante-a-programacao-da-ESPN.webp\" \/>\n\t<meta property=\"og:image:width\" content=\"1536\" \/>\n\t<meta property=\"og:image:height\" content=\"864\" \/>\n\t<meta property=\"og:image:type\" content=\"image\/jpeg\" \/>\n<meta name=\"author\" content=\"D\u00e9bora Figueiredo\" \/>\n<meta name=\"twitter:card\" content=\"summary_large_image\" \/>\n<meta name=\"twitter:label1\" content=\"Escrito por\" \/>\n\t<meta name=\"twitter:data1\" content=\"D\u00e9bora Figueiredo\" \/>\n\t<meta name=\"twitter:label2\" content=\"Est. tempo de leitura\" \/>\n\t<meta name=\"twitter:data2\" content=\"3 minutos\" \/>\n<script type=\"application\/ld+json\" class=\"yoast-schema-graph\">{\"@context\":\"https:\/\/schema.org\",\"@graph\":[{\"@type\":\"NewsArticle\",\"@id\":\"https:\/\/www.gaveanews.com\/index.php\/2025\/02\/18\/paulistao-2025-muller-crava-campeao\/#article\",\"isPartOf\":{\"@id\":\"https:\/\/www.gaveanews.com\/index.php\/2025\/02\/18\/paulistao-2025-muller-crava-campeao\/\"},\"author\":{\"name\":\"D\u00e9bora Figueiredo\",\"@id\":\"https:\/\/www.gaveanews.com\/#\/schema\/person\/37122681a8575a5c8db05a56f099a5e4\"},\"headline\":\"Paulist\u00e3o 2025: Muller crava campe\u00e3o\",\"datePublished\":\"2025-02-18T04:00:00+00:00\",\"mainEntityOfPage\":{\"@id\":\"https:\/\/www.gaveanews.com\/index.php\/2025\/02\/18\/paulistao-2025-muller-crava-campeao\/\"},\"wordCount\":382,\"commentCount\":0,\"image\":{\"@id\":\"https:\/\/www.gaveanews.com\/index.php\/2025\/02\/18\/paulistao-2025-muller-crava-campeao\/#primaryimage\"},\"thumbnailUrl\":\"https:\/\/www.gaveanews.com\/wp-content\/uploads\/Muller-durante-a-programacao-da-ESPN.webp\",\"articleSection\":[\"Bragantino\",\"Brasil\",\"Corinthians\",\"Palmeiras\",\"Ponte Preta\",\"Santos\",\"S\u00e3o Paulo\"],\"inLanguage\":\"pt-BR\",\"potentialAction\":[{\"@type\":\"CommentAction\",\"name\":\"Comment\",\"target\":[\"https:\/\/www.gaveanews.com\/index.php\/2025\/02\/18\/paulistao-2025-muller-crava-campeao\/#respond\"]}],\"copyrightYear\":\"2025\",\"copyrightHolder\":{\"@id\":\"https:\/\/www.gaveanews.com\/#organization\"}},{\"@type\":\"WebPage\",\"@id\":\"https:\/\/www.gaveanews.com\/index.php\/2025\/02\/18\/paulistao-2025-muller-crava-campeao\/\",\"url\":\"https:\/\/www.gaveanews.com\/index.php\/2025\/02\/18\/paulistao-2025-muller-crava-campeao\/\",\"name\":\"Paulist\u00e3o 2025: Muller crava campe\u00e3o\",\"isPartOf\":{\"@id\":\"https:\/\/www.gaveanews.com\/#website\"},\"primaryImageOfPage\":{\"@id\":\"https:\/\/www.gaveanews.com\/index.php\/2025\/02\/18\/paulistao-2025-muller-crava-campeao\/#primaryimage\"},\"image\":{\"@id\":\"https:\/\/www.gaveanews.com\/index.php\/2025\/02\/18\/paulistao-2025-muller-crava-campeao\/#primaryimage\"},\"thumbnailUrl\":\"https:\/\/www.gaveanews.com\/wp-content\/uploads\/Muller-durante-a-programacao-da-ESPN.webp\",\"datePublished\":\"2025-02-18T04:00:00+00:00\",\"author\":{\"@id\":\"https:\/\/www.gaveanews.com\/#\/schema\/person\/37122681a8575a5c8db05a56f099a5e4\"},\"breadcrumb\":{\"@id\":\"https:\/\/www.gaveanews.com\/index.php\/2025\/02\/18\/paulistao-2025-muller-crava-campeao\/#breadcrumb\"},\"inLanguage\":\"pt-BR\",\"potentialAction\":[{\"@type\":\"ReadAction\",\"target\":[\"https:\/\/www.gaveanews.com\/index.php\/2025\/02\/18\/paulistao-2025-muller-crava-campeao\/\"]}]},{\"@type\":\"ImageObject\",\"inLanguage\":\"pt-BR\",\"@id\":\"https:\/\/www.gaveanews.com\/index.php\/2025\/02\/18\/paulistao-2025-muller-crava-campeao\/#primaryimage\",\"url\":\"https:\/\/www.gaveanews.com\/wp-content\/uploads\/Muller-durante-a-programacao-da-ESPN.webp\",\"contentUrl\":\"https:\/\/www.gaveanews.com\/wp-content\/uploads\/Muller-durante-a-programacao-da-ESPN.webp\",\"width\":1536,\"height\":864,\"caption\":\"Muller durante a programa\u00e7\u00e3o da ESPN (Foto: Reprodu\u00e7\u00e3o\/ESPN)\"},{\"@type\":\"BreadcrumbList\",\"@id\":\"https:\/\/www.gaveanews.com\/index.php\/2025\/02\/18\/paulistao-2025-muller-crava-campeao\/#breadcrumb\",\"itemListElement\":[{\"@type\":\"ListItem\",\"position\":1,\"name\":\"Home\",\"item\":\"https:\/\/www.gaveanews.com\/\"},{\"@type\":\"ListItem\",\"position\":2,\"name\":\"Paulist\u00e3o 2025: Muller crava campe\u00e3o\"}]},{\"@type\":\"WebSite\",\"@id\":\"https:\/\/www.gaveanews.com\/#website\",\"url\":\"https:\/\/www.gaveanews.com\/\",\"name\":\"G\u00e1vea News\",\"description\":\"Veja todas as not\u00edcias sobre o Flamengo: Contrata\u00e7\u00f5es, categorias de base, resultados das partidas, tabela de classifica\u00e7\u00e3o, pr\u00f3ximos jogos!\",\"potentialAction\":[{\"@type\":\"SearchAction\",\"target\":{\"@type\":\"EntryPoint\",\"urlTemplate\":\"https:\/\/www.gaveanews.com\/?s={search_term_string}\"},\"query-input\":{\"@type\":\"PropertyValueSpecification\",\"valueRequired\":true,\"valueName\":\"search_term_string\"}}],\"inLanguage\":\"pt-BR\"},{\"@type\":\"Person\",\"@id\":\"https:\/\/www.gaveanews.com\/#\/schema\/person\/37122681a8575a5c8db05a56f099a5e4\",\"name\":\"D\u00e9bora Figueiredo\",\"image\":{\"@type\":\"ImageObject\",\"inLanguage\":\"pt-BR\",\"@id\":\"https:\/\/www.gaveanews.com\/#\/schema\/person\/image\/\",\"url\":\"https:\/\/secure.gravatar.com\/avatar\/1f44802859351588499d26f52aed1d15796ce17e67602895b72837c08018868d?s=96&d=mm&r=g\",\"contentUrl\":\"https:\/\/secure.gravatar.com\/avatar\/1f44802859351588499d26f52aed1d15796ce17e67602895b72837c08018868d?s=96&d=mm&r=g\",\"caption\":\"D\u00e9bora Figueiredo\"}}]}<\/script>\n<!-- \/ Yoast SEO Premium plugin. -->","yoast_head_json":{"title":"Paulist\u00e3o 2025: Muller crava campe\u00e3o","robots":{"index":"index","follow":"follow","max-snippet":"max-snippet:-1","max-image-preview":"max-image-preview:large","max-video-preview":"max-video-preview:-1"},"canonical":"https:\/\/www.gaveanews.com\/index.php\/2025\/02\/18\/paulistao-2025-muller-crava-campeao\/","og_locale":"pt_BR","og_type":"article","og_title":"Paulist\u00e3o 2025: Muller crava campe\u00e3o","og_description":"Antes da abertura do Campeonato Paulista 2025, Muller estava convicto de que o Palmeiras era o grande favorito na disputa pelo tetracampeonato consecutivo. Contudo, quase ao final da primeira fase, o ex-jogador alterou seu progn\u00f3stico e agora acredita que Corinthians e S\u00e3o Paulo t\u00eam as maiores chances de conquistar a ta\u00e7a. Durante sua participa\u00e7\u00e3o no [&hellip;]","og_url":"https:\/\/www.gaveanews.com\/index.php\/2025\/02\/18\/paulistao-2025-muller-crava-campeao\/","og_site_name":"G\u00e1vea News","article_publisher":"https:\/\/facebook.com\/gaveaNews\/","article_published_time":"2025-02-18T04:00:00+00:00","og_image":[{"width":1536,"height":864,"url":"https:\/\/www.gaveanews.com\/wp-content\/uploads\/Muller-durante-a-programacao-da-ESPN.webp","type":"image\/jpeg"}],"author":"D\u00e9bora Figueiredo","twitter_card":"summary_large_image","twitter_misc":{"Escrito por":"D\u00e9bora Figueiredo","Est. tempo de leitura":"3 minutos"},"schema":{"@context":"https:\/\/schema.org","@graph":[{"@type":"NewsArticle","@id":"https:\/\/www.gaveanews.com\/index.php\/2025\/02\/18\/paulistao-2025-muller-crava-campeao\/#article","isPartOf":{"@id":"https:\/\/www.gaveanews.com\/index.php\/2025\/02\/18\/paulistao-2025-muller-crava-campeao\/"},"author":{"name":"D\u00e9bora Figueiredo","@id":"https:\/\/www.gaveanews.com\/#\/schema\/person\/37122681a8575a5c8db05a56f099a5e4"},"headline":"Paulist\u00e3o 2025: Muller crava campe\u00e3o","datePublished":"2025-02-18T04:00:00+00:00","mainEntityOfPage":{"@id":"https:\/\/www.gaveanews.com\/index.php\/2025\/02\/18\/paulistao-2025-muller-crava-campeao\/"},"wordCount":382,"commentCount":0,"image":{"@id":"https:\/\/www.gaveanews.com\/index.php\/2025\/02\/18\/paulistao-2025-muller-crava-campeao\/#primaryimage"},"thumbnailUrl":"https:\/\/www.gaveanews.com\/wp-content\/uploads\/Muller-durante-a-programacao-da-ESPN.webp","articleSection":["Bragantino","Brasil","Corinthians","Palmeiras","Ponte Preta","Santos","S\u00e3o Paulo"],"inLanguage":"pt-BR","potentialAction":[{"@type":"CommentAction","name":"Comment","target":["https:\/\/www.gaveanews.com\/index.php\/2025\/02\/18\/paulistao-2025-muller-crava-campeao\/#respond"]}],"copyrightYear":"2025","copyrightHolder":{"@id":"https:\/\/www.gaveanews.com\/#organization"}},{"@type":"WebPage","@id":"https:\/\/www.gaveanews.com\/index.php\/2025\/02\/18\/paulistao-2025-muller-crava-campeao\/","url":"https:\/\/www.gaveanews.com\/index.php\/2025\/02\/18\/paulistao-2025-muller-crava-campeao\/","name":"Paulist\u00e3o 2025: Muller crava campe\u00e3o","isPartOf":{"@id":"https:\/\/www.gaveanews.com\/#website"},"primaryImageOfPage":{"@id":"https:\/\/www.gaveanews.com\/index.php\/2025\/02\/18\/paulistao-2025-muller-crava-campeao\/#primaryimage"},"image":{"@id":"https:\/\/www.gaveanews.com\/index.php\/2025\/02\/18\/paulistao-2025-muller-crava-campeao\/#primaryimage"},"thumbnailUrl":"https:\/\/www.gaveanews.com\/wp-content\/uploads\/Muller-durante-a-programacao-da-ESPN.webp","datePublished":"2025-02-18T04:00:00+00:00","author":{"@id":"https:\/\/www.gaveanews.com\/#\/schema\/person\/37122681a8575a5c8db05a56f099a5e4"},"breadcrumb":{"@id":"https:\/\/www.gaveanews.com\/index.php\/2025\/02\/18\/paulistao-2025-muller-crava-campeao\/#breadcrumb"},"inLanguage":"pt-BR","potentialAction":[{"@type":"ReadAction","target":["https:\/\/www.gaveanews.com\/index.php\/2025\/02\/18\/paulistao-2025-muller-crava-campeao\/"]}]},{"@type":"ImageObject","inLanguage":"pt-BR","@id":"https:\/\/www.gaveanews.com\/index.php\/2025\/02\/18\/paulistao-2025-muller-crava-campeao\/#primaryimage","url":"https:\/\/www.gaveanews.com\/wp-content\/uploads\/Muller-durante-a-programacao-da-ESPN.webp","contentUrl":"https:\/\/www.gaveanews.com\/wp-content\/uploads\/Muller-durante-a-programacao-da-ESPN.webp","width":1536,"height":864,"caption":"Muller durante a programa\u00e7\u00e3o da ESPN (Foto: Reprodu\u00e7\u00e3o\/ESPN)"},{"@type":"BreadcrumbList","@id":"https:\/\/www.gaveanews.com\/index.php\/2025\/02\/18\/paulistao-2025-muller-crava-campeao\/#breadcrumb","itemListElement":[{"@type":"ListItem","position":1,"name":"Home","item":"https:\/\/www.gaveanews.com\/"},{"@type":"ListItem","position":2,"name":"Paulist\u00e3o 2025: Muller crava campe\u00e3o"}]},{"@type":"WebSite","@id":"https:\/\/www.gaveanews.com\/#website","url":"https:\/\/www.gaveanews.com\/","name":"G\u00e1vea News","description":"Veja todas as not\u00edcias sobre o Flamengo: Contrata\u00e7\u00f5es, categorias de base, resultados das partidas, tabela de classifica\u00e7\u00e3o, pr\u00f3ximos jogos!","potentialAction":[{"@type":"SearchAction","target":{"@type":"EntryPoint","urlTemplate":"https:\/\/www.gaveanews.com\/?s={search_term_string}"},"query-input":{"@type":"PropertyValueSpecification","valueRequired":true,"valueName":"search_term_string"}}],"inLanguage":"pt-BR"},{"@type":"Person","@id":"https:\/\/www.gaveanews.com\/#\/schema\/person\/37122681a8575a5c8db05a56f099a5e4","name":"D\u00e9bora Figueiredo","image":{"@type":"ImageObject","inLanguage":"pt-BR","@id":"https:\/\/www.gaveanews.com\/#\/schema\/person\/image\/","url":"https:\/\/secure.gravatar.com\/avatar\/1f44802859351588499d26f52aed1d15796ce17e67602895b72837c08018868d?s=96&d=mm&r=g","contentUrl":"https:\/\/secure.gravatar.com\/avatar\/1f44802859351588499d26f52aed1d15796ce17e67602895b72837c08018868d?s=96&d=mm&r=g","caption":"D\u00e9bora Figueiredo"}}]}},"_links":{"self":[{"href":"https:\/\/www.gaveanews.com\/index.php\/wp-json\/wp\/v2\/posts\/228986","targetHints":{"allow":["GET"]}}],"collection":[{"href":"https:\/\/www.gaveanews.com\/index.php\/wp-json\/wp\/v2\/posts"}],"about":[{"href":"https:\/\/www.gaveanews.com\/index.php\/wp-json\/wp\/v2\/types\/post"}],"author":[{"embeddable":true,"href":"https:\/\/www.gaveanews.com\/index.php\/wp-json\/wp\/v2\/users\/16"}],"replies":[{"embeddable":true,"href":"https:\/\/www.gaveanews.com\/index.php\/wp-json\/wp\/v2\/comments?post=228986"}],"version-history":[{"count":1,"href":"https:\/\/www.gaveanews.com\/index.php\/wp-json\/wp\/v2\/posts\/228986\/revisions"}],"predecessor-version":[{"id":228988,"href":"https:\/\/www.gaveanews.com\/index.php\/wp-json\/wp\/v2\/posts\/228986\/revisions\/228988"}],"wp:featuredmedia":[{"embeddable":true,"href":"https:\/\/www.gaveanews.com\/index.php\/wp-json\/wp\/v2\/media\/212474"}],"wp:attachment":[{"href":"https:\/\/www.gaveanews.com\/index.php\/wp-json\/wp\/v2\/media?parent=228986"}],"wp:term":[{"taxonomy":"category","embeddable":true,"href":"https:\/\/www.gaveanews.com\/index.php\/wp-json\/wp\/v2\/categories?post=228986"},{"taxonomy":"post_tag","embeddable":true,"href":"https:\/\/www.gaveanews.com\/index.php\/wp-json\/wp\/v2\/tags?post=228986"}],"curies":[{"name":"wp","href":"https:\/\/api.w.org\/{rel}","templated":true}]}}