{"id":229008,"date":"2025-02-18T00:25:00","date_gmt":"2025-02-18T03:25:00","guid":{"rendered":"https:\/\/www.gaveanews.com\/?p=229008"},"modified":"2025-02-17T23:17:56","modified_gmt":"2025-02-18T02:17:56","slug":"benjamin-rollheiser-revela-por-que-escolheu-o-santos-em-vez-do-botafogo","status":"publish","type":"post","link":"https:\/\/www.gaveanews.com\/index.php\/2025\/02\/18\/benjamin-rollheiser-revela-por-que-escolheu-o-santos-em-vez-do-botafogo\/","title":{"rendered":"Benjam\u00edn Rollheiser revela por que escolheu o Santos em vez do Botafogo"},"content":{"rendered":"\n<p>Na apresenta\u00e7\u00e3o do Santos nesta segunda-feira, o argentino Benjam\u00edn Rollheiser explicou por que escolheu o Santos em vez do Botafogo, atual vencedor da Libertadores e do Brasileiro.<\/p>\n\n\n\n<p>O atacante foi contatado por telefone pelo treinador Pedro Caixinha, que reiterou sua confian\u00e7a nele. Por outro lado, o clube carioca ainda n\u00e3o definiu um t\u00e9cnico efetivo para a temporada, o que contribuiu para a decis\u00e3o do jogador.<\/p>\n\n\n\n<p>&#8221; Foi muito importante o telefonema do Pedro. \u00c9 muito importante que um t\u00e9cnico queria contar contigo , afirmou o argentino, admitindo n\u00e3o ter gostado de saber que o Botafogo est\u00e1 sem treinador:&#8221;<\/p>\n\n\n\n<figure class=\"wp-block-embed is-type-photo is-provider-flickr wp-block-embed-flickr\"><div class=\"wp-block-embed__wrapper\">\n<a href=\"https:\/\/www.flickr.com\/photos\/201636948@N07\/54334872974\/in\/dateposted-public\/\"><img loading=\"lazy\" decoding=\"async\" src=\"https:\/\/live.staticflickr.com\/65535\/54334872974_2b2d541f2c_z.webp\" alt=\"baixados (1)\" width=\"640\" height=\"360\" \/><\/a>\n<\/div><\/figure>\n\n\n\n<p>&#8220;-Soube que o Botafogo n\u00e3o tem um t\u00e9cnico assinado. E isso tamb\u00e9m \u00e9 contraproducente para o jogador, chegar numa institui\u00e7\u00e3o onde n\u00e3o sabe que t\u00e9cnico vai te treinar. Ent\u00e3o creio que o telefonema do Pedro foi muito importante para mim, para aqueles que trabalham comigo e, como disse, um dos fatores para que eu esteja aqui.<\/p>\n\n\n\n<p>O Santos superou o Botafogo na disputa e assinou um contrato com o atleta de 24 anos at\u00e9 31 de dezembro de 2028. No total, o Peixe gastou cerca de 11 milh\u00f5es de euros (aproximadamente R$ 65 milh\u00f5es, considerando a cota\u00e7\u00e3o atual).<\/p>\n\n\n\n<p>A falta de um treinador no Botafogo n\u00e3o foi o \u00fanico aspecto considerado. A chance de trabalhar ao lado de Neymar tamb\u00e9m teve um peso significativo na balan\u00e7a.<\/p>\n\n\n\n<p>&#8220;- Sei da classe que tem o Neymar, um jogador de n\u00edvel extraordin\u00e1rio. Vai ser um aprendizado constante. Ele representa muita coisa. Espero poder crescer muito com essa conviv\u00eancia. \u00c9 um jogador que todos admiram;&#8221;<\/p>\n\n\n\n<p>&#8220;Foi uma negocia\u00e7\u00e3o complicada at\u00e9 o \u00faltimo dia. Tomamos uma decis\u00e3o conjunta com empres\u00e1rio e fam\u00edlia. As liga\u00e7\u00f5es do\u00a0Pedro Martins\u00a0e do\u00a0Pedro Caixinha\u00a0foram importantes para tomar a decis\u00e3o correta. Venho para um clube com grande potencial, que quer voltar a conquistar coisas importantes. Tive a oportunidade de falar com o Ney, que \u00e9 um pilar para o Santos e para o futebol mundial. Ele te chamar e falar coisas, o que ele precisa, \u00e9 um orgulho muito grande e foi fator determinante, finalizou Rollheiser.&#8221;<\/p>\n\n\n\n<p>Rollheiser foi a nona contrata\u00e7\u00e3o do Santos para o ano de 2025. Os zagueiros Luis\u00e3o e Z\u00e9 Ivaldo, o lateral-direito Leo Godoy, os meio-campistas Thaciano e \u00c1lvaro Barreal, al\u00e9m dos atacantes Tiquinho Soares, Neymar e Gabriel Veron, j\u00e1 haviam sido confirmados anteriormente para a temporada.<\/p>\n","protected":false},"excerpt":{"rendered":"<p>Na apresenta\u00e7\u00e3o do Santos nesta segunda-feira, o argentino Benjam\u00edn Rollheiser explicou por que escolheu o Santos em vez do Botafogo, atual vencedor da Libertadores e do Brasileiro. O atacante foi contatado por telefone pelo treinador Pedro Caixinha, que reiterou sua confian\u00e7a nele. Por outro lado, o clube carioca ainda n\u00e3o definiu um t\u00e9cnico efetivo para [&hellip;]<\/p>\n","protected":false},"author":16,"featured_media":152156,"comment_status":"open","ping_status":"closed","sticky":false,"template":"","format":"standard","meta":{"footnotes":""},"categories":[138,139],"tags":[],"class_list":["post-229008","post","type-post","status-publish","format-standard","has-post-thumbnail","hentry","category-botafogo","category-santos"],"yoast_head":"<!-- This site is optimized with the Yoast SEO Premium plugin v24.2 (Yoast SEO v26.9) - https:\/\/yoast.com\/product\/yoast-seo-premium-wordpress\/ -->\n<title>Benjam\u00edn Rollheiser revela por que escolheu o Santos em vez do Botafogo<\/title>\n<meta name=\"robots\" content=\"index, follow, max-snippet:-1, max-image-preview:large, max-video-preview:-1\" \/>\n<link rel=\"canonical\" href=\"https:\/\/www.gaveanews.com\/index.php\/2025\/02\/18\/benjamin-rollheiser-revela-por-que-escolheu-o-santos-em-vez-do-botafogo\/\" \/>\n<meta property=\"og:locale\" content=\"pt_BR\" \/>\n<meta property=\"og:type\" content=\"article\" \/>\n<meta property=\"og:title\" content=\"Benjam\u00edn Rollheiser revela por que escolheu o Santos em vez do Botafogo\" \/>\n<meta property=\"og:description\" content=\"Na apresenta\u00e7\u00e3o do Santos nesta segunda-feira, o argentino Benjam\u00edn Rollheiser explicou por que escolheu o Santos em vez do Botafogo, atual vencedor da Libertadores e do Brasileiro. O atacante foi contatado por telefone pelo treinador Pedro Caixinha, que reiterou sua confian\u00e7a nele. Por outro lado, o clube carioca ainda n\u00e3o definiu um t\u00e9cnico efetivo para [&hellip;]\" \/>\n<meta property=\"og:url\" content=\"https:\/\/www.gaveanews.com\/index.php\/2025\/02\/18\/benjamin-rollheiser-revela-por-que-escolheu-o-santos-em-vez-do-botafogo\/\" \/>\n<meta property=\"og:site_name\" content=\"G\u00e1vea News\" \/>\n<meta property=\"article:publisher\" content=\"https:\/\/facebook.com\/gaveaNews\/\" \/>\n<meta property=\"article:published_time\" content=\"2025-02-18T03:25:00+00:00\" \/>\n<meta property=\"og:image\" content=\"https:\/\/www.gaveanews.com\/wp-content\/uploads\/Escudo-do-Santos-1.webp\" \/>\n\t<meta property=\"og:image:width\" content=\"1300\" \/>\n\t<meta property=\"og:image:height\" content=\"1056\" \/>\n\t<meta property=\"og:image:type\" content=\"image\/webp\" \/>\n<meta name=\"author\" content=\"D\u00e9bora Figueiredo\" \/>\n<meta name=\"twitter:card\" content=\"summary_large_image\" \/>\n<meta name=\"twitter:label1\" content=\"Escrito por\" \/>\n\t<meta name=\"twitter:data1\" content=\"D\u00e9bora Figueiredo\" \/>\n\t<meta name=\"twitter:label2\" content=\"Est. tempo de leitura\" \/>\n\t<meta name=\"twitter:data2\" content=\"3 minutos\" \/>\n<script type=\"application\/ld+json\" class=\"yoast-schema-graph\">{\"@context\":\"https:\/\/schema.org\",\"@graph\":[{\"@type\":\"NewsArticle\",\"@id\":\"https:\/\/www.gaveanews.com\/index.php\/2025\/02\/18\/benjamin-rollheiser-revela-por-que-escolheu-o-santos-em-vez-do-botafogo\/#article\",\"isPartOf\":{\"@id\":\"https:\/\/www.gaveanews.com\/index.php\/2025\/02\/18\/benjamin-rollheiser-revela-por-que-escolheu-o-santos-em-vez-do-botafogo\/\"},\"author\":{\"name\":\"D\u00e9bora Figueiredo\",\"@id\":\"https:\/\/www.gaveanews.com\/#\/schema\/person\/37122681a8575a5c8db05a56f099a5e4\"},\"headline\":\"Benjam\u00edn Rollheiser revela por que escolheu o Santos em vez do Botafogo\",\"datePublished\":\"2025-02-18T03:25:00+00:00\",\"mainEntityOfPage\":{\"@id\":\"https:\/\/www.gaveanews.com\/index.php\/2025\/02\/18\/benjamin-rollheiser-revela-por-que-escolheu-o-santos-em-vez-do-botafogo\/\"},\"wordCount\":432,\"commentCount\":0,\"image\":{\"@id\":\"https:\/\/www.gaveanews.com\/index.php\/2025\/02\/18\/benjamin-rollheiser-revela-por-que-escolheu-o-santos-em-vez-do-botafogo\/#primaryimage\"},\"thumbnailUrl\":\"https:\/\/www.gaveanews.com\/wp-content\/uploads\/Escudo-do-Santos-1.webp\",\"articleSection\":[\"Botafogo\",\"Santos\"],\"inLanguage\":\"pt-BR\",\"potentialAction\":[{\"@type\":\"CommentAction\",\"name\":\"Comment\",\"target\":[\"https:\/\/www.gaveanews.com\/index.php\/2025\/02\/18\/benjamin-rollheiser-revela-por-que-escolheu-o-santos-em-vez-do-botafogo\/#respond\"]}],\"copyrightYear\":\"2025\",\"copyrightHolder\":{\"@id\":\"https:\/\/www.gaveanews.com\/#organization\"}},{\"@type\":\"WebPage\",\"@id\":\"https:\/\/www.gaveanews.com\/index.php\/2025\/02\/18\/benjamin-rollheiser-revela-por-que-escolheu-o-santos-em-vez-do-botafogo\/\",\"url\":\"https:\/\/www.gaveanews.com\/index.php\/2025\/02\/18\/benjamin-rollheiser-revela-por-que-escolheu-o-santos-em-vez-do-botafogo\/\",\"name\":\"Benjam\u00edn Rollheiser revela por que escolheu o Santos em vez do Botafogo\",\"isPartOf\":{\"@id\":\"https:\/\/www.gaveanews.com\/#website\"},\"primaryImageOfPage\":{\"@id\":\"https:\/\/www.gaveanews.com\/index.php\/2025\/02\/18\/benjamin-rollheiser-revela-por-que-escolheu-o-santos-em-vez-do-botafogo\/#primaryimage\"},\"image\":{\"@id\":\"https:\/\/www.gaveanews.com\/index.php\/2025\/02\/18\/benjamin-rollheiser-revela-por-que-escolheu-o-santos-em-vez-do-botafogo\/#primaryimage\"},\"thumbnailUrl\":\"https:\/\/www.gaveanews.com\/wp-content\/uploads\/Escudo-do-Santos-1.webp\",\"datePublished\":\"2025-02-18T03:25:00+00:00\",\"author\":{\"@id\":\"https:\/\/www.gaveanews.com\/#\/schema\/person\/37122681a8575a5c8db05a56f099a5e4\"},\"breadcrumb\":{\"@id\":\"https:\/\/www.gaveanews.com\/index.php\/2025\/02\/18\/benjamin-rollheiser-revela-por-que-escolheu-o-santos-em-vez-do-botafogo\/#breadcrumb\"},\"inLanguage\":\"pt-BR\",\"potentialAction\":[{\"@type\":\"ReadAction\",\"target\":[\"https:\/\/www.gaveanews.com\/index.php\/2025\/02\/18\/benjamin-rollheiser-revela-por-que-escolheu-o-santos-em-vez-do-botafogo\/\"]}]},{\"@type\":\"ImageObject\",\"inLanguage\":\"pt-BR\",\"@id\":\"https:\/\/www.gaveanews.com\/index.php\/2025\/02\/18\/benjamin-rollheiser-revela-por-que-escolheu-o-santos-em-vez-do-botafogo\/#primaryimage\",\"url\":\"https:\/\/www.gaveanews.com\/wp-content\/uploads\/Escudo-do-Santos-1.webp\",\"contentUrl\":\"https:\/\/www.gaveanews.com\/wp-content\/uploads\/Escudo-do-Santos-1.webp\",\"width\":1300,\"height\":1056,\"caption\":\"Escudo do Santos (Foto: Reprodu\u00e7\u00e3o\/Instagram)\"},{\"@type\":\"BreadcrumbList\",\"@id\":\"https:\/\/www.gaveanews.com\/index.php\/2025\/02\/18\/benjamin-rollheiser-revela-por-que-escolheu-o-santos-em-vez-do-botafogo\/#breadcrumb\",\"itemListElement\":[{\"@type\":\"ListItem\",\"position\":1,\"name\":\"Home\",\"item\":\"https:\/\/www.gaveanews.com\/\"},{\"@type\":\"ListItem\",\"position\":2,\"name\":\"Benjam\u00edn Rollheiser revela por que escolheu o Santos em vez do Botafogo\"}]},{\"@type\":\"WebSite\",\"@id\":\"https:\/\/www.gaveanews.com\/#website\",\"url\":\"https:\/\/www.gaveanews.com\/\",\"name\":\"G\u00e1vea News\",\"description\":\"Veja todas as not\u00edcias sobre o Flamengo: Contrata\u00e7\u00f5es, categorias de base, resultados das partidas, tabela de classifica\u00e7\u00e3o, pr\u00f3ximos jogos!\",\"potentialAction\":[{\"@type\":\"SearchAction\",\"target\":{\"@type\":\"EntryPoint\",\"urlTemplate\":\"https:\/\/www.gaveanews.com\/?s={search_term_string}\"},\"query-input\":{\"@type\":\"PropertyValueSpecification\",\"valueRequired\":true,\"valueName\":\"search_term_string\"}}],\"inLanguage\":\"pt-BR\"},{\"@type\":\"Person\",\"@id\":\"https:\/\/www.gaveanews.com\/#\/schema\/person\/37122681a8575a5c8db05a56f099a5e4\",\"name\":\"D\u00e9bora Figueiredo\",\"image\":{\"@type\":\"ImageObject\",\"inLanguage\":\"pt-BR\",\"@id\":\"https:\/\/www.gaveanews.com\/#\/schema\/person\/image\/\",\"url\":\"https:\/\/secure.gravatar.com\/avatar\/1f44802859351588499d26f52aed1d15796ce17e67602895b72837c08018868d?s=96&d=mm&r=g\",\"contentUrl\":\"https:\/\/secure.gravatar.com\/avatar\/1f44802859351588499d26f52aed1d15796ce17e67602895b72837c08018868d?s=96&d=mm&r=g\",\"caption\":\"D\u00e9bora Figueiredo\"}}]}<\/script>\n<!-- \/ Yoast SEO Premium plugin. -->","yoast_head_json":{"title":"Benjam\u00edn Rollheiser revela por que escolheu o Santos em vez do Botafogo","robots":{"index":"index","follow":"follow","max-snippet":"max-snippet:-1","max-image-preview":"max-image-preview:large","max-video-preview":"max-video-preview:-1"},"canonical":"https:\/\/www.gaveanews.com\/index.php\/2025\/02\/18\/benjamin-rollheiser-revela-por-que-escolheu-o-santos-em-vez-do-botafogo\/","og_locale":"pt_BR","og_type":"article","og_title":"Benjam\u00edn Rollheiser revela por que escolheu o Santos em vez do Botafogo","og_description":"Na apresenta\u00e7\u00e3o do Santos nesta segunda-feira, o argentino Benjam\u00edn Rollheiser explicou por que escolheu o Santos em vez do Botafogo, atual vencedor da Libertadores e do Brasileiro. O atacante foi contatado por telefone pelo treinador Pedro Caixinha, que reiterou sua confian\u00e7a nele. Por outro lado, o clube carioca ainda n\u00e3o definiu um t\u00e9cnico efetivo para [&hellip;]","og_url":"https:\/\/www.gaveanews.com\/index.php\/2025\/02\/18\/benjamin-rollheiser-revela-por-que-escolheu-o-santos-em-vez-do-botafogo\/","og_site_name":"G\u00e1vea News","article_publisher":"https:\/\/facebook.com\/gaveaNews\/","article_published_time":"2025-02-18T03:25:00+00:00","og_image":[{"width":1300,"height":1056,"url":"https:\/\/www.gaveanews.com\/wp-content\/uploads\/Escudo-do-Santos-1.webp","type":"image\/webp"}],"author":"D\u00e9bora Figueiredo","twitter_card":"summary_large_image","twitter_misc":{"Escrito por":"D\u00e9bora Figueiredo","Est. tempo de leitura":"3 minutos"},"schema":{"@context":"https:\/\/schema.org","@graph":[{"@type":"NewsArticle","@id":"https:\/\/www.gaveanews.com\/index.php\/2025\/02\/18\/benjamin-rollheiser-revela-por-que-escolheu-o-santos-em-vez-do-botafogo\/#article","isPartOf":{"@id":"https:\/\/www.gaveanews.com\/index.php\/2025\/02\/18\/benjamin-rollheiser-revela-por-que-escolheu-o-santos-em-vez-do-botafogo\/"},"author":{"name":"D\u00e9bora Figueiredo","@id":"https:\/\/www.gaveanews.com\/#\/schema\/person\/37122681a8575a5c8db05a56f099a5e4"},"headline":"Benjam\u00edn Rollheiser revela por que escolheu o Santos em vez do Botafogo","datePublished":"2025-02-18T03:25:00+00:00","mainEntityOfPage":{"@id":"https:\/\/www.gaveanews.com\/index.php\/2025\/02\/18\/benjamin-rollheiser-revela-por-que-escolheu-o-santos-em-vez-do-botafogo\/"},"wordCount":432,"commentCount":0,"image":{"@id":"https:\/\/www.gaveanews.com\/index.php\/2025\/02\/18\/benjamin-rollheiser-revela-por-que-escolheu-o-santos-em-vez-do-botafogo\/#primaryimage"},"thumbnailUrl":"https:\/\/www.gaveanews.com\/wp-content\/uploads\/Escudo-do-Santos-1.webp","articleSection":["Botafogo","Santos"],"inLanguage":"pt-BR","potentialAction":[{"@type":"CommentAction","name":"Comment","target":["https:\/\/www.gaveanews.com\/index.php\/2025\/02\/18\/benjamin-rollheiser-revela-por-que-escolheu-o-santos-em-vez-do-botafogo\/#respond"]}],"copyrightYear":"2025","copyrightHolder":{"@id":"https:\/\/www.gaveanews.com\/#organization"}},{"@type":"WebPage","@id":"https:\/\/www.gaveanews.com\/index.php\/2025\/02\/18\/benjamin-rollheiser-revela-por-que-escolheu-o-santos-em-vez-do-botafogo\/","url":"https:\/\/www.gaveanews.com\/index.php\/2025\/02\/18\/benjamin-rollheiser-revela-por-que-escolheu-o-santos-em-vez-do-botafogo\/","name":"Benjam\u00edn Rollheiser revela por que escolheu o Santos em vez do Botafogo","isPartOf":{"@id":"https:\/\/www.gaveanews.com\/#website"},"primaryImageOfPage":{"@id":"https:\/\/www.gaveanews.com\/index.php\/2025\/02\/18\/benjamin-rollheiser-revela-por-que-escolheu-o-santos-em-vez-do-botafogo\/#primaryimage"},"image":{"@id":"https:\/\/www.gaveanews.com\/index.php\/2025\/02\/18\/benjamin-rollheiser-revela-por-que-escolheu-o-santos-em-vez-do-botafogo\/#primaryimage"},"thumbnailUrl":"https:\/\/www.gaveanews.com\/wp-content\/uploads\/Escudo-do-Santos-1.webp","datePublished":"2025-02-18T03:25:00+00:00","author":{"@id":"https:\/\/www.gaveanews.com\/#\/schema\/person\/37122681a8575a5c8db05a56f099a5e4"},"breadcrumb":{"@id":"https:\/\/www.gaveanews.com\/index.php\/2025\/02\/18\/benjamin-rollheiser-revela-por-que-escolheu-o-santos-em-vez-do-botafogo\/#breadcrumb"},"inLanguage":"pt-BR","potentialAction":[{"@type":"ReadAction","target":["https:\/\/www.gaveanews.com\/index.php\/2025\/02\/18\/benjamin-rollheiser-revela-por-que-escolheu-o-santos-em-vez-do-botafogo\/"]}]},{"@type":"ImageObject","inLanguage":"pt-BR","@id":"https:\/\/www.gaveanews.com\/index.php\/2025\/02\/18\/benjamin-rollheiser-revela-por-que-escolheu-o-santos-em-vez-do-botafogo\/#primaryimage","url":"https:\/\/www.gaveanews.com\/wp-content\/uploads\/Escudo-do-Santos-1.webp","contentUrl":"https:\/\/www.gaveanews.com\/wp-content\/uploads\/Escudo-do-Santos-1.webp","width":1300,"height":1056,"caption":"Escudo do Santos (Foto: Reprodu\u00e7\u00e3o\/Instagram)"},{"@type":"BreadcrumbList","@id":"https:\/\/www.gaveanews.com\/index.php\/2025\/02\/18\/benjamin-rollheiser-revela-por-que-escolheu-o-santos-em-vez-do-botafogo\/#breadcrumb","itemListElement":[{"@type":"ListItem","position":1,"name":"Home","item":"https:\/\/www.gaveanews.com\/"},{"@type":"ListItem","position":2,"name":"Benjam\u00edn Rollheiser revela por que escolheu o Santos em vez do Botafogo"}]},{"@type":"WebSite","@id":"https:\/\/www.gaveanews.com\/#website","url":"https:\/\/www.gaveanews.com\/","name":"G\u00e1vea News","description":"Veja todas as not\u00edcias sobre o Flamengo: Contrata\u00e7\u00f5es, categorias de base, resultados das partidas, tabela de classifica\u00e7\u00e3o, pr\u00f3ximos jogos!","potentialAction":[{"@type":"SearchAction","target":{"@type":"EntryPoint","urlTemplate":"https:\/\/www.gaveanews.com\/?s={search_term_string}"},"query-input":{"@type":"PropertyValueSpecification","valueRequired":true,"valueName":"search_term_string"}}],"inLanguage":"pt-BR"},{"@type":"Person","@id":"https:\/\/www.gaveanews.com\/#\/schema\/person\/37122681a8575a5c8db05a56f099a5e4","name":"D\u00e9bora Figueiredo","image":{"@type":"ImageObject","inLanguage":"pt-BR","@id":"https:\/\/www.gaveanews.com\/#\/schema\/person\/image\/","url":"https:\/\/secure.gravatar.com\/avatar\/1f44802859351588499d26f52aed1d15796ce17e67602895b72837c08018868d?s=96&d=mm&r=g","contentUrl":"https:\/\/secure.gravatar.com\/avatar\/1f44802859351588499d26f52aed1d15796ce17e67602895b72837c08018868d?s=96&d=mm&r=g","caption":"D\u00e9bora Figueiredo"}}]}},"_links":{"self":[{"href":"https:\/\/www.gaveanews.com\/index.php\/wp-json\/wp\/v2\/posts\/229008","targetHints":{"allow":["GET"]}}],"collection":[{"href":"https:\/\/www.gaveanews.com\/index.php\/wp-json\/wp\/v2\/posts"}],"about":[{"href":"https:\/\/www.gaveanews.com\/index.php\/wp-json\/wp\/v2\/types\/post"}],"author":[{"embeddable":true,"href":"https:\/\/www.gaveanews.com\/index.php\/wp-json\/wp\/v2\/users\/16"}],"replies":[{"embeddable":true,"href":"https:\/\/www.gaveanews.com\/index.php\/wp-json\/wp\/v2\/comments?post=229008"}],"version-history":[{"count":1,"href":"https:\/\/www.gaveanews.com\/index.php\/wp-json\/wp\/v2\/posts\/229008\/revisions"}],"predecessor-version":[{"id":229010,"href":"https:\/\/www.gaveanews.com\/index.php\/wp-json\/wp\/v2\/posts\/229008\/revisions\/229010"}],"wp:featuredmedia":[{"embeddable":true,"href":"https:\/\/www.gaveanews.com\/index.php\/wp-json\/wp\/v2\/media\/152156"}],"wp:attachment":[{"href":"https:\/\/www.gaveanews.com\/index.php\/wp-json\/wp\/v2\/media?parent=229008"}],"wp:term":[{"taxonomy":"category","embeddable":true,"href":"https:\/\/www.gaveanews.com\/index.php\/wp-json\/wp\/v2\/categories?post=229008"},{"taxonomy":"post_tag","embeddable":true,"href":"https:\/\/www.gaveanews.com\/index.php\/wp-json\/wp\/v2\/tags?post=229008"}],"curies":[{"name":"wp","href":"https:\/\/api.w.org\/{rel}","templated":true}]}}