{"id":229012,"date":"2025-02-18T00:35:00","date_gmt":"2025-02-18T03:35:00","guid":{"rendered":"https:\/\/www.gaveanews.com\/?p=229012"},"modified":"2025-02-17T23:21:34","modified_gmt":"2025-02-18T02:21:34","slug":"video-a-declaracao-de-pedrosa-direcionada-a-philippe-coutinho-do-vasco","status":"publish","type":"post","link":"https:\/\/www.gaveanews.com\/index.php\/2025\/02\/18\/video-a-declaracao-de-pedrosa-direcionada-a-philippe-coutinho-do-vasco\/","title":{"rendered":"V\u00eddeo: a declara\u00e7\u00e3o de Pedrosa direcionada a Philippe Coutinho, do Vasco"},"content":{"rendered":"\n<p>Philippe Coutinho n\u00e3o teria condi\u00e7\u00f5es de jogo contra o Flamengo por quest\u00f5es f\u00edsicas. Recentemente, o atleta foi diagnosticado com um edema na coxa esquerda, o que o impediu de jogar contra o Sampaio Corr\u00eaa-RJ, na 9 rodada do Campeonato Carioca. Sup\u00f5e-se que essa tenha sido a raz\u00e3o para sua atua\u00e7\u00e3o t\u00e3o pobre no \u00faltimo jogo.<\/p>\n\n\n\n<p>O jogador n\u00e3o foi um dos melhores jogadores em campo na derrota do Vasco, o jornalista Lucas Pedrosa mais uma vez falou sobre atua\u00e7\u00e3o do Coutinho e do restante do elenco, pra ele a atua\u00e7\u00e3o foi p\u00e9ssima pro comentarista  Philippe Coutinho tem que come\u00e7ar  a chamar mais a responsabilidade para si nos jogos, assista o v\u00eddeo abaixo:<\/p>\n\n\n\n<p>&#8220;No primeiro tempo o Vasco fez uma partida constrangedora! Com a bola, o Vasco estava com medo de jogar. Ele (Coutinho) que tem que chamar a responsabilidade, tamb\u00e9m errou absolutamente tudo.&#8221; <\/p>\n\n\n\n<figure class=\"wp-block-embed is-type-rich is-provider-twitter wp-block-embed-twitter\"><div class=\"wp-block-embed__wrapper\">\n<blockquote class=\"twitter-tweet\" data-width=\"550\" data-dnt=\"true\"><p lang=\"pt\" dir=\"ltr\">&quot;No primeiro tempo o Vasco fez uma partida constrangedora! Com a bola, o Vasco estava com medo de jogar. Ele (Coutinho) que tem que chamar a responsabilidade, tamb\u00e9m errou absolutamente tudo.&quot; &#8211; <a href=\"https:\/\/twitter.com\/pedrosa?ref_src=twsrc%5Etfw\">@pedrosa<\/a> <a href=\"https:\/\/twitter.com\/hashtag\/sbtsportsrio?src=hash&amp;ref_src=twsrc%5Etfw\">#sbtsportsrio<\/a> <a href=\"https:\/\/twitter.com\/hashtag\/sbt?src=hash&amp;ref_src=twsrc%5Etfw\">#sbt<\/a> <a href=\"https:\/\/twitter.com\/hashtag\/futebol?src=hash&amp;ref_src=twsrc%5Etfw\">#futebol<\/a> <a href=\"https:\/\/t.co\/nbA68Th51F\">pic.twitter.com\/nbA68Th51F<\/a><\/p>&mdash; SBT Rio (@sbtrio) <a href=\"https:\/\/twitter.com\/sbtrio\/status\/1891529686221537297?ref_src=twsrc%5Etfw\">February 17, 2025<\/a><\/blockquote><script async src=\"https:\/\/platform.twitter.com\/widgets.js\" charset=\"utf-8\"><\/script>\n<\/div><\/figure>\n\n\n\n<h2 class=\"wp-block-heading\" id=\"h-veja-do-que-o-vasco-precisa-para-se-classificar-no-carioca\">Veja do que o Vasco precisa para se classificar no Carioca<\/h2>\n\n\n\n<p>Apesar de algumas vit\u00f3rias, o Vasco j\u00e1 n\u00e3o tem mais a responsabilidade de se classificar para as semifinais do Campeonato Carioca. Embora estivesse no G4, a derrota para o Flamengo complicou a situa\u00e7\u00e3o do Cruz-Maltino.<\/p>\n\n\n\n<h2 class=\"wp-block-heading\"><strong>Resultados dos advers\u00e1rios na briga pelo G4:<\/strong><\/h2>\n\n\n\n<ol class=\"wp-block-list\">\n<li>Sampaio Corr\u00eaa 1 x 3 Volta Redonda;<\/li>\n\n\n\n<li>Fluminense 2 x 0 Nova Igua\u00e7u;<\/li>\n\n\n\n<li>Portuguesa 3 x 1 Maric\u00e1.<\/li>\n<\/ol>\n\n\n\n<p>Uma vit\u00f3ria simples contra o Botafogo n\u00e3o assegura o Vasco nas semifinais do Campeonato Carioca. Embora tenha vencido o cl\u00e1ssico, o Cruz-Maltino corre o risco de ser ultrapassado caso o Fluminense ven\u00e7a o Bangu por uma margem que supere a do rival nos crit\u00e9rios de desempate.<\/p>\n\n\n\n<p>O Vasco superou o Fluminense em n\u00famero de gols marcados no Campeonato Carioca. Existem 12 jogadores do Cruz-Maltino em compara\u00e7\u00e3o com 10 do Tricolor.<\/p>\n\n\n\n<p>O Cruz-Maltino est\u00e1 em quarto lugar na classifica\u00e7\u00e3o do Carioca. Todos os clubes, a partir do nono lugar, possuem capacidade para superar o Cruz-Maltino.<\/p>\n\n\n\n<p>Na rodada final do Campeonato Carioca, o Vasco disputar\u00e1 seu \u00faltimo cl\u00e1ssico nesta etapa inicial do torneio. O Cruz-Maltino joga contra o Botafogo no domingo (23), a partir das 16h, em S\u00e3o Janu\u00e1rio.<\/p>\n","protected":false},"excerpt":{"rendered":"<p>Philippe Coutinho n\u00e3o teria condi\u00e7\u00f5es de jogo contra o Flamengo por quest\u00f5es f\u00edsicas. Recentemente, o atleta foi diagnosticado com um edema na coxa esquerda, o que o impediu de jogar contra o Sampaio Corr\u00eaa-RJ, na 9 rodada do Campeonato Carioca. Sup\u00f5e-se que essa tenha sido a raz\u00e3o para sua atua\u00e7\u00e3o t\u00e3o pobre no \u00faltimo jogo. [&hellip;]<\/p>\n","protected":false},"author":16,"featured_media":153524,"comment_status":"open","ping_status":"closed","sticky":false,"template":"","format":"standard","meta":{"footnotes":""},"categories":[152,40],"tags":[],"class_list":["post-229012","post","type-post","status-publish","format-standard","has-post-thumbnail","hentry","category-vasco","category-video"],"yoast_head":"<!-- This site is optimized with the Yoast SEO Premium plugin v24.2 (Yoast SEO v26.9) - https:\/\/yoast.com\/product\/yoast-seo-premium-wordpress\/ -->\n<title>V\u00eddeo: a declara\u00e7\u00e3o de Pedrosa direcionada a Philippe Coutinho, do Vasco<\/title>\n<meta name=\"robots\" content=\"index, follow, max-snippet:-1, max-image-preview:large, max-video-preview:-1\" \/>\n<link rel=\"canonical\" href=\"https:\/\/www.gaveanews.com\/index.php\/2025\/02\/18\/video-a-declaracao-de-pedrosa-direcionada-a-philippe-coutinho-do-vasco\/\" \/>\n<meta property=\"og:locale\" content=\"pt_BR\" \/>\n<meta property=\"og:type\" content=\"article\" \/>\n<meta property=\"og:title\" content=\"V\u00eddeo: a declara\u00e7\u00e3o de Pedrosa direcionada a Philippe Coutinho, do Vasco\" \/>\n<meta property=\"og:description\" content=\"Philippe Coutinho n\u00e3o teria condi\u00e7\u00f5es de jogo contra o Flamengo por quest\u00f5es f\u00edsicas. Recentemente, o atleta foi diagnosticado com um edema na coxa esquerda, o que o impediu de jogar contra o Sampaio Corr\u00eaa-RJ, na 9 rodada do Campeonato Carioca. Sup\u00f5e-se que essa tenha sido a raz\u00e3o para sua atua\u00e7\u00e3o t\u00e3o pobre no \u00faltimo jogo. [&hellip;]\" \/>\n<meta property=\"og:url\" content=\"https:\/\/www.gaveanews.com\/index.php\/2025\/02\/18\/video-a-declaracao-de-pedrosa-direcionada-a-philippe-coutinho-do-vasco\/\" \/>\n<meta property=\"og:site_name\" content=\"G\u00e1vea News\" \/>\n<meta property=\"article:publisher\" content=\"https:\/\/facebook.com\/gaveaNews\/\" \/>\n<meta property=\"article:published_time\" content=\"2025-02-18T03:35:00+00:00\" \/>\n<meta property=\"og:image\" content=\"https:\/\/www.gaveanews.com\/wp-content\/uploads\/Philippe-Coutinho-durante-sua-chegada-a-Arena-MRV-para-o-jogo-entre-Atletico-MG-x-Vasco-pelo-Brasileirao-2024.webp\" \/>\n\t<meta property=\"og:image:width\" content=\"640\" \/>\n\t<meta property=\"og:image:height\" content=\"800\" \/>\n\t<meta property=\"og:image:type\" content=\"image\/jpeg\" \/>\n<meta name=\"author\" content=\"D\u00e9bora Figueiredo\" \/>\n<meta name=\"twitter:card\" content=\"summary_large_image\" \/>\n<meta name=\"twitter:label1\" content=\"Escrito por\" \/>\n\t<meta name=\"twitter:data1\" content=\"D\u00e9bora Figueiredo\" \/>\n\t<meta name=\"twitter:label2\" content=\"Est. tempo de leitura\" \/>\n\t<meta name=\"twitter:data2\" content=\"3 minutos\" \/>\n<script type=\"application\/ld+json\" class=\"yoast-schema-graph\">{\"@context\":\"https:\/\/schema.org\",\"@graph\":[{\"@type\":\"NewsArticle\",\"@id\":\"https:\/\/www.gaveanews.com\/index.php\/2025\/02\/18\/video-a-declaracao-de-pedrosa-direcionada-a-philippe-coutinho-do-vasco\/#article\",\"isPartOf\":{\"@id\":\"https:\/\/www.gaveanews.com\/index.php\/2025\/02\/18\/video-a-declaracao-de-pedrosa-direcionada-a-philippe-coutinho-do-vasco\/\"},\"author\":{\"name\":\"D\u00e9bora Figueiredo\",\"@id\":\"https:\/\/www.gaveanews.com\/#\/schema\/person\/37122681a8575a5c8db05a56f099a5e4\"},\"headline\":\"V\u00eddeo: a declara\u00e7\u00e3o de Pedrosa direcionada a Philippe Coutinho, do Vasco\",\"datePublished\":\"2025-02-18T03:35:00+00:00\",\"mainEntityOfPage\":{\"@id\":\"https:\/\/www.gaveanews.com\/index.php\/2025\/02\/18\/video-a-declaracao-de-pedrosa-direcionada-a-philippe-coutinho-do-vasco\/\"},\"wordCount\":415,\"commentCount\":0,\"image\":{\"@id\":\"https:\/\/www.gaveanews.com\/index.php\/2025\/02\/18\/video-a-declaracao-de-pedrosa-direcionada-a-philippe-coutinho-do-vasco\/#primaryimage\"},\"thumbnailUrl\":\"https:\/\/www.gaveanews.com\/wp-content\/uploads\/Philippe-Coutinho-durante-sua-chegada-a-Arena-MRV-para-o-jogo-entre-Atletico-MG-x-Vasco-pelo-Brasileirao-2024.webp\",\"articleSection\":[\"Vasco\",\"V\u00eddeos\"],\"inLanguage\":\"pt-BR\",\"potentialAction\":[{\"@type\":\"CommentAction\",\"name\":\"Comment\",\"target\":[\"https:\/\/www.gaveanews.com\/index.php\/2025\/02\/18\/video-a-declaracao-de-pedrosa-direcionada-a-philippe-coutinho-do-vasco\/#respond\"]}],\"copyrightYear\":\"2025\",\"copyrightHolder\":{\"@id\":\"https:\/\/www.gaveanews.com\/#organization\"}},{\"@type\":\"WebPage\",\"@id\":\"https:\/\/www.gaveanews.com\/index.php\/2025\/02\/18\/video-a-declaracao-de-pedrosa-direcionada-a-philippe-coutinho-do-vasco\/\",\"url\":\"https:\/\/www.gaveanews.com\/index.php\/2025\/02\/18\/video-a-declaracao-de-pedrosa-direcionada-a-philippe-coutinho-do-vasco\/\",\"name\":\"V\u00eddeo: a declara\u00e7\u00e3o de Pedrosa direcionada a Philippe Coutinho, do Vasco\",\"isPartOf\":{\"@id\":\"https:\/\/www.gaveanews.com\/#website\"},\"primaryImageOfPage\":{\"@id\":\"https:\/\/www.gaveanews.com\/index.php\/2025\/02\/18\/video-a-declaracao-de-pedrosa-direcionada-a-philippe-coutinho-do-vasco\/#primaryimage\"},\"image\":{\"@id\":\"https:\/\/www.gaveanews.com\/index.php\/2025\/02\/18\/video-a-declaracao-de-pedrosa-direcionada-a-philippe-coutinho-do-vasco\/#primaryimage\"},\"thumbnailUrl\":\"https:\/\/www.gaveanews.com\/wp-content\/uploads\/Philippe-Coutinho-durante-sua-chegada-a-Arena-MRV-para-o-jogo-entre-Atletico-MG-x-Vasco-pelo-Brasileirao-2024.webp\",\"datePublished\":\"2025-02-18T03:35:00+00:00\",\"author\":{\"@id\":\"https:\/\/www.gaveanews.com\/#\/schema\/person\/37122681a8575a5c8db05a56f099a5e4\"},\"breadcrumb\":{\"@id\":\"https:\/\/www.gaveanews.com\/index.php\/2025\/02\/18\/video-a-declaracao-de-pedrosa-direcionada-a-philippe-coutinho-do-vasco\/#breadcrumb\"},\"inLanguage\":\"pt-BR\",\"potentialAction\":[{\"@type\":\"ReadAction\",\"target\":[\"https:\/\/www.gaveanews.com\/index.php\/2025\/02\/18\/video-a-declaracao-de-pedrosa-direcionada-a-philippe-coutinho-do-vasco\/\"]}]},{\"@type\":\"ImageObject\",\"inLanguage\":\"pt-BR\",\"@id\":\"https:\/\/www.gaveanews.com\/index.php\/2025\/02\/18\/video-a-declaracao-de-pedrosa-direcionada-a-philippe-coutinho-do-vasco\/#primaryimage\",\"url\":\"https:\/\/www.gaveanews.com\/wp-content\/uploads\/Philippe-Coutinho-durante-sua-chegada-a-Arena-MRV-para-o-jogo-entre-Atletico-MG-x-Vasco-pelo-Brasileirao-2024.webp\",\"contentUrl\":\"https:\/\/www.gaveanews.com\/wp-content\/uploads\/Philippe-Coutinho-durante-sua-chegada-a-Arena-MRV-para-o-jogo-entre-Atletico-MG-x-Vasco-pelo-Brasileirao-2024.webp\",\"width\":640,\"height\":800,\"caption\":\"Philippe Coutinho durante sua chegada a Arena MRV para o jogo entre Atl\u00e9tico-MG x Vasco pelo Brasileir\u00e3o 2024 (Foto: Leandro Amorim\/Vasco)\"},{\"@type\":\"BreadcrumbList\",\"@id\":\"https:\/\/www.gaveanews.com\/index.php\/2025\/02\/18\/video-a-declaracao-de-pedrosa-direcionada-a-philippe-coutinho-do-vasco\/#breadcrumb\",\"itemListElement\":[{\"@type\":\"ListItem\",\"position\":1,\"name\":\"Home\",\"item\":\"https:\/\/www.gaveanews.com\/\"},{\"@type\":\"ListItem\",\"position\":2,\"name\":\"V\u00eddeo: a declara\u00e7\u00e3o de Pedrosa direcionada a Philippe Coutinho, do Vasco\"}]},{\"@type\":\"WebSite\",\"@id\":\"https:\/\/www.gaveanews.com\/#website\",\"url\":\"https:\/\/www.gaveanews.com\/\",\"name\":\"G\u00e1vea News\",\"description\":\"Veja todas as not\u00edcias sobre o Flamengo: Contrata\u00e7\u00f5es, categorias de base, resultados das partidas, tabela de classifica\u00e7\u00e3o, pr\u00f3ximos jogos!\",\"potentialAction\":[{\"@type\":\"SearchAction\",\"target\":{\"@type\":\"EntryPoint\",\"urlTemplate\":\"https:\/\/www.gaveanews.com\/?s={search_term_string}\"},\"query-input\":{\"@type\":\"PropertyValueSpecification\",\"valueRequired\":true,\"valueName\":\"search_term_string\"}}],\"inLanguage\":\"pt-BR\"},{\"@type\":\"Person\",\"@id\":\"https:\/\/www.gaveanews.com\/#\/schema\/person\/37122681a8575a5c8db05a56f099a5e4\",\"name\":\"D\u00e9bora Figueiredo\",\"image\":{\"@type\":\"ImageObject\",\"inLanguage\":\"pt-BR\",\"@id\":\"https:\/\/www.gaveanews.com\/#\/schema\/person\/image\/\",\"url\":\"https:\/\/secure.gravatar.com\/avatar\/1f44802859351588499d26f52aed1d15796ce17e67602895b72837c08018868d?s=96&d=mm&r=g\",\"contentUrl\":\"https:\/\/secure.gravatar.com\/avatar\/1f44802859351588499d26f52aed1d15796ce17e67602895b72837c08018868d?s=96&d=mm&r=g\",\"caption\":\"D\u00e9bora Figueiredo\"}}]}<\/script>\n<!-- \/ Yoast SEO Premium plugin. -->","yoast_head_json":{"title":"V\u00eddeo: a declara\u00e7\u00e3o de Pedrosa direcionada a Philippe Coutinho, do Vasco","robots":{"index":"index","follow":"follow","max-snippet":"max-snippet:-1","max-image-preview":"max-image-preview:large","max-video-preview":"max-video-preview:-1"},"canonical":"https:\/\/www.gaveanews.com\/index.php\/2025\/02\/18\/video-a-declaracao-de-pedrosa-direcionada-a-philippe-coutinho-do-vasco\/","og_locale":"pt_BR","og_type":"article","og_title":"V\u00eddeo: a declara\u00e7\u00e3o de Pedrosa direcionada a Philippe Coutinho, do Vasco","og_description":"Philippe Coutinho n\u00e3o teria condi\u00e7\u00f5es de jogo contra o Flamengo por quest\u00f5es f\u00edsicas. Recentemente, o atleta foi diagnosticado com um edema na coxa esquerda, o que o impediu de jogar contra o Sampaio Corr\u00eaa-RJ, na 9 rodada do Campeonato Carioca. Sup\u00f5e-se que essa tenha sido a raz\u00e3o para sua atua\u00e7\u00e3o t\u00e3o pobre no \u00faltimo jogo. [&hellip;]","og_url":"https:\/\/www.gaveanews.com\/index.php\/2025\/02\/18\/video-a-declaracao-de-pedrosa-direcionada-a-philippe-coutinho-do-vasco\/","og_site_name":"G\u00e1vea News","article_publisher":"https:\/\/facebook.com\/gaveaNews\/","article_published_time":"2025-02-18T03:35:00+00:00","og_image":[{"width":640,"height":800,"url":"https:\/\/www.gaveanews.com\/wp-content\/uploads\/Philippe-Coutinho-durante-sua-chegada-a-Arena-MRV-para-o-jogo-entre-Atletico-MG-x-Vasco-pelo-Brasileirao-2024.webp","type":"image\/jpeg"}],"author":"D\u00e9bora Figueiredo","twitter_card":"summary_large_image","twitter_misc":{"Escrito por":"D\u00e9bora Figueiredo","Est. tempo de leitura":"3 minutos"},"schema":{"@context":"https:\/\/schema.org","@graph":[{"@type":"NewsArticle","@id":"https:\/\/www.gaveanews.com\/index.php\/2025\/02\/18\/video-a-declaracao-de-pedrosa-direcionada-a-philippe-coutinho-do-vasco\/#article","isPartOf":{"@id":"https:\/\/www.gaveanews.com\/index.php\/2025\/02\/18\/video-a-declaracao-de-pedrosa-direcionada-a-philippe-coutinho-do-vasco\/"},"author":{"name":"D\u00e9bora Figueiredo","@id":"https:\/\/www.gaveanews.com\/#\/schema\/person\/37122681a8575a5c8db05a56f099a5e4"},"headline":"V\u00eddeo: a declara\u00e7\u00e3o de Pedrosa direcionada a Philippe Coutinho, do Vasco","datePublished":"2025-02-18T03:35:00+00:00","mainEntityOfPage":{"@id":"https:\/\/www.gaveanews.com\/index.php\/2025\/02\/18\/video-a-declaracao-de-pedrosa-direcionada-a-philippe-coutinho-do-vasco\/"},"wordCount":415,"commentCount":0,"image":{"@id":"https:\/\/www.gaveanews.com\/index.php\/2025\/02\/18\/video-a-declaracao-de-pedrosa-direcionada-a-philippe-coutinho-do-vasco\/#primaryimage"},"thumbnailUrl":"https:\/\/www.gaveanews.com\/wp-content\/uploads\/Philippe-Coutinho-durante-sua-chegada-a-Arena-MRV-para-o-jogo-entre-Atletico-MG-x-Vasco-pelo-Brasileirao-2024.webp","articleSection":["Vasco","V\u00eddeos"],"inLanguage":"pt-BR","potentialAction":[{"@type":"CommentAction","name":"Comment","target":["https:\/\/www.gaveanews.com\/index.php\/2025\/02\/18\/video-a-declaracao-de-pedrosa-direcionada-a-philippe-coutinho-do-vasco\/#respond"]}],"copyrightYear":"2025","copyrightHolder":{"@id":"https:\/\/www.gaveanews.com\/#organization"}},{"@type":"WebPage","@id":"https:\/\/www.gaveanews.com\/index.php\/2025\/02\/18\/video-a-declaracao-de-pedrosa-direcionada-a-philippe-coutinho-do-vasco\/","url":"https:\/\/www.gaveanews.com\/index.php\/2025\/02\/18\/video-a-declaracao-de-pedrosa-direcionada-a-philippe-coutinho-do-vasco\/","name":"V\u00eddeo: a declara\u00e7\u00e3o de Pedrosa direcionada a Philippe Coutinho, do Vasco","isPartOf":{"@id":"https:\/\/www.gaveanews.com\/#website"},"primaryImageOfPage":{"@id":"https:\/\/www.gaveanews.com\/index.php\/2025\/02\/18\/video-a-declaracao-de-pedrosa-direcionada-a-philippe-coutinho-do-vasco\/#primaryimage"},"image":{"@id":"https:\/\/www.gaveanews.com\/index.php\/2025\/02\/18\/video-a-declaracao-de-pedrosa-direcionada-a-philippe-coutinho-do-vasco\/#primaryimage"},"thumbnailUrl":"https:\/\/www.gaveanews.com\/wp-content\/uploads\/Philippe-Coutinho-durante-sua-chegada-a-Arena-MRV-para-o-jogo-entre-Atletico-MG-x-Vasco-pelo-Brasileirao-2024.webp","datePublished":"2025-02-18T03:35:00+00:00","author":{"@id":"https:\/\/www.gaveanews.com\/#\/schema\/person\/37122681a8575a5c8db05a56f099a5e4"},"breadcrumb":{"@id":"https:\/\/www.gaveanews.com\/index.php\/2025\/02\/18\/video-a-declaracao-de-pedrosa-direcionada-a-philippe-coutinho-do-vasco\/#breadcrumb"},"inLanguage":"pt-BR","potentialAction":[{"@type":"ReadAction","target":["https:\/\/www.gaveanews.com\/index.php\/2025\/02\/18\/video-a-declaracao-de-pedrosa-direcionada-a-philippe-coutinho-do-vasco\/"]}]},{"@type":"ImageObject","inLanguage":"pt-BR","@id":"https:\/\/www.gaveanews.com\/index.php\/2025\/02\/18\/video-a-declaracao-de-pedrosa-direcionada-a-philippe-coutinho-do-vasco\/#primaryimage","url":"https:\/\/www.gaveanews.com\/wp-content\/uploads\/Philippe-Coutinho-durante-sua-chegada-a-Arena-MRV-para-o-jogo-entre-Atletico-MG-x-Vasco-pelo-Brasileirao-2024.webp","contentUrl":"https:\/\/www.gaveanews.com\/wp-content\/uploads\/Philippe-Coutinho-durante-sua-chegada-a-Arena-MRV-para-o-jogo-entre-Atletico-MG-x-Vasco-pelo-Brasileirao-2024.webp","width":640,"height":800,"caption":"Philippe Coutinho durante sua chegada a Arena MRV para o jogo entre Atl\u00e9tico-MG x Vasco pelo Brasileir\u00e3o 2024 (Foto: Leandro Amorim\/Vasco)"},{"@type":"BreadcrumbList","@id":"https:\/\/www.gaveanews.com\/index.php\/2025\/02\/18\/video-a-declaracao-de-pedrosa-direcionada-a-philippe-coutinho-do-vasco\/#breadcrumb","itemListElement":[{"@type":"ListItem","position":1,"name":"Home","item":"https:\/\/www.gaveanews.com\/"},{"@type":"ListItem","position":2,"name":"V\u00eddeo: a declara\u00e7\u00e3o de Pedrosa direcionada a Philippe Coutinho, do Vasco"}]},{"@type":"WebSite","@id":"https:\/\/www.gaveanews.com\/#website","url":"https:\/\/www.gaveanews.com\/","name":"G\u00e1vea News","description":"Veja todas as not\u00edcias sobre o Flamengo: Contrata\u00e7\u00f5es, categorias de base, resultados das partidas, tabela de classifica\u00e7\u00e3o, pr\u00f3ximos jogos!","potentialAction":[{"@type":"SearchAction","target":{"@type":"EntryPoint","urlTemplate":"https:\/\/www.gaveanews.com\/?s={search_term_string}"},"query-input":{"@type":"PropertyValueSpecification","valueRequired":true,"valueName":"search_term_string"}}],"inLanguage":"pt-BR"},{"@type":"Person","@id":"https:\/\/www.gaveanews.com\/#\/schema\/person\/37122681a8575a5c8db05a56f099a5e4","name":"D\u00e9bora Figueiredo","image":{"@type":"ImageObject","inLanguage":"pt-BR","@id":"https:\/\/www.gaveanews.com\/#\/schema\/person\/image\/","url":"https:\/\/secure.gravatar.com\/avatar\/1f44802859351588499d26f52aed1d15796ce17e67602895b72837c08018868d?s=96&d=mm&r=g","contentUrl":"https:\/\/secure.gravatar.com\/avatar\/1f44802859351588499d26f52aed1d15796ce17e67602895b72837c08018868d?s=96&d=mm&r=g","caption":"D\u00e9bora Figueiredo"}}]}},"_links":{"self":[{"href":"https:\/\/www.gaveanews.com\/index.php\/wp-json\/wp\/v2\/posts\/229012","targetHints":{"allow":["GET"]}}],"collection":[{"href":"https:\/\/www.gaveanews.com\/index.php\/wp-json\/wp\/v2\/posts"}],"about":[{"href":"https:\/\/www.gaveanews.com\/index.php\/wp-json\/wp\/v2\/types\/post"}],"author":[{"embeddable":true,"href":"https:\/\/www.gaveanews.com\/index.php\/wp-json\/wp\/v2\/users\/16"}],"replies":[{"embeddable":true,"href":"https:\/\/www.gaveanews.com\/index.php\/wp-json\/wp\/v2\/comments?post=229012"}],"version-history":[{"count":1,"href":"https:\/\/www.gaveanews.com\/index.php\/wp-json\/wp\/v2\/posts\/229012\/revisions"}],"predecessor-version":[{"id":229020,"href":"https:\/\/www.gaveanews.com\/index.php\/wp-json\/wp\/v2\/posts\/229012\/revisions\/229020"}],"wp:featuredmedia":[{"embeddable":true,"href":"https:\/\/www.gaveanews.com\/index.php\/wp-json\/wp\/v2\/media\/153524"}],"wp:attachment":[{"href":"https:\/\/www.gaveanews.com\/index.php\/wp-json\/wp\/v2\/media?parent=229012"}],"wp:term":[{"taxonomy":"category","embeddable":true,"href":"https:\/\/www.gaveanews.com\/index.php\/wp-json\/wp\/v2\/categories?post=229012"},{"taxonomy":"post_tag","embeddable":true,"href":"https:\/\/www.gaveanews.com\/index.php\/wp-json\/wp\/v2\/tags?post=229012"}],"curies":[{"name":"wp","href":"https:\/\/api.w.org\/{rel}","templated":true}]}}