{"id":229174,"date":"2025-02-18T09:03:05","date_gmt":"2025-02-18T12:03:05","guid":{"rendered":"https:\/\/www.gaveanews.com\/?p=229174"},"modified":"2025-02-18T09:03:08","modified_gmt":"2025-02-18T12:03:08","slug":"campeonato-paulista-tem-primeiro-mata-mata-definido","status":"publish","type":"post","link":"https:\/\/www.gaveanews.com\/index.php\/2025\/02\/18\/campeonato-paulista-tem-primeiro-mata-mata-definido\/","title":{"rendered":"Campeonato Paulista tem primeiro mata-mata definido"},"content":{"rendered":"\n<p>O Campeonato Paulista tem o primeiro confronto do mata-mata definido. Ambos os times classificados do Grupo C para a pr\u00f3xima fase j\u00e1 foram conhecidos. A vit\u00f3ria do Novorizontino sobre o Mirassol, o colocou cara a cara com o S\u00e3o Paulo nas quartas de final do torneio.<\/p>\n\n\n\n<p>Na \u00faltima segunda-feira (17\/2), o Aurinegro recebeu o Le\u00e3o pela 11\u00aa rodada do Paulist\u00e3o, no Jorj\u00e3o, e venceu por 2 a 1, de virada. Iury Castilho abriu o placar para os visitantes, mas Waguininho e Pablo Dyego viraram o confronto na segunda etapa.<\/p>\n\n\n\n<p>Com o resultado o time de Novo Horizonte chegou aos 15 pontos na tabela de pontua\u00e7\u00e3o e n\u00e3o pode mais ser alcan\u00e7ado nem por Noroeste, tampouco pelo \u00c1gua Santa. Independentemente de como as rodadas finais se desenrolem, n\u00e3o mudar\u00e1 o embate das quartas de final do Grupo C.&nbsp;<\/p>\n\n\n\n<p>O Tigre at\u00e9 pode ultrapassar o S\u00e3o Paulo na tabela e garantir o segundo jogo do mata-mata em casa, mas precisar\u00e1 contar com dois trope\u00e7os do advers\u00e1rio. No pr\u00f3ximo domingo (23\/2), o Novorizontino enfrentar\u00e1 o Botafogo, de Ribeir\u00e3o Preto, \u00e0s 18h30, no est\u00e1dio Santa Cruz.<\/p>\n\n\n\n<p>Por sua vez, o Tricolor vem de um empate em 0 a 0 no Choque-Rei, contra o Palmeiras, no \u00faltimo fim de semana. O t\u00e9cnico Luis Zubeld\u00eda tem alternado bastante as altera\u00e7\u00f5es, visando a melhor prepara\u00e7\u00e3o f\u00edsica dos atletas, dando rodagem a todo o elenco.<\/p>\n\n\n\n<p>Apesar desse planejamento, a equipe j\u00e1 estava garantida nas quartas de final antes mesmo de enfrentar o Alviverde. Agora, ter\u00e1 dois jogos pela frente. O primeiro \u00e9 contra a Ponte Preta, na pr\u00f3xima quarta-feira (19\/2), \u00e0s 19h30, no Morumbis.<\/p>\n\n\n\n<p>Na \u00faltima partida da fase de grupos do Campeonato Paulista, visitar\u00e1 o S\u00e3o Bernardo. L\u00edder do Grupo do Palmeiras, o time do ABC Paulista tem 22 pontos e pode chegar para a disputa j\u00e1 classificado para a fase seguinte. As equipes se enfrentam no domingo, \u00e0s 18h30, no Primeiro de Maio.<\/p>\n","protected":false},"excerpt":{"rendered":"<p>O Campeonato Paulista tem o primeiro confronto do mata-mata definido. Ambos os times classificados do Grupo C para a pr\u00f3xima fase j\u00e1 foram conhecidos. A vit\u00f3ria do Novorizontino sobre o Mirassol, o colocou cara a cara com o S\u00e3o Paulo nas quartas de final do torneio. Na \u00faltima segunda-feira (17\/2), o Aurinegro recebeu o Le\u00e3o [&hellip;]<\/p>\n","protected":false},"author":29,"featured_media":177666,"comment_status":"open","ping_status":"closed","sticky":false,"template":"","format":"standard","meta":{"footnotes":""},"categories":[140,141,150,457,139,151],"tags":[],"class_list":["post-229174","post","type-post","status-publish","format-standard","has-post-thumbnail","hentry","category-bragantino","category-corinthians","category-palmeiras","category-ponte-preta","category-santos","category-sao-paulo"],"yoast_head":"<!-- This site is optimized with the Yoast SEO Premium plugin v24.2 (Yoast SEO v26.9) - https:\/\/yoast.com\/product\/yoast-seo-premium-wordpress\/ -->\n<title>Campeonato Paulista tem primeiro mata-mata definido<\/title>\n<meta name=\"robots\" content=\"index, follow, max-snippet:-1, max-image-preview:large, max-video-preview:-1\" \/>\n<link rel=\"canonical\" href=\"https:\/\/www.gaveanews.com\/index.php\/2025\/02\/18\/campeonato-paulista-tem-primeiro-mata-mata-definido\/\" \/>\n<meta property=\"og:locale\" content=\"pt_BR\" \/>\n<meta property=\"og:type\" content=\"article\" \/>\n<meta property=\"og:title\" content=\"Campeonato Paulista tem primeiro mata-mata definido\" \/>\n<meta property=\"og:description\" content=\"O Campeonato Paulista tem o primeiro confronto do mata-mata definido. Ambos os times classificados do Grupo C para a pr\u00f3xima fase j\u00e1 foram conhecidos. A vit\u00f3ria do Novorizontino sobre o Mirassol, o colocou cara a cara com o S\u00e3o Paulo nas quartas de final do torneio. Na \u00faltima segunda-feira (17\/2), o Aurinegro recebeu o Le\u00e3o [&hellip;]\" \/>\n<meta property=\"og:url\" content=\"https:\/\/www.gaveanews.com\/index.php\/2025\/02\/18\/campeonato-paulista-tem-primeiro-mata-mata-definido\/\" \/>\n<meta property=\"og:site_name\" content=\"G\u00e1vea News\" \/>\n<meta property=\"article:publisher\" content=\"https:\/\/facebook.com\/gaveaNews\/\" \/>\n<meta property=\"article:published_time\" content=\"2025-02-18T12:03:05+00:00\" \/>\n<meta property=\"article:modified_time\" content=\"2025-02-18T12:03:08+00:00\" \/>\n<meta property=\"og:image\" content=\"http:\/\/www.gaveanews.com\/wp-content\/uploads\/Logo-do-Campeonato-Paulista-de-Futebol.webp\" \/>\n\t<meta property=\"og:image:width\" content=\"1280\" \/>\n\t<meta property=\"og:image:height\" content=\"720\" \/>\n\t<meta property=\"og:image:type\" content=\"image\/jpeg\" \/>\n<meta name=\"author\" content=\"Marco Menezes\" \/>\n<meta name=\"twitter:card\" content=\"summary_large_image\" \/>\n<meta name=\"twitter:label1\" content=\"Escrito por\" \/>\n\t<meta name=\"twitter:data1\" content=\"Marco Menezes\" \/>\n\t<meta name=\"twitter:label2\" content=\"Est. tempo de leitura\" \/>\n\t<meta name=\"twitter:data2\" content=\"2 minutos\" \/>\n<script type=\"application\/ld+json\" class=\"yoast-schema-graph\">{\"@context\":\"https:\/\/schema.org\",\"@graph\":[{\"@type\":\"NewsArticle\",\"@id\":\"https:\/\/www.gaveanews.com\/index.php\/2025\/02\/18\/campeonato-paulista-tem-primeiro-mata-mata-definido\/#article\",\"isPartOf\":{\"@id\":\"https:\/\/www.gaveanews.com\/index.php\/2025\/02\/18\/campeonato-paulista-tem-primeiro-mata-mata-definido\/\"},\"author\":{\"name\":\"Marco Menezes\",\"@id\":\"https:\/\/www.gaveanews.com\/#\/schema\/person\/a9f62fe75380c6bada1b2fc49bc23d69\"},\"headline\":\"Campeonato Paulista tem primeiro mata-mata definido\",\"datePublished\":\"2025-02-18T12:03:05+00:00\",\"dateModified\":\"2025-02-18T12:03:08+00:00\",\"mainEntityOfPage\":{\"@id\":\"https:\/\/www.gaveanews.com\/index.php\/2025\/02\/18\/campeonato-paulista-tem-primeiro-mata-mata-definido\/\"},\"wordCount\":337,\"commentCount\":0,\"image\":{\"@id\":\"https:\/\/www.gaveanews.com\/index.php\/2025\/02\/18\/campeonato-paulista-tem-primeiro-mata-mata-definido\/#primaryimage\"},\"thumbnailUrl\":\"https:\/\/www.gaveanews.com\/wp-content\/uploads\/Logo-do-Campeonato-Paulista-de-Futebol.webp\",\"articleSection\":[\"Bragantino\",\"Corinthians\",\"Palmeiras\",\"Ponte Preta\",\"Santos\",\"S\u00e3o Paulo\"],\"inLanguage\":\"pt-BR\",\"potentialAction\":[{\"@type\":\"CommentAction\",\"name\":\"Comment\",\"target\":[\"https:\/\/www.gaveanews.com\/index.php\/2025\/02\/18\/campeonato-paulista-tem-primeiro-mata-mata-definido\/#respond\"]}],\"copyrightYear\":\"2025\",\"copyrightHolder\":{\"@id\":\"https:\/\/www.gaveanews.com\/#organization\"}},{\"@type\":\"WebPage\",\"@id\":\"https:\/\/www.gaveanews.com\/index.php\/2025\/02\/18\/campeonato-paulista-tem-primeiro-mata-mata-definido\/\",\"url\":\"https:\/\/www.gaveanews.com\/index.php\/2025\/02\/18\/campeonato-paulista-tem-primeiro-mata-mata-definido\/\",\"name\":\"Campeonato Paulista tem primeiro mata-mata definido\",\"isPartOf\":{\"@id\":\"https:\/\/www.gaveanews.com\/#website\"},\"primaryImageOfPage\":{\"@id\":\"https:\/\/www.gaveanews.com\/index.php\/2025\/02\/18\/campeonato-paulista-tem-primeiro-mata-mata-definido\/#primaryimage\"},\"image\":{\"@id\":\"https:\/\/www.gaveanews.com\/index.php\/2025\/02\/18\/campeonato-paulista-tem-primeiro-mata-mata-definido\/#primaryimage\"},\"thumbnailUrl\":\"https:\/\/www.gaveanews.com\/wp-content\/uploads\/Logo-do-Campeonato-Paulista-de-Futebol.webp\",\"datePublished\":\"2025-02-18T12:03:05+00:00\",\"dateModified\":\"2025-02-18T12:03:08+00:00\",\"author\":{\"@id\":\"https:\/\/www.gaveanews.com\/#\/schema\/person\/a9f62fe75380c6bada1b2fc49bc23d69\"},\"breadcrumb\":{\"@id\":\"https:\/\/www.gaveanews.com\/index.php\/2025\/02\/18\/campeonato-paulista-tem-primeiro-mata-mata-definido\/#breadcrumb\"},\"inLanguage\":\"pt-BR\",\"potentialAction\":[{\"@type\":\"ReadAction\",\"target\":[\"https:\/\/www.gaveanews.com\/index.php\/2025\/02\/18\/campeonato-paulista-tem-primeiro-mata-mata-definido\/\"]}]},{\"@type\":\"ImageObject\",\"inLanguage\":\"pt-BR\",\"@id\":\"https:\/\/www.gaveanews.com\/index.php\/2025\/02\/18\/campeonato-paulista-tem-primeiro-mata-mata-definido\/#primaryimage\",\"url\":\"https:\/\/www.gaveanews.com\/wp-content\/uploads\/Logo-do-Campeonato-Paulista-de-Futebol.webp\",\"contentUrl\":\"https:\/\/www.gaveanews.com\/wp-content\/uploads\/Logo-do-Campeonato-Paulista-de-Futebol.webp\",\"width\":1280,\"height\":720,\"caption\":\"Logo do Campeonato Paulista de Futebol (Foto: Reprodu\u00e7\u00e3o)\"},{\"@type\":\"BreadcrumbList\",\"@id\":\"https:\/\/www.gaveanews.com\/index.php\/2025\/02\/18\/campeonato-paulista-tem-primeiro-mata-mata-definido\/#breadcrumb\",\"itemListElement\":[{\"@type\":\"ListItem\",\"position\":1,\"name\":\"Home\",\"item\":\"https:\/\/www.gaveanews.com\/\"},{\"@type\":\"ListItem\",\"position\":2,\"name\":\"Campeonato Paulista tem primeiro mata-mata definido\"}]},{\"@type\":\"WebSite\",\"@id\":\"https:\/\/www.gaveanews.com\/#website\",\"url\":\"https:\/\/www.gaveanews.com\/\",\"name\":\"G\u00e1vea News\",\"description\":\"Veja todas as not\u00edcias sobre o Flamengo: Contrata\u00e7\u00f5es, categorias de base, resultados das partidas, tabela de classifica\u00e7\u00e3o, pr\u00f3ximos jogos!\",\"potentialAction\":[{\"@type\":\"SearchAction\",\"target\":{\"@type\":\"EntryPoint\",\"urlTemplate\":\"https:\/\/www.gaveanews.com\/?s={search_term_string}\"},\"query-input\":{\"@type\":\"PropertyValueSpecification\",\"valueRequired\":true,\"valueName\":\"search_term_string\"}}],\"inLanguage\":\"pt-BR\"},{\"@type\":\"Person\",\"@id\":\"https:\/\/www.gaveanews.com\/#\/schema\/person\/a9f62fe75380c6bada1b2fc49bc23d69\",\"name\":\"Marco Menezes\",\"image\":{\"@type\":\"ImageObject\",\"inLanguage\":\"pt-BR\",\"@id\":\"https:\/\/www.gaveanews.com\/#\/schema\/person\/image\/\",\"url\":\"https:\/\/secure.gravatar.com\/avatar\/a1d148ae17fc8bfc5dbccffd07979e8bd2c9ba494221779de86ec2c7907b71ec?s=96&d=mm&r=g\",\"contentUrl\":\"https:\/\/secure.gravatar.com\/avatar\/a1d148ae17fc8bfc5dbccffd07979e8bd2c9ba494221779de86ec2c7907b71ec?s=96&d=mm&r=g\",\"caption\":\"Marco Menezes\"}}]}<\/script>\n<!-- \/ Yoast SEO Premium plugin. -->","yoast_head_json":{"title":"Campeonato Paulista tem primeiro mata-mata definido","robots":{"index":"index","follow":"follow","max-snippet":"max-snippet:-1","max-image-preview":"max-image-preview:large","max-video-preview":"max-video-preview:-1"},"canonical":"https:\/\/www.gaveanews.com\/index.php\/2025\/02\/18\/campeonato-paulista-tem-primeiro-mata-mata-definido\/","og_locale":"pt_BR","og_type":"article","og_title":"Campeonato Paulista tem primeiro mata-mata definido","og_description":"O Campeonato Paulista tem o primeiro confronto do mata-mata definido. Ambos os times classificados do Grupo C para a pr\u00f3xima fase j\u00e1 foram conhecidos. A vit\u00f3ria do Novorizontino sobre o Mirassol, o colocou cara a cara com o S\u00e3o Paulo nas quartas de final do torneio. Na \u00faltima segunda-feira (17\/2), o Aurinegro recebeu o Le\u00e3o [&hellip;]","og_url":"https:\/\/www.gaveanews.com\/index.php\/2025\/02\/18\/campeonato-paulista-tem-primeiro-mata-mata-definido\/","og_site_name":"G\u00e1vea News","article_publisher":"https:\/\/facebook.com\/gaveaNews\/","article_published_time":"2025-02-18T12:03:05+00:00","article_modified_time":"2025-02-18T12:03:08+00:00","og_image":[{"width":1280,"height":720,"url":"http:\/\/www.gaveanews.com\/wp-content\/uploads\/Logo-do-Campeonato-Paulista-de-Futebol.webp","type":"image\/jpeg"}],"author":"Marco Menezes","twitter_card":"summary_large_image","twitter_misc":{"Escrito por":"Marco Menezes","Est. tempo de leitura":"2 minutos"},"schema":{"@context":"https:\/\/schema.org","@graph":[{"@type":"NewsArticle","@id":"https:\/\/www.gaveanews.com\/index.php\/2025\/02\/18\/campeonato-paulista-tem-primeiro-mata-mata-definido\/#article","isPartOf":{"@id":"https:\/\/www.gaveanews.com\/index.php\/2025\/02\/18\/campeonato-paulista-tem-primeiro-mata-mata-definido\/"},"author":{"name":"Marco Menezes","@id":"https:\/\/www.gaveanews.com\/#\/schema\/person\/a9f62fe75380c6bada1b2fc49bc23d69"},"headline":"Campeonato Paulista tem primeiro mata-mata definido","datePublished":"2025-02-18T12:03:05+00:00","dateModified":"2025-02-18T12:03:08+00:00","mainEntityOfPage":{"@id":"https:\/\/www.gaveanews.com\/index.php\/2025\/02\/18\/campeonato-paulista-tem-primeiro-mata-mata-definido\/"},"wordCount":337,"commentCount":0,"image":{"@id":"https:\/\/www.gaveanews.com\/index.php\/2025\/02\/18\/campeonato-paulista-tem-primeiro-mata-mata-definido\/#primaryimage"},"thumbnailUrl":"https:\/\/www.gaveanews.com\/wp-content\/uploads\/Logo-do-Campeonato-Paulista-de-Futebol.webp","articleSection":["Bragantino","Corinthians","Palmeiras","Ponte Preta","Santos","S\u00e3o Paulo"],"inLanguage":"pt-BR","potentialAction":[{"@type":"CommentAction","name":"Comment","target":["https:\/\/www.gaveanews.com\/index.php\/2025\/02\/18\/campeonato-paulista-tem-primeiro-mata-mata-definido\/#respond"]}],"copyrightYear":"2025","copyrightHolder":{"@id":"https:\/\/www.gaveanews.com\/#organization"}},{"@type":"WebPage","@id":"https:\/\/www.gaveanews.com\/index.php\/2025\/02\/18\/campeonato-paulista-tem-primeiro-mata-mata-definido\/","url":"https:\/\/www.gaveanews.com\/index.php\/2025\/02\/18\/campeonato-paulista-tem-primeiro-mata-mata-definido\/","name":"Campeonato Paulista tem primeiro mata-mata definido","isPartOf":{"@id":"https:\/\/www.gaveanews.com\/#website"},"primaryImageOfPage":{"@id":"https:\/\/www.gaveanews.com\/index.php\/2025\/02\/18\/campeonato-paulista-tem-primeiro-mata-mata-definido\/#primaryimage"},"image":{"@id":"https:\/\/www.gaveanews.com\/index.php\/2025\/02\/18\/campeonato-paulista-tem-primeiro-mata-mata-definido\/#primaryimage"},"thumbnailUrl":"https:\/\/www.gaveanews.com\/wp-content\/uploads\/Logo-do-Campeonato-Paulista-de-Futebol.webp","datePublished":"2025-02-18T12:03:05+00:00","dateModified":"2025-02-18T12:03:08+00:00","author":{"@id":"https:\/\/www.gaveanews.com\/#\/schema\/person\/a9f62fe75380c6bada1b2fc49bc23d69"},"breadcrumb":{"@id":"https:\/\/www.gaveanews.com\/index.php\/2025\/02\/18\/campeonato-paulista-tem-primeiro-mata-mata-definido\/#breadcrumb"},"inLanguage":"pt-BR","potentialAction":[{"@type":"ReadAction","target":["https:\/\/www.gaveanews.com\/index.php\/2025\/02\/18\/campeonato-paulista-tem-primeiro-mata-mata-definido\/"]}]},{"@type":"ImageObject","inLanguage":"pt-BR","@id":"https:\/\/www.gaveanews.com\/index.php\/2025\/02\/18\/campeonato-paulista-tem-primeiro-mata-mata-definido\/#primaryimage","url":"https:\/\/www.gaveanews.com\/wp-content\/uploads\/Logo-do-Campeonato-Paulista-de-Futebol.webp","contentUrl":"https:\/\/www.gaveanews.com\/wp-content\/uploads\/Logo-do-Campeonato-Paulista-de-Futebol.webp","width":1280,"height":720,"caption":"Logo do Campeonato Paulista de Futebol (Foto: Reprodu\u00e7\u00e3o)"},{"@type":"BreadcrumbList","@id":"https:\/\/www.gaveanews.com\/index.php\/2025\/02\/18\/campeonato-paulista-tem-primeiro-mata-mata-definido\/#breadcrumb","itemListElement":[{"@type":"ListItem","position":1,"name":"Home","item":"https:\/\/www.gaveanews.com\/"},{"@type":"ListItem","position":2,"name":"Campeonato Paulista tem primeiro mata-mata definido"}]},{"@type":"WebSite","@id":"https:\/\/www.gaveanews.com\/#website","url":"https:\/\/www.gaveanews.com\/","name":"G\u00e1vea News","description":"Veja todas as not\u00edcias sobre o Flamengo: Contrata\u00e7\u00f5es, categorias de base, resultados das partidas, tabela de classifica\u00e7\u00e3o, pr\u00f3ximos jogos!","potentialAction":[{"@type":"SearchAction","target":{"@type":"EntryPoint","urlTemplate":"https:\/\/www.gaveanews.com\/?s={search_term_string}"},"query-input":{"@type":"PropertyValueSpecification","valueRequired":true,"valueName":"search_term_string"}}],"inLanguage":"pt-BR"},{"@type":"Person","@id":"https:\/\/www.gaveanews.com\/#\/schema\/person\/a9f62fe75380c6bada1b2fc49bc23d69","name":"Marco Menezes","image":{"@type":"ImageObject","inLanguage":"pt-BR","@id":"https:\/\/www.gaveanews.com\/#\/schema\/person\/image\/","url":"https:\/\/secure.gravatar.com\/avatar\/a1d148ae17fc8bfc5dbccffd07979e8bd2c9ba494221779de86ec2c7907b71ec?s=96&d=mm&r=g","contentUrl":"https:\/\/secure.gravatar.com\/avatar\/a1d148ae17fc8bfc5dbccffd07979e8bd2c9ba494221779de86ec2c7907b71ec?s=96&d=mm&r=g","caption":"Marco Menezes"}}]}},"_links":{"self":[{"href":"https:\/\/www.gaveanews.com\/index.php\/wp-json\/wp\/v2\/posts\/229174","targetHints":{"allow":["GET"]}}],"collection":[{"href":"https:\/\/www.gaveanews.com\/index.php\/wp-json\/wp\/v2\/posts"}],"about":[{"href":"https:\/\/www.gaveanews.com\/index.php\/wp-json\/wp\/v2\/types\/post"}],"author":[{"embeddable":true,"href":"https:\/\/www.gaveanews.com\/index.php\/wp-json\/wp\/v2\/users\/29"}],"replies":[{"embeddable":true,"href":"https:\/\/www.gaveanews.com\/index.php\/wp-json\/wp\/v2\/comments?post=229174"}],"version-history":[{"count":1,"href":"https:\/\/www.gaveanews.com\/index.php\/wp-json\/wp\/v2\/posts\/229174\/revisions"}],"predecessor-version":[{"id":229175,"href":"https:\/\/www.gaveanews.com\/index.php\/wp-json\/wp\/v2\/posts\/229174\/revisions\/229175"}],"wp:featuredmedia":[{"embeddable":true,"href":"https:\/\/www.gaveanews.com\/index.php\/wp-json\/wp\/v2\/media\/177666"}],"wp:attachment":[{"href":"https:\/\/www.gaveanews.com\/index.php\/wp-json\/wp\/v2\/media?parent=229174"}],"wp:term":[{"taxonomy":"category","embeddable":true,"href":"https:\/\/www.gaveanews.com\/index.php\/wp-json\/wp\/v2\/categories?post=229174"},{"taxonomy":"post_tag","embeddable":true,"href":"https:\/\/www.gaveanews.com\/index.php\/wp-json\/wp\/v2\/tags?post=229174"}],"curies":[{"name":"wp","href":"https:\/\/api.w.org\/{rel}","templated":true}]}}