{"id":229195,"date":"2025-02-18T10:00:00","date_gmt":"2025-02-18T13:00:00","guid":{"rendered":"https:\/\/www.gaveanews.com\/?p=229195"},"modified":"2025-02-18T09:39:17","modified_gmt":"2025-02-18T12:39:17","slug":"santos-a-declaracao-de-marcelo-teixeira-direcionada-a-wtorre","status":"publish","type":"post","link":"https:\/\/www.gaveanews.com\/index.php\/2025\/02\/18\/santos-a-declaracao-de-marcelo-teixeira-direcionada-a-wtorre\/","title":{"rendered":"Santos: a declara\u00e7\u00e3o de Marcelo Teixeira direcionada a WTorre"},"content":{"rendered":"\n<p>O Santos vive um momento de defini\u00e7\u00e3o quanto ao futuro de sua nova Arena. A constru\u00e7\u00e3o de um est\u00e1dio moderno tem sido pauta constante na diretoria do clube, que busca viabilizar o projeto dentro de condi\u00e7\u00f5es sustent\u00e1veis. Com isso, o presidente Marcelo Teixeira refor\u00e7ou a inten\u00e7\u00e3o de concretizar o contrato com a WTorre, empresa respons\u00e1vel pela execu\u00e7\u00e3o da obra.<\/p>\n\n\n\n<p>A iniciativa tem como objetivo garantir maior capacidade e estrutura ao clube, mantendo a Vila Belmiro como sede do novo est\u00e1dio. A diretoria santista analisou diversas possibilidades de localiza\u00e7\u00e3o, mas, conforme apontado por Teixeira, n\u00e3o h\u00e1 outra alternativa vi\u00e1vel al\u00e9m da atual.<\/p>\n\n\n\n<h2 class=\"wp-block-heading\" id=\"h-definicao-do-local-e-prazo-para-a-assinatura\">Defini\u00e7\u00e3o do local e prazo para a assinatura<\/h2>\n\n\n\n<p>Durante reuni\u00e3o do Conselho Deliberativo, Marcelo Teixeira estabeleceu um prazo de tr\u00eas semanas para a conclus\u00e3o do contrato com a WTorre. Segundo ele, essa etapa \u00e9 fundamental para que o planejamento avance sem mais atrasos.<\/p>\n\n\n\n<p>\u201cEm tr\u00eas semanas n\u00f3s pretendemos concluir o documento do contrato oficial. Ao concluir, vamos trazer esses documentos para concluirmos o contrato com a WTorre\u201d, afirmou o presidente.<\/p>\n\n\n\n<h2 class=\"wp-block-heading\" id=\"h-tentativas-frustradas-de-outras-localizacoes\">Tentativas frustradas de outras localiza\u00e7\u00f5es<\/h2>\n\n\n\n<p>A diretoria santista chegou a estudar outras possibilidades de localiza\u00e7\u00e3o para a nova Arena, incluindo o Parque Valongo, o CT Meninos da Vila e uma \u00e1rea em frente ao bairro do Sabo\u00f3. Entretanto, nenhuma dessas op\u00e7\u00f5es se mostrou vi\u00e1vel financeiramente ou logisticamente.<\/p>\n\n\n\n<p>Marcelo Teixeira tamb\u00e9m revelou que houve encontros com autoridades municipais, estaduais e federais para discutir o projeto. Segundo ele, todos os esfor\u00e7os foram feitos, mas os obst\u00e1culos impediram qualquer outra alternativa.<\/p>\n\n\n\n<p>\u201cCom toda a minha experi\u00eancia, se o Santos quiser uma nova Arena, a \u00fanica poss\u00edvel e vi\u00e1vel \u00e9 a Arena na Vila Belmiro. Se n\u00e3o for dessa forma, o Santos n\u00e3o ter\u00e1 uma nova Arena\u201d, concluiu.<\/p>\n\n\n\n<h2 class=\"wp-block-heading\" id=\"h-estrategia-de-financiamento-e-proximos-passos\">Estrat\u00e9gia de financiamento e pr\u00f3ximos passos<\/h2>\n\n\n\n<p>A principal fonte de financiamento para a constru\u00e7\u00e3o ser\u00e1 a venda de cadeiras e camarotes. O clube estima que a comercializa\u00e7\u00e3o de aproximadamente 5 a 6 mil lugares ser\u00e1 suficiente para viabilizar os custos iniciais da obra. Empresas tamb\u00e9m poder\u00e3o adquirir propriedades dentro da nova Arena, o que contribuir\u00e1 para a arrecada\u00e7\u00e3o necess\u00e1ria.<\/p>\n\n\n\n<p>Com a assinatura do contrato em fase final de defini\u00e7\u00e3o, a expectativa da diretoria \u00e9 iniciar as primeiras etapas do projeto o mais r\u00e1pido poss\u00edvel. A consolida\u00e7\u00e3o desse planejamento \u00e9 vista como essencial para o futuro estrutural e financeiro do Santos.<\/p>\n","protected":false},"excerpt":{"rendered":"<p>O Santos vive um momento de defini\u00e7\u00e3o quanto ao futuro de sua nova Arena. A constru\u00e7\u00e3o de um est\u00e1dio moderno tem sido pauta constante na diretoria do clube, que busca viabilizar o projeto dentro de condi\u00e7\u00f5es sustent\u00e1veis. Com isso, o presidente Marcelo Teixeira refor\u00e7ou a inten\u00e7\u00e3o de concretizar o contrato com a WTorre, empresa respons\u00e1vel [&hellip;]<\/p>\n","protected":false},"author":15,"featured_media":147259,"comment_status":"open","ping_status":"closed","sticky":false,"template":"","format":"standard","meta":{"footnotes":""},"categories":[139],"tags":[],"class_list":["post-229195","post","type-post","status-publish","format-standard","has-post-thumbnail","hentry","category-santos"],"yoast_head":"<!-- This site is optimized with the Yoast SEO Premium plugin v24.2 (Yoast SEO v26.9) - https:\/\/yoast.com\/product\/yoast-seo-premium-wordpress\/ -->\n<title>Santos: a declara\u00e7\u00e3o de Marcelo Teixeira direcionada a WTorre<\/title>\n<meta name=\"robots\" content=\"index, follow, max-snippet:-1, max-image-preview:large, max-video-preview:-1\" \/>\n<link rel=\"canonical\" href=\"https:\/\/www.gaveanews.com\/index.php\/2025\/02\/18\/santos-a-declaracao-de-marcelo-teixeira-direcionada-a-wtorre\/\" \/>\n<meta property=\"og:locale\" content=\"pt_BR\" \/>\n<meta property=\"og:type\" content=\"article\" \/>\n<meta property=\"og:title\" content=\"Santos: a declara\u00e7\u00e3o de Marcelo Teixeira direcionada a WTorre\" \/>\n<meta property=\"og:description\" content=\"O Santos vive um momento de defini\u00e7\u00e3o quanto ao futuro de sua nova Arena. A constru\u00e7\u00e3o de um est\u00e1dio moderno tem sido pauta constante na diretoria do clube, que busca viabilizar o projeto dentro de condi\u00e7\u00f5es sustent\u00e1veis. Com isso, o presidente Marcelo Teixeira refor\u00e7ou a inten\u00e7\u00e3o de concretizar o contrato com a WTorre, empresa respons\u00e1vel [&hellip;]\" \/>\n<meta property=\"og:url\" content=\"https:\/\/www.gaveanews.com\/index.php\/2025\/02\/18\/santos-a-declaracao-de-marcelo-teixeira-direcionada-a-wtorre\/\" \/>\n<meta property=\"og:site_name\" content=\"G\u00e1vea News\" \/>\n<meta property=\"article:publisher\" content=\"https:\/\/facebook.com\/gaveaNews\/\" \/>\n<meta property=\"article:published_time\" content=\"2025-02-18T13:00:00+00:00\" \/>\n<meta property=\"og:image\" content=\"https:\/\/www.gaveanews.com\/wp-content\/uploads\/Interior-da-Vila-Belmiro.webp\" \/>\n\t<meta property=\"og:image:width\" content=\"1280\" \/>\n\t<meta property=\"og:image:height\" content=\"960\" \/>\n\t<meta property=\"og:image:type\" content=\"image\/jpeg\" \/>\n<meta name=\"author\" content=\"Henrique Machado\" \/>\n<meta name=\"twitter:card\" content=\"summary_large_image\" \/>\n<meta name=\"twitter:label1\" content=\"Escrito por\" \/>\n\t<meta name=\"twitter:data1\" content=\"Henrique Machado\" \/>\n\t<meta name=\"twitter:label2\" content=\"Est. tempo de leitura\" \/>\n\t<meta name=\"twitter:data2\" content=\"3 minutos\" \/>\n<script type=\"application\/ld+json\" class=\"yoast-schema-graph\">{\"@context\":\"https:\/\/schema.org\",\"@graph\":[{\"@type\":\"NewsArticle\",\"@id\":\"https:\/\/www.gaveanews.com\/index.php\/2025\/02\/18\/santos-a-declaracao-de-marcelo-teixeira-direcionada-a-wtorre\/#article\",\"isPartOf\":{\"@id\":\"https:\/\/www.gaveanews.com\/index.php\/2025\/02\/18\/santos-a-declaracao-de-marcelo-teixeira-direcionada-a-wtorre\/\"},\"author\":{\"name\":\"Henrique Machado\",\"@id\":\"https:\/\/www.gaveanews.com\/#\/schema\/person\/fd07635ec039ec3ba74ad18ec8a6dbd6\"},\"headline\":\"Santos: a declara\u00e7\u00e3o de Marcelo Teixeira direcionada a WTorre\",\"datePublished\":\"2025-02-18T13:00:00+00:00\",\"mainEntityOfPage\":{\"@id\":\"https:\/\/www.gaveanews.com\/index.php\/2025\/02\/18\/santos-a-declaracao-de-marcelo-teixeira-direcionada-a-wtorre\/\"},\"wordCount\":433,\"commentCount\":0,\"image\":{\"@id\":\"https:\/\/www.gaveanews.com\/index.php\/2025\/02\/18\/santos-a-declaracao-de-marcelo-teixeira-direcionada-a-wtorre\/#primaryimage\"},\"thumbnailUrl\":\"https:\/\/www.gaveanews.com\/wp-content\/uploads\/Interior-da-Vila-Belmiro.webp\",\"articleSection\":[\"Santos\"],\"inLanguage\":\"pt-BR\",\"potentialAction\":[{\"@type\":\"CommentAction\",\"name\":\"Comment\",\"target\":[\"https:\/\/www.gaveanews.com\/index.php\/2025\/02\/18\/santos-a-declaracao-de-marcelo-teixeira-direcionada-a-wtorre\/#respond\"]}],\"copyrightYear\":\"2025\",\"copyrightHolder\":{\"@id\":\"https:\/\/www.gaveanews.com\/#organization\"}},{\"@type\":\"WebPage\",\"@id\":\"https:\/\/www.gaveanews.com\/index.php\/2025\/02\/18\/santos-a-declaracao-de-marcelo-teixeira-direcionada-a-wtorre\/\",\"url\":\"https:\/\/www.gaveanews.com\/index.php\/2025\/02\/18\/santos-a-declaracao-de-marcelo-teixeira-direcionada-a-wtorre\/\",\"name\":\"Santos: a declara\u00e7\u00e3o de Marcelo Teixeira direcionada a WTorre\",\"isPartOf\":{\"@id\":\"https:\/\/www.gaveanews.com\/#website\"},\"primaryImageOfPage\":{\"@id\":\"https:\/\/www.gaveanews.com\/index.php\/2025\/02\/18\/santos-a-declaracao-de-marcelo-teixeira-direcionada-a-wtorre\/#primaryimage\"},\"image\":{\"@id\":\"https:\/\/www.gaveanews.com\/index.php\/2025\/02\/18\/santos-a-declaracao-de-marcelo-teixeira-direcionada-a-wtorre\/#primaryimage\"},\"thumbnailUrl\":\"https:\/\/www.gaveanews.com\/wp-content\/uploads\/Interior-da-Vila-Belmiro.webp\",\"datePublished\":\"2025-02-18T13:00:00+00:00\",\"author\":{\"@id\":\"https:\/\/www.gaveanews.com\/#\/schema\/person\/fd07635ec039ec3ba74ad18ec8a6dbd6\"},\"breadcrumb\":{\"@id\":\"https:\/\/www.gaveanews.com\/index.php\/2025\/02\/18\/santos-a-declaracao-de-marcelo-teixeira-direcionada-a-wtorre\/#breadcrumb\"},\"inLanguage\":\"pt-BR\",\"potentialAction\":[{\"@type\":\"ReadAction\",\"target\":[\"https:\/\/www.gaveanews.com\/index.php\/2025\/02\/18\/santos-a-declaracao-de-marcelo-teixeira-direcionada-a-wtorre\/\"]}]},{\"@type\":\"ImageObject\",\"inLanguage\":\"pt-BR\",\"@id\":\"https:\/\/www.gaveanews.com\/index.php\/2025\/02\/18\/santos-a-declaracao-de-marcelo-teixeira-direcionada-a-wtorre\/#primaryimage\",\"url\":\"https:\/\/www.gaveanews.com\/wp-content\/uploads\/Interior-da-Vila-Belmiro.webp\",\"contentUrl\":\"https:\/\/www.gaveanews.com\/wp-content\/uploads\/Interior-da-Vila-Belmiro.webp\",\"width\":1280,\"height\":960,\"caption\":\"Interior da Vila Belmiro (Foto: F\u00e1bio Maradei\/Santos)\"},{\"@type\":\"BreadcrumbList\",\"@id\":\"https:\/\/www.gaveanews.com\/index.php\/2025\/02\/18\/santos-a-declaracao-de-marcelo-teixeira-direcionada-a-wtorre\/#breadcrumb\",\"itemListElement\":[{\"@type\":\"ListItem\",\"position\":1,\"name\":\"Home\",\"item\":\"https:\/\/www.gaveanews.com\/\"},{\"@type\":\"ListItem\",\"position\":2,\"name\":\"Santos: a declara\u00e7\u00e3o de Marcelo Teixeira direcionada a WTorre\"}]},{\"@type\":\"WebSite\",\"@id\":\"https:\/\/www.gaveanews.com\/#website\",\"url\":\"https:\/\/www.gaveanews.com\/\",\"name\":\"G\u00e1vea News\",\"description\":\"Veja todas as not\u00edcias sobre o Flamengo: Contrata\u00e7\u00f5es, categorias de base, resultados das partidas, tabela de classifica\u00e7\u00e3o, pr\u00f3ximos jogos!\",\"potentialAction\":[{\"@type\":\"SearchAction\",\"target\":{\"@type\":\"EntryPoint\",\"urlTemplate\":\"https:\/\/www.gaveanews.com\/?s={search_term_string}\"},\"query-input\":{\"@type\":\"PropertyValueSpecification\",\"valueRequired\":true,\"valueName\":\"search_term_string\"}}],\"inLanguage\":\"pt-BR\"},{\"@type\":\"Person\",\"@id\":\"https:\/\/www.gaveanews.com\/#\/schema\/person\/fd07635ec039ec3ba74ad18ec8a6dbd6\",\"name\":\"Henrique Machado\",\"image\":{\"@type\":\"ImageObject\",\"inLanguage\":\"pt-BR\",\"@id\":\"https:\/\/www.gaveanews.com\/#\/schema\/person\/image\/\",\"url\":\"https:\/\/secure.gravatar.com\/avatar\/b95e35997e01d9800c1b6184bd79d4d898d370a3fce2584f5c77b907d5c7d9e9?s=96&d=mm&r=g\",\"contentUrl\":\"https:\/\/secure.gravatar.com\/avatar\/b95e35997e01d9800c1b6184bd79d4d898d370a3fce2584f5c77b907d5c7d9e9?s=96&d=mm&r=g\",\"caption\":\"Henrique Machado\"}}]}<\/script>\n<!-- \/ Yoast SEO Premium plugin. -->","yoast_head_json":{"title":"Santos: a declara\u00e7\u00e3o de Marcelo Teixeira direcionada a WTorre","robots":{"index":"index","follow":"follow","max-snippet":"max-snippet:-1","max-image-preview":"max-image-preview:large","max-video-preview":"max-video-preview:-1"},"canonical":"https:\/\/www.gaveanews.com\/index.php\/2025\/02\/18\/santos-a-declaracao-de-marcelo-teixeira-direcionada-a-wtorre\/","og_locale":"pt_BR","og_type":"article","og_title":"Santos: a declara\u00e7\u00e3o de Marcelo Teixeira direcionada a WTorre","og_description":"O Santos vive um momento de defini\u00e7\u00e3o quanto ao futuro de sua nova Arena. A constru\u00e7\u00e3o de um est\u00e1dio moderno tem sido pauta constante na diretoria do clube, que busca viabilizar o projeto dentro de condi\u00e7\u00f5es sustent\u00e1veis. Com isso, o presidente Marcelo Teixeira refor\u00e7ou a inten\u00e7\u00e3o de concretizar o contrato com a WTorre, empresa respons\u00e1vel [&hellip;]","og_url":"https:\/\/www.gaveanews.com\/index.php\/2025\/02\/18\/santos-a-declaracao-de-marcelo-teixeira-direcionada-a-wtorre\/","og_site_name":"G\u00e1vea News","article_publisher":"https:\/\/facebook.com\/gaveaNews\/","article_published_time":"2025-02-18T13:00:00+00:00","og_image":[{"width":1280,"height":960,"url":"https:\/\/www.gaveanews.com\/wp-content\/uploads\/Interior-da-Vila-Belmiro.webp","type":"image\/jpeg"}],"author":"Henrique Machado","twitter_card":"summary_large_image","twitter_misc":{"Escrito por":"Henrique Machado","Est. tempo de leitura":"3 minutos"},"schema":{"@context":"https:\/\/schema.org","@graph":[{"@type":"NewsArticle","@id":"https:\/\/www.gaveanews.com\/index.php\/2025\/02\/18\/santos-a-declaracao-de-marcelo-teixeira-direcionada-a-wtorre\/#article","isPartOf":{"@id":"https:\/\/www.gaveanews.com\/index.php\/2025\/02\/18\/santos-a-declaracao-de-marcelo-teixeira-direcionada-a-wtorre\/"},"author":{"name":"Henrique Machado","@id":"https:\/\/www.gaveanews.com\/#\/schema\/person\/fd07635ec039ec3ba74ad18ec8a6dbd6"},"headline":"Santos: a declara\u00e7\u00e3o de Marcelo Teixeira direcionada a WTorre","datePublished":"2025-02-18T13:00:00+00:00","mainEntityOfPage":{"@id":"https:\/\/www.gaveanews.com\/index.php\/2025\/02\/18\/santos-a-declaracao-de-marcelo-teixeira-direcionada-a-wtorre\/"},"wordCount":433,"commentCount":0,"image":{"@id":"https:\/\/www.gaveanews.com\/index.php\/2025\/02\/18\/santos-a-declaracao-de-marcelo-teixeira-direcionada-a-wtorre\/#primaryimage"},"thumbnailUrl":"https:\/\/www.gaveanews.com\/wp-content\/uploads\/Interior-da-Vila-Belmiro.webp","articleSection":["Santos"],"inLanguage":"pt-BR","potentialAction":[{"@type":"CommentAction","name":"Comment","target":["https:\/\/www.gaveanews.com\/index.php\/2025\/02\/18\/santos-a-declaracao-de-marcelo-teixeira-direcionada-a-wtorre\/#respond"]}],"copyrightYear":"2025","copyrightHolder":{"@id":"https:\/\/www.gaveanews.com\/#organization"}},{"@type":"WebPage","@id":"https:\/\/www.gaveanews.com\/index.php\/2025\/02\/18\/santos-a-declaracao-de-marcelo-teixeira-direcionada-a-wtorre\/","url":"https:\/\/www.gaveanews.com\/index.php\/2025\/02\/18\/santos-a-declaracao-de-marcelo-teixeira-direcionada-a-wtorre\/","name":"Santos: a declara\u00e7\u00e3o de Marcelo Teixeira direcionada a WTorre","isPartOf":{"@id":"https:\/\/www.gaveanews.com\/#website"},"primaryImageOfPage":{"@id":"https:\/\/www.gaveanews.com\/index.php\/2025\/02\/18\/santos-a-declaracao-de-marcelo-teixeira-direcionada-a-wtorre\/#primaryimage"},"image":{"@id":"https:\/\/www.gaveanews.com\/index.php\/2025\/02\/18\/santos-a-declaracao-de-marcelo-teixeira-direcionada-a-wtorre\/#primaryimage"},"thumbnailUrl":"https:\/\/www.gaveanews.com\/wp-content\/uploads\/Interior-da-Vila-Belmiro.webp","datePublished":"2025-02-18T13:00:00+00:00","author":{"@id":"https:\/\/www.gaveanews.com\/#\/schema\/person\/fd07635ec039ec3ba74ad18ec8a6dbd6"},"breadcrumb":{"@id":"https:\/\/www.gaveanews.com\/index.php\/2025\/02\/18\/santos-a-declaracao-de-marcelo-teixeira-direcionada-a-wtorre\/#breadcrumb"},"inLanguage":"pt-BR","potentialAction":[{"@type":"ReadAction","target":["https:\/\/www.gaveanews.com\/index.php\/2025\/02\/18\/santos-a-declaracao-de-marcelo-teixeira-direcionada-a-wtorre\/"]}]},{"@type":"ImageObject","inLanguage":"pt-BR","@id":"https:\/\/www.gaveanews.com\/index.php\/2025\/02\/18\/santos-a-declaracao-de-marcelo-teixeira-direcionada-a-wtorre\/#primaryimage","url":"https:\/\/www.gaveanews.com\/wp-content\/uploads\/Interior-da-Vila-Belmiro.webp","contentUrl":"https:\/\/www.gaveanews.com\/wp-content\/uploads\/Interior-da-Vila-Belmiro.webp","width":1280,"height":960,"caption":"Interior da Vila Belmiro (Foto: F\u00e1bio Maradei\/Santos)"},{"@type":"BreadcrumbList","@id":"https:\/\/www.gaveanews.com\/index.php\/2025\/02\/18\/santos-a-declaracao-de-marcelo-teixeira-direcionada-a-wtorre\/#breadcrumb","itemListElement":[{"@type":"ListItem","position":1,"name":"Home","item":"https:\/\/www.gaveanews.com\/"},{"@type":"ListItem","position":2,"name":"Santos: a declara\u00e7\u00e3o de Marcelo Teixeira direcionada a WTorre"}]},{"@type":"WebSite","@id":"https:\/\/www.gaveanews.com\/#website","url":"https:\/\/www.gaveanews.com\/","name":"G\u00e1vea News","description":"Veja todas as not\u00edcias sobre o Flamengo: Contrata\u00e7\u00f5es, categorias de base, resultados das partidas, tabela de classifica\u00e7\u00e3o, pr\u00f3ximos jogos!","potentialAction":[{"@type":"SearchAction","target":{"@type":"EntryPoint","urlTemplate":"https:\/\/www.gaveanews.com\/?s={search_term_string}"},"query-input":{"@type":"PropertyValueSpecification","valueRequired":true,"valueName":"search_term_string"}}],"inLanguage":"pt-BR"},{"@type":"Person","@id":"https:\/\/www.gaveanews.com\/#\/schema\/person\/fd07635ec039ec3ba74ad18ec8a6dbd6","name":"Henrique Machado","image":{"@type":"ImageObject","inLanguage":"pt-BR","@id":"https:\/\/www.gaveanews.com\/#\/schema\/person\/image\/","url":"https:\/\/secure.gravatar.com\/avatar\/b95e35997e01d9800c1b6184bd79d4d898d370a3fce2584f5c77b907d5c7d9e9?s=96&d=mm&r=g","contentUrl":"https:\/\/secure.gravatar.com\/avatar\/b95e35997e01d9800c1b6184bd79d4d898d370a3fce2584f5c77b907d5c7d9e9?s=96&d=mm&r=g","caption":"Henrique Machado"}}]}},"_links":{"self":[{"href":"https:\/\/www.gaveanews.com\/index.php\/wp-json\/wp\/v2\/posts\/229195","targetHints":{"allow":["GET"]}}],"collection":[{"href":"https:\/\/www.gaveanews.com\/index.php\/wp-json\/wp\/v2\/posts"}],"about":[{"href":"https:\/\/www.gaveanews.com\/index.php\/wp-json\/wp\/v2\/types\/post"}],"author":[{"embeddable":true,"href":"https:\/\/www.gaveanews.com\/index.php\/wp-json\/wp\/v2\/users\/15"}],"replies":[{"embeddable":true,"href":"https:\/\/www.gaveanews.com\/index.php\/wp-json\/wp\/v2\/comments?post=229195"}],"version-history":[{"count":2,"href":"https:\/\/www.gaveanews.com\/index.php\/wp-json\/wp\/v2\/posts\/229195\/revisions"}],"predecessor-version":[{"id":229216,"href":"https:\/\/www.gaveanews.com\/index.php\/wp-json\/wp\/v2\/posts\/229195\/revisions\/229216"}],"wp:featuredmedia":[{"embeddable":true,"href":"https:\/\/www.gaveanews.com\/index.php\/wp-json\/wp\/v2\/media\/147259"}],"wp:attachment":[{"href":"https:\/\/www.gaveanews.com\/index.php\/wp-json\/wp\/v2\/media?parent=229195"}],"wp:term":[{"taxonomy":"category","embeddable":true,"href":"https:\/\/www.gaveanews.com\/index.php\/wp-json\/wp\/v2\/categories?post=229195"},{"taxonomy":"post_tag","embeddable":true,"href":"https:\/\/www.gaveanews.com\/index.php\/wp-json\/wp\/v2\/tags?post=229195"}],"curies":[{"name":"wp","href":"https:\/\/api.w.org\/{rel}","templated":true}]}}