{"id":229196,"date":"2025-02-18T10:15:00","date_gmt":"2025-02-18T13:15:00","guid":{"rendered":"https:\/\/www.gaveanews.com\/?p=229196"},"modified":"2025-02-18T09:42:19","modified_gmt":"2025-02-18T12:42:19","slug":"neymar-foi-fundamental-para-a-chegada-de-reforco-ao-santos","status":"publish","type":"post","link":"https:\/\/www.gaveanews.com\/index.php\/2025\/02\/18\/neymar-foi-fundamental-para-a-chegada-de-reforco-ao-santos\/","title":{"rendered":"Neymar foi fundamental para a chegada de refor\u00e7o ao Santos"},"content":{"rendered":"\n<p>O Santos segue ativo no mercado de transfer\u00eancias e oficializou a contrata\u00e7\u00e3o do atacante argentino Benjam\u00edn Rollheiser. O jogador, que estava no Benfica, recebeu propostas tanto do clube paulista quanto do Botafogo. No entanto, optou por vestir a camisa alvinegra. O fator decisivo para a escolha foi a interven\u00e7\u00e3o de Neymar, que recentemente retornou \u00e0 Vila Belmiro.<\/p>\n\n\n\n<p>A negocia\u00e7\u00e3o foi complexa e envolveu valores significativos. O Santos investiu cerca de 73 milh\u00f5es de reais (11 milh\u00f5es de euros) para adquirir 85% dos direitos econ\u00f4micos do atleta. Al\u00e9m do aspecto financeiro, a presen\u00e7a de um treinador definido foi um diferencial na disputa entre Santos e Botafogo pelo atacante.<\/p>\n\n\n\n<h2 class=\"wp-block-heading\" id=\"h-neymar-e-pedro-caixinha-foram-decisivos\">Neymar e Pedro Caixinha foram decisivos<\/h2>\n\n\n\n<p>Durante sua apresenta\u00e7\u00e3o oficial, Rollheiser destacou a import\u00e2ncia de Neymar na negocia\u00e7\u00e3o.<\/p>\n\n\n\n<p>&#8220;Tive a oportunidade de falar com o Ney, que \u00e9 um pilar para o Santos e para o futebol mundial. Ele te chamar e falar coisas, o que ele precisa, \u00e9 um orgulho muito grande e foi fator determinante&#8221;, afirmou o atacante.<\/p>\n\n\n\n<p>Outro fator relevante foi a presen\u00e7a do t\u00e9cnico Pedro Caixinha. O jogador ressaltou que a liga\u00e7\u00e3o do treinador foi essencial para sua decis\u00e3o, ao contr\u00e1rio do Botafogo, que ainda n\u00e3o tinha um comandante definido no momento das negocia\u00e7\u00f5es.<\/p>\n\n\n\n<p>&#8220;Foi importante a liga\u00e7\u00e3o do Pedro (Caixinha). Saber que um t\u00e9cnico quer contar conosco \u00e9 importante. O Botafogo n\u00e3o tinha t\u00e9cnico. Isso tamb\u00e9m \u00e9 contraproducente para o jogador, chegar a uma institui\u00e7\u00e3o que n\u00e3o sabe com qual t\u00e9cnico ir\u00e1 trabalhar&#8221;, explicou.<\/p>\n\n\n\n<h2 class=\"wp-block-heading\" id=\"h-estreia-no-paulistao-depende-do-avanco-do-santos\">Estreia no Paulist\u00e3o depende do avan\u00e7o do Santos<\/h2>\n\n\n\n<p>Devido ao encerramento do prazo de inscri\u00e7\u00e3o da primeira fase do Campeonato Paulista, Rollheiser s\u00f3 poder\u00e1 estrear na segunda fase do torneio. O jogador afirmou estar motivado e espera que o time avance na competi\u00e7\u00e3o para que ele possa contribuir dentro de campo.<\/p>\n\n\n\n<p>Al\u00e9m da oportunidade de atuar ao lado de Neymar, Rollheiser enxerga o Santos como uma vitrine para futuras convoca\u00e7\u00f5es \u00e0 sele\u00e7\u00e3o argentina. No Benfica, ele teve poucas oportunidades e acredita que, no Brasil, poder\u00e1 demonstrar todo o seu potencial.<\/p>\n\n\n\n<p>Com contrato v\u00e1lido at\u00e9 o fim de 2028, o argentino se junta ao elenco santista como uma das principais apostas do clube para a temporada.<\/p>\n","protected":false},"excerpt":{"rendered":"<p>O Santos segue ativo no mercado de transfer\u00eancias e oficializou a contrata\u00e7\u00e3o do atacante argentino Benjam\u00edn Rollheiser. O jogador, que estava no Benfica, recebeu propostas tanto do clube paulista quanto do Botafogo. No entanto, optou por vestir a camisa alvinegra. O fator decisivo para a escolha foi a interven\u00e7\u00e3o de Neymar, que recentemente retornou \u00e0 [&hellip;]<\/p>\n","protected":false},"author":15,"featured_media":221594,"comment_status":"open","ping_status":"closed","sticky":false,"template":"","format":"standard","meta":{"footnotes":""},"categories":[139],"tags":[],"class_list":["post-229196","post","type-post","status-publish","format-standard","has-post-thumbnail","hentry","category-santos"],"yoast_head":"<!-- This site is optimized with the Yoast SEO Premium plugin v24.2 (Yoast SEO v26.9) - https:\/\/yoast.com\/product\/yoast-seo-premium-wordpress\/ -->\n<title>Neymar foi fundamental para a chegada de refor\u00e7o ao Santos<\/title>\n<meta name=\"robots\" content=\"index, follow, max-snippet:-1, max-image-preview:large, max-video-preview:-1\" \/>\n<link rel=\"canonical\" href=\"https:\/\/www.gaveanews.com\/index.php\/2025\/02\/18\/neymar-foi-fundamental-para-a-chegada-de-reforco-ao-santos\/\" \/>\n<meta property=\"og:locale\" content=\"pt_BR\" \/>\n<meta property=\"og:type\" content=\"article\" \/>\n<meta property=\"og:title\" content=\"Neymar foi fundamental para a chegada de refor\u00e7o ao Santos\" \/>\n<meta property=\"og:description\" content=\"O Santos segue ativo no mercado de transfer\u00eancias e oficializou a contrata\u00e7\u00e3o do atacante argentino Benjam\u00edn Rollheiser. O jogador, que estava no Benfica, recebeu propostas tanto do clube paulista quanto do Botafogo. No entanto, optou por vestir a camisa alvinegra. O fator decisivo para a escolha foi a interven\u00e7\u00e3o de Neymar, que recentemente retornou \u00e0 [&hellip;]\" \/>\n<meta property=\"og:url\" content=\"https:\/\/www.gaveanews.com\/index.php\/2025\/02\/18\/neymar-foi-fundamental-para-a-chegada-de-reforco-ao-santos\/\" \/>\n<meta property=\"og:site_name\" content=\"G\u00e1vea News\" \/>\n<meta property=\"article:publisher\" content=\"https:\/\/facebook.com\/gaveaNews\/\" \/>\n<meta property=\"article:published_time\" content=\"2025-02-18T13:15:00+00:00\" \/>\n<meta property=\"og:image\" content=\"https:\/\/www.gaveanews.com\/wp-content\/uploads\/Neymar-apresentado-pelo-Santos.webp\" \/>\n\t<meta property=\"og:image:width\" content=\"543\" \/>\n\t<meta property=\"og:image:height\" content=\"748\" \/>\n\t<meta property=\"og:image:type\" content=\"image\/jpeg\" \/>\n<meta name=\"author\" content=\"Henrique Machado\" \/>\n<meta name=\"twitter:card\" content=\"summary_large_image\" \/>\n<meta name=\"twitter:label1\" content=\"Escrito por\" \/>\n\t<meta name=\"twitter:data1\" content=\"Henrique Machado\" \/>\n\t<meta name=\"twitter:label2\" content=\"Est. tempo de leitura\" \/>\n\t<meta name=\"twitter:data2\" content=\"3 minutos\" \/>\n<script type=\"application\/ld+json\" class=\"yoast-schema-graph\">{\"@context\":\"https:\/\/schema.org\",\"@graph\":[{\"@type\":\"NewsArticle\",\"@id\":\"https:\/\/www.gaveanews.com\/index.php\/2025\/02\/18\/neymar-foi-fundamental-para-a-chegada-de-reforco-ao-santos\/#article\",\"isPartOf\":{\"@id\":\"https:\/\/www.gaveanews.com\/index.php\/2025\/02\/18\/neymar-foi-fundamental-para-a-chegada-de-reforco-ao-santos\/\"},\"author\":{\"name\":\"Henrique Machado\",\"@id\":\"https:\/\/www.gaveanews.com\/#\/schema\/person\/fd07635ec039ec3ba74ad18ec8a6dbd6\"},\"headline\":\"Neymar foi fundamental para a chegada de refor\u00e7o ao Santos\",\"datePublished\":\"2025-02-18T13:15:00+00:00\",\"mainEntityOfPage\":{\"@id\":\"https:\/\/www.gaveanews.com\/index.php\/2025\/02\/18\/neymar-foi-fundamental-para-a-chegada-de-reforco-ao-santos\/\"},\"wordCount\":398,\"commentCount\":0,\"image\":{\"@id\":\"https:\/\/www.gaveanews.com\/index.php\/2025\/02\/18\/neymar-foi-fundamental-para-a-chegada-de-reforco-ao-santos\/#primaryimage\"},\"thumbnailUrl\":\"https:\/\/www.gaveanews.com\/wp-content\/uploads\/Neymar-apresentado-pelo-Santos.webp\",\"articleSection\":[\"Santos\"],\"inLanguage\":\"pt-BR\",\"potentialAction\":[{\"@type\":\"CommentAction\",\"name\":\"Comment\",\"target\":[\"https:\/\/www.gaveanews.com\/index.php\/2025\/02\/18\/neymar-foi-fundamental-para-a-chegada-de-reforco-ao-santos\/#respond\"]}],\"copyrightYear\":\"2025\",\"copyrightHolder\":{\"@id\":\"https:\/\/www.gaveanews.com\/#organization\"}},{\"@type\":\"WebPage\",\"@id\":\"https:\/\/www.gaveanews.com\/index.php\/2025\/02\/18\/neymar-foi-fundamental-para-a-chegada-de-reforco-ao-santos\/\",\"url\":\"https:\/\/www.gaveanews.com\/index.php\/2025\/02\/18\/neymar-foi-fundamental-para-a-chegada-de-reforco-ao-santos\/\",\"name\":\"Neymar foi fundamental para a chegada de refor\u00e7o ao Santos\",\"isPartOf\":{\"@id\":\"https:\/\/www.gaveanews.com\/#website\"},\"primaryImageOfPage\":{\"@id\":\"https:\/\/www.gaveanews.com\/index.php\/2025\/02\/18\/neymar-foi-fundamental-para-a-chegada-de-reforco-ao-santos\/#primaryimage\"},\"image\":{\"@id\":\"https:\/\/www.gaveanews.com\/index.php\/2025\/02\/18\/neymar-foi-fundamental-para-a-chegada-de-reforco-ao-santos\/#primaryimage\"},\"thumbnailUrl\":\"https:\/\/www.gaveanews.com\/wp-content\/uploads\/Neymar-apresentado-pelo-Santos.webp\",\"datePublished\":\"2025-02-18T13:15:00+00:00\",\"author\":{\"@id\":\"https:\/\/www.gaveanews.com\/#\/schema\/person\/fd07635ec039ec3ba74ad18ec8a6dbd6\"},\"breadcrumb\":{\"@id\":\"https:\/\/www.gaveanews.com\/index.php\/2025\/02\/18\/neymar-foi-fundamental-para-a-chegada-de-reforco-ao-santos\/#breadcrumb\"},\"inLanguage\":\"pt-BR\",\"potentialAction\":[{\"@type\":\"ReadAction\",\"target\":[\"https:\/\/www.gaveanews.com\/index.php\/2025\/02\/18\/neymar-foi-fundamental-para-a-chegada-de-reforco-ao-santos\/\"]}]},{\"@type\":\"ImageObject\",\"inLanguage\":\"pt-BR\",\"@id\":\"https:\/\/www.gaveanews.com\/index.php\/2025\/02\/18\/neymar-foi-fundamental-para-a-chegada-de-reforco-ao-santos\/#primaryimage\",\"url\":\"https:\/\/www.gaveanews.com\/wp-content\/uploads\/Neymar-apresentado-pelo-Santos.webp\",\"contentUrl\":\"https:\/\/www.gaveanews.com\/wp-content\/uploads\/Neymar-apresentado-pelo-Santos.webp\",\"width\":543,\"height\":748,\"caption\":\"Neymar apresentado pelo Santos (Foto: GuilhermeKastner \/ Santos FC)\"},{\"@type\":\"BreadcrumbList\",\"@id\":\"https:\/\/www.gaveanews.com\/index.php\/2025\/02\/18\/neymar-foi-fundamental-para-a-chegada-de-reforco-ao-santos\/#breadcrumb\",\"itemListElement\":[{\"@type\":\"ListItem\",\"position\":1,\"name\":\"Home\",\"item\":\"https:\/\/www.gaveanews.com\/\"},{\"@type\":\"ListItem\",\"position\":2,\"name\":\"Neymar foi fundamental para a chegada de refor\u00e7o ao Santos\"}]},{\"@type\":\"WebSite\",\"@id\":\"https:\/\/www.gaveanews.com\/#website\",\"url\":\"https:\/\/www.gaveanews.com\/\",\"name\":\"G\u00e1vea News\",\"description\":\"Veja todas as not\u00edcias sobre o Flamengo: Contrata\u00e7\u00f5es, categorias de base, resultados das partidas, tabela de classifica\u00e7\u00e3o, pr\u00f3ximos jogos!\",\"potentialAction\":[{\"@type\":\"SearchAction\",\"target\":{\"@type\":\"EntryPoint\",\"urlTemplate\":\"https:\/\/www.gaveanews.com\/?s={search_term_string}\"},\"query-input\":{\"@type\":\"PropertyValueSpecification\",\"valueRequired\":true,\"valueName\":\"search_term_string\"}}],\"inLanguage\":\"pt-BR\"},{\"@type\":\"Person\",\"@id\":\"https:\/\/www.gaveanews.com\/#\/schema\/person\/fd07635ec039ec3ba74ad18ec8a6dbd6\",\"name\":\"Henrique Machado\",\"image\":{\"@type\":\"ImageObject\",\"inLanguage\":\"pt-BR\",\"@id\":\"https:\/\/www.gaveanews.com\/#\/schema\/person\/image\/\",\"url\":\"https:\/\/secure.gravatar.com\/avatar\/b95e35997e01d9800c1b6184bd79d4d898d370a3fce2584f5c77b907d5c7d9e9?s=96&d=mm&r=g\",\"contentUrl\":\"https:\/\/secure.gravatar.com\/avatar\/b95e35997e01d9800c1b6184bd79d4d898d370a3fce2584f5c77b907d5c7d9e9?s=96&d=mm&r=g\",\"caption\":\"Henrique Machado\"}}]}<\/script>\n<!-- \/ Yoast SEO Premium plugin. -->","yoast_head_json":{"title":"Neymar foi fundamental para a chegada de refor\u00e7o ao Santos","robots":{"index":"index","follow":"follow","max-snippet":"max-snippet:-1","max-image-preview":"max-image-preview:large","max-video-preview":"max-video-preview:-1"},"canonical":"https:\/\/www.gaveanews.com\/index.php\/2025\/02\/18\/neymar-foi-fundamental-para-a-chegada-de-reforco-ao-santos\/","og_locale":"pt_BR","og_type":"article","og_title":"Neymar foi fundamental para a chegada de refor\u00e7o ao Santos","og_description":"O Santos segue ativo no mercado de transfer\u00eancias e oficializou a contrata\u00e7\u00e3o do atacante argentino Benjam\u00edn Rollheiser. O jogador, que estava no Benfica, recebeu propostas tanto do clube paulista quanto do Botafogo. No entanto, optou por vestir a camisa alvinegra. O fator decisivo para a escolha foi a interven\u00e7\u00e3o de Neymar, que recentemente retornou \u00e0 [&hellip;]","og_url":"https:\/\/www.gaveanews.com\/index.php\/2025\/02\/18\/neymar-foi-fundamental-para-a-chegada-de-reforco-ao-santos\/","og_site_name":"G\u00e1vea News","article_publisher":"https:\/\/facebook.com\/gaveaNews\/","article_published_time":"2025-02-18T13:15:00+00:00","og_image":[{"width":543,"height":748,"url":"https:\/\/www.gaveanews.com\/wp-content\/uploads\/Neymar-apresentado-pelo-Santos.webp","type":"image\/jpeg"}],"author":"Henrique Machado","twitter_card":"summary_large_image","twitter_misc":{"Escrito por":"Henrique Machado","Est. tempo de leitura":"3 minutos"},"schema":{"@context":"https:\/\/schema.org","@graph":[{"@type":"NewsArticle","@id":"https:\/\/www.gaveanews.com\/index.php\/2025\/02\/18\/neymar-foi-fundamental-para-a-chegada-de-reforco-ao-santos\/#article","isPartOf":{"@id":"https:\/\/www.gaveanews.com\/index.php\/2025\/02\/18\/neymar-foi-fundamental-para-a-chegada-de-reforco-ao-santos\/"},"author":{"name":"Henrique Machado","@id":"https:\/\/www.gaveanews.com\/#\/schema\/person\/fd07635ec039ec3ba74ad18ec8a6dbd6"},"headline":"Neymar foi fundamental para a chegada de refor\u00e7o ao Santos","datePublished":"2025-02-18T13:15:00+00:00","mainEntityOfPage":{"@id":"https:\/\/www.gaveanews.com\/index.php\/2025\/02\/18\/neymar-foi-fundamental-para-a-chegada-de-reforco-ao-santos\/"},"wordCount":398,"commentCount":0,"image":{"@id":"https:\/\/www.gaveanews.com\/index.php\/2025\/02\/18\/neymar-foi-fundamental-para-a-chegada-de-reforco-ao-santos\/#primaryimage"},"thumbnailUrl":"https:\/\/www.gaveanews.com\/wp-content\/uploads\/Neymar-apresentado-pelo-Santos.webp","articleSection":["Santos"],"inLanguage":"pt-BR","potentialAction":[{"@type":"CommentAction","name":"Comment","target":["https:\/\/www.gaveanews.com\/index.php\/2025\/02\/18\/neymar-foi-fundamental-para-a-chegada-de-reforco-ao-santos\/#respond"]}],"copyrightYear":"2025","copyrightHolder":{"@id":"https:\/\/www.gaveanews.com\/#organization"}},{"@type":"WebPage","@id":"https:\/\/www.gaveanews.com\/index.php\/2025\/02\/18\/neymar-foi-fundamental-para-a-chegada-de-reforco-ao-santos\/","url":"https:\/\/www.gaveanews.com\/index.php\/2025\/02\/18\/neymar-foi-fundamental-para-a-chegada-de-reforco-ao-santos\/","name":"Neymar foi fundamental para a chegada de refor\u00e7o ao Santos","isPartOf":{"@id":"https:\/\/www.gaveanews.com\/#website"},"primaryImageOfPage":{"@id":"https:\/\/www.gaveanews.com\/index.php\/2025\/02\/18\/neymar-foi-fundamental-para-a-chegada-de-reforco-ao-santos\/#primaryimage"},"image":{"@id":"https:\/\/www.gaveanews.com\/index.php\/2025\/02\/18\/neymar-foi-fundamental-para-a-chegada-de-reforco-ao-santos\/#primaryimage"},"thumbnailUrl":"https:\/\/www.gaveanews.com\/wp-content\/uploads\/Neymar-apresentado-pelo-Santos.webp","datePublished":"2025-02-18T13:15:00+00:00","author":{"@id":"https:\/\/www.gaveanews.com\/#\/schema\/person\/fd07635ec039ec3ba74ad18ec8a6dbd6"},"breadcrumb":{"@id":"https:\/\/www.gaveanews.com\/index.php\/2025\/02\/18\/neymar-foi-fundamental-para-a-chegada-de-reforco-ao-santos\/#breadcrumb"},"inLanguage":"pt-BR","potentialAction":[{"@type":"ReadAction","target":["https:\/\/www.gaveanews.com\/index.php\/2025\/02\/18\/neymar-foi-fundamental-para-a-chegada-de-reforco-ao-santos\/"]}]},{"@type":"ImageObject","inLanguage":"pt-BR","@id":"https:\/\/www.gaveanews.com\/index.php\/2025\/02\/18\/neymar-foi-fundamental-para-a-chegada-de-reforco-ao-santos\/#primaryimage","url":"https:\/\/www.gaveanews.com\/wp-content\/uploads\/Neymar-apresentado-pelo-Santos.webp","contentUrl":"https:\/\/www.gaveanews.com\/wp-content\/uploads\/Neymar-apresentado-pelo-Santos.webp","width":543,"height":748,"caption":"Neymar apresentado pelo Santos (Foto: GuilhermeKastner \/ Santos FC)"},{"@type":"BreadcrumbList","@id":"https:\/\/www.gaveanews.com\/index.php\/2025\/02\/18\/neymar-foi-fundamental-para-a-chegada-de-reforco-ao-santos\/#breadcrumb","itemListElement":[{"@type":"ListItem","position":1,"name":"Home","item":"https:\/\/www.gaveanews.com\/"},{"@type":"ListItem","position":2,"name":"Neymar foi fundamental para a chegada de refor\u00e7o ao Santos"}]},{"@type":"WebSite","@id":"https:\/\/www.gaveanews.com\/#website","url":"https:\/\/www.gaveanews.com\/","name":"G\u00e1vea News","description":"Veja todas as not\u00edcias sobre o Flamengo: Contrata\u00e7\u00f5es, categorias de base, resultados das partidas, tabela de classifica\u00e7\u00e3o, pr\u00f3ximos jogos!","potentialAction":[{"@type":"SearchAction","target":{"@type":"EntryPoint","urlTemplate":"https:\/\/www.gaveanews.com\/?s={search_term_string}"},"query-input":{"@type":"PropertyValueSpecification","valueRequired":true,"valueName":"search_term_string"}}],"inLanguage":"pt-BR"},{"@type":"Person","@id":"https:\/\/www.gaveanews.com\/#\/schema\/person\/fd07635ec039ec3ba74ad18ec8a6dbd6","name":"Henrique Machado","image":{"@type":"ImageObject","inLanguage":"pt-BR","@id":"https:\/\/www.gaveanews.com\/#\/schema\/person\/image\/","url":"https:\/\/secure.gravatar.com\/avatar\/b95e35997e01d9800c1b6184bd79d4d898d370a3fce2584f5c77b907d5c7d9e9?s=96&d=mm&r=g","contentUrl":"https:\/\/secure.gravatar.com\/avatar\/b95e35997e01d9800c1b6184bd79d4d898d370a3fce2584f5c77b907d5c7d9e9?s=96&d=mm&r=g","caption":"Henrique Machado"}}]}},"_links":{"self":[{"href":"https:\/\/www.gaveanews.com\/index.php\/wp-json\/wp\/v2\/posts\/229196","targetHints":{"allow":["GET"]}}],"collection":[{"href":"https:\/\/www.gaveanews.com\/index.php\/wp-json\/wp\/v2\/posts"}],"about":[{"href":"https:\/\/www.gaveanews.com\/index.php\/wp-json\/wp\/v2\/types\/post"}],"author":[{"embeddable":true,"href":"https:\/\/www.gaveanews.com\/index.php\/wp-json\/wp\/v2\/users\/15"}],"replies":[{"embeddable":true,"href":"https:\/\/www.gaveanews.com\/index.php\/wp-json\/wp\/v2\/comments?post=229196"}],"version-history":[{"count":2,"href":"https:\/\/www.gaveanews.com\/index.php\/wp-json\/wp\/v2\/posts\/229196\/revisions"}],"predecessor-version":[{"id":229220,"href":"https:\/\/www.gaveanews.com\/index.php\/wp-json\/wp\/v2\/posts\/229196\/revisions\/229220"}],"wp:featuredmedia":[{"embeddable":true,"href":"https:\/\/www.gaveanews.com\/index.php\/wp-json\/wp\/v2\/media\/221594"}],"wp:attachment":[{"href":"https:\/\/www.gaveanews.com\/index.php\/wp-json\/wp\/v2\/media?parent=229196"}],"wp:term":[{"taxonomy":"category","embeddable":true,"href":"https:\/\/www.gaveanews.com\/index.php\/wp-json\/wp\/v2\/categories?post=229196"},{"taxonomy":"post_tag","embeddable":true,"href":"https:\/\/www.gaveanews.com\/index.php\/wp-json\/wp\/v2\/tags?post=229196"}],"curies":[{"name":"wp","href":"https:\/\/api.w.org\/{rel}","templated":true}]}}