{"id":229202,"date":"2025-02-18T10:05:00","date_gmt":"2025-02-18T13:05:00","guid":{"rendered":"https:\/\/www.gaveanews.com\/?p=229202"},"modified":"2025-02-18T09:52:39","modified_gmt":"2025-02-18T12:52:39","slug":"recopa-sul-americana-racing-tem-dois-desfalques-de-peso-para-enfrentar-o-botafogo","status":"publish","type":"post","link":"https:\/\/www.gaveanews.com\/index.php\/2025\/02\/18\/recopa-sul-americana-racing-tem-dois-desfalques-de-peso-para-enfrentar-o-botafogo\/","title":{"rendered":"Recopa Sul-Americana: Racing tem dois desfalques de peso para enfrentar o Botafogo"},"content":{"rendered":"\n<p>O Racing enfrenta um desafio importante nesta quinta-feira (20\/2), quando recebe o Botafogo na Argentina, para o primeiro jogo da final da Recopa Sul-Americana-2025.&nbsp;<\/p>\n\n\n\n<p>No entanto, a equipe chega ao duelo com dois desfalques importantes no setor defensivo, o que pode complicar ainda mais a miss\u00e3o do time.<\/p>\n\n\n\n<h2 class=\"wp-block-heading\" id=\"h-desfalques-para-o-jogo-de-ida\">Desfalques para o jogo de ida<\/h2>\n\n\n\n<p>O volante Santiago Sosa, que tem jogado como zagueiro, sofreu uma tor\u00e7\u00e3o no joelho direito e est\u00e1 fora do primeiro jogo da final. Al\u00e9m disso, o zagueiro Agust\u00edn Garc\u00eda Basso tamb\u00e9m est\u00e1 descartado devido a uma pancada na perna direita.&nbsp;<\/p>\n\n\n\n<p>Ambos dificilmente ter\u00e3o condi\u00e7\u00f5es de atuar tamb\u00e9m no jogo de volta, no Nilton Santos. Isso porque a recupera\u00e7\u00e3o de les\u00f5es desse tipo tende a ser mais demorada, comprometendo as op\u00e7\u00f5es do t\u00e9cnico do Racing.<\/p>\n\n\n\n<h2 class=\"wp-block-heading\" id=\"h-recuperacoes-importantes-para-o-ataque\">Recupera\u00e7\u00f5es importantes para o ataque<\/h2>\n\n\n\n<p>Por outro lado, o Racing conta com boas not\u00edcias para o setor ofensivo. O centroavante Adri\u00e1n \u201cMaravilla\u201d Mart\u00ednez, artilheiro da \u00faltima Copa Sul-Americana, mostrou-se completamente recuperado de uma distens\u00e3o na panturrilha esquerda.&nbsp;<\/p>\n\n\n\n<p>Ele treinou normalmente nesta segunda-feira e est\u00e1 confirmado para o jogo. Al\u00e9m disso, o atacante Luciano Vietto, que n\u00e3o enfrentou o Argentinos Juniors no \u00faltimo fim de semana por precau\u00e7\u00e3o, tamb\u00e9m ter\u00e1 presen\u00e7a garantida.&nbsp;<\/p>\n\n\n\n<p>Vale destacar que a presen\u00e7a de Vietto pode ser fundamental para a estrat\u00e9gia ofensiva do Racing, j\u00e1 que ele \u00e9 um jogador de grande mobilidade e vis\u00e3o de jogo.<\/p>\n\n\n\n<h2 class=\"wp-block-heading\" id=\"h-expectativa-para-o-confronto\">Expectativa para o confronto<\/h2>\n\n\n\n<p>Com isso, o Racing deve entrar em campo no El Cilindro com uma forma\u00e7\u00e3o que inclui Gabriel Arias; Di Cesare, Colombo e Quir\u00f3s; Martirena, Nardoni, Almendra e Gabriel Rojas; Vietto, Santiago Solari (Maximiliano Salas) e Adri\u00e1n Mart\u00ednez.&nbsp;<\/p>\n\n\n\n<p>Sendo assim, a equipe ter\u00e1 que se ajustar \u00e0s aus\u00eancias na defesa, mas com a volta de pe\u00e7as chave no ataque, h\u00e1 otimismo em rela\u00e7\u00e3o ao desempenho ofensivo.<\/p>\n\n\n\n<p>Dessa maneira, o confronto promete ser um verdadeiro teste de resist\u00eancia para o Racing, que, al\u00e9m de enfrentar o Botafogo, ter\u00e1 que lidar com as dificuldades impostas pela falta de seus dois principais defensores.&nbsp;<\/p>\n\n\n\n<p>Portanto, o jogo de ida da final da Recopa Sul-Americana-2025 ser\u00e1 crucial para definir as estrat\u00e9gias para a partida de volta, no Rio de Janeiro.<\/p>\n","protected":false},"excerpt":{"rendered":"<p>O Racing enfrenta um desafio importante nesta quinta-feira (20\/2), quando recebe o Botafogo na Argentina, para o primeiro jogo da final da Recopa Sul-Americana-2025.&nbsp; No entanto, a equipe chega ao duelo com dois desfalques importantes no setor defensivo, o que pode complicar ainda mais a miss\u00e3o do time. Desfalques para o jogo de ida O [&hellip;]<\/p>\n","protected":false},"author":25,"featured_media":182060,"comment_status":"open","ping_status":"closed","sticky":false,"template":"","format":"standard","meta":{"footnotes":""},"categories":[138],"tags":[],"class_list":["post-229202","post","type-post","status-publish","format-standard","has-post-thumbnail","hentry","category-botafogo"],"yoast_head":"<!-- This site is optimized with the Yoast SEO Premium plugin v24.2 (Yoast SEO v26.9) - https:\/\/yoast.com\/product\/yoast-seo-premium-wordpress\/ -->\n<title>Recopa Sul-Americana: Racing tem dois desfalques de peso para enfrentar o Botafogo<\/title>\n<meta name=\"robots\" content=\"index, follow, max-snippet:-1, max-image-preview:large, max-video-preview:-1\" \/>\n<link rel=\"canonical\" href=\"https:\/\/www.gaveanews.com\/index.php\/2025\/02\/18\/recopa-sul-americana-racing-tem-dois-desfalques-de-peso-para-enfrentar-o-botafogo\/\" \/>\n<meta property=\"og:locale\" content=\"pt_BR\" \/>\n<meta property=\"og:type\" content=\"article\" \/>\n<meta property=\"og:title\" content=\"Recopa Sul-Americana: Racing tem dois desfalques de peso para enfrentar o Botafogo\" \/>\n<meta property=\"og:description\" content=\"O Racing enfrenta um desafio importante nesta quinta-feira (20\/2), quando recebe o Botafogo na Argentina, para o primeiro jogo da final da Recopa Sul-Americana-2025.&nbsp; No entanto, a equipe chega ao duelo com dois desfalques importantes no setor defensivo, o que pode complicar ainda mais a miss\u00e3o do time. Desfalques para o jogo de ida O [&hellip;]\" \/>\n<meta property=\"og:url\" content=\"https:\/\/www.gaveanews.com\/index.php\/2025\/02\/18\/recopa-sul-americana-racing-tem-dois-desfalques-de-peso-para-enfrentar-o-botafogo\/\" \/>\n<meta property=\"og:site_name\" content=\"G\u00e1vea News\" \/>\n<meta property=\"article:publisher\" content=\"https:\/\/facebook.com\/gaveaNews\/\" \/>\n<meta property=\"article:published_time\" content=\"2025-02-18T13:05:00+00:00\" \/>\n<meta property=\"og:image\" content=\"https:\/\/www.gaveanews.com\/wp-content\/uploads\/Escudo-do-Botafogo-1.webp\" \/>\n\t<meta property=\"og:image:width\" content=\"787\" \/>\n\t<meta property=\"og:image:height\" content=\"525\" \/>\n\t<meta property=\"og:image:type\" content=\"image\/webp\" \/>\n<meta name=\"author\" content=\"Rafaela Ladeira\" \/>\n<meta name=\"twitter:card\" content=\"summary_large_image\" \/>\n<meta name=\"twitter:label1\" content=\"Escrito por\" \/>\n\t<meta name=\"twitter:data1\" content=\"Rafaela Ladeira\" \/>\n\t<meta name=\"twitter:label2\" content=\"Est. tempo de leitura\" \/>\n\t<meta name=\"twitter:data2\" content=\"3 minutos\" \/>\n<script type=\"application\/ld+json\" class=\"yoast-schema-graph\">{\"@context\":\"https:\/\/schema.org\",\"@graph\":[{\"@type\":\"NewsArticle\",\"@id\":\"https:\/\/www.gaveanews.com\/index.php\/2025\/02\/18\/recopa-sul-americana-racing-tem-dois-desfalques-de-peso-para-enfrentar-o-botafogo\/#article\",\"isPartOf\":{\"@id\":\"https:\/\/www.gaveanews.com\/index.php\/2025\/02\/18\/recopa-sul-americana-racing-tem-dois-desfalques-de-peso-para-enfrentar-o-botafogo\/\"},\"author\":{\"name\":\"Rafaela Ladeira\",\"@id\":\"https:\/\/www.gaveanews.com\/#\/schema\/person\/0eb3e3fe1754f0205218538adbe8f5ed\"},\"headline\":\"Recopa Sul-Americana: Racing tem dois desfalques de peso para enfrentar o Botafogo\",\"datePublished\":\"2025-02-18T13:05:00+00:00\",\"mainEntityOfPage\":{\"@id\":\"https:\/\/www.gaveanews.com\/index.php\/2025\/02\/18\/recopa-sul-americana-racing-tem-dois-desfalques-de-peso-para-enfrentar-o-botafogo\/\"},\"wordCount\":408,\"commentCount\":0,\"image\":{\"@id\":\"https:\/\/www.gaveanews.com\/index.php\/2025\/02\/18\/recopa-sul-americana-racing-tem-dois-desfalques-de-peso-para-enfrentar-o-botafogo\/#primaryimage\"},\"thumbnailUrl\":\"https:\/\/www.gaveanews.com\/wp-content\/uploads\/Escudo-do-Botafogo-1.webp\",\"articleSection\":[\"Botafogo\"],\"inLanguage\":\"pt-BR\",\"potentialAction\":[{\"@type\":\"CommentAction\",\"name\":\"Comment\",\"target\":[\"https:\/\/www.gaveanews.com\/index.php\/2025\/02\/18\/recopa-sul-americana-racing-tem-dois-desfalques-de-peso-para-enfrentar-o-botafogo\/#respond\"]}],\"copyrightYear\":\"2025\",\"copyrightHolder\":{\"@id\":\"https:\/\/www.gaveanews.com\/#organization\"}},{\"@type\":\"WebPage\",\"@id\":\"https:\/\/www.gaveanews.com\/index.php\/2025\/02\/18\/recopa-sul-americana-racing-tem-dois-desfalques-de-peso-para-enfrentar-o-botafogo\/\",\"url\":\"https:\/\/www.gaveanews.com\/index.php\/2025\/02\/18\/recopa-sul-americana-racing-tem-dois-desfalques-de-peso-para-enfrentar-o-botafogo\/\",\"name\":\"Recopa Sul-Americana: Racing tem dois desfalques de peso para enfrentar o Botafogo\",\"isPartOf\":{\"@id\":\"https:\/\/www.gaveanews.com\/#website\"},\"primaryImageOfPage\":{\"@id\":\"https:\/\/www.gaveanews.com\/index.php\/2025\/02\/18\/recopa-sul-americana-racing-tem-dois-desfalques-de-peso-para-enfrentar-o-botafogo\/#primaryimage\"},\"image\":{\"@id\":\"https:\/\/www.gaveanews.com\/index.php\/2025\/02\/18\/recopa-sul-americana-racing-tem-dois-desfalques-de-peso-para-enfrentar-o-botafogo\/#primaryimage\"},\"thumbnailUrl\":\"https:\/\/www.gaveanews.com\/wp-content\/uploads\/Escudo-do-Botafogo-1.webp\",\"datePublished\":\"2025-02-18T13:05:00+00:00\",\"author\":{\"@id\":\"https:\/\/www.gaveanews.com\/#\/schema\/person\/0eb3e3fe1754f0205218538adbe8f5ed\"},\"breadcrumb\":{\"@id\":\"https:\/\/www.gaveanews.com\/index.php\/2025\/02\/18\/recopa-sul-americana-racing-tem-dois-desfalques-de-peso-para-enfrentar-o-botafogo\/#breadcrumb\"},\"inLanguage\":\"pt-BR\",\"potentialAction\":[{\"@type\":\"ReadAction\",\"target\":[\"https:\/\/www.gaveanews.com\/index.php\/2025\/02\/18\/recopa-sul-americana-racing-tem-dois-desfalques-de-peso-para-enfrentar-o-botafogo\/\"]}]},{\"@type\":\"ImageObject\",\"inLanguage\":\"pt-BR\",\"@id\":\"https:\/\/www.gaveanews.com\/index.php\/2025\/02\/18\/recopa-sul-americana-racing-tem-dois-desfalques-de-peso-para-enfrentar-o-botafogo\/#primaryimage\",\"url\":\"https:\/\/www.gaveanews.com\/wp-content\/uploads\/Escudo-do-Botafogo-1.webp\",\"contentUrl\":\"https:\/\/www.gaveanews.com\/wp-content\/uploads\/Escudo-do-Botafogo-1.webp\",\"width\":787,\"height\":525,\"caption\":\"Escudo do Botafogo (Foto: Reprodu\u00e7\u00e3o\/Botafogo)\"},{\"@type\":\"BreadcrumbList\",\"@id\":\"https:\/\/www.gaveanews.com\/index.php\/2025\/02\/18\/recopa-sul-americana-racing-tem-dois-desfalques-de-peso-para-enfrentar-o-botafogo\/#breadcrumb\",\"itemListElement\":[{\"@type\":\"ListItem\",\"position\":1,\"name\":\"Home\",\"item\":\"https:\/\/www.gaveanews.com\/\"},{\"@type\":\"ListItem\",\"position\":2,\"name\":\"Recopa Sul-Americana: Racing tem dois desfalques de peso para enfrentar o Botafogo\"}]},{\"@type\":\"WebSite\",\"@id\":\"https:\/\/www.gaveanews.com\/#website\",\"url\":\"https:\/\/www.gaveanews.com\/\",\"name\":\"G\u00e1vea News\",\"description\":\"Veja todas as not\u00edcias sobre o Flamengo: Contrata\u00e7\u00f5es, categorias de base, resultados das partidas, tabela de classifica\u00e7\u00e3o, pr\u00f3ximos jogos!\",\"potentialAction\":[{\"@type\":\"SearchAction\",\"target\":{\"@type\":\"EntryPoint\",\"urlTemplate\":\"https:\/\/www.gaveanews.com\/?s={search_term_string}\"},\"query-input\":{\"@type\":\"PropertyValueSpecification\",\"valueRequired\":true,\"valueName\":\"search_term_string\"}}],\"inLanguage\":\"pt-BR\"},{\"@type\":\"Person\",\"@id\":\"https:\/\/www.gaveanews.com\/#\/schema\/person\/0eb3e3fe1754f0205218538adbe8f5ed\",\"name\":\"Rafaela Ladeira\",\"image\":{\"@type\":\"ImageObject\",\"inLanguage\":\"pt-BR\",\"@id\":\"https:\/\/www.gaveanews.com\/#\/schema\/person\/image\/\",\"url\":\"https:\/\/secure.gravatar.com\/avatar\/c31f513acffd85eacab5730cbdfdbbf59f21ba5aeada8cd890acea879fbb2455?s=96&d=mm&r=g\",\"contentUrl\":\"https:\/\/secure.gravatar.com\/avatar\/c31f513acffd85eacab5730cbdfdbbf59f21ba5aeada8cd890acea879fbb2455?s=96&d=mm&r=g\",\"caption\":\"Rafaela Ladeira\"}}]}<\/script>\n<!-- \/ Yoast SEO Premium plugin. -->","yoast_head_json":{"title":"Recopa Sul-Americana: Racing tem dois desfalques de peso para enfrentar o Botafogo","robots":{"index":"index","follow":"follow","max-snippet":"max-snippet:-1","max-image-preview":"max-image-preview:large","max-video-preview":"max-video-preview:-1"},"canonical":"https:\/\/www.gaveanews.com\/index.php\/2025\/02\/18\/recopa-sul-americana-racing-tem-dois-desfalques-de-peso-para-enfrentar-o-botafogo\/","og_locale":"pt_BR","og_type":"article","og_title":"Recopa Sul-Americana: Racing tem dois desfalques de peso para enfrentar o Botafogo","og_description":"O Racing enfrenta um desafio importante nesta quinta-feira (20\/2), quando recebe o Botafogo na Argentina, para o primeiro jogo da final da Recopa Sul-Americana-2025.&nbsp; No entanto, a equipe chega ao duelo com dois desfalques importantes no setor defensivo, o que pode complicar ainda mais a miss\u00e3o do time. Desfalques para o jogo de ida O [&hellip;]","og_url":"https:\/\/www.gaveanews.com\/index.php\/2025\/02\/18\/recopa-sul-americana-racing-tem-dois-desfalques-de-peso-para-enfrentar-o-botafogo\/","og_site_name":"G\u00e1vea News","article_publisher":"https:\/\/facebook.com\/gaveaNews\/","article_published_time":"2025-02-18T13:05:00+00:00","og_image":[{"width":787,"height":525,"url":"https:\/\/www.gaveanews.com\/wp-content\/uploads\/Escudo-do-Botafogo-1.webp","type":"image\/webp"}],"author":"Rafaela Ladeira","twitter_card":"summary_large_image","twitter_misc":{"Escrito por":"Rafaela Ladeira","Est. tempo de leitura":"3 minutos"},"schema":{"@context":"https:\/\/schema.org","@graph":[{"@type":"NewsArticle","@id":"https:\/\/www.gaveanews.com\/index.php\/2025\/02\/18\/recopa-sul-americana-racing-tem-dois-desfalques-de-peso-para-enfrentar-o-botafogo\/#article","isPartOf":{"@id":"https:\/\/www.gaveanews.com\/index.php\/2025\/02\/18\/recopa-sul-americana-racing-tem-dois-desfalques-de-peso-para-enfrentar-o-botafogo\/"},"author":{"name":"Rafaela Ladeira","@id":"https:\/\/www.gaveanews.com\/#\/schema\/person\/0eb3e3fe1754f0205218538adbe8f5ed"},"headline":"Recopa Sul-Americana: Racing tem dois desfalques de peso para enfrentar o Botafogo","datePublished":"2025-02-18T13:05:00+00:00","mainEntityOfPage":{"@id":"https:\/\/www.gaveanews.com\/index.php\/2025\/02\/18\/recopa-sul-americana-racing-tem-dois-desfalques-de-peso-para-enfrentar-o-botafogo\/"},"wordCount":408,"commentCount":0,"image":{"@id":"https:\/\/www.gaveanews.com\/index.php\/2025\/02\/18\/recopa-sul-americana-racing-tem-dois-desfalques-de-peso-para-enfrentar-o-botafogo\/#primaryimage"},"thumbnailUrl":"https:\/\/www.gaveanews.com\/wp-content\/uploads\/Escudo-do-Botafogo-1.webp","articleSection":["Botafogo"],"inLanguage":"pt-BR","potentialAction":[{"@type":"CommentAction","name":"Comment","target":["https:\/\/www.gaveanews.com\/index.php\/2025\/02\/18\/recopa-sul-americana-racing-tem-dois-desfalques-de-peso-para-enfrentar-o-botafogo\/#respond"]}],"copyrightYear":"2025","copyrightHolder":{"@id":"https:\/\/www.gaveanews.com\/#organization"}},{"@type":"WebPage","@id":"https:\/\/www.gaveanews.com\/index.php\/2025\/02\/18\/recopa-sul-americana-racing-tem-dois-desfalques-de-peso-para-enfrentar-o-botafogo\/","url":"https:\/\/www.gaveanews.com\/index.php\/2025\/02\/18\/recopa-sul-americana-racing-tem-dois-desfalques-de-peso-para-enfrentar-o-botafogo\/","name":"Recopa Sul-Americana: Racing tem dois desfalques de peso para enfrentar o Botafogo","isPartOf":{"@id":"https:\/\/www.gaveanews.com\/#website"},"primaryImageOfPage":{"@id":"https:\/\/www.gaveanews.com\/index.php\/2025\/02\/18\/recopa-sul-americana-racing-tem-dois-desfalques-de-peso-para-enfrentar-o-botafogo\/#primaryimage"},"image":{"@id":"https:\/\/www.gaveanews.com\/index.php\/2025\/02\/18\/recopa-sul-americana-racing-tem-dois-desfalques-de-peso-para-enfrentar-o-botafogo\/#primaryimage"},"thumbnailUrl":"https:\/\/www.gaveanews.com\/wp-content\/uploads\/Escudo-do-Botafogo-1.webp","datePublished":"2025-02-18T13:05:00+00:00","author":{"@id":"https:\/\/www.gaveanews.com\/#\/schema\/person\/0eb3e3fe1754f0205218538adbe8f5ed"},"breadcrumb":{"@id":"https:\/\/www.gaveanews.com\/index.php\/2025\/02\/18\/recopa-sul-americana-racing-tem-dois-desfalques-de-peso-para-enfrentar-o-botafogo\/#breadcrumb"},"inLanguage":"pt-BR","potentialAction":[{"@type":"ReadAction","target":["https:\/\/www.gaveanews.com\/index.php\/2025\/02\/18\/recopa-sul-americana-racing-tem-dois-desfalques-de-peso-para-enfrentar-o-botafogo\/"]}]},{"@type":"ImageObject","inLanguage":"pt-BR","@id":"https:\/\/www.gaveanews.com\/index.php\/2025\/02\/18\/recopa-sul-americana-racing-tem-dois-desfalques-de-peso-para-enfrentar-o-botafogo\/#primaryimage","url":"https:\/\/www.gaveanews.com\/wp-content\/uploads\/Escudo-do-Botafogo-1.webp","contentUrl":"https:\/\/www.gaveanews.com\/wp-content\/uploads\/Escudo-do-Botafogo-1.webp","width":787,"height":525,"caption":"Escudo do Botafogo (Foto: Reprodu\u00e7\u00e3o\/Botafogo)"},{"@type":"BreadcrumbList","@id":"https:\/\/www.gaveanews.com\/index.php\/2025\/02\/18\/recopa-sul-americana-racing-tem-dois-desfalques-de-peso-para-enfrentar-o-botafogo\/#breadcrumb","itemListElement":[{"@type":"ListItem","position":1,"name":"Home","item":"https:\/\/www.gaveanews.com\/"},{"@type":"ListItem","position":2,"name":"Recopa Sul-Americana: Racing tem dois desfalques de peso para enfrentar o Botafogo"}]},{"@type":"WebSite","@id":"https:\/\/www.gaveanews.com\/#website","url":"https:\/\/www.gaveanews.com\/","name":"G\u00e1vea News","description":"Veja todas as not\u00edcias sobre o Flamengo: Contrata\u00e7\u00f5es, categorias de base, resultados das partidas, tabela de classifica\u00e7\u00e3o, pr\u00f3ximos jogos!","potentialAction":[{"@type":"SearchAction","target":{"@type":"EntryPoint","urlTemplate":"https:\/\/www.gaveanews.com\/?s={search_term_string}"},"query-input":{"@type":"PropertyValueSpecification","valueRequired":true,"valueName":"search_term_string"}}],"inLanguage":"pt-BR"},{"@type":"Person","@id":"https:\/\/www.gaveanews.com\/#\/schema\/person\/0eb3e3fe1754f0205218538adbe8f5ed","name":"Rafaela Ladeira","image":{"@type":"ImageObject","inLanguage":"pt-BR","@id":"https:\/\/www.gaveanews.com\/#\/schema\/person\/image\/","url":"https:\/\/secure.gravatar.com\/avatar\/c31f513acffd85eacab5730cbdfdbbf59f21ba5aeada8cd890acea879fbb2455?s=96&d=mm&r=g","contentUrl":"https:\/\/secure.gravatar.com\/avatar\/c31f513acffd85eacab5730cbdfdbbf59f21ba5aeada8cd890acea879fbb2455?s=96&d=mm&r=g","caption":"Rafaela Ladeira"}}]}},"_links":{"self":[{"href":"https:\/\/www.gaveanews.com\/index.php\/wp-json\/wp\/v2\/posts\/229202","targetHints":{"allow":["GET"]}}],"collection":[{"href":"https:\/\/www.gaveanews.com\/index.php\/wp-json\/wp\/v2\/posts"}],"about":[{"href":"https:\/\/www.gaveanews.com\/index.php\/wp-json\/wp\/v2\/types\/post"}],"author":[{"embeddable":true,"href":"https:\/\/www.gaveanews.com\/index.php\/wp-json\/wp\/v2\/users\/25"}],"replies":[{"embeddable":true,"href":"https:\/\/www.gaveanews.com\/index.php\/wp-json\/wp\/v2\/comments?post=229202"}],"version-history":[{"count":1,"href":"https:\/\/www.gaveanews.com\/index.php\/wp-json\/wp\/v2\/posts\/229202\/revisions"}],"predecessor-version":[{"id":229204,"href":"https:\/\/www.gaveanews.com\/index.php\/wp-json\/wp\/v2\/posts\/229202\/revisions\/229204"}],"wp:featuredmedia":[{"embeddable":true,"href":"https:\/\/www.gaveanews.com\/index.php\/wp-json\/wp\/v2\/media\/182060"}],"wp:attachment":[{"href":"https:\/\/www.gaveanews.com\/index.php\/wp-json\/wp\/v2\/media?parent=229202"}],"wp:term":[{"taxonomy":"category","embeddable":true,"href":"https:\/\/www.gaveanews.com\/index.php\/wp-json\/wp\/v2\/categories?post=229202"},{"taxonomy":"post_tag","embeddable":true,"href":"https:\/\/www.gaveanews.com\/index.php\/wp-json\/wp\/v2\/tags?post=229202"}],"curies":[{"name":"wp","href":"https:\/\/api.w.org\/{rel}","templated":true}]}}