{"id":229203,"date":"2025-02-18T09:55:54","date_gmt":"2025-02-18T12:55:54","guid":{"rendered":"https:\/\/www.gaveanews.com\/?p=229203"},"modified":"2025-02-18T09:52:33","modified_gmt":"2025-02-18T12:52:33","slug":"flavio-prado-e-sincero-sobre-corinthians-na-libertadores","status":"publish","type":"post","link":"https:\/\/www.gaveanews.com\/index.php\/2025\/02\/18\/flavio-prado-e-sincero-sobre-corinthians-na-libertadores\/","title":{"rendered":"Fl\u00e1vio Prado \u00e9 sincero sobre Corinthians na Libertadores"},"content":{"rendered":"\n<p>A Libertadores, torneio que movimenta milhares de torcedores brasileiros, come\u00e7a nesta semana com grandes expectativas para os clubes nacionais. Contudo, Fl\u00e1vio Prado, jornalista esportivo da Jovem Pan, fez duras cr\u00edticas \u00e0 presen\u00e7a do Corinthians na competi\u00e7\u00e3o, colocando em d\u00favida a real capacidade do time para conquistar mais uma vez o t\u00edtulo.<\/p>\n\n\n\n<h2 class=\"wp-block-heading\" id=\"h-falta-de-tradicao-internacional-e-os-desafios-do-corinthians\">Falta de tradi\u00e7\u00e3o internacional e os desafios do Corinthians<\/h2>\n\n\n\n<p>Durante o programa &#8220;Bate Pronto&#8221;, Fl\u00e1vio Prado n\u00e3o hesitou em destacar a aus\u00eancia de uma tradi\u00e7\u00e3o s\u00f3lida do Corinthians em competi\u00e7\u00f5es internacionais. Apesar de o Tim\u00e3o ter vencido a Libertadores em 2012, o comentarista foi enf\u00e1tico em afirmar que o clube paulista ainda n\u00e3o se consolidou como uma pot\u00eancia internacional, argumentando que &#8220;n\u00e3o tem duas vezes casualidade&#8221; e que, se o Corinthians conquistar a competi\u00e7\u00e3o novamente, ent\u00e3o, &#8220;pode-se dizer que o Corinthians \u00e9 um time internacional.&#8221;<\/p>\n\n\n\n<p>&#8220;Eu dou n\u00fameros, eu mostro fatos. Foi campe\u00e3o da Libertadores, mas o Once Caldas tamb\u00e9m foi. Isso acontece, essas bizarrices acontecem. Se ganhar mais uma Libertadores, a\u00ed ok. N\u00e3o tem duas vezes casualidade, o raio s\u00f3 cai uma vez&#8221;, completou o jornalista. Com isso, ele sustenta que, para ser considerado um time de destaque internacional, o Corinthians precisa provar mais do que um t\u00edtulo isolado.<\/p>\n\n\n\n<h2 class=\"wp-block-heading\" id=\"h-analise-do-atual-nivel-da-libertadores-e-o-confronto-com-o-universidad-central\">An\u00e1lise do atual n\u00edvel da Libertadores e o confronto com o Universidad Central<\/h2>\n\n\n\n<p>Vale destacar que Fl\u00e1vio Prado n\u00e3o se limitou a questionar o desempenho do Tim\u00e3o, mas tamb\u00e9m criticou a qualidade t\u00e9cnica de muitos clubes que disputam a Libertadores. Sobre o Universidad Central, advers\u00e1rio do Corinthians na primeira fase, o comentarista o classificou como um time limitado e, de maneira provocativa, afirmou que &#8220;at\u00e9 semana passada era de v\u00e1rzea.&#8221;<\/p>\n\n\n\n<p>Dessa maneira, ele refor\u00e7ou sua vis\u00e3o de que muitos dos times da competi\u00e7\u00e3o n\u00e3o apresentam qualidade suficiente para fazer frente aos gigantes do futebol sul-americano, concluindo: &#8220;Libertadores \u00e9 nosso t\u00edtulo mais importante, mas est\u00e1 cheio de time ruim.&#8221;<\/p>\n\n\n\n<h2 class=\"wp-block-heading\" id=\"h-flavio-prado-projeta-temporada-do-corinthians\">Fl\u00e1vio Prado projeta temporada do Corinthians<\/h2>\n\n\n\n<p>Com esse cen\u00e1rio, Fl\u00e1vio Prado acredita que o Corinthians deve focar suas energias no Campeonato Paulista. \u201cPara quem n\u00e3o vence t\u00edtulos h\u00e1 anos e vive um momento conturbado administrativamente, j\u00e1 seria um grande torneio para o Tim\u00e3o&#8221;, disse o comentarista. Sendo assim, o jornalista descarta a briga do Alvinegro por t\u00edtulos maiores como a Libertadores ou o Campeonato Brasileiro.<\/p>\n\n\n\n<p>Com isso, a avalia\u00e7\u00e3o de Fl\u00e1vio Prado sobre o Corinthians nesta temporada \u00e9 realista, sem otimismo exacerbado. &#8220;Eu aposto que o Corinthians n\u00e3o ganha a Libertadores. Copa do Brasil pode at\u00e9 ganhar, mas o problema \u00e9 quando \u2018habla espa\u00f1ol\u2019&#8221;, finalizou.<\/p>\n","protected":false},"excerpt":{"rendered":"<p>A Libertadores, torneio que movimenta milhares de torcedores brasileiros, come\u00e7a nesta semana com grandes expectativas para os clubes nacionais. Contudo, Fl\u00e1vio Prado, jornalista esportivo da Jovem Pan, fez duras cr\u00edticas \u00e0 presen\u00e7a do Corinthians na competi\u00e7\u00e3o, colocando em d\u00favida a real capacidade do time para conquistar mais uma vez o t\u00edtulo. Falta de tradi\u00e7\u00e3o internacional [&hellip;]<\/p>\n","protected":false},"author":24,"featured_media":102292,"comment_status":"open","ping_status":"closed","sticky":false,"template":"","format":"standard","meta":{"footnotes":""},"categories":[141],"tags":[],"class_list":["post-229203","post","type-post","status-publish","format-standard","has-post-thumbnail","hentry","category-corinthians"],"yoast_head":"<!-- This site is optimized with the Yoast SEO Premium plugin v24.2 (Yoast SEO v26.9) - https:\/\/yoast.com\/product\/yoast-seo-premium-wordpress\/ -->\n<title>Fl\u00e1vio Prado \u00e9 sincero sobre Corinthians na Libertadores<\/title>\n<meta name=\"robots\" content=\"index, follow, max-snippet:-1, max-image-preview:large, max-video-preview:-1\" \/>\n<link rel=\"canonical\" href=\"https:\/\/www.gaveanews.com\/index.php\/2025\/02\/18\/flavio-prado-e-sincero-sobre-corinthians-na-libertadores\/\" \/>\n<meta property=\"og:locale\" content=\"pt_BR\" \/>\n<meta property=\"og:type\" content=\"article\" \/>\n<meta property=\"og:title\" content=\"Fl\u00e1vio Prado \u00e9 sincero sobre Corinthians na Libertadores\" \/>\n<meta property=\"og:description\" content=\"A Libertadores, torneio que movimenta milhares de torcedores brasileiros, come\u00e7a nesta semana com grandes expectativas para os clubes nacionais. Contudo, Fl\u00e1vio Prado, jornalista esportivo da Jovem Pan, fez duras cr\u00edticas \u00e0 presen\u00e7a do Corinthians na competi\u00e7\u00e3o, colocando em d\u00favida a real capacidade do time para conquistar mais uma vez o t\u00edtulo. Falta de tradi\u00e7\u00e3o internacional [&hellip;]\" \/>\n<meta property=\"og:url\" content=\"https:\/\/www.gaveanews.com\/index.php\/2025\/02\/18\/flavio-prado-e-sincero-sobre-corinthians-na-libertadores\/\" \/>\n<meta property=\"og:site_name\" content=\"G\u00e1vea News\" \/>\n<meta property=\"article:publisher\" content=\"https:\/\/facebook.com\/gaveaNews\/\" \/>\n<meta property=\"article:published_time\" content=\"2025-02-18T12:55:54+00:00\" \/>\n<meta property=\"og:image\" content=\"https:\/\/www.gaveanews.com\/wp-content\/uploads\/Flavio-Prado.webp\" \/>\n\t<meta property=\"og:image:width\" content=\"999\" \/>\n\t<meta property=\"og:image:height\" content=\"548\" \/>\n\t<meta property=\"og:image:type\" content=\"image\/png\" \/>\n<meta name=\"author\" content=\"Leandro Cardoso\" \/>\n<meta name=\"twitter:card\" content=\"summary_large_image\" \/>\n<meta name=\"twitter:label1\" content=\"Escrito por\" \/>\n\t<meta name=\"twitter:data1\" content=\"Leandro Cardoso\" \/>\n\t<meta name=\"twitter:label2\" content=\"Est. tempo de leitura\" \/>\n\t<meta name=\"twitter:data2\" content=\"3 minutos\" \/>\n<script type=\"application\/ld+json\" class=\"yoast-schema-graph\">{\"@context\":\"https:\/\/schema.org\",\"@graph\":[{\"@type\":\"NewsArticle\",\"@id\":\"https:\/\/www.gaveanews.com\/index.php\/2025\/02\/18\/flavio-prado-e-sincero-sobre-corinthians-na-libertadores\/#article\",\"isPartOf\":{\"@id\":\"https:\/\/www.gaveanews.com\/index.php\/2025\/02\/18\/flavio-prado-e-sincero-sobre-corinthians-na-libertadores\/\"},\"author\":{\"name\":\"Leandro Cardoso\",\"@id\":\"https:\/\/www.gaveanews.com\/#\/schema\/person\/2424ec6409bc3f068411fc5e4e9b6168\"},\"headline\":\"Fl\u00e1vio Prado \u00e9 sincero sobre Corinthians na Libertadores\",\"datePublished\":\"2025-02-18T12:55:54+00:00\",\"mainEntityOfPage\":{\"@id\":\"https:\/\/www.gaveanews.com\/index.php\/2025\/02\/18\/flavio-prado-e-sincero-sobre-corinthians-na-libertadores\/\"},\"wordCount\":467,\"commentCount\":0,\"image\":{\"@id\":\"https:\/\/www.gaveanews.com\/index.php\/2025\/02\/18\/flavio-prado-e-sincero-sobre-corinthians-na-libertadores\/#primaryimage\"},\"thumbnailUrl\":\"https:\/\/www.gaveanews.com\/wp-content\/uploads\/Flavio-Prado.webp\",\"articleSection\":[\"Corinthians\"],\"inLanguage\":\"pt-BR\",\"potentialAction\":[{\"@type\":\"CommentAction\",\"name\":\"Comment\",\"target\":[\"https:\/\/www.gaveanews.com\/index.php\/2025\/02\/18\/flavio-prado-e-sincero-sobre-corinthians-na-libertadores\/#respond\"]}],\"copyrightYear\":\"2025\",\"copyrightHolder\":{\"@id\":\"https:\/\/www.gaveanews.com\/#organization\"}},{\"@type\":\"WebPage\",\"@id\":\"https:\/\/www.gaveanews.com\/index.php\/2025\/02\/18\/flavio-prado-e-sincero-sobre-corinthians-na-libertadores\/\",\"url\":\"https:\/\/www.gaveanews.com\/index.php\/2025\/02\/18\/flavio-prado-e-sincero-sobre-corinthians-na-libertadores\/\",\"name\":\"Fl\u00e1vio Prado \u00e9 sincero sobre Corinthians na Libertadores\",\"isPartOf\":{\"@id\":\"https:\/\/www.gaveanews.com\/#website\"},\"primaryImageOfPage\":{\"@id\":\"https:\/\/www.gaveanews.com\/index.php\/2025\/02\/18\/flavio-prado-e-sincero-sobre-corinthians-na-libertadores\/#primaryimage\"},\"image\":{\"@id\":\"https:\/\/www.gaveanews.com\/index.php\/2025\/02\/18\/flavio-prado-e-sincero-sobre-corinthians-na-libertadores\/#primaryimage\"},\"thumbnailUrl\":\"https:\/\/www.gaveanews.com\/wp-content\/uploads\/Flavio-Prado.webp\",\"datePublished\":\"2025-02-18T12:55:54+00:00\",\"author\":{\"@id\":\"https:\/\/www.gaveanews.com\/#\/schema\/person\/2424ec6409bc3f068411fc5e4e9b6168\"},\"breadcrumb\":{\"@id\":\"https:\/\/www.gaveanews.com\/index.php\/2025\/02\/18\/flavio-prado-e-sincero-sobre-corinthians-na-libertadores\/#breadcrumb\"},\"inLanguage\":\"pt-BR\",\"potentialAction\":[{\"@type\":\"ReadAction\",\"target\":[\"https:\/\/www.gaveanews.com\/index.php\/2025\/02\/18\/flavio-prado-e-sincero-sobre-corinthians-na-libertadores\/\"]}]},{\"@type\":\"ImageObject\",\"inLanguage\":\"pt-BR\",\"@id\":\"https:\/\/www.gaveanews.com\/index.php\/2025\/02\/18\/flavio-prado-e-sincero-sobre-corinthians-na-libertadores\/#primaryimage\",\"url\":\"https:\/\/www.gaveanews.com\/wp-content\/uploads\/Flavio-Prado.webp\",\"contentUrl\":\"https:\/\/www.gaveanews.com\/wp-content\/uploads\/Flavio-Prado.webp\",\"width\":999,\"height\":548,\"caption\":\"Flavio Prado - Foto: Reprodu\u00e7\u00e3o\"},{\"@type\":\"BreadcrumbList\",\"@id\":\"https:\/\/www.gaveanews.com\/index.php\/2025\/02\/18\/flavio-prado-e-sincero-sobre-corinthians-na-libertadores\/#breadcrumb\",\"itemListElement\":[{\"@type\":\"ListItem\",\"position\":1,\"name\":\"Home\",\"item\":\"https:\/\/www.gaveanews.com\/\"},{\"@type\":\"ListItem\",\"position\":2,\"name\":\"Fl\u00e1vio Prado \u00e9 sincero sobre Corinthians na Libertadores\"}]},{\"@type\":\"WebSite\",\"@id\":\"https:\/\/www.gaveanews.com\/#website\",\"url\":\"https:\/\/www.gaveanews.com\/\",\"name\":\"G\u00e1vea News\",\"description\":\"Veja todas as not\u00edcias sobre o Flamengo: Contrata\u00e7\u00f5es, categorias de base, resultados das partidas, tabela de classifica\u00e7\u00e3o, pr\u00f3ximos jogos!\",\"potentialAction\":[{\"@type\":\"SearchAction\",\"target\":{\"@type\":\"EntryPoint\",\"urlTemplate\":\"https:\/\/www.gaveanews.com\/?s={search_term_string}\"},\"query-input\":{\"@type\":\"PropertyValueSpecification\",\"valueRequired\":true,\"valueName\":\"search_term_string\"}}],\"inLanguage\":\"pt-BR\"},{\"@type\":\"Person\",\"@id\":\"https:\/\/www.gaveanews.com\/#\/schema\/person\/2424ec6409bc3f068411fc5e4e9b6168\",\"name\":\"Leandro Cardoso\",\"image\":{\"@type\":\"ImageObject\",\"inLanguage\":\"pt-BR\",\"@id\":\"https:\/\/www.gaveanews.com\/#\/schema\/person\/image\/\",\"url\":\"https:\/\/secure.gravatar.com\/avatar\/8ca179f9b55eefe9f376f5493ef25475bfa59fbc28ce937f6076ce20e523098f?s=96&d=mm&r=g\",\"contentUrl\":\"https:\/\/secure.gravatar.com\/avatar\/8ca179f9b55eefe9f376f5493ef25475bfa59fbc28ce937f6076ce20e523098f?s=96&d=mm&r=g\",\"caption\":\"Leandro Cardoso\"}}]}<\/script>\n<!-- \/ Yoast SEO Premium plugin. -->","yoast_head_json":{"title":"Fl\u00e1vio Prado \u00e9 sincero sobre Corinthians na Libertadores","robots":{"index":"index","follow":"follow","max-snippet":"max-snippet:-1","max-image-preview":"max-image-preview:large","max-video-preview":"max-video-preview:-1"},"canonical":"https:\/\/www.gaveanews.com\/index.php\/2025\/02\/18\/flavio-prado-e-sincero-sobre-corinthians-na-libertadores\/","og_locale":"pt_BR","og_type":"article","og_title":"Fl\u00e1vio Prado \u00e9 sincero sobre Corinthians na Libertadores","og_description":"A Libertadores, torneio que movimenta milhares de torcedores brasileiros, come\u00e7a nesta semana com grandes expectativas para os clubes nacionais. Contudo, Fl\u00e1vio Prado, jornalista esportivo da Jovem Pan, fez duras cr\u00edticas \u00e0 presen\u00e7a do Corinthians na competi\u00e7\u00e3o, colocando em d\u00favida a real capacidade do time para conquistar mais uma vez o t\u00edtulo. Falta de tradi\u00e7\u00e3o internacional [&hellip;]","og_url":"https:\/\/www.gaveanews.com\/index.php\/2025\/02\/18\/flavio-prado-e-sincero-sobre-corinthians-na-libertadores\/","og_site_name":"G\u00e1vea News","article_publisher":"https:\/\/facebook.com\/gaveaNews\/","article_published_time":"2025-02-18T12:55:54+00:00","og_image":[{"width":999,"height":548,"url":"https:\/\/www.gaveanews.com\/wp-content\/uploads\/Flavio-Prado.webp","type":"image\/png"}],"author":"Leandro Cardoso","twitter_card":"summary_large_image","twitter_misc":{"Escrito por":"Leandro Cardoso","Est. tempo de leitura":"3 minutos"},"schema":{"@context":"https:\/\/schema.org","@graph":[{"@type":"NewsArticle","@id":"https:\/\/www.gaveanews.com\/index.php\/2025\/02\/18\/flavio-prado-e-sincero-sobre-corinthians-na-libertadores\/#article","isPartOf":{"@id":"https:\/\/www.gaveanews.com\/index.php\/2025\/02\/18\/flavio-prado-e-sincero-sobre-corinthians-na-libertadores\/"},"author":{"name":"Leandro Cardoso","@id":"https:\/\/www.gaveanews.com\/#\/schema\/person\/2424ec6409bc3f068411fc5e4e9b6168"},"headline":"Fl\u00e1vio Prado \u00e9 sincero sobre Corinthians na Libertadores","datePublished":"2025-02-18T12:55:54+00:00","mainEntityOfPage":{"@id":"https:\/\/www.gaveanews.com\/index.php\/2025\/02\/18\/flavio-prado-e-sincero-sobre-corinthians-na-libertadores\/"},"wordCount":467,"commentCount":0,"image":{"@id":"https:\/\/www.gaveanews.com\/index.php\/2025\/02\/18\/flavio-prado-e-sincero-sobre-corinthians-na-libertadores\/#primaryimage"},"thumbnailUrl":"https:\/\/www.gaveanews.com\/wp-content\/uploads\/Flavio-Prado.webp","articleSection":["Corinthians"],"inLanguage":"pt-BR","potentialAction":[{"@type":"CommentAction","name":"Comment","target":["https:\/\/www.gaveanews.com\/index.php\/2025\/02\/18\/flavio-prado-e-sincero-sobre-corinthians-na-libertadores\/#respond"]}],"copyrightYear":"2025","copyrightHolder":{"@id":"https:\/\/www.gaveanews.com\/#organization"}},{"@type":"WebPage","@id":"https:\/\/www.gaveanews.com\/index.php\/2025\/02\/18\/flavio-prado-e-sincero-sobre-corinthians-na-libertadores\/","url":"https:\/\/www.gaveanews.com\/index.php\/2025\/02\/18\/flavio-prado-e-sincero-sobre-corinthians-na-libertadores\/","name":"Fl\u00e1vio Prado \u00e9 sincero sobre Corinthians na Libertadores","isPartOf":{"@id":"https:\/\/www.gaveanews.com\/#website"},"primaryImageOfPage":{"@id":"https:\/\/www.gaveanews.com\/index.php\/2025\/02\/18\/flavio-prado-e-sincero-sobre-corinthians-na-libertadores\/#primaryimage"},"image":{"@id":"https:\/\/www.gaveanews.com\/index.php\/2025\/02\/18\/flavio-prado-e-sincero-sobre-corinthians-na-libertadores\/#primaryimage"},"thumbnailUrl":"https:\/\/www.gaveanews.com\/wp-content\/uploads\/Flavio-Prado.webp","datePublished":"2025-02-18T12:55:54+00:00","author":{"@id":"https:\/\/www.gaveanews.com\/#\/schema\/person\/2424ec6409bc3f068411fc5e4e9b6168"},"breadcrumb":{"@id":"https:\/\/www.gaveanews.com\/index.php\/2025\/02\/18\/flavio-prado-e-sincero-sobre-corinthians-na-libertadores\/#breadcrumb"},"inLanguage":"pt-BR","potentialAction":[{"@type":"ReadAction","target":["https:\/\/www.gaveanews.com\/index.php\/2025\/02\/18\/flavio-prado-e-sincero-sobre-corinthians-na-libertadores\/"]}]},{"@type":"ImageObject","inLanguage":"pt-BR","@id":"https:\/\/www.gaveanews.com\/index.php\/2025\/02\/18\/flavio-prado-e-sincero-sobre-corinthians-na-libertadores\/#primaryimage","url":"https:\/\/www.gaveanews.com\/wp-content\/uploads\/Flavio-Prado.webp","contentUrl":"https:\/\/www.gaveanews.com\/wp-content\/uploads\/Flavio-Prado.webp","width":999,"height":548,"caption":"Flavio Prado - Foto: Reprodu\u00e7\u00e3o"},{"@type":"BreadcrumbList","@id":"https:\/\/www.gaveanews.com\/index.php\/2025\/02\/18\/flavio-prado-e-sincero-sobre-corinthians-na-libertadores\/#breadcrumb","itemListElement":[{"@type":"ListItem","position":1,"name":"Home","item":"https:\/\/www.gaveanews.com\/"},{"@type":"ListItem","position":2,"name":"Fl\u00e1vio Prado \u00e9 sincero sobre Corinthians na Libertadores"}]},{"@type":"WebSite","@id":"https:\/\/www.gaveanews.com\/#website","url":"https:\/\/www.gaveanews.com\/","name":"G\u00e1vea News","description":"Veja todas as not\u00edcias sobre o Flamengo: Contrata\u00e7\u00f5es, categorias de base, resultados das partidas, tabela de classifica\u00e7\u00e3o, pr\u00f3ximos jogos!","potentialAction":[{"@type":"SearchAction","target":{"@type":"EntryPoint","urlTemplate":"https:\/\/www.gaveanews.com\/?s={search_term_string}"},"query-input":{"@type":"PropertyValueSpecification","valueRequired":true,"valueName":"search_term_string"}}],"inLanguage":"pt-BR"},{"@type":"Person","@id":"https:\/\/www.gaveanews.com\/#\/schema\/person\/2424ec6409bc3f068411fc5e4e9b6168","name":"Leandro Cardoso","image":{"@type":"ImageObject","inLanguage":"pt-BR","@id":"https:\/\/www.gaveanews.com\/#\/schema\/person\/image\/","url":"https:\/\/secure.gravatar.com\/avatar\/8ca179f9b55eefe9f376f5493ef25475bfa59fbc28ce937f6076ce20e523098f?s=96&d=mm&r=g","contentUrl":"https:\/\/secure.gravatar.com\/avatar\/8ca179f9b55eefe9f376f5493ef25475bfa59fbc28ce937f6076ce20e523098f?s=96&d=mm&r=g","caption":"Leandro Cardoso"}}]}},"_links":{"self":[{"href":"https:\/\/www.gaveanews.com\/index.php\/wp-json\/wp\/v2\/posts\/229203","targetHints":{"allow":["GET"]}}],"collection":[{"href":"https:\/\/www.gaveanews.com\/index.php\/wp-json\/wp\/v2\/posts"}],"about":[{"href":"https:\/\/www.gaveanews.com\/index.php\/wp-json\/wp\/v2\/types\/post"}],"author":[{"embeddable":true,"href":"https:\/\/www.gaveanews.com\/index.php\/wp-json\/wp\/v2\/users\/24"}],"replies":[{"embeddable":true,"href":"https:\/\/www.gaveanews.com\/index.php\/wp-json\/wp\/v2\/comments?post=229203"}],"version-history":[{"count":1,"href":"https:\/\/www.gaveanews.com\/index.php\/wp-json\/wp\/v2\/posts\/229203\/revisions"}],"predecessor-version":[{"id":229207,"href":"https:\/\/www.gaveanews.com\/index.php\/wp-json\/wp\/v2\/posts\/229203\/revisions\/229207"}],"wp:featuredmedia":[{"embeddable":true,"href":"https:\/\/www.gaveanews.com\/index.php\/wp-json\/wp\/v2\/media\/102292"}],"wp:attachment":[{"href":"https:\/\/www.gaveanews.com\/index.php\/wp-json\/wp\/v2\/media?parent=229203"}],"wp:term":[{"taxonomy":"category","embeddable":true,"href":"https:\/\/www.gaveanews.com\/index.php\/wp-json\/wp\/v2\/categories?post=229203"},{"taxonomy":"post_tag","embeddable":true,"href":"https:\/\/www.gaveanews.com\/index.php\/wp-json\/wp\/v2\/tags?post=229203"}],"curies":[{"name":"wp","href":"https:\/\/api.w.org\/{rel}","templated":true}]}}