{"id":229246,"date":"2025-02-18T11:45:00","date_gmt":"2025-02-18T14:45:00","guid":{"rendered":"https:\/\/www.gaveanews.com\/?p=229246"},"modified":"2025-02-18T10:37:19","modified_gmt":"2025-02-18T13:37:19","slug":"a-declaracao-de-jardim-sobre-o-elenco-do-cruzeiro","status":"publish","type":"post","link":"https:\/\/www.gaveanews.com\/index.php\/2025\/02\/18\/a-declaracao-de-jardim-sobre-o-elenco-do-cruzeiro\/","title":{"rendered":"A declara\u00e7\u00e3o de Jardim sobre o elenco do Cruzeiro"},"content":{"rendered":"\n<p>O Cruzeiro iniciou uma nova fase sob o comando de Leonardo Jardim, que chegou ao clube com a miss\u00e3o de tornar a equipe competitiva. Nos primeiros jogos, o treinador deixou claro que sua abordagem ser\u00e1 adaptativa, buscando potencializar as caracter\u00edsticas dos jogadores j\u00e1 presentes no elenco. Em suas declara\u00e7\u00f5es, Jardim enfatizou que n\u00e3o impor\u00e1 um modelo de jogo fixo, mas sim trabalhar\u00e1 com aquilo que os atletas podem oferecer.<\/p>\n\n\n\n<p>A primeira amostra desse trabalho foi vista no empate por 1 a 1 contra o Am\u00e9rica-MG, na semifinal do Campeonato Mineiro. O jogo marcou a estreia do treinador portugu\u00eas, que come\u00e7a a entender as for\u00e7as e fragilidades da equipe. Gabigol abriu o placar para o Cruzeiro em cobran\u00e7a de p\u00eanalti, enquanto Barros empatou para o Am\u00e9rica-MG no segundo tempo. A segunda partida, que definir\u00e1 o finalista, est\u00e1 marcada para o pr\u00f3ximo s\u00e1bado (22).<\/p>\n\n\n\n<h2 class=\"wp-block-heading\" id=\"h-jardim-detalha-sua-filosofia-no-cruzeiro\">Jardim detalha sua filosofia no Cruzeiro<\/h2>\n\n\n\n<p>Jardim destacou que sua prioridade ser\u00e1 extrair o melhor do elenco atual, sem tentar encaixar um sistema t\u00e1tico inflex\u00edvel.<\/p>\n\n\n\n<p>&#8220;Em rela\u00e7\u00e3o ao meu estilo de jogo, eu procuro adaptar tamb\u00e9m ao elenco do Cruzeiro. Com certeza que eu n\u00e3o posso implementar um estilo de jogo recebendo um elenco de 26 jogadores e, de repente, eles serem do meu perfil de jogador&#8221; disse.<\/p>\n\n\n\n<p>O treinador tamb\u00e9m mencionou aspectos espec\u00edficos que deseja ver no time, como press\u00e3o alta, transi\u00e7\u00e3o equilibrada e maior dinamismo ofensivo. Para ele, esses elementos s\u00e3o fundamentais para tornar a equipe mais competitiva.<\/p>\n\n\n\n<h2 class=\"wp-block-heading\" id=\"h-o-foco-no-elenco-atual\">O foco no elenco atual<\/h2>\n\n\n\n<p>Outro ponto ressaltado pelo treinador foi a import\u00e2ncia de valorizar os jogadores que est\u00e3o no elenco. Jardim citou atletas como Gabriel, Dudu, Marquinhos, Matheus Henrique e Matheus Pereira, destacando a necessidade de trabalhar com eles de forma a potencializar suas qualidades.<\/p>\n\n\n\n<p>&#8220;N\u00e3o posso pensar nos outros, tenho que pensar nos que est\u00e3o comigo e o que eles podem fazer&#8221;, concluiu. <\/p>\n\n\n\n<p>Com essa abordagem, o t\u00e9cnico busca criar uma identidade de jogo baseada nas for\u00e7as individuais dos jogadores, ao mesmo tempo em que implementa suas ideias t\u00e1ticas. O objetivo \u00e9 equilibrar o time para evitar espa\u00e7os para contra-ataques advers\u00e1rios, como aconteceu diante do Am\u00e9rica-MG.<\/p>\n","protected":false},"excerpt":{"rendered":"<p>O Cruzeiro iniciou uma nova fase sob o comando de Leonardo Jardim, que chegou ao clube com a miss\u00e3o de tornar a equipe competitiva. Nos primeiros jogos, o treinador deixou claro que sua abordagem ser\u00e1 adaptativa, buscando potencializar as caracter\u00edsticas dos jogadores j\u00e1 presentes no elenco. Em suas declara\u00e7\u00f5es, Jardim enfatizou que n\u00e3o impor\u00e1 um [&hellip;]<\/p>\n","protected":false},"author":15,"featured_media":225548,"comment_status":"open","ping_status":"closed","sticky":false,"template":"","format":"standard","meta":{"footnotes":""},"categories":[143],"tags":[],"class_list":["post-229246","post","type-post","status-publish","format-standard","has-post-thumbnail","hentry","category-cruzeiro"],"yoast_head":"<!-- This site is optimized with the Yoast SEO Premium plugin v24.2 (Yoast SEO v26.9) - https:\/\/yoast.com\/product\/yoast-seo-premium-wordpress\/ -->\n<title>A declara\u00e7\u00e3o de Jardim sobre o elenco do Cruzeiro<\/title>\n<meta name=\"robots\" content=\"index, follow, max-snippet:-1, max-image-preview:large, max-video-preview:-1\" \/>\n<link rel=\"canonical\" href=\"https:\/\/www.gaveanews.com\/index.php\/2025\/02\/18\/a-declaracao-de-jardim-sobre-o-elenco-do-cruzeiro\/\" \/>\n<meta property=\"og:locale\" content=\"pt_BR\" \/>\n<meta property=\"og:type\" content=\"article\" \/>\n<meta property=\"og:title\" content=\"A declara\u00e7\u00e3o de Jardim sobre o elenco do Cruzeiro\" \/>\n<meta property=\"og:description\" content=\"O Cruzeiro iniciou uma nova fase sob o comando de Leonardo Jardim, que chegou ao clube com a miss\u00e3o de tornar a equipe competitiva. Nos primeiros jogos, o treinador deixou claro que sua abordagem ser\u00e1 adaptativa, buscando potencializar as caracter\u00edsticas dos jogadores j\u00e1 presentes no elenco. Em suas declara\u00e7\u00f5es, Jardim enfatizou que n\u00e3o impor\u00e1 um [&hellip;]\" \/>\n<meta property=\"og:url\" content=\"https:\/\/www.gaveanews.com\/index.php\/2025\/02\/18\/a-declaracao-de-jardim-sobre-o-elenco-do-cruzeiro\/\" \/>\n<meta property=\"og:site_name\" content=\"G\u00e1vea News\" \/>\n<meta property=\"article:publisher\" content=\"https:\/\/facebook.com\/gaveaNews\/\" \/>\n<meta property=\"article:published_time\" content=\"2025-02-18T14:45:00+00:00\" \/>\n<meta property=\"og:image\" content=\"https:\/\/www.gaveanews.com\/wp-content\/uploads\/Leonardo-Jardim-durante-partida-do-Cruzeiro-em-2025.webp\" \/>\n\t<meta property=\"og:image:width\" content=\"799\" \/>\n\t<meta property=\"og:image:height\" content=\"533\" \/>\n\t<meta property=\"og:image:type\" content=\"image\/jpeg\" \/>\n<meta name=\"author\" content=\"Henrique Machado\" \/>\n<meta name=\"twitter:card\" content=\"summary_large_image\" \/>\n<meta name=\"twitter:label1\" content=\"Escrito por\" \/>\n\t<meta name=\"twitter:data1\" content=\"Henrique Machado\" \/>\n\t<meta name=\"twitter:label2\" content=\"Est. tempo de leitura\" \/>\n\t<meta name=\"twitter:data2\" content=\"3 minutos\" \/>\n<script type=\"application\/ld+json\" class=\"yoast-schema-graph\">{\"@context\":\"https:\/\/schema.org\",\"@graph\":[{\"@type\":\"NewsArticle\",\"@id\":\"https:\/\/www.gaveanews.com\/index.php\/2025\/02\/18\/a-declaracao-de-jardim-sobre-o-elenco-do-cruzeiro\/#article\",\"isPartOf\":{\"@id\":\"https:\/\/www.gaveanews.com\/index.php\/2025\/02\/18\/a-declaracao-de-jardim-sobre-o-elenco-do-cruzeiro\/\"},\"author\":{\"name\":\"Henrique Machado\",\"@id\":\"https:\/\/www.gaveanews.com\/#\/schema\/person\/fd07635ec039ec3ba74ad18ec8a6dbd6\"},\"headline\":\"A declara\u00e7\u00e3o de Jardim sobre o elenco do Cruzeiro\",\"datePublished\":\"2025-02-18T14:45:00+00:00\",\"mainEntityOfPage\":{\"@id\":\"https:\/\/www.gaveanews.com\/index.php\/2025\/02\/18\/a-declaracao-de-jardim-sobre-o-elenco-do-cruzeiro\/\"},\"wordCount\":388,\"commentCount\":0,\"image\":{\"@id\":\"https:\/\/www.gaveanews.com\/index.php\/2025\/02\/18\/a-declaracao-de-jardim-sobre-o-elenco-do-cruzeiro\/#primaryimage\"},\"thumbnailUrl\":\"https:\/\/www.gaveanews.com\/wp-content\/uploads\/Leonardo-Jardim-durante-partida-do-Cruzeiro-em-2025.webp\",\"articleSection\":[\"Cruzeiro\"],\"inLanguage\":\"pt-BR\",\"potentialAction\":[{\"@type\":\"CommentAction\",\"name\":\"Comment\",\"target\":[\"https:\/\/www.gaveanews.com\/index.php\/2025\/02\/18\/a-declaracao-de-jardim-sobre-o-elenco-do-cruzeiro\/#respond\"]}],\"copyrightYear\":\"2025\",\"copyrightHolder\":{\"@id\":\"https:\/\/www.gaveanews.com\/#organization\"}},{\"@type\":\"WebPage\",\"@id\":\"https:\/\/www.gaveanews.com\/index.php\/2025\/02\/18\/a-declaracao-de-jardim-sobre-o-elenco-do-cruzeiro\/\",\"url\":\"https:\/\/www.gaveanews.com\/index.php\/2025\/02\/18\/a-declaracao-de-jardim-sobre-o-elenco-do-cruzeiro\/\",\"name\":\"A declara\u00e7\u00e3o de Jardim sobre o elenco do Cruzeiro\",\"isPartOf\":{\"@id\":\"https:\/\/www.gaveanews.com\/#website\"},\"primaryImageOfPage\":{\"@id\":\"https:\/\/www.gaveanews.com\/index.php\/2025\/02\/18\/a-declaracao-de-jardim-sobre-o-elenco-do-cruzeiro\/#primaryimage\"},\"image\":{\"@id\":\"https:\/\/www.gaveanews.com\/index.php\/2025\/02\/18\/a-declaracao-de-jardim-sobre-o-elenco-do-cruzeiro\/#primaryimage\"},\"thumbnailUrl\":\"https:\/\/www.gaveanews.com\/wp-content\/uploads\/Leonardo-Jardim-durante-partida-do-Cruzeiro-em-2025.webp\",\"datePublished\":\"2025-02-18T14:45:00+00:00\",\"author\":{\"@id\":\"https:\/\/www.gaveanews.com\/#\/schema\/person\/fd07635ec039ec3ba74ad18ec8a6dbd6\"},\"breadcrumb\":{\"@id\":\"https:\/\/www.gaveanews.com\/index.php\/2025\/02\/18\/a-declaracao-de-jardim-sobre-o-elenco-do-cruzeiro\/#breadcrumb\"},\"inLanguage\":\"pt-BR\",\"potentialAction\":[{\"@type\":\"ReadAction\",\"target\":[\"https:\/\/www.gaveanews.com\/index.php\/2025\/02\/18\/a-declaracao-de-jardim-sobre-o-elenco-do-cruzeiro\/\"]}]},{\"@type\":\"ImageObject\",\"inLanguage\":\"pt-BR\",\"@id\":\"https:\/\/www.gaveanews.com\/index.php\/2025\/02\/18\/a-declaracao-de-jardim-sobre-o-elenco-do-cruzeiro\/#primaryimage\",\"url\":\"https:\/\/www.gaveanews.com\/wp-content\/uploads\/Leonardo-Jardim-durante-partida-do-Cruzeiro-em-2025.webp\",\"contentUrl\":\"https:\/\/www.gaveanews.com\/wp-content\/uploads\/Leonardo-Jardim-durante-partida-do-Cruzeiro-em-2025.webp\",\"width\":799,\"height\":533,\"caption\":\"Leonardo Jardim durante partida do Cruzeiro em 2025 (Foto: Gustavo Aleixo\/Cruzeiro)\"},{\"@type\":\"BreadcrumbList\",\"@id\":\"https:\/\/www.gaveanews.com\/index.php\/2025\/02\/18\/a-declaracao-de-jardim-sobre-o-elenco-do-cruzeiro\/#breadcrumb\",\"itemListElement\":[{\"@type\":\"ListItem\",\"position\":1,\"name\":\"Home\",\"item\":\"https:\/\/www.gaveanews.com\/\"},{\"@type\":\"ListItem\",\"position\":2,\"name\":\"A declara\u00e7\u00e3o de Jardim sobre o elenco do Cruzeiro\"}]},{\"@type\":\"WebSite\",\"@id\":\"https:\/\/www.gaveanews.com\/#website\",\"url\":\"https:\/\/www.gaveanews.com\/\",\"name\":\"G\u00e1vea News\",\"description\":\"Veja todas as not\u00edcias sobre o Flamengo: Contrata\u00e7\u00f5es, categorias de base, resultados das partidas, tabela de classifica\u00e7\u00e3o, pr\u00f3ximos jogos!\",\"potentialAction\":[{\"@type\":\"SearchAction\",\"target\":{\"@type\":\"EntryPoint\",\"urlTemplate\":\"https:\/\/www.gaveanews.com\/?s={search_term_string}\"},\"query-input\":{\"@type\":\"PropertyValueSpecification\",\"valueRequired\":true,\"valueName\":\"search_term_string\"}}],\"inLanguage\":\"pt-BR\"},{\"@type\":\"Person\",\"@id\":\"https:\/\/www.gaveanews.com\/#\/schema\/person\/fd07635ec039ec3ba74ad18ec8a6dbd6\",\"name\":\"Henrique Machado\",\"image\":{\"@type\":\"ImageObject\",\"inLanguage\":\"pt-BR\",\"@id\":\"https:\/\/www.gaveanews.com\/#\/schema\/person\/image\/\",\"url\":\"https:\/\/secure.gravatar.com\/avatar\/b95e35997e01d9800c1b6184bd79d4d898d370a3fce2584f5c77b907d5c7d9e9?s=96&d=mm&r=g\",\"contentUrl\":\"https:\/\/secure.gravatar.com\/avatar\/b95e35997e01d9800c1b6184bd79d4d898d370a3fce2584f5c77b907d5c7d9e9?s=96&d=mm&r=g\",\"caption\":\"Henrique Machado\"}}]}<\/script>\n<!-- \/ Yoast SEO Premium plugin. -->","yoast_head_json":{"title":"A declara\u00e7\u00e3o de Jardim sobre o elenco do Cruzeiro","robots":{"index":"index","follow":"follow","max-snippet":"max-snippet:-1","max-image-preview":"max-image-preview:large","max-video-preview":"max-video-preview:-1"},"canonical":"https:\/\/www.gaveanews.com\/index.php\/2025\/02\/18\/a-declaracao-de-jardim-sobre-o-elenco-do-cruzeiro\/","og_locale":"pt_BR","og_type":"article","og_title":"A declara\u00e7\u00e3o de Jardim sobre o elenco do Cruzeiro","og_description":"O Cruzeiro iniciou uma nova fase sob o comando de Leonardo Jardim, que chegou ao clube com a miss\u00e3o de tornar a equipe competitiva. Nos primeiros jogos, o treinador deixou claro que sua abordagem ser\u00e1 adaptativa, buscando potencializar as caracter\u00edsticas dos jogadores j\u00e1 presentes no elenco. Em suas declara\u00e7\u00f5es, Jardim enfatizou que n\u00e3o impor\u00e1 um [&hellip;]","og_url":"https:\/\/www.gaveanews.com\/index.php\/2025\/02\/18\/a-declaracao-de-jardim-sobre-o-elenco-do-cruzeiro\/","og_site_name":"G\u00e1vea News","article_publisher":"https:\/\/facebook.com\/gaveaNews\/","article_published_time":"2025-02-18T14:45:00+00:00","og_image":[{"width":799,"height":533,"url":"https:\/\/www.gaveanews.com\/wp-content\/uploads\/Leonardo-Jardim-durante-partida-do-Cruzeiro-em-2025.webp","type":"image\/jpeg"}],"author":"Henrique Machado","twitter_card":"summary_large_image","twitter_misc":{"Escrito por":"Henrique Machado","Est. tempo de leitura":"3 minutos"},"schema":{"@context":"https:\/\/schema.org","@graph":[{"@type":"NewsArticle","@id":"https:\/\/www.gaveanews.com\/index.php\/2025\/02\/18\/a-declaracao-de-jardim-sobre-o-elenco-do-cruzeiro\/#article","isPartOf":{"@id":"https:\/\/www.gaveanews.com\/index.php\/2025\/02\/18\/a-declaracao-de-jardim-sobre-o-elenco-do-cruzeiro\/"},"author":{"name":"Henrique Machado","@id":"https:\/\/www.gaveanews.com\/#\/schema\/person\/fd07635ec039ec3ba74ad18ec8a6dbd6"},"headline":"A declara\u00e7\u00e3o de Jardim sobre o elenco do Cruzeiro","datePublished":"2025-02-18T14:45:00+00:00","mainEntityOfPage":{"@id":"https:\/\/www.gaveanews.com\/index.php\/2025\/02\/18\/a-declaracao-de-jardim-sobre-o-elenco-do-cruzeiro\/"},"wordCount":388,"commentCount":0,"image":{"@id":"https:\/\/www.gaveanews.com\/index.php\/2025\/02\/18\/a-declaracao-de-jardim-sobre-o-elenco-do-cruzeiro\/#primaryimage"},"thumbnailUrl":"https:\/\/www.gaveanews.com\/wp-content\/uploads\/Leonardo-Jardim-durante-partida-do-Cruzeiro-em-2025.webp","articleSection":["Cruzeiro"],"inLanguage":"pt-BR","potentialAction":[{"@type":"CommentAction","name":"Comment","target":["https:\/\/www.gaveanews.com\/index.php\/2025\/02\/18\/a-declaracao-de-jardim-sobre-o-elenco-do-cruzeiro\/#respond"]}],"copyrightYear":"2025","copyrightHolder":{"@id":"https:\/\/www.gaveanews.com\/#organization"}},{"@type":"WebPage","@id":"https:\/\/www.gaveanews.com\/index.php\/2025\/02\/18\/a-declaracao-de-jardim-sobre-o-elenco-do-cruzeiro\/","url":"https:\/\/www.gaveanews.com\/index.php\/2025\/02\/18\/a-declaracao-de-jardim-sobre-o-elenco-do-cruzeiro\/","name":"A declara\u00e7\u00e3o de Jardim sobre o elenco do Cruzeiro","isPartOf":{"@id":"https:\/\/www.gaveanews.com\/#website"},"primaryImageOfPage":{"@id":"https:\/\/www.gaveanews.com\/index.php\/2025\/02\/18\/a-declaracao-de-jardim-sobre-o-elenco-do-cruzeiro\/#primaryimage"},"image":{"@id":"https:\/\/www.gaveanews.com\/index.php\/2025\/02\/18\/a-declaracao-de-jardim-sobre-o-elenco-do-cruzeiro\/#primaryimage"},"thumbnailUrl":"https:\/\/www.gaveanews.com\/wp-content\/uploads\/Leonardo-Jardim-durante-partida-do-Cruzeiro-em-2025.webp","datePublished":"2025-02-18T14:45:00+00:00","author":{"@id":"https:\/\/www.gaveanews.com\/#\/schema\/person\/fd07635ec039ec3ba74ad18ec8a6dbd6"},"breadcrumb":{"@id":"https:\/\/www.gaveanews.com\/index.php\/2025\/02\/18\/a-declaracao-de-jardim-sobre-o-elenco-do-cruzeiro\/#breadcrumb"},"inLanguage":"pt-BR","potentialAction":[{"@type":"ReadAction","target":["https:\/\/www.gaveanews.com\/index.php\/2025\/02\/18\/a-declaracao-de-jardim-sobre-o-elenco-do-cruzeiro\/"]}]},{"@type":"ImageObject","inLanguage":"pt-BR","@id":"https:\/\/www.gaveanews.com\/index.php\/2025\/02\/18\/a-declaracao-de-jardim-sobre-o-elenco-do-cruzeiro\/#primaryimage","url":"https:\/\/www.gaveanews.com\/wp-content\/uploads\/Leonardo-Jardim-durante-partida-do-Cruzeiro-em-2025.webp","contentUrl":"https:\/\/www.gaveanews.com\/wp-content\/uploads\/Leonardo-Jardim-durante-partida-do-Cruzeiro-em-2025.webp","width":799,"height":533,"caption":"Leonardo Jardim durante partida do Cruzeiro em 2025 (Foto: Gustavo Aleixo\/Cruzeiro)"},{"@type":"BreadcrumbList","@id":"https:\/\/www.gaveanews.com\/index.php\/2025\/02\/18\/a-declaracao-de-jardim-sobre-o-elenco-do-cruzeiro\/#breadcrumb","itemListElement":[{"@type":"ListItem","position":1,"name":"Home","item":"https:\/\/www.gaveanews.com\/"},{"@type":"ListItem","position":2,"name":"A declara\u00e7\u00e3o de Jardim sobre o elenco do Cruzeiro"}]},{"@type":"WebSite","@id":"https:\/\/www.gaveanews.com\/#website","url":"https:\/\/www.gaveanews.com\/","name":"G\u00e1vea News","description":"Veja todas as not\u00edcias sobre o Flamengo: Contrata\u00e7\u00f5es, categorias de base, resultados das partidas, tabela de classifica\u00e7\u00e3o, pr\u00f3ximos jogos!","potentialAction":[{"@type":"SearchAction","target":{"@type":"EntryPoint","urlTemplate":"https:\/\/www.gaveanews.com\/?s={search_term_string}"},"query-input":{"@type":"PropertyValueSpecification","valueRequired":true,"valueName":"search_term_string"}}],"inLanguage":"pt-BR"},{"@type":"Person","@id":"https:\/\/www.gaveanews.com\/#\/schema\/person\/fd07635ec039ec3ba74ad18ec8a6dbd6","name":"Henrique Machado","image":{"@type":"ImageObject","inLanguage":"pt-BR","@id":"https:\/\/www.gaveanews.com\/#\/schema\/person\/image\/","url":"https:\/\/secure.gravatar.com\/avatar\/b95e35997e01d9800c1b6184bd79d4d898d370a3fce2584f5c77b907d5c7d9e9?s=96&d=mm&r=g","contentUrl":"https:\/\/secure.gravatar.com\/avatar\/b95e35997e01d9800c1b6184bd79d4d898d370a3fce2584f5c77b907d5c7d9e9?s=96&d=mm&r=g","caption":"Henrique Machado"}}]}},"_links":{"self":[{"href":"https:\/\/www.gaveanews.com\/index.php\/wp-json\/wp\/v2\/posts\/229246","targetHints":{"allow":["GET"]}}],"collection":[{"href":"https:\/\/www.gaveanews.com\/index.php\/wp-json\/wp\/v2\/posts"}],"about":[{"href":"https:\/\/www.gaveanews.com\/index.php\/wp-json\/wp\/v2\/types\/post"}],"author":[{"embeddable":true,"href":"https:\/\/www.gaveanews.com\/index.php\/wp-json\/wp\/v2\/users\/15"}],"replies":[{"embeddable":true,"href":"https:\/\/www.gaveanews.com\/index.php\/wp-json\/wp\/v2\/comments?post=229246"}],"version-history":[{"count":1,"href":"https:\/\/www.gaveanews.com\/index.php\/wp-json\/wp\/v2\/posts\/229246\/revisions"}],"predecessor-version":[{"id":229268,"href":"https:\/\/www.gaveanews.com\/index.php\/wp-json\/wp\/v2\/posts\/229246\/revisions\/229268"}],"wp:featuredmedia":[{"embeddable":true,"href":"https:\/\/www.gaveanews.com\/index.php\/wp-json\/wp\/v2\/media\/225548"}],"wp:attachment":[{"href":"https:\/\/www.gaveanews.com\/index.php\/wp-json\/wp\/v2\/media?parent=229246"}],"wp:term":[{"taxonomy":"category","embeddable":true,"href":"https:\/\/www.gaveanews.com\/index.php\/wp-json\/wp\/v2\/categories?post=229246"},{"taxonomy":"post_tag","embeddable":true,"href":"https:\/\/www.gaveanews.com\/index.php\/wp-json\/wp\/v2\/tags?post=229246"}],"curies":[{"name":"wp","href":"https:\/\/api.w.org\/{rel}","templated":true}]}}