{"id":229358,"date":"2025-02-18T17:10:15","date_gmt":"2025-02-18T20:10:15","guid":{"rendered":"https:\/\/www.gaveanews.com\/?p=229358"},"modified":"2025-02-18T15:11:51","modified_gmt":"2025-02-18T18:11:51","slug":"pedido-especial-veja-o-que-casemiro-pediu-a-florentino-perez","status":"publish","type":"post","link":"https:\/\/www.gaveanews.com\/index.php\/2025\/02\/18\/pedido-especial-veja-o-que-casemiro-pediu-a-florentino-perez\/","title":{"rendered":"Pedido especial! Veja o que Casemiro pediu \u00e0 Florentino P\u00e9rez"},"content":{"rendered":"\n<h2 class=\"wp-block-heading\" id=\"h-volante-brasileiro-pediu-contratacao-bombastica-de-jogador\">Volante brasileiro pediu contrata\u00e7\u00e3o bomb\u00e1stica de jogador <\/h2>\n\n\n\n<p>Al\u00e9m de jogador, Casemiro pode ser agente tamb\u00e9m. Apesar dessa brincadeira, o volante foi quase uma esp\u00e9cie de empres\u00e1rio em uma negocia\u00e7\u00e3o. Antes de deixar o Real Madrid, o brasileiro pediu para Florentino P\u00e9rez, a contrata\u00e7\u00e3o de Kylian Mbapp\u00e9. <\/p>\n\n\n\n<p>Ao receber o pedido, o presidente aceitou, por\u00e9m, a dupla n\u00e3o jogou junto no clube merengue, j\u00e1 que houve uma &#8216;novela&#8217; pelo neg\u00f3cio de Kylian e Casemiro deixou o Real antes, partindo para o Manchester United. O brasileiro disse que Mbapp\u00e9 &#8220;\u00e9 impar\u00e1vel&#8221;. <\/p>\n\n\n\n<p>&#8220;Mbapp\u00e9 \u00e9 um jogador impar\u00e1vel. Meu primeiro encontro com ele foi na Champions League, em Paris, no Parc des Princes. Ele fez tudo conosco. Perdemos por 1 a 0 com um gol dele, mas foi uma loucura. Ele \u00e9 o tipo de jogador de futebol que ficar\u00e1 marcado na hist\u00f3ria do futebol. N\u00e3o podemos pedir para ele sempre tirar nota 9. Mas ele nunca fica abaixo de 7,5 ou 8&#8221;, disse Casemiro em entrevista ao &#8220;Marca&#8221;.<\/p>\n\n\n\n<p>Casemiro e Mbapp\u00e9 se enfrentaram quatro vezes. Em 2018, o Real Madrid eliminou o PSG nas oitavas de final, com o franc\u00eas n\u00e3o marcando em nenhum dos dois jogos. No ano seguinte, Mbapp\u00e9 balan\u00e7ou as redes em um empate por 2 a 2 na fase de grupos. Em 2022, ele fez o gol da vit\u00f3ria por 1 a 0 do Paris nas oitavas, mas o Real avan\u00e7ou na partida de volta.<\/p>\n\n\n\n<p>&#8220;Depois falei com o presidente e disse a ele: \u201cAssine com ele. \u00c9 imposs\u00edvel parar.\u201d Ele \u00e9 um daqueles jogadores que quando voc\u00ea o enfrenta n\u00e3o sabe como par\u00e1-lo. Ele ainda n\u00e3o subiu ao p\u00f3dio, mas chegar\u00e1 l\u00e1&#8221;. <\/p>\n\n\n\n<p>Ap\u00f3s grande novela que durou anos, Kylian Mbapp\u00e9 n\u00e3o renovou seu contrato com o Paris Saint Germain e chegou ao Real Madrid de forma gratuita em julho do ano passado. Casemiro disse que Kylian \u00e9 muito humilde e que ele pode marcar uma era no clube espanhol. <\/p>\n\n\n\n<p>&#8220;Mbapp\u00e9 pode marcar uma era no Madrid. Al\u00e9m disso, o menino tem uma humildade que deve ser apreciada. Ele est\u00e1 jogando em uma posi\u00e7\u00e3o que n\u00e3o \u00e9 dele. Ele est\u00e1 indo bem porque ele \u00e9 muito bom. Mas \u00e0 esquerda est\u00e1 o Vini. N\u00e3o \u00e9 f\u00e1cil tir\u00e1-lo de l\u00e1. Isto \u00e9 futebol. N\u00e3o \u00e9 a posi\u00e7\u00e3o dele e sem ser um 9 ele est\u00e1 indo bem. Cr\u00e9ditos ao Ancelotti, que o convenceu a se apresentar l\u00e1. Ele sabe que Kylian tamb\u00e9m pode ser um \u00f3timo centroavante&#8221;, finalizou Casemiro. <\/p>\n","protected":false},"excerpt":{"rendered":"<p>Volante brasileiro pediu contrata\u00e7\u00e3o bomb\u00e1stica de jogador Al\u00e9m de jogador, Casemiro pode ser agente tamb\u00e9m. Apesar dessa brincadeira, o volante foi quase uma esp\u00e9cie de empres\u00e1rio em uma negocia\u00e7\u00e3o. Antes de deixar o Real Madrid, o brasileiro pediu para Florentino P\u00e9rez, a contrata\u00e7\u00e3o de Kylian Mbapp\u00e9. Ao receber o pedido, o presidente aceitou, por\u00e9m, a [&hellip;]<\/p>\n","protected":false},"author":21,"featured_media":142805,"comment_status":"open","ping_status":"closed","sticky":false,"template":"","format":"standard","meta":{"footnotes":""},"categories":[88],"tags":[],"class_list":["post-229358","post","type-post","status-publish","format-standard","has-post-thumbnail","hentry","category-real-madrid"],"yoast_head":"<!-- This site is optimized with the Yoast SEO Premium plugin v24.2 (Yoast SEO v26.9) - https:\/\/yoast.com\/product\/yoast-seo-premium-wordpress\/ -->\n<title>Pedido especial! Veja o que Casemiro pediu \u00e0 Florentino P\u00e9rez<\/title>\n<meta name=\"robots\" content=\"index, follow, max-snippet:-1, max-image-preview:large, max-video-preview:-1\" \/>\n<link rel=\"canonical\" href=\"https:\/\/www.gaveanews.com\/index.php\/2025\/02\/18\/pedido-especial-veja-o-que-casemiro-pediu-a-florentino-perez\/\" \/>\n<meta property=\"og:locale\" content=\"pt_BR\" \/>\n<meta property=\"og:type\" content=\"article\" \/>\n<meta property=\"og:title\" content=\"Pedido especial! Veja o que Casemiro pediu \u00e0 Florentino P\u00e9rez\" \/>\n<meta property=\"og:description\" content=\"Volante brasileiro pediu contrata\u00e7\u00e3o bomb\u00e1stica de jogador Al\u00e9m de jogador, Casemiro pode ser agente tamb\u00e9m. Apesar dessa brincadeira, o volante foi quase uma esp\u00e9cie de empres\u00e1rio em uma negocia\u00e7\u00e3o. Antes de deixar o Real Madrid, o brasileiro pediu para Florentino P\u00e9rez, a contrata\u00e7\u00e3o de Kylian Mbapp\u00e9. Ao receber o pedido, o presidente aceitou, por\u00e9m, a [&hellip;]\" \/>\n<meta property=\"og:url\" content=\"https:\/\/www.gaveanews.com\/index.php\/2025\/02\/18\/pedido-especial-veja-o-que-casemiro-pediu-a-florentino-perez\/\" \/>\n<meta property=\"og:site_name\" content=\"G\u00e1vea News\" \/>\n<meta property=\"article:publisher\" content=\"https:\/\/facebook.com\/gaveaNews\/\" \/>\n<meta property=\"article:published_time\" content=\"2025-02-18T20:10:15+00:00\" \/>\n<meta property=\"og:image\" content=\"https:\/\/www.gaveanews.com\/wp-content\/uploads\/i-1.webp\" \/>\n\t<meta property=\"og:image:width\" content=\"570\" \/>\n\t<meta property=\"og:image:height\" content=\"321\" \/>\n\t<meta property=\"og:image:type\" content=\"image\/jpeg\" \/>\n<meta name=\"author\" content=\"Andr\u00e9 Serra\" \/>\n<meta name=\"twitter:card\" content=\"summary_large_image\" \/>\n<meta name=\"twitter:label1\" content=\"Escrito por\" \/>\n\t<meta name=\"twitter:data1\" content=\"Andr\u00e9 Serra\" \/>\n\t<meta name=\"twitter:label2\" content=\"Est. tempo de leitura\" \/>\n\t<meta name=\"twitter:data2\" content=\"3 minutos\" \/>\n<script type=\"application\/ld+json\" class=\"yoast-schema-graph\">{\"@context\":\"https:\/\/schema.org\",\"@graph\":[{\"@type\":\"NewsArticle\",\"@id\":\"https:\/\/www.gaveanews.com\/index.php\/2025\/02\/18\/pedido-especial-veja-o-que-casemiro-pediu-a-florentino-perez\/#article\",\"isPartOf\":{\"@id\":\"https:\/\/www.gaveanews.com\/index.php\/2025\/02\/18\/pedido-especial-veja-o-que-casemiro-pediu-a-florentino-perez\/\"},\"author\":{\"name\":\"Andr\u00e9 Serra\",\"@id\":\"https:\/\/www.gaveanews.com\/#\/schema\/person\/0277a79a1289c451c281ec0411d84f0c\"},\"headline\":\"Pedido especial! Veja o que Casemiro pediu \u00e0 Florentino P\u00e9rez\",\"datePublished\":\"2025-02-18T20:10:15+00:00\",\"mainEntityOfPage\":{\"@id\":\"https:\/\/www.gaveanews.com\/index.php\/2025\/02\/18\/pedido-especial-veja-o-que-casemiro-pediu-a-florentino-perez\/\"},\"wordCount\":433,\"commentCount\":0,\"image\":{\"@id\":\"https:\/\/www.gaveanews.com\/index.php\/2025\/02\/18\/pedido-especial-veja-o-que-casemiro-pediu-a-florentino-perez\/#primaryimage\"},\"thumbnailUrl\":\"https:\/\/www.gaveanews.com\/wp-content\/uploads\/i-1.webp\",\"articleSection\":[\"Real Madrid\"],\"inLanguage\":\"pt-BR\",\"potentialAction\":[{\"@type\":\"CommentAction\",\"name\":\"Comment\",\"target\":[\"https:\/\/www.gaveanews.com\/index.php\/2025\/02\/18\/pedido-especial-veja-o-que-casemiro-pediu-a-florentino-perez\/#respond\"]}],\"copyrightYear\":\"2025\",\"copyrightHolder\":{\"@id\":\"https:\/\/www.gaveanews.com\/#organization\"}},{\"@type\":\"WebPage\",\"@id\":\"https:\/\/www.gaveanews.com\/index.php\/2025\/02\/18\/pedido-especial-veja-o-que-casemiro-pediu-a-florentino-perez\/\",\"url\":\"https:\/\/www.gaveanews.com\/index.php\/2025\/02\/18\/pedido-especial-veja-o-que-casemiro-pediu-a-florentino-perez\/\",\"name\":\"Pedido especial! Veja o que Casemiro pediu \u00e0 Florentino P\u00e9rez\",\"isPartOf\":{\"@id\":\"https:\/\/www.gaveanews.com\/#website\"},\"primaryImageOfPage\":{\"@id\":\"https:\/\/www.gaveanews.com\/index.php\/2025\/02\/18\/pedido-especial-veja-o-que-casemiro-pediu-a-florentino-perez\/#primaryimage\"},\"image\":{\"@id\":\"https:\/\/www.gaveanews.com\/index.php\/2025\/02\/18\/pedido-especial-veja-o-que-casemiro-pediu-a-florentino-perez\/#primaryimage\"},\"thumbnailUrl\":\"https:\/\/www.gaveanews.com\/wp-content\/uploads\/i-1.webp\",\"datePublished\":\"2025-02-18T20:10:15+00:00\",\"author\":{\"@id\":\"https:\/\/www.gaveanews.com\/#\/schema\/person\/0277a79a1289c451c281ec0411d84f0c\"},\"breadcrumb\":{\"@id\":\"https:\/\/www.gaveanews.com\/index.php\/2025\/02\/18\/pedido-especial-veja-o-que-casemiro-pediu-a-florentino-perez\/#breadcrumb\"},\"inLanguage\":\"pt-BR\",\"potentialAction\":[{\"@type\":\"ReadAction\",\"target\":[\"https:\/\/www.gaveanews.com\/index.php\/2025\/02\/18\/pedido-especial-veja-o-que-casemiro-pediu-a-florentino-perez\/\"]}]},{\"@type\":\"ImageObject\",\"inLanguage\":\"pt-BR\",\"@id\":\"https:\/\/www.gaveanews.com\/index.php\/2025\/02\/18\/pedido-especial-veja-o-que-casemiro-pediu-a-florentino-perez\/#primaryimage\",\"url\":\"https:\/\/www.gaveanews.com\/wp-content\/uploads\/i-1.webp\",\"contentUrl\":\"https:\/\/www.gaveanews.com\/wp-content\/uploads\/i-1.webp\",\"width\":570,\"height\":321,\"caption\":\"Casemiro durante jogo entre Manchester United e Arsenal, pela Premier League EFE\/EPA\/PETER POWELL\"},{\"@type\":\"BreadcrumbList\",\"@id\":\"https:\/\/www.gaveanews.com\/index.php\/2025\/02\/18\/pedido-especial-veja-o-que-casemiro-pediu-a-florentino-perez\/#breadcrumb\",\"itemListElement\":[{\"@type\":\"ListItem\",\"position\":1,\"name\":\"Home\",\"item\":\"https:\/\/www.gaveanews.com\/\"},{\"@type\":\"ListItem\",\"position\":2,\"name\":\"Pedido especial! Veja o que Casemiro pediu \u00e0 Florentino P\u00e9rez\"}]},{\"@type\":\"WebSite\",\"@id\":\"https:\/\/www.gaveanews.com\/#website\",\"url\":\"https:\/\/www.gaveanews.com\/\",\"name\":\"G\u00e1vea News\",\"description\":\"Veja todas as not\u00edcias sobre o Flamengo: Contrata\u00e7\u00f5es, categorias de base, resultados das partidas, tabela de classifica\u00e7\u00e3o, pr\u00f3ximos jogos!\",\"potentialAction\":[{\"@type\":\"SearchAction\",\"target\":{\"@type\":\"EntryPoint\",\"urlTemplate\":\"https:\/\/www.gaveanews.com\/?s={search_term_string}\"},\"query-input\":{\"@type\":\"PropertyValueSpecification\",\"valueRequired\":true,\"valueName\":\"search_term_string\"}}],\"inLanguage\":\"pt-BR\"},{\"@type\":\"Person\",\"@id\":\"https:\/\/www.gaveanews.com\/#\/schema\/person\/0277a79a1289c451c281ec0411d84f0c\",\"name\":\"Andr\u00e9 Serra\",\"image\":{\"@type\":\"ImageObject\",\"inLanguage\":\"pt-BR\",\"@id\":\"https:\/\/www.gaveanews.com\/#\/schema\/person\/image\/\",\"url\":\"https:\/\/secure.gravatar.com\/avatar\/d7231369fe48db93292b3e88eb2162dbd9a34a47a8437d9ef3bcaca2a86a83d7?s=96&d=mm&r=g\",\"contentUrl\":\"https:\/\/secure.gravatar.com\/avatar\/d7231369fe48db93292b3e88eb2162dbd9a34a47a8437d9ef3bcaca2a86a83d7?s=96&d=mm&r=g\",\"caption\":\"Andr\u00e9 Serra\"}}]}<\/script>\n<!-- \/ Yoast SEO Premium plugin. -->","yoast_head_json":{"title":"Pedido especial! Veja o que Casemiro pediu \u00e0 Florentino P\u00e9rez","robots":{"index":"index","follow":"follow","max-snippet":"max-snippet:-1","max-image-preview":"max-image-preview:large","max-video-preview":"max-video-preview:-1"},"canonical":"https:\/\/www.gaveanews.com\/index.php\/2025\/02\/18\/pedido-especial-veja-o-que-casemiro-pediu-a-florentino-perez\/","og_locale":"pt_BR","og_type":"article","og_title":"Pedido especial! Veja o que Casemiro pediu \u00e0 Florentino P\u00e9rez","og_description":"Volante brasileiro pediu contrata\u00e7\u00e3o bomb\u00e1stica de jogador Al\u00e9m de jogador, Casemiro pode ser agente tamb\u00e9m. Apesar dessa brincadeira, o volante foi quase uma esp\u00e9cie de empres\u00e1rio em uma negocia\u00e7\u00e3o. Antes de deixar o Real Madrid, o brasileiro pediu para Florentino P\u00e9rez, a contrata\u00e7\u00e3o de Kylian Mbapp\u00e9. Ao receber o pedido, o presidente aceitou, por\u00e9m, a [&hellip;]","og_url":"https:\/\/www.gaveanews.com\/index.php\/2025\/02\/18\/pedido-especial-veja-o-que-casemiro-pediu-a-florentino-perez\/","og_site_name":"G\u00e1vea News","article_publisher":"https:\/\/facebook.com\/gaveaNews\/","article_published_time":"2025-02-18T20:10:15+00:00","og_image":[{"width":570,"height":321,"url":"https:\/\/www.gaveanews.com\/wp-content\/uploads\/i-1.webp","type":"image\/jpeg"}],"author":"Andr\u00e9 Serra","twitter_card":"summary_large_image","twitter_misc":{"Escrito por":"Andr\u00e9 Serra","Est. tempo de leitura":"3 minutos"},"schema":{"@context":"https:\/\/schema.org","@graph":[{"@type":"NewsArticle","@id":"https:\/\/www.gaveanews.com\/index.php\/2025\/02\/18\/pedido-especial-veja-o-que-casemiro-pediu-a-florentino-perez\/#article","isPartOf":{"@id":"https:\/\/www.gaveanews.com\/index.php\/2025\/02\/18\/pedido-especial-veja-o-que-casemiro-pediu-a-florentino-perez\/"},"author":{"name":"Andr\u00e9 Serra","@id":"https:\/\/www.gaveanews.com\/#\/schema\/person\/0277a79a1289c451c281ec0411d84f0c"},"headline":"Pedido especial! Veja o que Casemiro pediu \u00e0 Florentino P\u00e9rez","datePublished":"2025-02-18T20:10:15+00:00","mainEntityOfPage":{"@id":"https:\/\/www.gaveanews.com\/index.php\/2025\/02\/18\/pedido-especial-veja-o-que-casemiro-pediu-a-florentino-perez\/"},"wordCount":433,"commentCount":0,"image":{"@id":"https:\/\/www.gaveanews.com\/index.php\/2025\/02\/18\/pedido-especial-veja-o-que-casemiro-pediu-a-florentino-perez\/#primaryimage"},"thumbnailUrl":"https:\/\/www.gaveanews.com\/wp-content\/uploads\/i-1.webp","articleSection":["Real Madrid"],"inLanguage":"pt-BR","potentialAction":[{"@type":"CommentAction","name":"Comment","target":["https:\/\/www.gaveanews.com\/index.php\/2025\/02\/18\/pedido-especial-veja-o-que-casemiro-pediu-a-florentino-perez\/#respond"]}],"copyrightYear":"2025","copyrightHolder":{"@id":"https:\/\/www.gaveanews.com\/#organization"}},{"@type":"WebPage","@id":"https:\/\/www.gaveanews.com\/index.php\/2025\/02\/18\/pedido-especial-veja-o-que-casemiro-pediu-a-florentino-perez\/","url":"https:\/\/www.gaveanews.com\/index.php\/2025\/02\/18\/pedido-especial-veja-o-que-casemiro-pediu-a-florentino-perez\/","name":"Pedido especial! Veja o que Casemiro pediu \u00e0 Florentino P\u00e9rez","isPartOf":{"@id":"https:\/\/www.gaveanews.com\/#website"},"primaryImageOfPage":{"@id":"https:\/\/www.gaveanews.com\/index.php\/2025\/02\/18\/pedido-especial-veja-o-que-casemiro-pediu-a-florentino-perez\/#primaryimage"},"image":{"@id":"https:\/\/www.gaveanews.com\/index.php\/2025\/02\/18\/pedido-especial-veja-o-que-casemiro-pediu-a-florentino-perez\/#primaryimage"},"thumbnailUrl":"https:\/\/www.gaveanews.com\/wp-content\/uploads\/i-1.webp","datePublished":"2025-02-18T20:10:15+00:00","author":{"@id":"https:\/\/www.gaveanews.com\/#\/schema\/person\/0277a79a1289c451c281ec0411d84f0c"},"breadcrumb":{"@id":"https:\/\/www.gaveanews.com\/index.php\/2025\/02\/18\/pedido-especial-veja-o-que-casemiro-pediu-a-florentino-perez\/#breadcrumb"},"inLanguage":"pt-BR","potentialAction":[{"@type":"ReadAction","target":["https:\/\/www.gaveanews.com\/index.php\/2025\/02\/18\/pedido-especial-veja-o-que-casemiro-pediu-a-florentino-perez\/"]}]},{"@type":"ImageObject","inLanguage":"pt-BR","@id":"https:\/\/www.gaveanews.com\/index.php\/2025\/02\/18\/pedido-especial-veja-o-que-casemiro-pediu-a-florentino-perez\/#primaryimage","url":"https:\/\/www.gaveanews.com\/wp-content\/uploads\/i-1.webp","contentUrl":"https:\/\/www.gaveanews.com\/wp-content\/uploads\/i-1.webp","width":570,"height":321,"caption":"Casemiro durante jogo entre Manchester United e Arsenal, pela Premier League EFE\/EPA\/PETER POWELL"},{"@type":"BreadcrumbList","@id":"https:\/\/www.gaveanews.com\/index.php\/2025\/02\/18\/pedido-especial-veja-o-que-casemiro-pediu-a-florentino-perez\/#breadcrumb","itemListElement":[{"@type":"ListItem","position":1,"name":"Home","item":"https:\/\/www.gaveanews.com\/"},{"@type":"ListItem","position":2,"name":"Pedido especial! Veja o que Casemiro pediu \u00e0 Florentino P\u00e9rez"}]},{"@type":"WebSite","@id":"https:\/\/www.gaveanews.com\/#website","url":"https:\/\/www.gaveanews.com\/","name":"G\u00e1vea News","description":"Veja todas as not\u00edcias sobre o Flamengo: Contrata\u00e7\u00f5es, categorias de base, resultados das partidas, tabela de classifica\u00e7\u00e3o, pr\u00f3ximos jogos!","potentialAction":[{"@type":"SearchAction","target":{"@type":"EntryPoint","urlTemplate":"https:\/\/www.gaveanews.com\/?s={search_term_string}"},"query-input":{"@type":"PropertyValueSpecification","valueRequired":true,"valueName":"search_term_string"}}],"inLanguage":"pt-BR"},{"@type":"Person","@id":"https:\/\/www.gaveanews.com\/#\/schema\/person\/0277a79a1289c451c281ec0411d84f0c","name":"Andr\u00e9 Serra","image":{"@type":"ImageObject","inLanguage":"pt-BR","@id":"https:\/\/www.gaveanews.com\/#\/schema\/person\/image\/","url":"https:\/\/secure.gravatar.com\/avatar\/d7231369fe48db93292b3e88eb2162dbd9a34a47a8437d9ef3bcaca2a86a83d7?s=96&d=mm&r=g","contentUrl":"https:\/\/secure.gravatar.com\/avatar\/d7231369fe48db93292b3e88eb2162dbd9a34a47a8437d9ef3bcaca2a86a83d7?s=96&d=mm&r=g","caption":"Andr\u00e9 Serra"}}]}},"_links":{"self":[{"href":"https:\/\/www.gaveanews.com\/index.php\/wp-json\/wp\/v2\/posts\/229358","targetHints":{"allow":["GET"]}}],"collection":[{"href":"https:\/\/www.gaveanews.com\/index.php\/wp-json\/wp\/v2\/posts"}],"about":[{"href":"https:\/\/www.gaveanews.com\/index.php\/wp-json\/wp\/v2\/types\/post"}],"author":[{"embeddable":true,"href":"https:\/\/www.gaveanews.com\/index.php\/wp-json\/wp\/v2\/users\/21"}],"replies":[{"embeddable":true,"href":"https:\/\/www.gaveanews.com\/index.php\/wp-json\/wp\/v2\/comments?post=229358"}],"version-history":[{"count":1,"href":"https:\/\/www.gaveanews.com\/index.php\/wp-json\/wp\/v2\/posts\/229358\/revisions"}],"predecessor-version":[{"id":229364,"href":"https:\/\/www.gaveanews.com\/index.php\/wp-json\/wp\/v2\/posts\/229358\/revisions\/229364"}],"wp:featuredmedia":[{"embeddable":true,"href":"https:\/\/www.gaveanews.com\/index.php\/wp-json\/wp\/v2\/media\/142805"}],"wp:attachment":[{"href":"https:\/\/www.gaveanews.com\/index.php\/wp-json\/wp\/v2\/media?parent=229358"}],"wp:term":[{"taxonomy":"category","embeddable":true,"href":"https:\/\/www.gaveanews.com\/index.php\/wp-json\/wp\/v2\/categories?post=229358"},{"taxonomy":"post_tag","embeddable":true,"href":"https:\/\/www.gaveanews.com\/index.php\/wp-json\/wp\/v2\/tags?post=229358"}],"curies":[{"name":"wp","href":"https:\/\/api.w.org\/{rel}","templated":true}]}}