{"id":229518,"date":"2025-02-18T19:50:00","date_gmt":"2025-02-18T22:50:00","guid":{"rendered":"https:\/\/www.gaveanews.com\/?p=229518"},"modified":"2025-02-18T18:34:51","modified_gmt":"2025-02-18T21:34:51","slug":"kannemann-cuellar-jemerson-edenilson-dodi-rodrigo-ely-villasanti-joao-lucas-camilo-e-arezo-os-jogadores-com-mais-cartoes-amarelos-do-elenco-do-gremio","status":"publish","type":"post","link":"https:\/\/www.gaveanews.com\/index.php\/2025\/02\/18\/kannemann-cuellar-jemerson-edenilson-dodi-rodrigo-ely-villasanti-joao-lucas-camilo-e-arezo-os-jogadores-com-mais-cartoes-amarelos-do-elenco-do-gremio\/","title":{"rendered":"Kannemann, Cuellar, Jemerson, Edenilson, Dodi, Rodrigo Ely, Villasanti, Jo\u00e3o Lucas, Camilo e Arezo: os jogadores com mais cart\u00f5es amarelos do elenco do Gr\u00eamio"},"content":{"rendered":"\n<p>O acumulado de cart\u00f5es amarelos reflete o estilo de jogo de cada atleta, e no elenco do Gr\u00eamio, alguns jogadores se destacam por esse crit\u00e9rio. A seguir, confira o top 10 dos jogadores com mais cart\u00f5es amarelos, organizados em ordem decrescente.<\/p>\n\n\n\n<h2 class=\"wp-block-heading\" id=\"h-walter-kannemann\">Walter Kannemann<\/h2>\n\n\n\n<figure class=\"wp-block-image size-full\"><img loading=\"lazy\" decoding=\"async\" width=\"800\" height=\"544\" src=\"http:\/\/www.gaveanews.com\/wp-content\/uploads\/Kannemann-em-acao-pelo-Gremio.webp\" alt=\"\" class=\"wp-image-64262\" srcset=\"https:\/\/www.gaveanews.com\/wp-content\/uploads\/Kannemann-em-acao-pelo-Gremio.webp 800w, https:\/\/www.gaveanews.com\/wp-content\/uploads\/Kannemann-em-acao-pelo-Gremio-300x204.webp 300w, https:\/\/www.gaveanews.com\/wp-content\/uploads\/Kannemann-em-acao-pelo-Gremio-768x522.webp 768w, https:\/\/www.gaveanews.com\/wp-content\/uploads\/Kannemann-em-acao-pelo-Gremio-618x420.webp 618w, https:\/\/www.gaveanews.com\/wp-content\/uploads\/Kannemann-em-acao-pelo-Gremio-640x435.webp 640w, https:\/\/www.gaveanews.com\/wp-content\/uploads\/Kannemann-em-acao-pelo-Gremio-681x463.webp 681w, https:\/\/www.gaveanews.com\/wp-content\/uploads\/Kannemann-em-acao-pelo-Gremio-100x68.webp 100w\" sizes=\"auto, (max-width: 800px) 100vw, 800px\" \/><figcaption class=\"wp-element-caption\">Kannemann em a\u00e7\u00e3o pelo Gr\u00eamio (Foto: Liamara Polli\/AFP\/JC)<\/figcaption><\/figure>\n\n\n\n<p>Walter Kannemann lidera a lista, com 177 cart\u00f5es amarelos em 444 jogos. Sua postura agressiva e presen\u00e7a firme nas disputas defensivas fazem dele um jogador com grande intensidade, resultando em diversas infra\u00e7\u00f5es.<\/p>\n\n\n\n<h2 class=\"wp-block-heading\" id=\"h-gustavo-cuellar\">Gustavo Cuellar<\/h2>\n\n\n\n<figure class=\"wp-block-image size-full\"><img decoding=\"async\" src=\"http:\/\/www.gaveanews.com\/wp-content\/uploads\/Cuellar-em-acao-pelo-Al-Hilal.webp\" alt=\"\" class=\"wp-image-32930\"\/><figcaption class=\"wp-element-caption\">Cuellar em a\u00e7\u00e3o pelo Al Hilal (Foto: Divulga\u00e7\u00e3o\/Al Hilal FC)<\/figcaption><\/figure>\n\n\n\n<p>Gustavo Cuellar ocupa a segunda posi\u00e7\u00e3o, com 103 cart\u00f5es amarelos em 527 jogos. Seu estilo de jogo, focado na marca\u00e7\u00e3o e desarmes, leva-o a cometer faltas com frequ\u00eancia, o que contribui para o alto n\u00famero de advert\u00eancias.<\/p>\n\n\n\n<h2 class=\"wp-block-heading\" id=\"h-jemerson\">Jemerson<\/h2>\n\n\n\n<figure class=\"wp-block-image size-full\"><img loading=\"lazy\" decoding=\"async\" width=\"900\" height=\"506\" src=\"http:\/\/www.gaveanews.com\/wp-content\/uploads\/2019\/05\/Jemerson-durante-treinamento-do-Brasil.webp\" alt=\"\" class=\"wp-image-20835\" srcset=\"https:\/\/www.gaveanews.com\/wp-content\/uploads\/2019\/05\/Jemerson-durante-treinamento-do-Brasil.webp 900w, https:\/\/www.gaveanews.com\/wp-content\/uploads\/2019\/05\/Jemerson-durante-treinamento-do-Brasil-300x169.webp 300w, https:\/\/www.gaveanews.com\/wp-content\/uploads\/2019\/05\/Jemerson-durante-treinamento-do-Brasil-768x432.webp 768w, https:\/\/www.gaveanews.com\/wp-content\/uploads\/2019\/05\/Jemerson-durante-treinamento-do-Brasil-747x420.webp 747w, https:\/\/www.gaveanews.com\/wp-content\/uploads\/2019\/05\/Jemerson-durante-treinamento-do-Brasil-640x360.webp 640w, https:\/\/www.gaveanews.com\/wp-content\/uploads\/2019\/05\/Jemerson-durante-treinamento-do-Brasil-681x383.webp 681w\" sizes=\"auto, (max-width: 900px) 100vw, 900px\" \/><figcaption class=\"wp-element-caption\">Jemerson durante treinamento do Brasil (Foto: Lucas Figueiredo\/CBF)<\/figcaption><\/figure>\n\n\n\n<p>Jemerson segue com 94 cart\u00f5es amarelos em 398 jogos. Sua postura defensiva, muitas vezes impetuosa, coloca-o em situa\u00e7\u00f5es de risco, com faltas cometidas durante os confrontos.<\/p>\n\n\n\n<h2 class=\"wp-block-heading\" id=\"h-edenilson\">Edenilson<\/h2>\n\n\n\n<figure class=\"wp-block-image size-large\"><img loading=\"lazy\" decoding=\"async\" width=\"1024\" height=\"768\" src=\"http:\/\/www.gaveanews.com\/wp-content\/uploads\/Edenilson-em-acao-com-a-camisa-do-Gremio-1024x768.webp\" alt=\"\" class=\"wp-image-180686\" srcset=\"https:\/\/www.gaveanews.com\/wp-content\/uploads\/Edenilson-em-acao-com-a-camisa-do-Gremio-1024x768.webp 1024w, https:\/\/www.gaveanews.com\/wp-content\/uploads\/Edenilson-em-acao-com-a-camisa-do-Gremio-300x225.webp 300w, https:\/\/www.gaveanews.com\/wp-content\/uploads\/Edenilson-em-acao-com-a-camisa-do-Gremio-768x576.webp 768w, https:\/\/www.gaveanews.com\/wp-content\/uploads\/Edenilson-em-acao-com-a-camisa-do-Gremio-560x420.webp 560w, https:\/\/www.gaveanews.com\/wp-content\/uploads\/Edenilson-em-acao-com-a-camisa-do-Gremio-80x60.webp 80w, https:\/\/www.gaveanews.com\/wp-content\/uploads\/Edenilson-em-acao-com-a-camisa-do-Gremio-160x120.webp 160w, https:\/\/www.gaveanews.com\/wp-content\/uploads\/Edenilson-em-acao-com-a-camisa-do-Gremio-100x75.webp 100w, https:\/\/www.gaveanews.com\/wp-content\/uploads\/Edenilson-em-acao-com-a-camisa-do-Gremio-200x150.webp 200w, https:\/\/www.gaveanews.com\/wp-content\/uploads\/Edenilson-em-acao-com-a-camisa-do-Gremio-180x135.webp 180w, https:\/\/www.gaveanews.com\/wp-content\/uploads\/Edenilson-em-acao-com-a-camisa-do-Gremio-360x270.webp 360w, https:\/\/www.gaveanews.com\/wp-content\/uploads\/Edenilson-em-acao-com-a-camisa-do-Gremio-238x178.webp 238w, https:\/\/www.gaveanews.com\/wp-content\/uploads\/Edenilson-em-acao-com-a-camisa-do-Gremio-476x356.webp 476w, https:\/\/www.gaveanews.com\/wp-content\/uploads\/Edenilson-em-acao-com-a-camisa-do-Gremio-640x480.webp 640w, https:\/\/www.gaveanews.com\/wp-content\/uploads\/Edenilson-em-acao-com-a-camisa-do-Gremio-681x511.webp 681w, https:\/\/www.gaveanews.com\/wp-content\/uploads\/Edenilson-em-acao-com-a-camisa-do-Gremio.webp 1100w\" sizes=\"auto, (max-width: 1024px) 100vw, 1024px\" \/><figcaption class=\"wp-element-caption\">Edenilson em a\u00e7\u00e3o com a camisa do Gr\u00eamio (Foto: Reprodu\u00e7\u00e3o\/Instagram)<\/figcaption><\/figure>\n\n\n\n<p>Edenilson ocupa a quarta posi\u00e7\u00e3o com 88 cart\u00f5es amarelos em 663 jogos. Sua presen\u00e7a ativa no meio de campo, com intensidade nas disputas, \u00e9 um dos principais motivos que contribuem para o grande n\u00famero de faltas cometidas.<\/p>\n\n\n\n<h2 class=\"wp-block-heading\" id=\"h-dodi\">Dodi<\/h2>\n\n\n\n<figure class=\"wp-block-image size-full\"><img loading=\"lazy\" decoding=\"async\" width=\"696\" height=\"541\" src=\"http:\/\/www.gaveanews.com\/wp-content\/uploads\/Dodi-pelo-Gremio.webp\" alt=\"\" class=\"wp-image-173838\" srcset=\"https:\/\/www.gaveanews.com\/wp-content\/uploads\/Dodi-pelo-Gremio.webp 696w, https:\/\/www.gaveanews.com\/wp-content\/uploads\/Dodi-pelo-Gremio-300x233.webp 300w, https:\/\/www.gaveanews.com\/wp-content\/uploads\/Dodi-pelo-Gremio-540x420.webp 540w, https:\/\/www.gaveanews.com\/wp-content\/uploads\/Dodi-pelo-Gremio-640x497.webp 640w, https:\/\/www.gaveanews.com\/wp-content\/uploads\/Dodi-pelo-Gremio-681x529.webp 681w, https:\/\/www.gaveanews.com\/wp-content\/uploads\/Dodi-pelo-Gremio-100x78.webp 100w\" sizes=\"auto, (max-width: 696px) 100vw, 696px\" \/><figcaption class=\"wp-element-caption\">Dodi pelo Gr\u00eamio (Foto: Lucas Uebel\/Gr\u00eamio)<\/figcaption><\/figure>\n\n\n\n<p>Dodi aparece na quinta posi\u00e7\u00e3o com 84 cart\u00f5es amarelos em 379 jogos. Sua intensa atua\u00e7\u00e3o no meio-campo, com foco em marca\u00e7\u00e3o, resulta em um n\u00famero elevado de infra\u00e7\u00f5es.<\/p>\n\n\n\n<h2 class=\"wp-block-heading\" id=\"h-rodrigo-ely\">Rodrigo Ely<\/h2>\n\n\n\n<figure class=\"wp-block-image size-large\"><img loading=\"lazy\" decoding=\"async\" width=\"1024\" height=\"682\" src=\"http:\/\/www.gaveanews.com\/wp-content\/uploads\/Rodrigo-Ely-pelo-Gremio-1024x682.webp\" alt=\"\" class=\"wp-image-167370\" srcset=\"https:\/\/www.gaveanews.com\/wp-content\/uploads\/Rodrigo-Ely-pelo-Gremio-1024x682.webp 1024w, https:\/\/www.gaveanews.com\/wp-content\/uploads\/Rodrigo-Ely-pelo-Gremio-300x200.webp 300w, https:\/\/www.gaveanews.com\/wp-content\/uploads\/Rodrigo-Ely-pelo-Gremio-768x511.webp 768w, https:\/\/www.gaveanews.com\/wp-content\/uploads\/Rodrigo-Ely-pelo-Gremio-631x420.webp 631w, https:\/\/www.gaveanews.com\/wp-content\/uploads\/Rodrigo-Ely-pelo-Gremio-1262x840.webp 1262w, https:\/\/www.gaveanews.com\/wp-content\/uploads\/Rodrigo-Ely-pelo-Gremio-640x426.webp 640w, https:\/\/www.gaveanews.com\/wp-content\/uploads\/Rodrigo-Ely-pelo-Gremio-1280x852.webp 1280w, https:\/\/www.gaveanews.com\/wp-content\/uploads\/Rodrigo-Ely-pelo-Gremio-681x453.webp 681w, https:\/\/www.gaveanews.com\/wp-content\/uploads\/Rodrigo-Ely-pelo-Gremio-1362x907.webp 1362w, https:\/\/www.gaveanews.com\/wp-content\/uploads\/Rodrigo-Ely-pelo-Gremio-100x67.webp 100w, https:\/\/www.gaveanews.com\/wp-content\/uploads\/Rodrigo-Ely-pelo-Gremio.webp 1400w\" sizes=\"auto, (max-width: 1024px) 100vw, 1024px\" \/><figcaption class=\"wp-element-caption\">Rodrigo Ely pelo Gr\u00eamio (Foto: Lucas Uebel\/Gr\u00eamio)<\/figcaption><\/figure>\n\n\n\n<p>Rodrigo Ely, com 83 cart\u00f5es amarelos em 328 jogos, ocupa a sexta posi\u00e7\u00e3o. Sua abordagem agressiva e as disputas intensas pela bola acabam gerando cart\u00f5es amarelos com frequ\u00eancia.<\/p>\n\n\n\n<h2 class=\"wp-block-heading\" id=\"h-mathias-villasanti\">Mathias Villasanti<\/h2>\n\n\n\n<figure class=\"wp-block-image size-full\"><img loading=\"lazy\" decoding=\"async\" width=\"984\" height=\"656\" src=\"http:\/\/www.gaveanews.com\/wp-content\/uploads\/villasanti-gremio.webp\" alt=\"\" class=\"wp-image-109516\" srcset=\"https:\/\/www.gaveanews.com\/wp-content\/uploads\/villasanti-gremio.webp 984w, https:\/\/www.gaveanews.com\/wp-content\/uploads\/villasanti-gremio-300x200.webp 300w, https:\/\/www.gaveanews.com\/wp-content\/uploads\/villasanti-gremio-768x512.webp 768w, https:\/\/www.gaveanews.com\/wp-content\/uploads\/villasanti-gremio-630x420.webp 630w, https:\/\/www.gaveanews.com\/wp-content\/uploads\/villasanti-gremio-640x427.webp 640w, https:\/\/www.gaveanews.com\/wp-content\/uploads\/villasanti-gremio-681x454.webp 681w, https:\/\/www.gaveanews.com\/wp-content\/uploads\/villasanti-gremio-100x67.webp 100w\" sizes=\"auto, (max-width: 984px) 100vw, 984px\" \/><figcaption class=\"wp-element-caption\">Villasanti em a\u00e7\u00e3o pelo Gr\u00eamio (Foto: Lucas Uebel\/Gr\u00eamio FBPA)<\/figcaption><\/figure>\n\n\n\n<p>Mathias Villasanti ocupa o s\u00e9timo lugar, com 68 cart\u00f5es amarelos em 296 jogos. Sua pegada forte e presen\u00e7a no meio-campo s\u00e3o fatores que aumentam suas chances de cometer faltas e acumular advert\u00eancias.<\/p>\n\n\n\n<h2 class=\"wp-block-heading\" id=\"h-joao-lucas\">Jo\u00e3o Lucas<\/h2>\n\n\n\n<blockquote class=\"instagram-media\" data-instgrm-permalink=\"https:\/\/www.instagram.com\/p\/DFdIlIxuH6K\/?utm_source=ig_embed&amp;utm_campaign=loading\" data-instgrm-version=\"14\" style=\" background:#FFF; border:0; border-radius:3px; box-shadow:0 0 1px 0 rgba(0,0,0,0.5),0 1px 10px 0 rgba(0,0,0,0.15); margin: 1px; max-width:540px; min-width:326px; padding:0; width:99.375%; width:-webkit-calc(100% - 2px); width:calc(100% - 2px);\"><div style=\"padding:16px;\"> <a href=\"https:\/\/www.instagram.com\/p\/DFdIlIxuH6K\/?utm_source=ig_embed&amp;utm_campaign=loading\" style=\" background:#FFFFFF; line-height:0; padding:0 0; text-align:center; text-decoration:none; width:100%;\" target=\"_blank\"> <div style=\" display: flex; flex-direction: row; align-items: center;\"> <div style=\"background-color: #F4F4F4; border-radius: 50%; flex-grow: 0; height: 40px; margin-right: 14px; width: 40px;\"><\/div> <div style=\"display: flex; flex-direction: column; flex-grow: 1; justify-content: center;\"> <div style=\" background-color: #F4F4F4; border-radius: 4px; flex-grow: 0; height: 14px; margin-bottom: 6px; width: 100px;\"><\/div> <div style=\" background-color: #F4F4F4; border-radius: 4px; flex-grow: 0; height: 14px; width: 60px;\"><\/div><\/div><\/div><div style=\"padding: 19% 0;\"><\/div> <div style=\"display:block; height:50px; margin:0 auto 12px; width:50px;\"><svg width=\"50px\" height=\"50px\" viewBox=\"0 0 60 60\" version=\"1.1\" xmlns=\"https:\/\/www.w3.org\/2000\/svg\" xmlns:xlink=\"https:\/\/www.w3.org\/1999\/xlink\"><g stroke=\"none\" stroke-width=\"1\" fill=\"none\" fill-rule=\"evenodd\"><g transform=\"translate(-511.000000, -20.000000)\" fill=\"#000000\"><g><path d=\"M556.869,30.41 C554.814,30.41 553.148,32.076 553.148,34.131 C553.148,36.186 554.814,37.852 556.869,37.852 C558.924,37.852 560.59,36.186 560.59,34.131 C560.59,32.076 558.924,30.41 556.869,30.41 M541,60.657 C535.114,60.657 530.342,55.887 530.342,50 C530.342,44.114 535.114,39.342 541,39.342 C546.887,39.342 551.658,44.114 551.658,50 C551.658,55.887 546.887,60.657 541,60.657 M541,33.886 C532.1,33.886 524.886,41.1 524.886,50 C524.886,58.899 532.1,66.113 541,66.113 C549.9,66.113 557.115,58.899 557.115,50 C557.115,41.1 549.9,33.886 541,33.886 M565.378,62.101 C565.244,65.022 564.756,66.606 564.346,67.663 C563.803,69.06 563.154,70.057 562.106,71.106 C561.058,72.155 560.06,72.803 558.662,73.347 C557.607,73.757 556.021,74.244 553.102,74.378 C549.944,74.521 548.997,74.552 541,74.552 C533.003,74.552 532.056,74.521 528.898,74.378 C525.979,74.244 524.393,73.757 523.338,73.347 C521.94,72.803 520.942,72.155 519.894,71.106 C518.846,70.057 518.197,69.06 517.654,67.663 C517.244,66.606 516.755,65.022 516.623,62.101 C516.479,58.943 516.448,57.996 516.448,50 C516.448,42.003 516.479,41.056 516.623,37.899 C516.755,34.978 517.244,33.391 517.654,32.338 C518.197,30.938 518.846,29.942 519.894,28.894 C520.942,27.846 521.94,27.196 523.338,26.654 C524.393,26.244 525.979,25.756 528.898,25.623 C532.057,25.479 533.004,25.448 541,25.448 C548.997,25.448 549.943,25.479 553.102,25.623 C556.021,25.756 557.607,26.244 558.662,26.654 C560.06,27.196 561.058,27.846 562.106,28.894 C563.154,29.942 563.803,30.938 564.346,32.338 C564.756,33.391 565.244,34.978 565.378,37.899 C565.522,41.056 565.552,42.003 565.552,50 C565.552,57.996 565.522,58.943 565.378,62.101 M570.82,37.631 C570.674,34.438 570.167,32.258 569.425,30.349 C568.659,28.377 567.633,26.702 565.965,25.035 C564.297,23.368 562.623,22.342 560.652,21.575 C558.743,20.834 556.562,20.326 553.369,20.18 C550.169,20.033 549.148,20 541,20 C532.853,20 531.831,20.033 528.631,20.18 C525.438,20.326 523.257,20.834 521.349,21.575 C519.376,22.342 517.703,23.368 516.035,25.035 C514.368,26.702 513.342,28.377 512.574,30.349 C511.834,32.258 511.326,34.438 511.181,37.631 C511.035,40.831 511,41.851 511,50 C511,58.147 511.035,59.17 511.181,62.369 C511.326,65.562 511.834,67.743 512.574,69.651 C513.342,71.625 514.368,73.296 516.035,74.965 C517.703,76.634 519.376,77.658 521.349,78.425 C523.257,79.167 525.438,79.673 528.631,79.82 C531.831,79.965 532.853,80.001 541,80.001 C549.148,80.001 550.169,79.965 553.369,79.82 C556.562,79.673 558.743,79.167 560.652,78.425 C562.623,77.658 564.297,76.634 565.965,74.965 C567.633,73.296 568.659,71.625 569.425,69.651 C570.167,67.743 570.674,65.562 570.82,62.369 C570.966,59.17 571,58.147 571,50 C571,41.851 570.966,40.831 570.82,37.631\"><\/path><\/g><\/g><\/g><\/svg><\/div><div style=\"padding-top: 8px;\"> <div style=\" color:#3897f0; font-family:Arial,sans-serif; font-size:14px; font-style:normal; font-weight:550; line-height:18px;\">Ver essa foto no Instagram<\/div><\/div><div style=\"padding: 12.5% 0;\"><\/div> <div style=\"display: flex; flex-direction: row; margin-bottom: 14px; align-items: center;\"><div> <div style=\"background-color: #F4F4F4; border-radius: 50%; height: 12.5px; width: 12.5px; transform: translateX(0px) translateY(7px);\"><\/div> <div style=\"background-color: #F4F4F4; height: 12.5px; transform: rotate(-45deg) translateX(3px) translateY(1px); width: 12.5px; flex-grow: 0; margin-right: 14px; margin-left: 2px;\"><\/div> <div style=\"background-color: #F4F4F4; border-radius: 50%; height: 12.5px; width: 12.5px; transform: translateX(9px) translateY(-18px);\"><\/div><\/div><div style=\"margin-left: 8px;\"> <div style=\" background-color: #F4F4F4; border-radius: 50%; flex-grow: 0; height: 20px; width: 20px;\"><\/div> <div style=\" width: 0; height: 0; border-top: 2px solid transparent; border-left: 6px solid #f4f4f4; border-bottom: 2px solid transparent; transform: translateX(16px) translateY(-4px) rotate(30deg)\"><\/div><\/div><div style=\"margin-left: auto;\"> <div style=\" width: 0px; border-top: 8px solid #F4F4F4; border-right: 8px solid transparent; transform: translateY(16px);\"><\/div> <div style=\" background-color: #F4F4F4; flex-grow: 0; height: 12px; width: 16px; transform: translateY(-4px);\"><\/div> <div style=\" width: 0; height: 0; border-top: 8px solid #F4F4F4; border-left: 8px solid transparent; transform: translateY(-4px) translateX(8px);\"><\/div><\/div><\/div> <div style=\"display: flex; flex-direction: column; flex-grow: 1; justify-content: center; margin-bottom: 24px;\"> <div style=\" background-color: #F4F4F4; border-radius: 4px; flex-grow: 0; height: 14px; margin-bottom: 6px; width: 224px;\"><\/div> <div style=\" background-color: #F4F4F4; border-radius: 4px; flex-grow: 0; height: 14px; width: 144px;\"><\/div><\/div><\/a><p style=\" color:#c9c8cd; font-family:Arial,sans-serif; font-size:14px; line-height:17px; margin-bottom:0; margin-top:8px; overflow:hidden; padding:8px 0 7px; text-align:center; text-overflow:ellipsis; white-space:nowrap;\"><a href=\"https:\/\/www.instagram.com\/p\/DFdIlIxuH6K\/?utm_source=ig_embed&amp;utm_campaign=loading\" style=\" color:#c9c8cd; font-family:Arial,sans-serif; font-size:14px; font-style:normal; font-weight:normal; line-height:17px; text-decoration:none;\" target=\"_blank\">Uma publica\u00e7\u00e3o compartilhada por Jo\u00e3o Lucas (@jl_carvalho)<\/a><\/p><\/div><\/blockquote>\n<script async src=\"\/\/www.instagram.com\/embed.js\"><\/script>\n\n\n\n<p>Jo\u00e3o Lucas vem em oitavo lugar, com 44 cart\u00f5es amarelos em 195 jogos. Sua postura en\u00e9rgica nas disputas defensivas o coloca frequentemente em situa\u00e7\u00f5es de infra\u00e7\u00e3o, gerando cart\u00f5es.<\/p>\n\n\n\n<h2 class=\"wp-block-heading\" id=\"h-camilo\">Camilo<\/h2>\n\n\n\n<blockquote class=\"instagram-media\" data-instgrm-permalink=\"https:\/\/www.instagram.com\/p\/DGBNZgOseEl\/?utm_source=ig_embed&amp;utm_campaign=loading\" data-instgrm-version=\"14\" style=\" background:#FFF; border:0; border-radius:3px; box-shadow:0 0 1px 0 rgba(0,0,0,0.5),0 1px 10px 0 rgba(0,0,0,0.15); margin: 1px; max-width:540px; min-width:326px; padding:0; width:99.375%; width:-webkit-calc(100% - 2px); width:calc(100% - 2px);\"><div style=\"padding:16px;\"> <a href=\"https:\/\/www.instagram.com\/p\/DGBNZgOseEl\/?utm_source=ig_embed&amp;utm_campaign=loading\" style=\" background:#FFFFFF; line-height:0; padding:0 0; text-align:center; text-decoration:none; width:100%;\" target=\"_blank\"> <div style=\" display: flex; flex-direction: row; align-items: center;\"> <div style=\"background-color: #F4F4F4; border-radius: 50%; flex-grow: 0; height: 40px; margin-right: 14px; width: 40px;\"><\/div> <div style=\"display: flex; flex-direction: column; flex-grow: 1; justify-content: center;\"> <div style=\" background-color: #F4F4F4; border-radius: 4px; flex-grow: 0; height: 14px; margin-bottom: 6px; width: 100px;\"><\/div> <div style=\" background-color: #F4F4F4; border-radius: 4px; flex-grow: 0; height: 14px; width: 60px;\"><\/div><\/div><\/div><div style=\"padding: 19% 0;\"><\/div> <div style=\"display:block; height:50px; margin:0 auto 12px; width:50px;\"><svg width=\"50px\" height=\"50px\" viewBox=\"0 0 60 60\" version=\"1.1\" xmlns=\"https:\/\/www.w3.org\/2000\/svg\" xmlns:xlink=\"https:\/\/www.w3.org\/1999\/xlink\"><g stroke=\"none\" stroke-width=\"1\" fill=\"none\" fill-rule=\"evenodd\"><g transform=\"translate(-511.000000, -20.000000)\" fill=\"#000000\"><g><path d=\"M556.869,30.41 C554.814,30.41 553.148,32.076 553.148,34.131 C553.148,36.186 554.814,37.852 556.869,37.852 C558.924,37.852 560.59,36.186 560.59,34.131 C560.59,32.076 558.924,30.41 556.869,30.41 M541,60.657 C535.114,60.657 530.342,55.887 530.342,50 C530.342,44.114 535.114,39.342 541,39.342 C546.887,39.342 551.658,44.114 551.658,50 C551.658,55.887 546.887,60.657 541,60.657 M541,33.886 C532.1,33.886 524.886,41.1 524.886,50 C524.886,58.899 532.1,66.113 541,66.113 C549.9,66.113 557.115,58.899 557.115,50 C557.115,41.1 549.9,33.886 541,33.886 M565.378,62.101 C565.244,65.022 564.756,66.606 564.346,67.663 C563.803,69.06 563.154,70.057 562.106,71.106 C561.058,72.155 560.06,72.803 558.662,73.347 C557.607,73.757 556.021,74.244 553.102,74.378 C549.944,74.521 548.997,74.552 541,74.552 C533.003,74.552 532.056,74.521 528.898,74.378 C525.979,74.244 524.393,73.757 523.338,73.347 C521.94,72.803 520.942,72.155 519.894,71.106 C518.846,70.057 518.197,69.06 517.654,67.663 C517.244,66.606 516.755,65.022 516.623,62.101 C516.479,58.943 516.448,57.996 516.448,50 C516.448,42.003 516.479,41.056 516.623,37.899 C516.755,34.978 517.244,33.391 517.654,32.338 C518.197,30.938 518.846,29.942 519.894,28.894 C520.942,27.846 521.94,27.196 523.338,26.654 C524.393,26.244 525.979,25.756 528.898,25.623 C532.057,25.479 533.004,25.448 541,25.448 C548.997,25.448 549.943,25.479 553.102,25.623 C556.021,25.756 557.607,26.244 558.662,26.654 C560.06,27.196 561.058,27.846 562.106,28.894 C563.154,29.942 563.803,30.938 564.346,32.338 C564.756,33.391 565.244,34.978 565.378,37.899 C565.522,41.056 565.552,42.003 565.552,50 C565.552,57.996 565.522,58.943 565.378,62.101 M570.82,37.631 C570.674,34.438 570.167,32.258 569.425,30.349 C568.659,28.377 567.633,26.702 565.965,25.035 C564.297,23.368 562.623,22.342 560.652,21.575 C558.743,20.834 556.562,20.326 553.369,20.18 C550.169,20.033 549.148,20 541,20 C532.853,20 531.831,20.033 528.631,20.18 C525.438,20.326 523.257,20.834 521.349,21.575 C519.376,22.342 517.703,23.368 516.035,25.035 C514.368,26.702 513.342,28.377 512.574,30.349 C511.834,32.258 511.326,34.438 511.181,37.631 C511.035,40.831 511,41.851 511,50 C511,58.147 511.035,59.17 511.181,62.369 C511.326,65.562 511.834,67.743 512.574,69.651 C513.342,71.625 514.368,73.296 516.035,74.965 C517.703,76.634 519.376,77.658 521.349,78.425 C523.257,79.167 525.438,79.673 528.631,79.82 C531.831,79.965 532.853,80.001 541,80.001 C549.148,80.001 550.169,79.965 553.369,79.82 C556.562,79.673 558.743,79.167 560.652,78.425 C562.623,77.658 564.297,76.634 565.965,74.965 C567.633,73.296 568.659,71.625 569.425,69.651 C570.167,67.743 570.674,65.562 570.82,62.369 C570.966,59.17 571,58.147 571,50 C571,41.851 570.966,40.831 570.82,37.631\"><\/path><\/g><\/g><\/g><\/svg><\/div><div style=\"padding-top: 8px;\"> <div style=\" color:#3897f0; font-family:Arial,sans-serif; font-size:14px; font-style:normal; font-weight:550; line-height:18px;\">Ver essa foto no Instagram<\/div><\/div><div style=\"padding: 12.5% 0;\"><\/div> <div style=\"display: flex; flex-direction: row; margin-bottom: 14px; align-items: center;\"><div> <div style=\"background-color: #F4F4F4; border-radius: 50%; height: 12.5px; width: 12.5px; transform: translateX(0px) translateY(7px);\"><\/div> <div style=\"background-color: #F4F4F4; height: 12.5px; transform: rotate(-45deg) translateX(3px) translateY(1px); width: 12.5px; flex-grow: 0; margin-right: 14px; margin-left: 2px;\"><\/div> <div style=\"background-color: #F4F4F4; border-radius: 50%; height: 12.5px; width: 12.5px; transform: translateX(9px) translateY(-18px);\"><\/div><\/div><div style=\"margin-left: 8px;\"> <div style=\" background-color: #F4F4F4; border-radius: 50%; flex-grow: 0; height: 20px; width: 20px;\"><\/div> <div style=\" width: 0; height: 0; border-top: 2px solid transparent; border-left: 6px solid #f4f4f4; border-bottom: 2px solid transparent; transform: translateX(16px) translateY(-4px) rotate(30deg)\"><\/div><\/div><div style=\"margin-left: auto;\"> <div style=\" width: 0px; border-top: 8px solid #F4F4F4; border-right: 8px solid transparent; transform: translateY(16px);\"><\/div> <div style=\" background-color: #F4F4F4; flex-grow: 0; height: 12px; width: 16px; transform: translateY(-4px);\"><\/div> <div style=\" width: 0; height: 0; border-top: 8px solid #F4F4F4; border-left: 8px solid transparent; transform: translateY(-4px) translateX(8px);\"><\/div><\/div><\/div> <div style=\"display: flex; flex-direction: column; flex-grow: 1; justify-content: center; margin-bottom: 24px;\"> <div style=\" background-color: #F4F4F4; border-radius: 4px; flex-grow: 0; height: 14px; margin-bottom: 6px; width: 224px;\"><\/div> <div style=\" background-color: #F4F4F4; border-radius: 4px; flex-grow: 0; height: 14px; width: 144px;\"><\/div><\/div><\/a><p style=\" color:#c9c8cd; font-family:Arial,sans-serif; font-size:14px; line-height:17px; margin-bottom:0; margin-top:8px; overflow:hidden; padding:8px 0 7px; text-align:center; text-overflow:ellipsis; white-space:nowrap;\"><a href=\"https:\/\/www.instagram.com\/p\/DGBNZgOseEl\/?utm_source=ig_embed&amp;utm_campaign=loading\" style=\" color:#c9c8cd; font-family:Arial,sans-serif; font-size:14px; font-style:normal; font-weight:normal; line-height:17px; text-decoration:none;\" target=\"_blank\">Uma publica\u00e7\u00e3o compartilhada por GR\u00caMIO SEMPRE (@gremiosempre)<\/a><\/p><\/div><\/blockquote>\n<script async src=\"\/\/www.instagram.com\/embed.js\"><\/script>\n\n\n\n<p>Camilo ocupa a nona posi\u00e7\u00e3o com 30 cart\u00f5es amarelos em 173 jogos. Seu estilo de jogo, com muitas disputas pela bola, resulta em uma boa quantidade de faltas, o que leva a diversos cart\u00f5es.<\/p>\n\n\n\n<h2 class=\"wp-block-heading\" id=\"h-mathias-arezo\">Mathias Arezo<\/h2>\n\n\n\n<figure class=\"wp-block-image size-large\"><img loading=\"lazy\" decoding=\"async\" width=\"1024\" height=\"576\" src=\"http:\/\/www.gaveanews.com\/wp-content\/uploads\/Matias-Arezo-pelo-Gremio-1024x576.webp\" alt=\"\" class=\"wp-image-169836\" srcset=\"https:\/\/www.gaveanews.com\/wp-content\/uploads\/Matias-Arezo-pelo-Gremio-1024x576.webp 1024w, https:\/\/www.gaveanews.com\/wp-content\/uploads\/Matias-Arezo-pelo-Gremio-300x169.webp 300w, https:\/\/www.gaveanews.com\/wp-content\/uploads\/Matias-Arezo-pelo-Gremio-768x432.webp 768w, https:\/\/www.gaveanews.com\/wp-content\/uploads\/Matias-Arezo-pelo-Gremio-747x420.webp 747w, https:\/\/www.gaveanews.com\/wp-content\/uploads\/Matias-Arezo-pelo-Gremio-640x360.webp 640w, https:\/\/www.gaveanews.com\/wp-content\/uploads\/Matias-Arezo-pelo-Gremio-681x383.webp 681w, https:\/\/www.gaveanews.com\/wp-content\/uploads\/Matias-Arezo-pelo-Gremio-100x56.webp 100w, https:\/\/www.gaveanews.com\/wp-content\/uploads\/Matias-Arezo-pelo-Gremio.webp 1200w\" sizes=\"auto, (max-width: 1024px) 100vw, 1024px\" \/><figcaption class=\"wp-element-caption\">Mat\u00edas Arezo pelo Gr\u00eamio (Foto: Lucas Uebel\/Gr\u00eamio)<\/figcaption><\/figure>\n\n\n\n<p>Por fim, Mathias Arezo, com 33 cart\u00f5es amarelos em 179 jogos, completa a lista dos 10 jogadores com mais cart\u00f5es amarelos no elenco. Sua disposi\u00e7\u00e3o nas disputas e a busca constante pela bola s\u00e3o raz\u00f5es pelas quais ele aparece entre os mais advertidos.<\/p>\n\n\n\n<p>Com isso, vemos que os jogadores com maior quantidade de cart\u00f5es amarelos no Gr\u00eamio demonstram uma caracter\u00edstica comum: a intensidade e o \u00edmpeto em campo, o que, por vezes, pode resultar em infra\u00e7\u00f5es, mas tamb\u00e9m reflete o comprometimento com o jogo e com a equipe.<\/p>\n","protected":false},"excerpt":{"rendered":"<p>O acumulado de cart\u00f5es amarelos reflete o estilo de jogo de cada atleta, e no elenco do Gr\u00eamio, alguns jogadores se destacam por esse crit\u00e9rio. A seguir, confira o top 10 dos jogadores com mais cart\u00f5es amarelos, organizados em ordem decrescente. Walter Kannemann Walter Kannemann lidera a lista, com 177 cart\u00f5es amarelos em 444 jogos. [&hellip;]<\/p>\n","protected":false},"author":25,"featured_media":154785,"comment_status":"open","ping_status":"closed","sticky":false,"template":"","format":"standard","meta":{"footnotes":""},"categories":[147],"tags":[],"class_list":["post-229518","post","type-post","status-publish","format-standard","has-post-thumbnail","hentry","category-gremio"],"yoast_head":"<!-- This site is optimized with the Yoast SEO Premium plugin v24.2 (Yoast SEO v26.9) - https:\/\/yoast.com\/product\/yoast-seo-premium-wordpress\/ -->\n<title>Kannemann, Cuellar, Jemerson, Edenilson, Dodi, Rodrigo Ely, Villasanti, Jo\u00e3o Lucas, Camilo e Arezo: os jogadores com mais cart\u00f5es amarelos do elenco do Gr\u00eamio<\/title>\n<meta name=\"robots\" content=\"index, follow, max-snippet:-1, max-image-preview:large, max-video-preview:-1\" \/>\n<link rel=\"canonical\" href=\"https:\/\/www.gaveanews.com\/index.php\/2025\/02\/18\/kannemann-cuellar-jemerson-edenilson-dodi-rodrigo-ely-villasanti-joao-lucas-camilo-e-arezo-os-jogadores-com-mais-cartoes-amarelos-do-elenco-do-gremio\/\" \/>\n<meta property=\"og:locale\" content=\"pt_BR\" \/>\n<meta property=\"og:type\" content=\"article\" \/>\n<meta property=\"og:title\" content=\"Kannemann, Cuellar, Jemerson, Edenilson, Dodi, Rodrigo Ely, Villasanti, Jo\u00e3o Lucas, Camilo e Arezo: os jogadores com mais cart\u00f5es amarelos do elenco do Gr\u00eamio\" \/>\n<meta property=\"og:description\" content=\"O acumulado de cart\u00f5es amarelos reflete o estilo de jogo de cada atleta, e no elenco do Gr\u00eamio, alguns jogadores se destacam por esse crit\u00e9rio. A seguir, confira o top 10 dos jogadores com mais cart\u00f5es amarelos, organizados em ordem decrescente. Walter Kannemann Walter Kannemann lidera a lista, com 177 cart\u00f5es amarelos em 444 jogos. [&hellip;]\" \/>\n<meta property=\"og:url\" content=\"https:\/\/www.gaveanews.com\/index.php\/2025\/02\/18\/kannemann-cuellar-jemerson-edenilson-dodi-rodrigo-ely-villasanti-joao-lucas-camilo-e-arezo-os-jogadores-com-mais-cartoes-amarelos-do-elenco-do-gremio\/\" \/>\n<meta property=\"og:site_name\" content=\"G\u00e1vea News\" \/>\n<meta property=\"article:publisher\" content=\"https:\/\/facebook.com\/gaveaNews\/\" \/>\n<meta property=\"article:published_time\" content=\"2025-02-18T22:50:00+00:00\" \/>\n<meta property=\"og:image\" content=\"https:\/\/www.gaveanews.com\/wp-content\/uploads\/Escudo-do-Gremio.webp\" \/>\n\t<meta property=\"og:image:width\" content=\"1163\" \/>\n\t<meta property=\"og:image:height\" content=\"775\" \/>\n\t<meta property=\"og:image:type\" content=\"image\/webp\" \/>\n<meta name=\"author\" content=\"Rafaela Ladeira\" \/>\n<meta name=\"twitter:card\" content=\"summary_large_image\" \/>\n<meta name=\"twitter:label1\" content=\"Escrito por\" \/>\n\t<meta name=\"twitter:data1\" content=\"Rafaela Ladeira\" \/>\n\t<meta name=\"twitter:label2\" content=\"Est. tempo de leitura\" \/>\n\t<meta name=\"twitter:data2\" content=\"5 minutos\" \/>\n<script type=\"application\/ld+json\" class=\"yoast-schema-graph\">{\"@context\":\"https:\/\/schema.org\",\"@graph\":[{\"@type\":\"NewsArticle\",\"@id\":\"https:\/\/www.gaveanews.com\/index.php\/2025\/02\/18\/kannemann-cuellar-jemerson-edenilson-dodi-rodrigo-ely-villasanti-joao-lucas-camilo-e-arezo-os-jogadores-com-mais-cartoes-amarelos-do-elenco-do-gremio\/#article\",\"isPartOf\":{\"@id\":\"https:\/\/www.gaveanews.com\/index.php\/2025\/02\/18\/kannemann-cuellar-jemerson-edenilson-dodi-rodrigo-ely-villasanti-joao-lucas-camilo-e-arezo-os-jogadores-com-mais-cartoes-amarelos-do-elenco-do-gremio\/\"},\"author\":{\"name\":\"Rafaela Ladeira\",\"@id\":\"https:\/\/www.gaveanews.com\/#\/schema\/person\/0eb3e3fe1754f0205218538adbe8f5ed\"},\"headline\":\"Kannemann, Cuellar, Jemerson, Edenilson, Dodi, Rodrigo Ely, Villasanti, Jo\u00e3o Lucas, Camilo e Arezo: os jogadores com mais cart\u00f5es amarelos do elenco do Gr\u00eamio\",\"datePublished\":\"2025-02-18T22:50:00+00:00\",\"mainEntityOfPage\":{\"@id\":\"https:\/\/www.gaveanews.com\/index.php\/2025\/02\/18\/kannemann-cuellar-jemerson-edenilson-dodi-rodrigo-ely-villasanti-joao-lucas-camilo-e-arezo-os-jogadores-com-mais-cartoes-amarelos-do-elenco-do-gremio\/\"},\"wordCount\":604,\"commentCount\":0,\"image\":{\"@id\":\"https:\/\/www.gaveanews.com\/index.php\/2025\/02\/18\/kannemann-cuellar-jemerson-edenilson-dodi-rodrigo-ely-villasanti-joao-lucas-camilo-e-arezo-os-jogadores-com-mais-cartoes-amarelos-do-elenco-do-gremio\/#primaryimage\"},\"thumbnailUrl\":\"https:\/\/www.gaveanews.com\/wp-content\/uploads\/Escudo-do-Gremio.webp\",\"articleSection\":[\"Gr\u00eamio\"],\"inLanguage\":\"pt-BR\",\"potentialAction\":[{\"@type\":\"CommentAction\",\"name\":\"Comment\",\"target\":[\"https:\/\/www.gaveanews.com\/index.php\/2025\/02\/18\/kannemann-cuellar-jemerson-edenilson-dodi-rodrigo-ely-villasanti-joao-lucas-camilo-e-arezo-os-jogadores-com-mais-cartoes-amarelos-do-elenco-do-gremio\/#respond\"]}],\"copyrightYear\":\"2025\",\"copyrightHolder\":{\"@id\":\"https:\/\/www.gaveanews.com\/#organization\"}},{\"@type\":\"WebPage\",\"@id\":\"https:\/\/www.gaveanews.com\/index.php\/2025\/02\/18\/kannemann-cuellar-jemerson-edenilson-dodi-rodrigo-ely-villasanti-joao-lucas-camilo-e-arezo-os-jogadores-com-mais-cartoes-amarelos-do-elenco-do-gremio\/\",\"url\":\"https:\/\/www.gaveanews.com\/index.php\/2025\/02\/18\/kannemann-cuellar-jemerson-edenilson-dodi-rodrigo-ely-villasanti-joao-lucas-camilo-e-arezo-os-jogadores-com-mais-cartoes-amarelos-do-elenco-do-gremio\/\",\"name\":\"Kannemann, Cuellar, Jemerson, Edenilson, Dodi, Rodrigo Ely, Villasanti, Jo\u00e3o Lucas, Camilo e Arezo: os jogadores com mais cart\u00f5es amarelos do elenco do Gr\u00eamio\",\"isPartOf\":{\"@id\":\"https:\/\/www.gaveanews.com\/#website\"},\"primaryImageOfPage\":{\"@id\":\"https:\/\/www.gaveanews.com\/index.php\/2025\/02\/18\/kannemann-cuellar-jemerson-edenilson-dodi-rodrigo-ely-villasanti-joao-lucas-camilo-e-arezo-os-jogadores-com-mais-cartoes-amarelos-do-elenco-do-gremio\/#primaryimage\"},\"image\":{\"@id\":\"https:\/\/www.gaveanews.com\/index.php\/2025\/02\/18\/kannemann-cuellar-jemerson-edenilson-dodi-rodrigo-ely-villasanti-joao-lucas-camilo-e-arezo-os-jogadores-com-mais-cartoes-amarelos-do-elenco-do-gremio\/#primaryimage\"},\"thumbnailUrl\":\"https:\/\/www.gaveanews.com\/wp-content\/uploads\/Escudo-do-Gremio.webp\",\"datePublished\":\"2025-02-18T22:50:00+00:00\",\"author\":{\"@id\":\"https:\/\/www.gaveanews.com\/#\/schema\/person\/0eb3e3fe1754f0205218538adbe8f5ed\"},\"breadcrumb\":{\"@id\":\"https:\/\/www.gaveanews.com\/index.php\/2025\/02\/18\/kannemann-cuellar-jemerson-edenilson-dodi-rodrigo-ely-villasanti-joao-lucas-camilo-e-arezo-os-jogadores-com-mais-cartoes-amarelos-do-elenco-do-gremio\/#breadcrumb\"},\"inLanguage\":\"pt-BR\",\"potentialAction\":[{\"@type\":\"ReadAction\",\"target\":[\"https:\/\/www.gaveanews.com\/index.php\/2025\/02\/18\/kannemann-cuellar-jemerson-edenilson-dodi-rodrigo-ely-villasanti-joao-lucas-camilo-e-arezo-os-jogadores-com-mais-cartoes-amarelos-do-elenco-do-gremio\/\"]}]},{\"@type\":\"ImageObject\",\"inLanguage\":\"pt-BR\",\"@id\":\"https:\/\/www.gaveanews.com\/index.php\/2025\/02\/18\/kannemann-cuellar-jemerson-edenilson-dodi-rodrigo-ely-villasanti-joao-lucas-camilo-e-arezo-os-jogadores-com-mais-cartoes-amarelos-do-elenco-do-gremio\/#primaryimage\",\"url\":\"https:\/\/www.gaveanews.com\/wp-content\/uploads\/Escudo-do-Gremio.webp\",\"contentUrl\":\"https:\/\/www.gaveanews.com\/wp-content\/uploads\/Escudo-do-Gremio.webp\",\"width\":1163,\"height\":775,\"caption\":\"Escudo do Gr\u00eamio (Foto: Reprodu\u00e7\u00e3o\/Gr\u00eamio)\"},{\"@type\":\"BreadcrumbList\",\"@id\":\"https:\/\/www.gaveanews.com\/index.php\/2025\/02\/18\/kannemann-cuellar-jemerson-edenilson-dodi-rodrigo-ely-villasanti-joao-lucas-camilo-e-arezo-os-jogadores-com-mais-cartoes-amarelos-do-elenco-do-gremio\/#breadcrumb\",\"itemListElement\":[{\"@type\":\"ListItem\",\"position\":1,\"name\":\"Home\",\"item\":\"https:\/\/www.gaveanews.com\/\"},{\"@type\":\"ListItem\",\"position\":2,\"name\":\"Kannemann, Cuellar, Jemerson, Edenilson, Dodi, Rodrigo Ely, Villasanti, Jo\u00e3o Lucas, Camilo e Arezo: os jogadores com mais cart\u00f5es amarelos do elenco do Gr\u00eamio\"}]},{\"@type\":\"WebSite\",\"@id\":\"https:\/\/www.gaveanews.com\/#website\",\"url\":\"https:\/\/www.gaveanews.com\/\",\"name\":\"G\u00e1vea News\",\"description\":\"Veja todas as not\u00edcias sobre o Flamengo: Contrata\u00e7\u00f5es, categorias de base, resultados das partidas, tabela de classifica\u00e7\u00e3o, pr\u00f3ximos jogos!\",\"potentialAction\":[{\"@type\":\"SearchAction\",\"target\":{\"@type\":\"EntryPoint\",\"urlTemplate\":\"https:\/\/www.gaveanews.com\/?s={search_term_string}\"},\"query-input\":{\"@type\":\"PropertyValueSpecification\",\"valueRequired\":true,\"valueName\":\"search_term_string\"}}],\"inLanguage\":\"pt-BR\"},{\"@type\":\"Person\",\"@id\":\"https:\/\/www.gaveanews.com\/#\/schema\/person\/0eb3e3fe1754f0205218538adbe8f5ed\",\"name\":\"Rafaela Ladeira\",\"image\":{\"@type\":\"ImageObject\",\"inLanguage\":\"pt-BR\",\"@id\":\"https:\/\/www.gaveanews.com\/#\/schema\/person\/image\/\",\"url\":\"https:\/\/secure.gravatar.com\/avatar\/c31f513acffd85eacab5730cbdfdbbf59f21ba5aeada8cd890acea879fbb2455?s=96&d=mm&r=g\",\"contentUrl\":\"https:\/\/secure.gravatar.com\/avatar\/c31f513acffd85eacab5730cbdfdbbf59f21ba5aeada8cd890acea879fbb2455?s=96&d=mm&r=g\",\"caption\":\"Rafaela Ladeira\"}}]}<\/script>\n<!-- \/ Yoast SEO Premium plugin. -->","yoast_head_json":{"title":"Kannemann, Cuellar, Jemerson, Edenilson, Dodi, Rodrigo Ely, Villasanti, Jo\u00e3o Lucas, Camilo e Arezo: os jogadores com mais cart\u00f5es amarelos do elenco do Gr\u00eamio","robots":{"index":"index","follow":"follow","max-snippet":"max-snippet:-1","max-image-preview":"max-image-preview:large","max-video-preview":"max-video-preview:-1"},"canonical":"https:\/\/www.gaveanews.com\/index.php\/2025\/02\/18\/kannemann-cuellar-jemerson-edenilson-dodi-rodrigo-ely-villasanti-joao-lucas-camilo-e-arezo-os-jogadores-com-mais-cartoes-amarelos-do-elenco-do-gremio\/","og_locale":"pt_BR","og_type":"article","og_title":"Kannemann, Cuellar, Jemerson, Edenilson, Dodi, Rodrigo Ely, Villasanti, Jo\u00e3o Lucas, Camilo e Arezo: os jogadores com mais cart\u00f5es amarelos do elenco do Gr\u00eamio","og_description":"O acumulado de cart\u00f5es amarelos reflete o estilo de jogo de cada atleta, e no elenco do Gr\u00eamio, alguns jogadores se destacam por esse crit\u00e9rio. A seguir, confira o top 10 dos jogadores com mais cart\u00f5es amarelos, organizados em ordem decrescente. Walter Kannemann Walter Kannemann lidera a lista, com 177 cart\u00f5es amarelos em 444 jogos. [&hellip;]","og_url":"https:\/\/www.gaveanews.com\/index.php\/2025\/02\/18\/kannemann-cuellar-jemerson-edenilson-dodi-rodrigo-ely-villasanti-joao-lucas-camilo-e-arezo-os-jogadores-com-mais-cartoes-amarelos-do-elenco-do-gremio\/","og_site_name":"G\u00e1vea News","article_publisher":"https:\/\/facebook.com\/gaveaNews\/","article_published_time":"2025-02-18T22:50:00+00:00","og_image":[{"width":1163,"height":775,"url":"https:\/\/www.gaveanews.com\/wp-content\/uploads\/Escudo-do-Gremio.webp","type":"image\/webp"}],"author":"Rafaela Ladeira","twitter_card":"summary_large_image","twitter_misc":{"Escrito por":"Rafaela Ladeira","Est. tempo de leitura":"5 minutos"},"schema":{"@context":"https:\/\/schema.org","@graph":[{"@type":"NewsArticle","@id":"https:\/\/www.gaveanews.com\/index.php\/2025\/02\/18\/kannemann-cuellar-jemerson-edenilson-dodi-rodrigo-ely-villasanti-joao-lucas-camilo-e-arezo-os-jogadores-com-mais-cartoes-amarelos-do-elenco-do-gremio\/#article","isPartOf":{"@id":"https:\/\/www.gaveanews.com\/index.php\/2025\/02\/18\/kannemann-cuellar-jemerson-edenilson-dodi-rodrigo-ely-villasanti-joao-lucas-camilo-e-arezo-os-jogadores-com-mais-cartoes-amarelos-do-elenco-do-gremio\/"},"author":{"name":"Rafaela Ladeira","@id":"https:\/\/www.gaveanews.com\/#\/schema\/person\/0eb3e3fe1754f0205218538adbe8f5ed"},"headline":"Kannemann, Cuellar, Jemerson, Edenilson, Dodi, Rodrigo Ely, Villasanti, Jo\u00e3o Lucas, Camilo e Arezo: os jogadores com mais cart\u00f5es amarelos do elenco do Gr\u00eamio","datePublished":"2025-02-18T22:50:00+00:00","mainEntityOfPage":{"@id":"https:\/\/www.gaveanews.com\/index.php\/2025\/02\/18\/kannemann-cuellar-jemerson-edenilson-dodi-rodrigo-ely-villasanti-joao-lucas-camilo-e-arezo-os-jogadores-com-mais-cartoes-amarelos-do-elenco-do-gremio\/"},"wordCount":604,"commentCount":0,"image":{"@id":"https:\/\/www.gaveanews.com\/index.php\/2025\/02\/18\/kannemann-cuellar-jemerson-edenilson-dodi-rodrigo-ely-villasanti-joao-lucas-camilo-e-arezo-os-jogadores-com-mais-cartoes-amarelos-do-elenco-do-gremio\/#primaryimage"},"thumbnailUrl":"https:\/\/www.gaveanews.com\/wp-content\/uploads\/Escudo-do-Gremio.webp","articleSection":["Gr\u00eamio"],"inLanguage":"pt-BR","potentialAction":[{"@type":"CommentAction","name":"Comment","target":["https:\/\/www.gaveanews.com\/index.php\/2025\/02\/18\/kannemann-cuellar-jemerson-edenilson-dodi-rodrigo-ely-villasanti-joao-lucas-camilo-e-arezo-os-jogadores-com-mais-cartoes-amarelos-do-elenco-do-gremio\/#respond"]}],"copyrightYear":"2025","copyrightHolder":{"@id":"https:\/\/www.gaveanews.com\/#organization"}},{"@type":"WebPage","@id":"https:\/\/www.gaveanews.com\/index.php\/2025\/02\/18\/kannemann-cuellar-jemerson-edenilson-dodi-rodrigo-ely-villasanti-joao-lucas-camilo-e-arezo-os-jogadores-com-mais-cartoes-amarelos-do-elenco-do-gremio\/","url":"https:\/\/www.gaveanews.com\/index.php\/2025\/02\/18\/kannemann-cuellar-jemerson-edenilson-dodi-rodrigo-ely-villasanti-joao-lucas-camilo-e-arezo-os-jogadores-com-mais-cartoes-amarelos-do-elenco-do-gremio\/","name":"Kannemann, Cuellar, Jemerson, Edenilson, Dodi, Rodrigo Ely, Villasanti, Jo\u00e3o Lucas, Camilo e Arezo: os jogadores com mais cart\u00f5es amarelos do elenco do Gr\u00eamio","isPartOf":{"@id":"https:\/\/www.gaveanews.com\/#website"},"primaryImageOfPage":{"@id":"https:\/\/www.gaveanews.com\/index.php\/2025\/02\/18\/kannemann-cuellar-jemerson-edenilson-dodi-rodrigo-ely-villasanti-joao-lucas-camilo-e-arezo-os-jogadores-com-mais-cartoes-amarelos-do-elenco-do-gremio\/#primaryimage"},"image":{"@id":"https:\/\/www.gaveanews.com\/index.php\/2025\/02\/18\/kannemann-cuellar-jemerson-edenilson-dodi-rodrigo-ely-villasanti-joao-lucas-camilo-e-arezo-os-jogadores-com-mais-cartoes-amarelos-do-elenco-do-gremio\/#primaryimage"},"thumbnailUrl":"https:\/\/www.gaveanews.com\/wp-content\/uploads\/Escudo-do-Gremio.webp","datePublished":"2025-02-18T22:50:00+00:00","author":{"@id":"https:\/\/www.gaveanews.com\/#\/schema\/person\/0eb3e3fe1754f0205218538adbe8f5ed"},"breadcrumb":{"@id":"https:\/\/www.gaveanews.com\/index.php\/2025\/02\/18\/kannemann-cuellar-jemerson-edenilson-dodi-rodrigo-ely-villasanti-joao-lucas-camilo-e-arezo-os-jogadores-com-mais-cartoes-amarelos-do-elenco-do-gremio\/#breadcrumb"},"inLanguage":"pt-BR","potentialAction":[{"@type":"ReadAction","target":["https:\/\/www.gaveanews.com\/index.php\/2025\/02\/18\/kannemann-cuellar-jemerson-edenilson-dodi-rodrigo-ely-villasanti-joao-lucas-camilo-e-arezo-os-jogadores-com-mais-cartoes-amarelos-do-elenco-do-gremio\/"]}]},{"@type":"ImageObject","inLanguage":"pt-BR","@id":"https:\/\/www.gaveanews.com\/index.php\/2025\/02\/18\/kannemann-cuellar-jemerson-edenilson-dodi-rodrigo-ely-villasanti-joao-lucas-camilo-e-arezo-os-jogadores-com-mais-cartoes-amarelos-do-elenco-do-gremio\/#primaryimage","url":"https:\/\/www.gaveanews.com\/wp-content\/uploads\/Escudo-do-Gremio.webp","contentUrl":"https:\/\/www.gaveanews.com\/wp-content\/uploads\/Escudo-do-Gremio.webp","width":1163,"height":775,"caption":"Escudo do Gr\u00eamio (Foto: Reprodu\u00e7\u00e3o\/Gr\u00eamio)"},{"@type":"BreadcrumbList","@id":"https:\/\/www.gaveanews.com\/index.php\/2025\/02\/18\/kannemann-cuellar-jemerson-edenilson-dodi-rodrigo-ely-villasanti-joao-lucas-camilo-e-arezo-os-jogadores-com-mais-cartoes-amarelos-do-elenco-do-gremio\/#breadcrumb","itemListElement":[{"@type":"ListItem","position":1,"name":"Home","item":"https:\/\/www.gaveanews.com\/"},{"@type":"ListItem","position":2,"name":"Kannemann, Cuellar, Jemerson, Edenilson, Dodi, Rodrigo Ely, Villasanti, Jo\u00e3o Lucas, Camilo e Arezo: os jogadores com mais cart\u00f5es amarelos do elenco do Gr\u00eamio"}]},{"@type":"WebSite","@id":"https:\/\/www.gaveanews.com\/#website","url":"https:\/\/www.gaveanews.com\/","name":"G\u00e1vea News","description":"Veja todas as not\u00edcias sobre o Flamengo: Contrata\u00e7\u00f5es, categorias de base, resultados das partidas, tabela de classifica\u00e7\u00e3o, pr\u00f3ximos jogos!","potentialAction":[{"@type":"SearchAction","target":{"@type":"EntryPoint","urlTemplate":"https:\/\/www.gaveanews.com\/?s={search_term_string}"},"query-input":{"@type":"PropertyValueSpecification","valueRequired":true,"valueName":"search_term_string"}}],"inLanguage":"pt-BR"},{"@type":"Person","@id":"https:\/\/www.gaveanews.com\/#\/schema\/person\/0eb3e3fe1754f0205218538adbe8f5ed","name":"Rafaela Ladeira","image":{"@type":"ImageObject","inLanguage":"pt-BR","@id":"https:\/\/www.gaveanews.com\/#\/schema\/person\/image\/","url":"https:\/\/secure.gravatar.com\/avatar\/c31f513acffd85eacab5730cbdfdbbf59f21ba5aeada8cd890acea879fbb2455?s=96&d=mm&r=g","contentUrl":"https:\/\/secure.gravatar.com\/avatar\/c31f513acffd85eacab5730cbdfdbbf59f21ba5aeada8cd890acea879fbb2455?s=96&d=mm&r=g","caption":"Rafaela Ladeira"}}]}},"_links":{"self":[{"href":"https:\/\/www.gaveanews.com\/index.php\/wp-json\/wp\/v2\/posts\/229518","targetHints":{"allow":["GET"]}}],"collection":[{"href":"https:\/\/www.gaveanews.com\/index.php\/wp-json\/wp\/v2\/posts"}],"about":[{"href":"https:\/\/www.gaveanews.com\/index.php\/wp-json\/wp\/v2\/types\/post"}],"author":[{"embeddable":true,"href":"https:\/\/www.gaveanews.com\/index.php\/wp-json\/wp\/v2\/users\/25"}],"replies":[{"embeddable":true,"href":"https:\/\/www.gaveanews.com\/index.php\/wp-json\/wp\/v2\/comments?post=229518"}],"version-history":[{"count":1,"href":"https:\/\/www.gaveanews.com\/index.php\/wp-json\/wp\/v2\/posts\/229518\/revisions"}],"predecessor-version":[{"id":229520,"href":"https:\/\/www.gaveanews.com\/index.php\/wp-json\/wp\/v2\/posts\/229518\/revisions\/229520"}],"wp:featuredmedia":[{"embeddable":true,"href":"https:\/\/www.gaveanews.com\/index.php\/wp-json\/wp\/v2\/media\/154785"}],"wp:attachment":[{"href":"https:\/\/www.gaveanews.com\/index.php\/wp-json\/wp\/v2\/media?parent=229518"}],"wp:term":[{"taxonomy":"category","embeddable":true,"href":"https:\/\/www.gaveanews.com\/index.php\/wp-json\/wp\/v2\/categories?post=229518"},{"taxonomy":"post_tag","embeddable":true,"href":"https:\/\/www.gaveanews.com\/index.php\/wp-json\/wp\/v2\/tags?post=229518"}],"curies":[{"name":"wp","href":"https:\/\/api.w.org\/{rel}","templated":true}]}}