{"id":229544,"date":"2025-02-18T19:25:00","date_gmt":"2025-02-18T22:25:00","guid":{"rendered":"https:\/\/www.gaveanews.com\/?p=229544"},"modified":"2025-02-18T18:34:08","modified_gmt":"2025-02-18T21:34:08","slug":"a-declaracao-de-hansi-flick-direcionada-a-jude-bellingham","status":"publish","type":"post","link":"https:\/\/www.gaveanews.com\/index.php\/2025\/02\/18\/a-declaracao-de-hansi-flick-direcionada-a-jude-bellingham\/","title":{"rendered":"A declara\u00e7\u00e3o de Hansi Flick direcionada \u00e0 Jude Bellingham"},"content":{"rendered":"\n<h2 class=\"wp-block-heading\" id=\"h-desrespeitoso-diz-treinador-catalao\">&#8220;Desrespeitoso&#8221;, diz treinador catal\u00e3o <\/h2>\n\n\n\n<p>No \u00faltimo final de semana, o Real Madrid empatou com o Osasuna por 1 a 1, e uma atitude de Jude Bellingham ficou marcada. O meio-campista foi expulso ap\u00f3s xingar o \u00e1rbitro. O t\u00e9cnico do Barcelona, Hansi Flick, comentou sobre a situa\u00e7\u00e3o e reprovou a atitude de Bellingham. <\/p>\n\n\n\n<p>&#8220;Quando voc\u00ea me diz isso (uma ofensa como a de Bellingham), acho que n\u00e3o \u00e9 legal. \u00c9 desrespeitoso. Mas eu n\u00e3o tenho que decidir sobre essas situa\u00e7\u00f5es. Minha opini\u00e3o sobre isso, e \u00e9 o que eu digo aos meus jogadores o tempo todo, \u00e9 por que voc\u00ea desperdi\u00e7aria sua energia discutindo com um \u00e1rbitro e questionando uma decis\u00e3o?&#8221;, questionou o treinador do Barcelona.<\/p>\n\n\n\n<p>Na ocasi\u00e3o, o Real Madrid vencia o jogo por 1 a 0 quando Jude foi expulso. De acordo com a s\u00famula do \u00e1rbitro, o camisa 5 merengue foi expulso ap\u00f3s xingar o \u00e1rbitro o mandando &#8220;se f&#8230;&#8221;. <\/p>\n\n\n\n<p>&#8220;Para mim, temos uma pessoa em campo com direito a fazer isso (questionar a arbitragem), e \u00e9 o capit\u00e3o. Temos que aceitar isso. Sou um grande f\u00e3 de handebol e assisto muito ao esporte. E no handebol, quando o \u00e1rbitro apita, o time atacante simplesmente deixa a bola no ch\u00e3o e todos come\u00e7am a correr para tr\u00e1s para defender sem reclamar. Acho que todos n\u00f3s poder\u00edamos aprender muito com esse esporte&#8221;, disse Flick. <\/p>\n\n\n\n<p>Em defesa, Jude Bellingham afirmou que n\u00e3o proferiu essas palavras ao \u00e1rbitro da partida e tentou explicar o acontecimento que causou sua expuls\u00e3o. <\/p>\n\n\n\n<p>&#8220;Se voc\u00eas analisarem o v\u00eddeo podem ver que n\u00e3o \u00e9 a mesma coisa que diz o registro, espero que a Federa\u00e7\u00e3o leve isso em considera\u00e7\u00e3o. N\u00e3o insultei ningu\u00e9m, est\u00e1 claramente visto no v\u00eddeo, nem digo isso diretamente para o \u00e1rbitro, digo para mim mesmo que foi uma falta de compreens\u00e3o, um erro claro do \u00e1rbitro&#8221;, comentou Bellingham.<\/p>\n","protected":false},"excerpt":{"rendered":"<p>&#8220;Desrespeitoso&#8221;, diz treinador catal\u00e3o No \u00faltimo final de semana, o Real Madrid empatou com o Osasuna por 1 a 1, e uma atitude de Jude Bellingham ficou marcada. O meio-campista foi expulso ap\u00f3s xingar o \u00e1rbitro. O t\u00e9cnico do Barcelona, Hansi Flick, comentou sobre a situa\u00e7\u00e3o e reprovou a atitude de Bellingham. &#8220;Quando voc\u00ea me [&hellip;]<\/p>\n","protected":false},"author":21,"featured_media":108622,"comment_status":"open","ping_status":"closed","sticky":false,"template":"","format":"standard","meta":{"footnotes":""},"categories":[87,88],"tags":[],"class_list":["post-229544","post","type-post","status-publish","format-standard","has-post-thumbnail","hentry","category-barcelona","category-real-madrid"],"yoast_head":"<!-- This site is optimized with the Yoast SEO Premium plugin v24.2 (Yoast SEO v26.9) - https:\/\/yoast.com\/product\/yoast-seo-premium-wordpress\/ -->\n<title>A declara\u00e7\u00e3o de Hansi Flick direcionada \u00e0 Jude Bellingham<\/title>\n<meta name=\"robots\" content=\"index, follow, max-snippet:-1, max-image-preview:large, max-video-preview:-1\" \/>\n<link rel=\"canonical\" href=\"https:\/\/www.gaveanews.com\/index.php\/2025\/02\/18\/a-declaracao-de-hansi-flick-direcionada-a-jude-bellingham\/\" \/>\n<meta property=\"og:locale\" content=\"pt_BR\" \/>\n<meta property=\"og:type\" content=\"article\" \/>\n<meta property=\"og:title\" content=\"A declara\u00e7\u00e3o de Hansi Flick direcionada \u00e0 Jude Bellingham\" \/>\n<meta property=\"og:description\" content=\"&#8220;Desrespeitoso&#8221;, diz treinador catal\u00e3o No \u00faltimo final de semana, o Real Madrid empatou com o Osasuna por 1 a 1, e uma atitude de Jude Bellingham ficou marcada. O meio-campista foi expulso ap\u00f3s xingar o \u00e1rbitro. O t\u00e9cnico do Barcelona, Hansi Flick, comentou sobre a situa\u00e7\u00e3o e reprovou a atitude de Bellingham. &#8220;Quando voc\u00ea me [&hellip;]\" \/>\n<meta property=\"og:url\" content=\"https:\/\/www.gaveanews.com\/index.php\/2025\/02\/18\/a-declaracao-de-hansi-flick-direcionada-a-jude-bellingham\/\" \/>\n<meta property=\"og:site_name\" content=\"G\u00e1vea News\" \/>\n<meta property=\"article:publisher\" content=\"https:\/\/facebook.com\/gaveaNews\/\" \/>\n<meta property=\"article:published_time\" content=\"2025-02-18T22:25:00+00:00\" \/>\n<meta property=\"og:image\" content=\"https:\/\/www.gaveanews.com\/wp-content\/uploads\/Jude-Bellingham-comemora-apos-marcar-gol-pelo-Real-Madrid.webp\" \/>\n\t<meta property=\"og:image:width\" content=\"984\" \/>\n\t<meta property=\"og:image:height\" content=\"656\" \/>\n\t<meta property=\"og:image:type\" content=\"image\/webp\" \/>\n<meta name=\"author\" content=\"Andr\u00e9 Serra\" \/>\n<meta name=\"twitter:card\" content=\"summary_large_image\" \/>\n<meta name=\"twitter:label1\" content=\"Escrito por\" \/>\n\t<meta name=\"twitter:data1\" content=\"Andr\u00e9 Serra\" \/>\n\t<meta name=\"twitter:label2\" content=\"Est. tempo de leitura\" \/>\n\t<meta name=\"twitter:data2\" content=\"2 minutos\" \/>\n<script type=\"application\/ld+json\" class=\"yoast-schema-graph\">{\"@context\":\"https:\/\/schema.org\",\"@graph\":[{\"@type\":\"NewsArticle\",\"@id\":\"https:\/\/www.gaveanews.com\/index.php\/2025\/02\/18\/a-declaracao-de-hansi-flick-direcionada-a-jude-bellingham\/#article\",\"isPartOf\":{\"@id\":\"https:\/\/www.gaveanews.com\/index.php\/2025\/02\/18\/a-declaracao-de-hansi-flick-direcionada-a-jude-bellingham\/\"},\"author\":{\"name\":\"Andr\u00e9 Serra\",\"@id\":\"https:\/\/www.gaveanews.com\/#\/schema\/person\/0277a79a1289c451c281ec0411d84f0c\"},\"headline\":\"A declara\u00e7\u00e3o de Hansi Flick direcionada \u00e0 Jude Bellingham\",\"datePublished\":\"2025-02-18T22:25:00+00:00\",\"mainEntityOfPage\":{\"@id\":\"https:\/\/www.gaveanews.com\/index.php\/2025\/02\/18\/a-declaracao-de-hansi-flick-direcionada-a-jude-bellingham\/\"},\"wordCount\":333,\"commentCount\":0,\"image\":{\"@id\":\"https:\/\/www.gaveanews.com\/index.php\/2025\/02\/18\/a-declaracao-de-hansi-flick-direcionada-a-jude-bellingham\/#primaryimage\"},\"thumbnailUrl\":\"https:\/\/www.gaveanews.com\/wp-content\/uploads\/Jude-Bellingham-comemora-apos-marcar-gol-pelo-Real-Madrid.webp\",\"articleSection\":[\"Barcelona\",\"Real Madrid\"],\"inLanguage\":\"pt-BR\",\"potentialAction\":[{\"@type\":\"CommentAction\",\"name\":\"Comment\",\"target\":[\"https:\/\/www.gaveanews.com\/index.php\/2025\/02\/18\/a-declaracao-de-hansi-flick-direcionada-a-jude-bellingham\/#respond\"]}],\"copyrightYear\":\"2025\",\"copyrightHolder\":{\"@id\":\"https:\/\/www.gaveanews.com\/#organization\"}},{\"@type\":\"WebPage\",\"@id\":\"https:\/\/www.gaveanews.com\/index.php\/2025\/02\/18\/a-declaracao-de-hansi-flick-direcionada-a-jude-bellingham\/\",\"url\":\"https:\/\/www.gaveanews.com\/index.php\/2025\/02\/18\/a-declaracao-de-hansi-flick-direcionada-a-jude-bellingham\/\",\"name\":\"A declara\u00e7\u00e3o de Hansi Flick direcionada \u00e0 Jude Bellingham\",\"isPartOf\":{\"@id\":\"https:\/\/www.gaveanews.com\/#website\"},\"primaryImageOfPage\":{\"@id\":\"https:\/\/www.gaveanews.com\/index.php\/2025\/02\/18\/a-declaracao-de-hansi-flick-direcionada-a-jude-bellingham\/#primaryimage\"},\"image\":{\"@id\":\"https:\/\/www.gaveanews.com\/index.php\/2025\/02\/18\/a-declaracao-de-hansi-flick-direcionada-a-jude-bellingham\/#primaryimage\"},\"thumbnailUrl\":\"https:\/\/www.gaveanews.com\/wp-content\/uploads\/Jude-Bellingham-comemora-apos-marcar-gol-pelo-Real-Madrid.webp\",\"datePublished\":\"2025-02-18T22:25:00+00:00\",\"author\":{\"@id\":\"https:\/\/www.gaveanews.com\/#\/schema\/person\/0277a79a1289c451c281ec0411d84f0c\"},\"breadcrumb\":{\"@id\":\"https:\/\/www.gaveanews.com\/index.php\/2025\/02\/18\/a-declaracao-de-hansi-flick-direcionada-a-jude-bellingham\/#breadcrumb\"},\"inLanguage\":\"pt-BR\",\"potentialAction\":[{\"@type\":\"ReadAction\",\"target\":[\"https:\/\/www.gaveanews.com\/index.php\/2025\/02\/18\/a-declaracao-de-hansi-flick-direcionada-a-jude-bellingham\/\"]}]},{\"@type\":\"ImageObject\",\"inLanguage\":\"pt-BR\",\"@id\":\"https:\/\/www.gaveanews.com\/index.php\/2025\/02\/18\/a-declaracao-de-hansi-flick-direcionada-a-jude-bellingham\/#primaryimage\",\"url\":\"https:\/\/www.gaveanews.com\/wp-content\/uploads\/Jude-Bellingham-comemora-apos-marcar-gol-pelo-Real-Madrid.webp\",\"contentUrl\":\"https:\/\/www.gaveanews.com\/wp-content\/uploads\/Jude-Bellingham-comemora-apos-marcar-gol-pelo-Real-Madrid.webp\",\"width\":984,\"height\":656,\"caption\":\"Jude Bellingham comemora ap\u00f3s marcar gol pelo Real Madrid (Foto: Getty Images)\"},{\"@type\":\"BreadcrumbList\",\"@id\":\"https:\/\/www.gaveanews.com\/index.php\/2025\/02\/18\/a-declaracao-de-hansi-flick-direcionada-a-jude-bellingham\/#breadcrumb\",\"itemListElement\":[{\"@type\":\"ListItem\",\"position\":1,\"name\":\"Home\",\"item\":\"https:\/\/www.gaveanews.com\/\"},{\"@type\":\"ListItem\",\"position\":2,\"name\":\"A declara\u00e7\u00e3o de Hansi Flick direcionada \u00e0 Jude Bellingham\"}]},{\"@type\":\"WebSite\",\"@id\":\"https:\/\/www.gaveanews.com\/#website\",\"url\":\"https:\/\/www.gaveanews.com\/\",\"name\":\"G\u00e1vea News\",\"description\":\"Veja todas as not\u00edcias sobre o Flamengo: Contrata\u00e7\u00f5es, categorias de base, resultados das partidas, tabela de classifica\u00e7\u00e3o, pr\u00f3ximos jogos!\",\"potentialAction\":[{\"@type\":\"SearchAction\",\"target\":{\"@type\":\"EntryPoint\",\"urlTemplate\":\"https:\/\/www.gaveanews.com\/?s={search_term_string}\"},\"query-input\":{\"@type\":\"PropertyValueSpecification\",\"valueRequired\":true,\"valueName\":\"search_term_string\"}}],\"inLanguage\":\"pt-BR\"},{\"@type\":\"Person\",\"@id\":\"https:\/\/www.gaveanews.com\/#\/schema\/person\/0277a79a1289c451c281ec0411d84f0c\",\"name\":\"Andr\u00e9 Serra\",\"image\":{\"@type\":\"ImageObject\",\"inLanguage\":\"pt-BR\",\"@id\":\"https:\/\/www.gaveanews.com\/#\/schema\/person\/image\/\",\"url\":\"https:\/\/secure.gravatar.com\/avatar\/d7231369fe48db93292b3e88eb2162dbd9a34a47a8437d9ef3bcaca2a86a83d7?s=96&d=mm&r=g\",\"contentUrl\":\"https:\/\/secure.gravatar.com\/avatar\/d7231369fe48db93292b3e88eb2162dbd9a34a47a8437d9ef3bcaca2a86a83d7?s=96&d=mm&r=g\",\"caption\":\"Andr\u00e9 Serra\"}}]}<\/script>\n<!-- \/ Yoast SEO Premium plugin. -->","yoast_head_json":{"title":"A declara\u00e7\u00e3o de Hansi Flick direcionada \u00e0 Jude Bellingham","robots":{"index":"index","follow":"follow","max-snippet":"max-snippet:-1","max-image-preview":"max-image-preview:large","max-video-preview":"max-video-preview:-1"},"canonical":"https:\/\/www.gaveanews.com\/index.php\/2025\/02\/18\/a-declaracao-de-hansi-flick-direcionada-a-jude-bellingham\/","og_locale":"pt_BR","og_type":"article","og_title":"A declara\u00e7\u00e3o de Hansi Flick direcionada \u00e0 Jude Bellingham","og_description":"&#8220;Desrespeitoso&#8221;, diz treinador catal\u00e3o No \u00faltimo final de semana, o Real Madrid empatou com o Osasuna por 1 a 1, e uma atitude de Jude Bellingham ficou marcada. O meio-campista foi expulso ap\u00f3s xingar o \u00e1rbitro. O t\u00e9cnico do Barcelona, Hansi Flick, comentou sobre a situa\u00e7\u00e3o e reprovou a atitude de Bellingham. &#8220;Quando voc\u00ea me [&hellip;]","og_url":"https:\/\/www.gaveanews.com\/index.php\/2025\/02\/18\/a-declaracao-de-hansi-flick-direcionada-a-jude-bellingham\/","og_site_name":"G\u00e1vea News","article_publisher":"https:\/\/facebook.com\/gaveaNews\/","article_published_time":"2025-02-18T22:25:00+00:00","og_image":[{"width":984,"height":656,"url":"https:\/\/www.gaveanews.com\/wp-content\/uploads\/Jude-Bellingham-comemora-apos-marcar-gol-pelo-Real-Madrid.webp","type":"image\/webp"}],"author":"Andr\u00e9 Serra","twitter_card":"summary_large_image","twitter_misc":{"Escrito por":"Andr\u00e9 Serra","Est. tempo de leitura":"2 minutos"},"schema":{"@context":"https:\/\/schema.org","@graph":[{"@type":"NewsArticle","@id":"https:\/\/www.gaveanews.com\/index.php\/2025\/02\/18\/a-declaracao-de-hansi-flick-direcionada-a-jude-bellingham\/#article","isPartOf":{"@id":"https:\/\/www.gaveanews.com\/index.php\/2025\/02\/18\/a-declaracao-de-hansi-flick-direcionada-a-jude-bellingham\/"},"author":{"name":"Andr\u00e9 Serra","@id":"https:\/\/www.gaveanews.com\/#\/schema\/person\/0277a79a1289c451c281ec0411d84f0c"},"headline":"A declara\u00e7\u00e3o de Hansi Flick direcionada \u00e0 Jude Bellingham","datePublished":"2025-02-18T22:25:00+00:00","mainEntityOfPage":{"@id":"https:\/\/www.gaveanews.com\/index.php\/2025\/02\/18\/a-declaracao-de-hansi-flick-direcionada-a-jude-bellingham\/"},"wordCount":333,"commentCount":0,"image":{"@id":"https:\/\/www.gaveanews.com\/index.php\/2025\/02\/18\/a-declaracao-de-hansi-flick-direcionada-a-jude-bellingham\/#primaryimage"},"thumbnailUrl":"https:\/\/www.gaveanews.com\/wp-content\/uploads\/Jude-Bellingham-comemora-apos-marcar-gol-pelo-Real-Madrid.webp","articleSection":["Barcelona","Real Madrid"],"inLanguage":"pt-BR","potentialAction":[{"@type":"CommentAction","name":"Comment","target":["https:\/\/www.gaveanews.com\/index.php\/2025\/02\/18\/a-declaracao-de-hansi-flick-direcionada-a-jude-bellingham\/#respond"]}],"copyrightYear":"2025","copyrightHolder":{"@id":"https:\/\/www.gaveanews.com\/#organization"}},{"@type":"WebPage","@id":"https:\/\/www.gaveanews.com\/index.php\/2025\/02\/18\/a-declaracao-de-hansi-flick-direcionada-a-jude-bellingham\/","url":"https:\/\/www.gaveanews.com\/index.php\/2025\/02\/18\/a-declaracao-de-hansi-flick-direcionada-a-jude-bellingham\/","name":"A declara\u00e7\u00e3o de Hansi Flick direcionada \u00e0 Jude Bellingham","isPartOf":{"@id":"https:\/\/www.gaveanews.com\/#website"},"primaryImageOfPage":{"@id":"https:\/\/www.gaveanews.com\/index.php\/2025\/02\/18\/a-declaracao-de-hansi-flick-direcionada-a-jude-bellingham\/#primaryimage"},"image":{"@id":"https:\/\/www.gaveanews.com\/index.php\/2025\/02\/18\/a-declaracao-de-hansi-flick-direcionada-a-jude-bellingham\/#primaryimage"},"thumbnailUrl":"https:\/\/www.gaveanews.com\/wp-content\/uploads\/Jude-Bellingham-comemora-apos-marcar-gol-pelo-Real-Madrid.webp","datePublished":"2025-02-18T22:25:00+00:00","author":{"@id":"https:\/\/www.gaveanews.com\/#\/schema\/person\/0277a79a1289c451c281ec0411d84f0c"},"breadcrumb":{"@id":"https:\/\/www.gaveanews.com\/index.php\/2025\/02\/18\/a-declaracao-de-hansi-flick-direcionada-a-jude-bellingham\/#breadcrumb"},"inLanguage":"pt-BR","potentialAction":[{"@type":"ReadAction","target":["https:\/\/www.gaveanews.com\/index.php\/2025\/02\/18\/a-declaracao-de-hansi-flick-direcionada-a-jude-bellingham\/"]}]},{"@type":"ImageObject","inLanguage":"pt-BR","@id":"https:\/\/www.gaveanews.com\/index.php\/2025\/02\/18\/a-declaracao-de-hansi-flick-direcionada-a-jude-bellingham\/#primaryimage","url":"https:\/\/www.gaveanews.com\/wp-content\/uploads\/Jude-Bellingham-comemora-apos-marcar-gol-pelo-Real-Madrid.webp","contentUrl":"https:\/\/www.gaveanews.com\/wp-content\/uploads\/Jude-Bellingham-comemora-apos-marcar-gol-pelo-Real-Madrid.webp","width":984,"height":656,"caption":"Jude Bellingham comemora ap\u00f3s marcar gol pelo Real Madrid (Foto: Getty Images)"},{"@type":"BreadcrumbList","@id":"https:\/\/www.gaveanews.com\/index.php\/2025\/02\/18\/a-declaracao-de-hansi-flick-direcionada-a-jude-bellingham\/#breadcrumb","itemListElement":[{"@type":"ListItem","position":1,"name":"Home","item":"https:\/\/www.gaveanews.com\/"},{"@type":"ListItem","position":2,"name":"A declara\u00e7\u00e3o de Hansi Flick direcionada \u00e0 Jude Bellingham"}]},{"@type":"WebSite","@id":"https:\/\/www.gaveanews.com\/#website","url":"https:\/\/www.gaveanews.com\/","name":"G\u00e1vea News","description":"Veja todas as not\u00edcias sobre o Flamengo: Contrata\u00e7\u00f5es, categorias de base, resultados das partidas, tabela de classifica\u00e7\u00e3o, pr\u00f3ximos jogos!","potentialAction":[{"@type":"SearchAction","target":{"@type":"EntryPoint","urlTemplate":"https:\/\/www.gaveanews.com\/?s={search_term_string}"},"query-input":{"@type":"PropertyValueSpecification","valueRequired":true,"valueName":"search_term_string"}}],"inLanguage":"pt-BR"},{"@type":"Person","@id":"https:\/\/www.gaveanews.com\/#\/schema\/person\/0277a79a1289c451c281ec0411d84f0c","name":"Andr\u00e9 Serra","image":{"@type":"ImageObject","inLanguage":"pt-BR","@id":"https:\/\/www.gaveanews.com\/#\/schema\/person\/image\/","url":"https:\/\/secure.gravatar.com\/avatar\/d7231369fe48db93292b3e88eb2162dbd9a34a47a8437d9ef3bcaca2a86a83d7?s=96&d=mm&r=g","contentUrl":"https:\/\/secure.gravatar.com\/avatar\/d7231369fe48db93292b3e88eb2162dbd9a34a47a8437d9ef3bcaca2a86a83d7?s=96&d=mm&r=g","caption":"Andr\u00e9 Serra"}}]}},"_links":{"self":[{"href":"https:\/\/www.gaveanews.com\/index.php\/wp-json\/wp\/v2\/posts\/229544","targetHints":{"allow":["GET"]}}],"collection":[{"href":"https:\/\/www.gaveanews.com\/index.php\/wp-json\/wp\/v2\/posts"}],"about":[{"href":"https:\/\/www.gaveanews.com\/index.php\/wp-json\/wp\/v2\/types\/post"}],"author":[{"embeddable":true,"href":"https:\/\/www.gaveanews.com\/index.php\/wp-json\/wp\/v2\/users\/21"}],"replies":[{"embeddable":true,"href":"https:\/\/www.gaveanews.com\/index.php\/wp-json\/wp\/v2\/comments?post=229544"}],"version-history":[{"count":1,"href":"https:\/\/www.gaveanews.com\/index.php\/wp-json\/wp\/v2\/posts\/229544\/revisions"}],"predecessor-version":[{"id":229548,"href":"https:\/\/www.gaveanews.com\/index.php\/wp-json\/wp\/v2\/posts\/229544\/revisions\/229548"}],"wp:featuredmedia":[{"embeddable":true,"href":"https:\/\/www.gaveanews.com\/index.php\/wp-json\/wp\/v2\/media\/108622"}],"wp:attachment":[{"href":"https:\/\/www.gaveanews.com\/index.php\/wp-json\/wp\/v2\/media?parent=229544"}],"wp:term":[{"taxonomy":"category","embeddable":true,"href":"https:\/\/www.gaveanews.com\/index.php\/wp-json\/wp\/v2\/categories?post=229544"},{"taxonomy":"post_tag","embeddable":true,"href":"https:\/\/www.gaveanews.com\/index.php\/wp-json\/wp\/v2\/tags?post=229544"}],"curies":[{"name":"wp","href":"https:\/\/api.w.org\/{rel}","templated":true}]}}