{"id":229752,"date":"2025-02-19T01:10:00","date_gmt":"2025-02-19T04:10:00","guid":{"rendered":"https:\/\/www.gaveanews.com\/?p=229752"},"modified":"2025-02-18T23:27:45","modified_gmt":"2025-02-19T02:27:45","slug":"a-declaracao-de-mariano-sobre-ter-deixado-o-atletico-mg","status":"publish","type":"post","link":"https:\/\/www.gaveanews.com\/index.php\/2025\/02\/19\/a-declaracao-de-mariano-sobre-ter-deixado-o-atletico-mg\/","title":{"rendered":"A declara\u00e7\u00e3o de Mariano sobre ter deixado o Atl\u00e9tico-MG"},"content":{"rendered":"\n<h2 class=\"wp-block-heading\" id=\"h-mariano-e-apresentado-no-america-mg-e-fala-sobre-aposentadoria-estreia-e-saida-do-atletico-mg\">Mariano \u00e9 apresentado no Am\u00e9rica-MG e fala sobre aposentadoria, estreia e sa\u00edda do Atl\u00e9tico-MG<\/h2>\n\n\n\n<p>O lateral-direito Mariano foi apresentado nesta ter\u00e7a-feira no CT Lanna Drumond como novo refor\u00e7o do Am\u00e9rica-MG. O jogador, que chega para substituir Mateus Henrique, negociado com o Shabab Al-Ahli, dos Emirados \u00c1rabes Unidos, falou sobre sua chegada ao clube, os planos para o futuro e a possibilidade de estrear no cl\u00e1ssico contra o Cruzeiro, no pr\u00f3ximo s\u00e1bado.<\/p>\n\n\n\n<p>Mariano destacou que a proposta e o projeto do Am\u00e9rica o convenceram rapidamente a aceitar a oferta. Segundo ele, a negocia\u00e7\u00e3o foi conclu\u00edda de maneira \u00e1gil e sem grandes dificuldades.<\/p>\n\n\n\n<p>\u201cA proposta do clube, o projeto, os objetivos que o clube tem para esse ano me agradaram bastante. N\u00e3o pensei muito. Teve a negocia\u00e7\u00e3o e, no outro dia, eu j\u00e1 estava aqui para fazer os exames. Ent\u00e3o, foi algo que eu queria, que eu tinha em mente, tanto da minha parte como da parte do Am\u00e9rica. Acho que foi um dos contratos mais r\u00e1pidos que eu dei ok\u201d, afirmou.<\/p>\n\n\n\n<p>Sobre o futuro da carreira, Mariano revelou que deseja encerrar sua trajet\u00f3ria no futebol dentro de campo, atuando regularmente. Aos 37 anos, ele vinha treinando por conta pr\u00f3pria enquanto aguardava uma nova oportunidade.<\/p>\n\n\n\n<p>\u201cEu quero encerrar a carreira jogando. Eu estava esperando (a oportunidade), estava treinando sim, mas sabemos que \u00e9 diferente voc\u00ea treinar em casa, voc\u00ea treinar com o personal e voc\u00ea treinar com os atletas\u201d, comentou.<\/p>\n\n\n\n<p>Mariano estava no Atl\u00e9tico-MG desde 2020 e foi pe\u00e7a importante nas conquistas recentes do clube, incluindo o Campeonato Brasileiro de 2021. Ele tamb\u00e9m teve participa\u00e7\u00e3o decisiva na final da Libertadores contra o Botafogo. Apesar de n\u00e3o ter renovado para a atual temporada, o lateral garantiu que n\u00e3o guarda m\u00e1goas e sai do Galo de cabe\u00e7a erguida.<\/p>\n\n\n\n<p>\u201cA gente sabe que o futebol \u00e9 resultado, poderia ser que com o t\u00edtulo (da Libertadores), teria uma renova\u00e7\u00e3o. N\u00e3o aconteceu, mas sou muito grato ao Atl\u00e9tico, tudo que vivenciei l\u00e1. Fiz amigos, acho que isso \u00e9 o mais importante no futebol, sair pela porta da frente. Ent\u00e3o, acho que isso tinha que acontecer. N\u00e3o tenho nenhuma queixa sobre o clube, sobre os funcion\u00e1rios. Estou aqui no Am\u00e9rica e quero ser muito feliz\u201d, disse o jogador.<\/p>\n\n\n\n<p>A estreia de Mariano pode acontecer j\u00e1 no pr\u00f3ximo s\u00e1bado, contra o Cruzeiro, pelo Campeonato Mineiro. No entanto, ele deixou a decis\u00e3o nas m\u00e3os da comiss\u00e3o t\u00e9cnica e destacou que ainda precisa de ritmo de jogo e mais entrosamento com os novos companheiros.<\/p>\n\n\n\n<p>\u201cPreciso de tempo, ritmo, preciso conhecer os companheiros, a maneira que o treinador trabalha. Mas \u00e9 o dia a dia, isso conta muito e vamos dia ap\u00f3s dia. A gente vai se preparar e sentir junto com a comiss\u00e3o. A gente vai conversar e, se optarem por estar nesse jogo, com certeza vai ser o melhor para n\u00f3s\u201d, concluiu.<\/p>\n","protected":false},"excerpt":{"rendered":"<p>Mariano \u00e9 apresentado no Am\u00e9rica-MG e fala sobre aposentadoria, estreia e sa\u00edda do Atl\u00e9tico-MG O lateral-direito Mariano foi apresentado nesta ter\u00e7a-feira no CT Lanna Drumond como novo refor\u00e7o do Am\u00e9rica-MG. O jogador, que chega para substituir Mateus Henrique, negociado com o Shabab Al-Ahli, dos Emirados \u00c1rabes Unidos, falou sobre sua chegada ao clube, os planos [&hellip;]<\/p>\n","protected":false},"author":17,"featured_media":171356,"comment_status":"open","ping_status":"closed","sticky":false,"template":"","format":"standard","meta":{"footnotes":""},"categories":[160,136],"tags":[],"class_list":["post-229752","post","type-post","status-publish","format-standard","has-post-thumbnail","hentry","category-america-mg","category-atletico-mg"],"yoast_head":"<!-- This site is optimized with the Yoast SEO Premium plugin v24.2 (Yoast SEO v26.9) - https:\/\/yoast.com\/product\/yoast-seo-premium-wordpress\/ -->\n<title>A declara\u00e7\u00e3o de Mariano sobre ter deixado o Atl\u00e9tico-MG<\/title>\n<meta name=\"robots\" content=\"index, follow, max-snippet:-1, max-image-preview:large, max-video-preview:-1\" \/>\n<link rel=\"canonical\" href=\"https:\/\/www.gaveanews.com\/index.php\/2025\/02\/19\/a-declaracao-de-mariano-sobre-ter-deixado-o-atletico-mg\/\" \/>\n<meta property=\"og:locale\" content=\"pt_BR\" \/>\n<meta property=\"og:type\" content=\"article\" \/>\n<meta property=\"og:title\" content=\"A declara\u00e7\u00e3o de Mariano sobre ter deixado o Atl\u00e9tico-MG\" \/>\n<meta property=\"og:description\" content=\"Mariano \u00e9 apresentado no Am\u00e9rica-MG e fala sobre aposentadoria, estreia e sa\u00edda do Atl\u00e9tico-MG O lateral-direito Mariano foi apresentado nesta ter\u00e7a-feira no CT Lanna Drumond como novo refor\u00e7o do Am\u00e9rica-MG. O jogador, que chega para substituir Mateus Henrique, negociado com o Shabab Al-Ahli, dos Emirados \u00c1rabes Unidos, falou sobre sua chegada ao clube, os planos [&hellip;]\" \/>\n<meta property=\"og:url\" content=\"https:\/\/www.gaveanews.com\/index.php\/2025\/02\/19\/a-declaracao-de-mariano-sobre-ter-deixado-o-atletico-mg\/\" \/>\n<meta property=\"og:site_name\" content=\"G\u00e1vea News\" \/>\n<meta property=\"article:publisher\" content=\"https:\/\/facebook.com\/gaveaNews\/\" \/>\n<meta property=\"article:published_time\" content=\"2025-02-19T04:10:00+00:00\" \/>\n<meta property=\"og:image\" content=\"https:\/\/www.gaveanews.com\/wp-content\/uploads\/Mariano-em-acao-pelo-Atletico-MG.webp\" \/>\n\t<meta property=\"og:image:width\" content=\"561\" \/>\n\t<meta property=\"og:image:height\" content=\"517\" \/>\n\t<meta property=\"og:image:type\" content=\"image\/jpeg\" \/>\n<meta name=\"author\" content=\"Geovanna Thomaz\" \/>\n<meta name=\"twitter:card\" content=\"summary_large_image\" \/>\n<meta name=\"twitter:label1\" content=\"Escrito por\" \/>\n\t<meta name=\"twitter:data1\" content=\"Geovanna Thomaz\" \/>\n\t<meta name=\"twitter:label2\" content=\"Est. tempo de leitura\" \/>\n\t<meta name=\"twitter:data2\" content=\"3 minutos\" \/>\n<script type=\"application\/ld+json\" class=\"yoast-schema-graph\">{\"@context\":\"https:\/\/schema.org\",\"@graph\":[{\"@type\":\"NewsArticle\",\"@id\":\"https:\/\/www.gaveanews.com\/index.php\/2025\/02\/19\/a-declaracao-de-mariano-sobre-ter-deixado-o-atletico-mg\/#article\",\"isPartOf\":{\"@id\":\"https:\/\/www.gaveanews.com\/index.php\/2025\/02\/19\/a-declaracao-de-mariano-sobre-ter-deixado-o-atletico-mg\/\"},\"author\":{\"name\":\"Geovanna Thomaz\",\"@id\":\"https:\/\/www.gaveanews.com\/#\/schema\/person\/f42654babcd2b2014a1a65af82b081f1\"},\"headline\":\"A declara\u00e7\u00e3o de Mariano sobre ter deixado o Atl\u00e9tico-MG\",\"datePublished\":\"2025-02-19T04:10:00+00:00\",\"mainEntityOfPage\":{\"@id\":\"https:\/\/www.gaveanews.com\/index.php\/2025\/02\/19\/a-declaracao-de-mariano-sobre-ter-deixado-o-atletico-mg\/\"},\"wordCount\":519,\"commentCount\":0,\"image\":{\"@id\":\"https:\/\/www.gaveanews.com\/index.php\/2025\/02\/19\/a-declaracao-de-mariano-sobre-ter-deixado-o-atletico-mg\/#primaryimage\"},\"thumbnailUrl\":\"https:\/\/www.gaveanews.com\/wp-content\/uploads\/Mariano-em-acao-pelo-Atletico-MG.webp\",\"articleSection\":[\"Am\u00e9rica-MG\",\"Atl\u00e9tico-MG\"],\"inLanguage\":\"pt-BR\",\"potentialAction\":[{\"@type\":\"CommentAction\",\"name\":\"Comment\",\"target\":[\"https:\/\/www.gaveanews.com\/index.php\/2025\/02\/19\/a-declaracao-de-mariano-sobre-ter-deixado-o-atletico-mg\/#respond\"]}],\"copyrightYear\":\"2025\",\"copyrightHolder\":{\"@id\":\"https:\/\/www.gaveanews.com\/#organization\"}},{\"@type\":\"WebPage\",\"@id\":\"https:\/\/www.gaveanews.com\/index.php\/2025\/02\/19\/a-declaracao-de-mariano-sobre-ter-deixado-o-atletico-mg\/\",\"url\":\"https:\/\/www.gaveanews.com\/index.php\/2025\/02\/19\/a-declaracao-de-mariano-sobre-ter-deixado-o-atletico-mg\/\",\"name\":\"A declara\u00e7\u00e3o de Mariano sobre ter deixado o Atl\u00e9tico-MG\",\"isPartOf\":{\"@id\":\"https:\/\/www.gaveanews.com\/#website\"},\"primaryImageOfPage\":{\"@id\":\"https:\/\/www.gaveanews.com\/index.php\/2025\/02\/19\/a-declaracao-de-mariano-sobre-ter-deixado-o-atletico-mg\/#primaryimage\"},\"image\":{\"@id\":\"https:\/\/www.gaveanews.com\/index.php\/2025\/02\/19\/a-declaracao-de-mariano-sobre-ter-deixado-o-atletico-mg\/#primaryimage\"},\"thumbnailUrl\":\"https:\/\/www.gaveanews.com\/wp-content\/uploads\/Mariano-em-acao-pelo-Atletico-MG.webp\",\"datePublished\":\"2025-02-19T04:10:00+00:00\",\"author\":{\"@id\":\"https:\/\/www.gaveanews.com\/#\/schema\/person\/f42654babcd2b2014a1a65af82b081f1\"},\"breadcrumb\":{\"@id\":\"https:\/\/www.gaveanews.com\/index.php\/2025\/02\/19\/a-declaracao-de-mariano-sobre-ter-deixado-o-atletico-mg\/#breadcrumb\"},\"inLanguage\":\"pt-BR\",\"potentialAction\":[{\"@type\":\"ReadAction\",\"target\":[\"https:\/\/www.gaveanews.com\/index.php\/2025\/02\/19\/a-declaracao-de-mariano-sobre-ter-deixado-o-atletico-mg\/\"]}]},{\"@type\":\"ImageObject\",\"inLanguage\":\"pt-BR\",\"@id\":\"https:\/\/www.gaveanews.com\/index.php\/2025\/02\/19\/a-declaracao-de-mariano-sobre-ter-deixado-o-atletico-mg\/#primaryimage\",\"url\":\"https:\/\/www.gaveanews.com\/wp-content\/uploads\/Mariano-em-acao-pelo-Atletico-MG.webp\",\"contentUrl\":\"https:\/\/www.gaveanews.com\/wp-content\/uploads\/Mariano-em-acao-pelo-Atletico-MG.webp\",\"width\":561,\"height\":517,\"caption\":\"Mariano em a\u00e7\u00e3o pelo Atl\u00e9tico-MG (Foto: Pedro Souza\/Atl\u00e9tico)\"},{\"@type\":\"BreadcrumbList\",\"@id\":\"https:\/\/www.gaveanews.com\/index.php\/2025\/02\/19\/a-declaracao-de-mariano-sobre-ter-deixado-o-atletico-mg\/#breadcrumb\",\"itemListElement\":[{\"@type\":\"ListItem\",\"position\":1,\"name\":\"Home\",\"item\":\"https:\/\/www.gaveanews.com\/\"},{\"@type\":\"ListItem\",\"position\":2,\"name\":\"A declara\u00e7\u00e3o de Mariano sobre ter deixado o Atl\u00e9tico-MG\"}]},{\"@type\":\"WebSite\",\"@id\":\"https:\/\/www.gaveanews.com\/#website\",\"url\":\"https:\/\/www.gaveanews.com\/\",\"name\":\"G\u00e1vea News\",\"description\":\"Veja todas as not\u00edcias sobre o Flamengo: Contrata\u00e7\u00f5es, categorias de base, resultados das partidas, tabela de classifica\u00e7\u00e3o, pr\u00f3ximos jogos!\",\"potentialAction\":[{\"@type\":\"SearchAction\",\"target\":{\"@type\":\"EntryPoint\",\"urlTemplate\":\"https:\/\/www.gaveanews.com\/?s={search_term_string}\"},\"query-input\":{\"@type\":\"PropertyValueSpecification\",\"valueRequired\":true,\"valueName\":\"search_term_string\"}}],\"inLanguage\":\"pt-BR\"},{\"@type\":\"Person\",\"@id\":\"https:\/\/www.gaveanews.com\/#\/schema\/person\/f42654babcd2b2014a1a65af82b081f1\",\"name\":\"Geovanna Thomaz\",\"image\":{\"@type\":\"ImageObject\",\"inLanguage\":\"pt-BR\",\"@id\":\"https:\/\/www.gaveanews.com\/#\/schema\/person\/image\/\",\"url\":\"https:\/\/secure.gravatar.com\/avatar\/4092073255489533afb558984b49b64268c47198af8623cc82a925ae9fb7118a?s=96&d=mm&r=g\",\"contentUrl\":\"https:\/\/secure.gravatar.com\/avatar\/4092073255489533afb558984b49b64268c47198af8623cc82a925ae9fb7118a?s=96&d=mm&r=g\",\"caption\":\"Geovanna Thomaz\"}}]}<\/script>\n<!-- \/ Yoast SEO Premium plugin. -->","yoast_head_json":{"title":"A declara\u00e7\u00e3o de Mariano sobre ter deixado o Atl\u00e9tico-MG","robots":{"index":"index","follow":"follow","max-snippet":"max-snippet:-1","max-image-preview":"max-image-preview:large","max-video-preview":"max-video-preview:-1"},"canonical":"https:\/\/www.gaveanews.com\/index.php\/2025\/02\/19\/a-declaracao-de-mariano-sobre-ter-deixado-o-atletico-mg\/","og_locale":"pt_BR","og_type":"article","og_title":"A declara\u00e7\u00e3o de Mariano sobre ter deixado o Atl\u00e9tico-MG","og_description":"Mariano \u00e9 apresentado no Am\u00e9rica-MG e fala sobre aposentadoria, estreia e sa\u00edda do Atl\u00e9tico-MG O lateral-direito Mariano foi apresentado nesta ter\u00e7a-feira no CT Lanna Drumond como novo refor\u00e7o do Am\u00e9rica-MG. O jogador, que chega para substituir Mateus Henrique, negociado com o Shabab Al-Ahli, dos Emirados \u00c1rabes Unidos, falou sobre sua chegada ao clube, os planos [&hellip;]","og_url":"https:\/\/www.gaveanews.com\/index.php\/2025\/02\/19\/a-declaracao-de-mariano-sobre-ter-deixado-o-atletico-mg\/","og_site_name":"G\u00e1vea News","article_publisher":"https:\/\/facebook.com\/gaveaNews\/","article_published_time":"2025-02-19T04:10:00+00:00","og_image":[{"width":561,"height":517,"url":"https:\/\/www.gaveanews.com\/wp-content\/uploads\/Mariano-em-acao-pelo-Atletico-MG.webp","type":"image\/jpeg"}],"author":"Geovanna Thomaz","twitter_card":"summary_large_image","twitter_misc":{"Escrito por":"Geovanna Thomaz","Est. tempo de leitura":"3 minutos"},"schema":{"@context":"https:\/\/schema.org","@graph":[{"@type":"NewsArticle","@id":"https:\/\/www.gaveanews.com\/index.php\/2025\/02\/19\/a-declaracao-de-mariano-sobre-ter-deixado-o-atletico-mg\/#article","isPartOf":{"@id":"https:\/\/www.gaveanews.com\/index.php\/2025\/02\/19\/a-declaracao-de-mariano-sobre-ter-deixado-o-atletico-mg\/"},"author":{"name":"Geovanna Thomaz","@id":"https:\/\/www.gaveanews.com\/#\/schema\/person\/f42654babcd2b2014a1a65af82b081f1"},"headline":"A declara\u00e7\u00e3o de Mariano sobre ter deixado o Atl\u00e9tico-MG","datePublished":"2025-02-19T04:10:00+00:00","mainEntityOfPage":{"@id":"https:\/\/www.gaveanews.com\/index.php\/2025\/02\/19\/a-declaracao-de-mariano-sobre-ter-deixado-o-atletico-mg\/"},"wordCount":519,"commentCount":0,"image":{"@id":"https:\/\/www.gaveanews.com\/index.php\/2025\/02\/19\/a-declaracao-de-mariano-sobre-ter-deixado-o-atletico-mg\/#primaryimage"},"thumbnailUrl":"https:\/\/www.gaveanews.com\/wp-content\/uploads\/Mariano-em-acao-pelo-Atletico-MG.webp","articleSection":["Am\u00e9rica-MG","Atl\u00e9tico-MG"],"inLanguage":"pt-BR","potentialAction":[{"@type":"CommentAction","name":"Comment","target":["https:\/\/www.gaveanews.com\/index.php\/2025\/02\/19\/a-declaracao-de-mariano-sobre-ter-deixado-o-atletico-mg\/#respond"]}],"copyrightYear":"2025","copyrightHolder":{"@id":"https:\/\/www.gaveanews.com\/#organization"}},{"@type":"WebPage","@id":"https:\/\/www.gaveanews.com\/index.php\/2025\/02\/19\/a-declaracao-de-mariano-sobre-ter-deixado-o-atletico-mg\/","url":"https:\/\/www.gaveanews.com\/index.php\/2025\/02\/19\/a-declaracao-de-mariano-sobre-ter-deixado-o-atletico-mg\/","name":"A declara\u00e7\u00e3o de Mariano sobre ter deixado o Atl\u00e9tico-MG","isPartOf":{"@id":"https:\/\/www.gaveanews.com\/#website"},"primaryImageOfPage":{"@id":"https:\/\/www.gaveanews.com\/index.php\/2025\/02\/19\/a-declaracao-de-mariano-sobre-ter-deixado-o-atletico-mg\/#primaryimage"},"image":{"@id":"https:\/\/www.gaveanews.com\/index.php\/2025\/02\/19\/a-declaracao-de-mariano-sobre-ter-deixado-o-atletico-mg\/#primaryimage"},"thumbnailUrl":"https:\/\/www.gaveanews.com\/wp-content\/uploads\/Mariano-em-acao-pelo-Atletico-MG.webp","datePublished":"2025-02-19T04:10:00+00:00","author":{"@id":"https:\/\/www.gaveanews.com\/#\/schema\/person\/f42654babcd2b2014a1a65af82b081f1"},"breadcrumb":{"@id":"https:\/\/www.gaveanews.com\/index.php\/2025\/02\/19\/a-declaracao-de-mariano-sobre-ter-deixado-o-atletico-mg\/#breadcrumb"},"inLanguage":"pt-BR","potentialAction":[{"@type":"ReadAction","target":["https:\/\/www.gaveanews.com\/index.php\/2025\/02\/19\/a-declaracao-de-mariano-sobre-ter-deixado-o-atletico-mg\/"]}]},{"@type":"ImageObject","inLanguage":"pt-BR","@id":"https:\/\/www.gaveanews.com\/index.php\/2025\/02\/19\/a-declaracao-de-mariano-sobre-ter-deixado-o-atletico-mg\/#primaryimage","url":"https:\/\/www.gaveanews.com\/wp-content\/uploads\/Mariano-em-acao-pelo-Atletico-MG.webp","contentUrl":"https:\/\/www.gaveanews.com\/wp-content\/uploads\/Mariano-em-acao-pelo-Atletico-MG.webp","width":561,"height":517,"caption":"Mariano em a\u00e7\u00e3o pelo Atl\u00e9tico-MG (Foto: Pedro Souza\/Atl\u00e9tico)"},{"@type":"BreadcrumbList","@id":"https:\/\/www.gaveanews.com\/index.php\/2025\/02\/19\/a-declaracao-de-mariano-sobre-ter-deixado-o-atletico-mg\/#breadcrumb","itemListElement":[{"@type":"ListItem","position":1,"name":"Home","item":"https:\/\/www.gaveanews.com\/"},{"@type":"ListItem","position":2,"name":"A declara\u00e7\u00e3o de Mariano sobre ter deixado o Atl\u00e9tico-MG"}]},{"@type":"WebSite","@id":"https:\/\/www.gaveanews.com\/#website","url":"https:\/\/www.gaveanews.com\/","name":"G\u00e1vea News","description":"Veja todas as not\u00edcias sobre o Flamengo: Contrata\u00e7\u00f5es, categorias de base, resultados das partidas, tabela de classifica\u00e7\u00e3o, pr\u00f3ximos jogos!","potentialAction":[{"@type":"SearchAction","target":{"@type":"EntryPoint","urlTemplate":"https:\/\/www.gaveanews.com\/?s={search_term_string}"},"query-input":{"@type":"PropertyValueSpecification","valueRequired":true,"valueName":"search_term_string"}}],"inLanguage":"pt-BR"},{"@type":"Person","@id":"https:\/\/www.gaveanews.com\/#\/schema\/person\/f42654babcd2b2014a1a65af82b081f1","name":"Geovanna Thomaz","image":{"@type":"ImageObject","inLanguage":"pt-BR","@id":"https:\/\/www.gaveanews.com\/#\/schema\/person\/image\/","url":"https:\/\/secure.gravatar.com\/avatar\/4092073255489533afb558984b49b64268c47198af8623cc82a925ae9fb7118a?s=96&d=mm&r=g","contentUrl":"https:\/\/secure.gravatar.com\/avatar\/4092073255489533afb558984b49b64268c47198af8623cc82a925ae9fb7118a?s=96&d=mm&r=g","caption":"Geovanna Thomaz"}}]}},"_links":{"self":[{"href":"https:\/\/www.gaveanews.com\/index.php\/wp-json\/wp\/v2\/posts\/229752","targetHints":{"allow":["GET"]}}],"collection":[{"href":"https:\/\/www.gaveanews.com\/index.php\/wp-json\/wp\/v2\/posts"}],"about":[{"href":"https:\/\/www.gaveanews.com\/index.php\/wp-json\/wp\/v2\/types\/post"}],"author":[{"embeddable":true,"href":"https:\/\/www.gaveanews.com\/index.php\/wp-json\/wp\/v2\/users\/17"}],"replies":[{"embeddable":true,"href":"https:\/\/www.gaveanews.com\/index.php\/wp-json\/wp\/v2\/comments?post=229752"}],"version-history":[{"count":1,"href":"https:\/\/www.gaveanews.com\/index.php\/wp-json\/wp\/v2\/posts\/229752\/revisions"}],"predecessor-version":[{"id":229755,"href":"https:\/\/www.gaveanews.com\/index.php\/wp-json\/wp\/v2\/posts\/229752\/revisions\/229755"}],"wp:featuredmedia":[{"embeddable":true,"href":"https:\/\/www.gaveanews.com\/index.php\/wp-json\/wp\/v2\/media\/171356"}],"wp:attachment":[{"href":"https:\/\/www.gaveanews.com\/index.php\/wp-json\/wp\/v2\/media?parent=229752"}],"wp:term":[{"taxonomy":"category","embeddable":true,"href":"https:\/\/www.gaveanews.com\/index.php\/wp-json\/wp\/v2\/categories?post=229752"},{"taxonomy":"post_tag","embeddable":true,"href":"https:\/\/www.gaveanews.com\/index.php\/wp-json\/wp\/v2\/tags?post=229752"}],"curies":[{"name":"wp","href":"https:\/\/api.w.org\/{rel}","templated":true}]}}