{"id":229928,"date":"2025-02-19T15:25:55","date_gmt":"2025-02-19T18:25:55","guid":{"rendered":"https:\/\/www.gaveanews.com\/?p=229928"},"modified":"2025-02-19T15:25:57","modified_gmt":"2025-02-19T18:25:57","slug":"sormani-afirma-que-o-corinthians-deve-contratar-jogador-do-flamengo","status":"publish","type":"post","link":"https:\/\/www.gaveanews.com\/index.php\/2025\/02\/19\/sormani-afirma-que-o-corinthians-deve-contratar-jogador-do-flamengo\/","title":{"rendered":"Sormani afirma que o Corinthians deve contratar jogador do Flamengo"},"content":{"rendered":"\n<p>O Corinthians vive um momento positivo na temporada, o que reacende a esperan\u00e7a da torcida por t\u00edtulos. No Campeonato Paulista, a equipe lidera a classifica\u00e7\u00e3o geral e apresenta um futebol consistente.&nbsp;<\/p>\n\n\n\n<p>No entanto, a diretoria alvinegra pode buscar refor\u00e7os pontuais para fortalecer o elenco e brigar por conquistas ainda maiores.<\/p>\n\n\n\n<h2 class=\"wp-block-heading\" id=\"h-laterais-sao-a-principal-carencia-do-elenco\">Laterais s\u00e3o a principal car\u00eancia do elenco<\/h2>\n\n\n\n<p>No programa Opini\u00e3o Placar, da Placar TV, o jornalista Felippe Facincani destacou que o setor mais carente do elenco corintiano est\u00e1 nas laterais. Segundo ele, falta um jogador de impacto para a posi\u00e7\u00e3o, o que foi refor\u00e7ado por F\u00e1bio Sormani.<\/p>\n\n\n\n<p>Sormani, por sua vez, foi direto ao afirmar que n\u00e3o h\u00e1 laterais de grande n\u00edvel no futebol brasileiro atualmente.&nbsp;<\/p>\n\n\n\n<p>\u201cN\u00e3o tem lateral de impacto, n\u00e3o existe. Esse jogador ficou no passado, n\u00e3o tem. Nem a sele\u00e7\u00e3o brasileira tem lateral. O futebol brasileiro n\u00e3o produz mais. O Wesley est\u00e1 bem no Flamengo, mas ele deslanchou agora\u201d, disse o comentarista.<\/p>\n\n\n\n<h2 class=\"wp-block-heading\" id=\"h-vina-pode-ser-solucao-para-o-corinthians\">Vi\u00f1a pode ser solu\u00e7\u00e3o para o Corinthians?<\/h2>\n\n\n\n<p>Ao analisar a situa\u00e7\u00e3o, Sormani sugeriu um nome do Flamengo para refor\u00e7ar o Corinthians.&nbsp;<\/p>\n\n\n\n<p>\u201cO Flamengo at\u00e9 tem bons laterais, na esquerda tem o Vi\u00f1a, Ayrton Lucas e Alex Sandro. Eu acho que seria muito interessante para o Corinthians contratar o Vi\u00f1a. S\u00e3o tr\u00eas jogadores na posi\u00e7\u00e3o, ele n\u00e3o vai jogar. E \u00e9 bom jogador, da sele\u00e7\u00e3o uruguaia. Agora, lateral-direito, n\u00e3o tem\u201d, afirmou.<\/p>\n\n\n\n<p>Vale destacar que Vi\u00f1a se recupera de uma les\u00e3o grave no joelho, sofrida em agosto do ano passado. Por isso, sua volta aos gramados est\u00e1 prevista apenas para o segundo semestre deste ano. Sendo assim, qualquer negocia\u00e7\u00e3o envolvendo o jogador deve levar em conta seu estado f\u00edsico.<\/p>\n\n\n\n<h2 class=\"wp-block-heading\" id=\"h-decisao-pela-libertadores-a-vista\">Decis\u00e3o pela Libertadores \u00e0 vista<\/h2>\n\n\n\n<p>Enquanto a diretoria analisa refor\u00e7os, o Corinthians tem um desafio importante pela frente. Amanh\u00e3 (19), o Tim\u00e3o enfrenta o Universidad Central-VEN pela fase preliminar da Libertadores. A partida de ida ser\u00e1 na Venezuela, enquanto a volta acontece na pr\u00f3xima quarta-feira (26), na Neo Qu\u00edmica Arena.<\/p>\n\n\n\n<p>Dessa maneira, o foco do time est\u00e1 em garantir a classifica\u00e7\u00e3o para a fase de grupos da competi\u00e7\u00e3o continental. Com isso, o t\u00e9cnico e a torcida esperam que o bom momento da equipe se transforme em vit\u00f3rias e, futuramente, em t\u00edtulos.<\/p>\n","protected":false},"excerpt":{"rendered":"<p>O Corinthians vive um momento positivo na temporada, o que reacende a esperan\u00e7a da torcida por t\u00edtulos. No Campeonato Paulista, a equipe lidera a classifica\u00e7\u00e3o geral e apresenta um futebol consistente.&nbsp; No entanto, a diretoria alvinegra pode buscar refor\u00e7os pontuais para fortalecer o elenco e brigar por conquistas ainda maiores. Laterais s\u00e3o a principal car\u00eancia [&hellip;]<\/p>\n","protected":false},"author":25,"featured_media":52970,"comment_status":"open","ping_status":"closed","sticky":false,"template":"","format":"standard","meta":{"footnotes":""},"categories":[141,1],"tags":[],"class_list":["post-229928","post","type-post","status-publish","format-standard","has-post-thumbnail","hentry","category-corinthians","category-flamengo"],"yoast_head":"<!-- This site is optimized with the Yoast SEO Premium plugin v24.2 (Yoast SEO v26.9) - https:\/\/yoast.com\/product\/yoast-seo-premium-wordpress\/ -->\n<title>Sormani afirma que o Corinthians deve contratar jogador do Flamengo<\/title>\n<meta name=\"robots\" content=\"index, follow, max-snippet:-1, max-image-preview:large, max-video-preview:-1\" \/>\n<link rel=\"canonical\" href=\"https:\/\/www.gaveanews.com\/index.php\/2025\/02\/19\/sormani-afirma-que-o-corinthians-deve-contratar-jogador-do-flamengo\/\" \/>\n<meta property=\"og:locale\" content=\"pt_BR\" \/>\n<meta property=\"og:type\" content=\"article\" \/>\n<meta property=\"og:title\" content=\"Sormani afirma que o Corinthians deve contratar jogador do Flamengo\" \/>\n<meta property=\"og:description\" content=\"O Corinthians vive um momento positivo na temporada, o que reacende a esperan\u00e7a da torcida por t\u00edtulos. No Campeonato Paulista, a equipe lidera a classifica\u00e7\u00e3o geral e apresenta um futebol consistente.&nbsp; No entanto, a diretoria alvinegra pode buscar refor\u00e7os pontuais para fortalecer o elenco e brigar por conquistas ainda maiores. Laterais s\u00e3o a principal car\u00eancia [&hellip;]\" \/>\n<meta property=\"og:url\" content=\"https:\/\/www.gaveanews.com\/index.php\/2025\/02\/19\/sormani-afirma-que-o-corinthians-deve-contratar-jogador-do-flamengo\/\" \/>\n<meta property=\"og:site_name\" content=\"G\u00e1vea News\" \/>\n<meta property=\"article:publisher\" content=\"https:\/\/facebook.com\/gaveaNews\/\" \/>\n<meta property=\"article:published_time\" content=\"2025-02-19T18:25:55+00:00\" \/>\n<meta property=\"article:modified_time\" content=\"2025-02-19T18:25:57+00:00\" \/>\n<meta property=\"og:image\" content=\"http:\/\/www.gaveanews.com\/wp-content\/uploads\/Sormani-durante-um-programa-da-emissora-Fox-Sports.webp\" \/>\n\t<meta property=\"og:image:width\" content=\"650\" \/>\n\t<meta property=\"og:image:height\" content=\"325\" \/>\n\t<meta property=\"og:image:type\" content=\"image\/jpeg\" \/>\n<meta name=\"author\" content=\"Rafaela Ladeira\" \/>\n<meta name=\"twitter:card\" content=\"summary_large_image\" \/>\n<meta name=\"twitter:label1\" content=\"Escrito por\" \/>\n\t<meta name=\"twitter:data1\" content=\"Rafaela Ladeira\" \/>\n\t<meta name=\"twitter:label2\" content=\"Est. tempo de leitura\" \/>\n\t<meta name=\"twitter:data2\" content=\"3 minutos\" \/>\n<script type=\"application\/ld+json\" class=\"yoast-schema-graph\">{\"@context\":\"https:\/\/schema.org\",\"@graph\":[{\"@type\":\"NewsArticle\",\"@id\":\"https:\/\/www.gaveanews.com\/index.php\/2025\/02\/19\/sormani-afirma-que-o-corinthians-deve-contratar-jogador-do-flamengo\/#article\",\"isPartOf\":{\"@id\":\"https:\/\/www.gaveanews.com\/index.php\/2025\/02\/19\/sormani-afirma-que-o-corinthians-deve-contratar-jogador-do-flamengo\/\"},\"author\":{\"name\":\"Rafaela Ladeira\",\"@id\":\"https:\/\/www.gaveanews.com\/#\/schema\/person\/0eb3e3fe1754f0205218538adbe8f5ed\"},\"headline\":\"Sormani afirma que o Corinthians deve contratar jogador do Flamengo\",\"datePublished\":\"2025-02-19T18:25:55+00:00\",\"dateModified\":\"2025-02-19T18:25:57+00:00\",\"mainEntityOfPage\":{\"@id\":\"https:\/\/www.gaveanews.com\/index.php\/2025\/02\/19\/sormani-afirma-que-o-corinthians-deve-contratar-jogador-do-flamengo\/\"},\"wordCount\":415,\"commentCount\":0,\"image\":{\"@id\":\"https:\/\/www.gaveanews.com\/index.php\/2025\/02\/19\/sormani-afirma-que-o-corinthians-deve-contratar-jogador-do-flamengo\/#primaryimage\"},\"thumbnailUrl\":\"https:\/\/www.gaveanews.com\/wp-content\/uploads\/Sormani-durante-um-programa-da-emissora-Fox-Sports.webp\",\"articleSection\":[\"Corinthians\",\"Flamengo\"],\"inLanguage\":\"pt-BR\",\"potentialAction\":[{\"@type\":\"CommentAction\",\"name\":\"Comment\",\"target\":[\"https:\/\/www.gaveanews.com\/index.php\/2025\/02\/19\/sormani-afirma-que-o-corinthians-deve-contratar-jogador-do-flamengo\/#respond\"]}],\"copyrightYear\":\"2025\",\"copyrightHolder\":{\"@id\":\"https:\/\/www.gaveanews.com\/#organization\"}},{\"@type\":\"WebPage\",\"@id\":\"https:\/\/www.gaveanews.com\/index.php\/2025\/02\/19\/sormani-afirma-que-o-corinthians-deve-contratar-jogador-do-flamengo\/\",\"url\":\"https:\/\/www.gaveanews.com\/index.php\/2025\/02\/19\/sormani-afirma-que-o-corinthians-deve-contratar-jogador-do-flamengo\/\",\"name\":\"Sormani afirma que o Corinthians deve contratar jogador do Flamengo\",\"isPartOf\":{\"@id\":\"https:\/\/www.gaveanews.com\/#website\"},\"primaryImageOfPage\":{\"@id\":\"https:\/\/www.gaveanews.com\/index.php\/2025\/02\/19\/sormani-afirma-que-o-corinthians-deve-contratar-jogador-do-flamengo\/#primaryimage\"},\"image\":{\"@id\":\"https:\/\/www.gaveanews.com\/index.php\/2025\/02\/19\/sormani-afirma-que-o-corinthians-deve-contratar-jogador-do-flamengo\/#primaryimage\"},\"thumbnailUrl\":\"https:\/\/www.gaveanews.com\/wp-content\/uploads\/Sormani-durante-um-programa-da-emissora-Fox-Sports.webp\",\"datePublished\":\"2025-02-19T18:25:55+00:00\",\"dateModified\":\"2025-02-19T18:25:57+00:00\",\"author\":{\"@id\":\"https:\/\/www.gaveanews.com\/#\/schema\/person\/0eb3e3fe1754f0205218538adbe8f5ed\"},\"breadcrumb\":{\"@id\":\"https:\/\/www.gaveanews.com\/index.php\/2025\/02\/19\/sormani-afirma-que-o-corinthians-deve-contratar-jogador-do-flamengo\/#breadcrumb\"},\"inLanguage\":\"pt-BR\",\"potentialAction\":[{\"@type\":\"ReadAction\",\"target\":[\"https:\/\/www.gaveanews.com\/index.php\/2025\/02\/19\/sormani-afirma-que-o-corinthians-deve-contratar-jogador-do-flamengo\/\"]}]},{\"@type\":\"ImageObject\",\"inLanguage\":\"pt-BR\",\"@id\":\"https:\/\/www.gaveanews.com\/index.php\/2025\/02\/19\/sormani-afirma-que-o-corinthians-deve-contratar-jogador-do-flamengo\/#primaryimage\",\"url\":\"https:\/\/www.gaveanews.com\/wp-content\/uploads\/Sormani-durante-um-programa-da-emissora-Fox-Sports.webp\",\"contentUrl\":\"https:\/\/www.gaveanews.com\/wp-content\/uploads\/Sormani-durante-um-programa-da-emissora-Fox-Sports.webp\",\"width\":650,\"height\":325,\"caption\":\"Sormani durante um programa da emissora Fox Sports (Foto: Reprodu\u00e7\u00e3o)\"},{\"@type\":\"BreadcrumbList\",\"@id\":\"https:\/\/www.gaveanews.com\/index.php\/2025\/02\/19\/sormani-afirma-que-o-corinthians-deve-contratar-jogador-do-flamengo\/#breadcrumb\",\"itemListElement\":[{\"@type\":\"ListItem\",\"position\":1,\"name\":\"Home\",\"item\":\"https:\/\/www.gaveanews.com\/\"},{\"@type\":\"ListItem\",\"position\":2,\"name\":\"Sormani afirma que o Corinthians deve contratar jogador do Flamengo\"}]},{\"@type\":\"WebSite\",\"@id\":\"https:\/\/www.gaveanews.com\/#website\",\"url\":\"https:\/\/www.gaveanews.com\/\",\"name\":\"G\u00e1vea News\",\"description\":\"Veja todas as not\u00edcias sobre o Flamengo: Contrata\u00e7\u00f5es, categorias de base, resultados das partidas, tabela de classifica\u00e7\u00e3o, pr\u00f3ximos jogos!\",\"potentialAction\":[{\"@type\":\"SearchAction\",\"target\":{\"@type\":\"EntryPoint\",\"urlTemplate\":\"https:\/\/www.gaveanews.com\/?s={search_term_string}\"},\"query-input\":{\"@type\":\"PropertyValueSpecification\",\"valueRequired\":true,\"valueName\":\"search_term_string\"}}],\"inLanguage\":\"pt-BR\"},{\"@type\":\"Person\",\"@id\":\"https:\/\/www.gaveanews.com\/#\/schema\/person\/0eb3e3fe1754f0205218538adbe8f5ed\",\"name\":\"Rafaela Ladeira\",\"image\":{\"@type\":\"ImageObject\",\"inLanguage\":\"pt-BR\",\"@id\":\"https:\/\/www.gaveanews.com\/#\/schema\/person\/image\/\",\"url\":\"https:\/\/secure.gravatar.com\/avatar\/c31f513acffd85eacab5730cbdfdbbf59f21ba5aeada8cd890acea879fbb2455?s=96&d=mm&r=g\",\"contentUrl\":\"https:\/\/secure.gravatar.com\/avatar\/c31f513acffd85eacab5730cbdfdbbf59f21ba5aeada8cd890acea879fbb2455?s=96&d=mm&r=g\",\"caption\":\"Rafaela Ladeira\"}}]}<\/script>\n<!-- \/ Yoast SEO Premium plugin. -->","yoast_head_json":{"title":"Sormani afirma que o Corinthians deve contratar jogador do Flamengo","robots":{"index":"index","follow":"follow","max-snippet":"max-snippet:-1","max-image-preview":"max-image-preview:large","max-video-preview":"max-video-preview:-1"},"canonical":"https:\/\/www.gaveanews.com\/index.php\/2025\/02\/19\/sormani-afirma-que-o-corinthians-deve-contratar-jogador-do-flamengo\/","og_locale":"pt_BR","og_type":"article","og_title":"Sormani afirma que o Corinthians deve contratar jogador do Flamengo","og_description":"O Corinthians vive um momento positivo na temporada, o que reacende a esperan\u00e7a da torcida por t\u00edtulos. No Campeonato Paulista, a equipe lidera a classifica\u00e7\u00e3o geral e apresenta um futebol consistente.&nbsp; No entanto, a diretoria alvinegra pode buscar refor\u00e7os pontuais para fortalecer o elenco e brigar por conquistas ainda maiores. Laterais s\u00e3o a principal car\u00eancia [&hellip;]","og_url":"https:\/\/www.gaveanews.com\/index.php\/2025\/02\/19\/sormani-afirma-que-o-corinthians-deve-contratar-jogador-do-flamengo\/","og_site_name":"G\u00e1vea News","article_publisher":"https:\/\/facebook.com\/gaveaNews\/","article_published_time":"2025-02-19T18:25:55+00:00","article_modified_time":"2025-02-19T18:25:57+00:00","og_image":[{"width":650,"height":325,"url":"http:\/\/www.gaveanews.com\/wp-content\/uploads\/Sormani-durante-um-programa-da-emissora-Fox-Sports.webp","type":"image\/jpeg"}],"author":"Rafaela Ladeira","twitter_card":"summary_large_image","twitter_misc":{"Escrito por":"Rafaela Ladeira","Est. tempo de leitura":"3 minutos"},"schema":{"@context":"https:\/\/schema.org","@graph":[{"@type":"NewsArticle","@id":"https:\/\/www.gaveanews.com\/index.php\/2025\/02\/19\/sormani-afirma-que-o-corinthians-deve-contratar-jogador-do-flamengo\/#article","isPartOf":{"@id":"https:\/\/www.gaveanews.com\/index.php\/2025\/02\/19\/sormani-afirma-que-o-corinthians-deve-contratar-jogador-do-flamengo\/"},"author":{"name":"Rafaela Ladeira","@id":"https:\/\/www.gaveanews.com\/#\/schema\/person\/0eb3e3fe1754f0205218538adbe8f5ed"},"headline":"Sormani afirma que o Corinthians deve contratar jogador do Flamengo","datePublished":"2025-02-19T18:25:55+00:00","dateModified":"2025-02-19T18:25:57+00:00","mainEntityOfPage":{"@id":"https:\/\/www.gaveanews.com\/index.php\/2025\/02\/19\/sormani-afirma-que-o-corinthians-deve-contratar-jogador-do-flamengo\/"},"wordCount":415,"commentCount":0,"image":{"@id":"https:\/\/www.gaveanews.com\/index.php\/2025\/02\/19\/sormani-afirma-que-o-corinthians-deve-contratar-jogador-do-flamengo\/#primaryimage"},"thumbnailUrl":"https:\/\/www.gaveanews.com\/wp-content\/uploads\/Sormani-durante-um-programa-da-emissora-Fox-Sports.webp","articleSection":["Corinthians","Flamengo"],"inLanguage":"pt-BR","potentialAction":[{"@type":"CommentAction","name":"Comment","target":["https:\/\/www.gaveanews.com\/index.php\/2025\/02\/19\/sormani-afirma-que-o-corinthians-deve-contratar-jogador-do-flamengo\/#respond"]}],"copyrightYear":"2025","copyrightHolder":{"@id":"https:\/\/www.gaveanews.com\/#organization"}},{"@type":"WebPage","@id":"https:\/\/www.gaveanews.com\/index.php\/2025\/02\/19\/sormani-afirma-que-o-corinthians-deve-contratar-jogador-do-flamengo\/","url":"https:\/\/www.gaveanews.com\/index.php\/2025\/02\/19\/sormani-afirma-que-o-corinthians-deve-contratar-jogador-do-flamengo\/","name":"Sormani afirma que o Corinthians deve contratar jogador do Flamengo","isPartOf":{"@id":"https:\/\/www.gaveanews.com\/#website"},"primaryImageOfPage":{"@id":"https:\/\/www.gaveanews.com\/index.php\/2025\/02\/19\/sormani-afirma-que-o-corinthians-deve-contratar-jogador-do-flamengo\/#primaryimage"},"image":{"@id":"https:\/\/www.gaveanews.com\/index.php\/2025\/02\/19\/sormani-afirma-que-o-corinthians-deve-contratar-jogador-do-flamengo\/#primaryimage"},"thumbnailUrl":"https:\/\/www.gaveanews.com\/wp-content\/uploads\/Sormani-durante-um-programa-da-emissora-Fox-Sports.webp","datePublished":"2025-02-19T18:25:55+00:00","dateModified":"2025-02-19T18:25:57+00:00","author":{"@id":"https:\/\/www.gaveanews.com\/#\/schema\/person\/0eb3e3fe1754f0205218538adbe8f5ed"},"breadcrumb":{"@id":"https:\/\/www.gaveanews.com\/index.php\/2025\/02\/19\/sormani-afirma-que-o-corinthians-deve-contratar-jogador-do-flamengo\/#breadcrumb"},"inLanguage":"pt-BR","potentialAction":[{"@type":"ReadAction","target":["https:\/\/www.gaveanews.com\/index.php\/2025\/02\/19\/sormani-afirma-que-o-corinthians-deve-contratar-jogador-do-flamengo\/"]}]},{"@type":"ImageObject","inLanguage":"pt-BR","@id":"https:\/\/www.gaveanews.com\/index.php\/2025\/02\/19\/sormani-afirma-que-o-corinthians-deve-contratar-jogador-do-flamengo\/#primaryimage","url":"https:\/\/www.gaveanews.com\/wp-content\/uploads\/Sormani-durante-um-programa-da-emissora-Fox-Sports.webp","contentUrl":"https:\/\/www.gaveanews.com\/wp-content\/uploads\/Sormani-durante-um-programa-da-emissora-Fox-Sports.webp","width":650,"height":325,"caption":"Sormani durante um programa da emissora Fox Sports (Foto: Reprodu\u00e7\u00e3o)"},{"@type":"BreadcrumbList","@id":"https:\/\/www.gaveanews.com\/index.php\/2025\/02\/19\/sormani-afirma-que-o-corinthians-deve-contratar-jogador-do-flamengo\/#breadcrumb","itemListElement":[{"@type":"ListItem","position":1,"name":"Home","item":"https:\/\/www.gaveanews.com\/"},{"@type":"ListItem","position":2,"name":"Sormani afirma que o Corinthians deve contratar jogador do Flamengo"}]},{"@type":"WebSite","@id":"https:\/\/www.gaveanews.com\/#website","url":"https:\/\/www.gaveanews.com\/","name":"G\u00e1vea News","description":"Veja todas as not\u00edcias sobre o Flamengo: Contrata\u00e7\u00f5es, categorias de base, resultados das partidas, tabela de classifica\u00e7\u00e3o, pr\u00f3ximos jogos!","potentialAction":[{"@type":"SearchAction","target":{"@type":"EntryPoint","urlTemplate":"https:\/\/www.gaveanews.com\/?s={search_term_string}"},"query-input":{"@type":"PropertyValueSpecification","valueRequired":true,"valueName":"search_term_string"}}],"inLanguage":"pt-BR"},{"@type":"Person","@id":"https:\/\/www.gaveanews.com\/#\/schema\/person\/0eb3e3fe1754f0205218538adbe8f5ed","name":"Rafaela Ladeira","image":{"@type":"ImageObject","inLanguage":"pt-BR","@id":"https:\/\/www.gaveanews.com\/#\/schema\/person\/image\/","url":"https:\/\/secure.gravatar.com\/avatar\/c31f513acffd85eacab5730cbdfdbbf59f21ba5aeada8cd890acea879fbb2455?s=96&d=mm&r=g","contentUrl":"https:\/\/secure.gravatar.com\/avatar\/c31f513acffd85eacab5730cbdfdbbf59f21ba5aeada8cd890acea879fbb2455?s=96&d=mm&r=g","caption":"Rafaela Ladeira"}}]}},"_links":{"self":[{"href":"https:\/\/www.gaveanews.com\/index.php\/wp-json\/wp\/v2\/posts\/229928","targetHints":{"allow":["GET"]}}],"collection":[{"href":"https:\/\/www.gaveanews.com\/index.php\/wp-json\/wp\/v2\/posts"}],"about":[{"href":"https:\/\/www.gaveanews.com\/index.php\/wp-json\/wp\/v2\/types\/post"}],"author":[{"embeddable":true,"href":"https:\/\/www.gaveanews.com\/index.php\/wp-json\/wp\/v2\/users\/25"}],"replies":[{"embeddable":true,"href":"https:\/\/www.gaveanews.com\/index.php\/wp-json\/wp\/v2\/comments?post=229928"}],"version-history":[{"count":1,"href":"https:\/\/www.gaveanews.com\/index.php\/wp-json\/wp\/v2\/posts\/229928\/revisions"}],"predecessor-version":[{"id":229929,"href":"https:\/\/www.gaveanews.com\/index.php\/wp-json\/wp\/v2\/posts\/229928\/revisions\/229929"}],"wp:featuredmedia":[{"embeddable":true,"href":"https:\/\/www.gaveanews.com\/index.php\/wp-json\/wp\/v2\/media\/52970"}],"wp:attachment":[{"href":"https:\/\/www.gaveanews.com\/index.php\/wp-json\/wp\/v2\/media?parent=229928"}],"wp:term":[{"taxonomy":"category","embeddable":true,"href":"https:\/\/www.gaveanews.com\/index.php\/wp-json\/wp\/v2\/categories?post=229928"},{"taxonomy":"post_tag","embeddable":true,"href":"https:\/\/www.gaveanews.com\/index.php\/wp-json\/wp\/v2\/tags?post=229928"}],"curies":[{"name":"wp","href":"https:\/\/api.w.org\/{rel}","templated":true}]}}