{"id":229938,"date":"2025-02-19T15:40:34","date_gmt":"2025-02-19T18:40:34","guid":{"rendered":"https:\/\/www.gaveanews.com\/?p=229938"},"modified":"2025-02-19T15:27:21","modified_gmt":"2025-02-19T18:27:21","slug":"botafogo-marlon-freitas-revela-arrependimento-doi-demais","status":"publish","type":"post","link":"https:\/\/www.gaveanews.com\/index.php\/2025\/02\/19\/botafogo-marlon-freitas-revela-arrependimento-doi-demais\/","title":{"rendered":"Botafogo: Marlon Freitas revela arrependimento: &#8220;D\u00f3i demais&#8221;"},"content":{"rendered":"\n<p>Em um dos momentos mais pol\u00eamicos do Campeonato Brasileiro de 2023, Marlon Freitas, volante titular do Botafogo, se viu envolvido em um gesto que gerou grande repercuss\u00e3o e at\u00e9 hoje o acompanha. Ap\u00f3s a derrota de virada para o Palmeiras, no Nilton Santos, o jogador fez uma \u2018piscadinha\u2019 que se tornou s\u00edmbolo daquele jogo, e, mais tarde, de um erro que o fez refletir profundamente sobre suas a\u00e7\u00f5es.<\/p>\n\n\n\n<h2 class=\"wp-block-heading\" id=\"h-o-gesto-que-marcou-uma-virada-e-uma-rivalidade\">O gesto que marcou uma virada e uma rivalidade<\/h2>\n\n\n\n<p>Na partida, que terminou 4 a 3 para o Palmeiras, o Botafogo estava na frente, mas sofreu a virada que praticamente tirou o t\u00edtulo brasileiro de 2023 das m\u00e3os do clube carioca. Durante o jogo, ap\u00f3s uma falta sofrida, Marlon Freitas fez um gesto, uma &#8216;piscadinha&#8217;, que ficou gravado para sempre na mem\u00f3ria dos torcedores. <\/p>\n\n\n\n<figure class=\"wp-block-embed is-type-video is-provider-youtube wp-block-embed-youtube wp-embed-aspect-16-9 wp-has-aspect-ratio\"><div class=\"wp-block-embed__wrapper\">\n<iframe loading=\"lazy\" title=\"PISCADINHA DO MARLOM FREITAS!\" width=\"640\" height=\"360\" src=\"https:\/\/www.youtube.com\/embed\/pMQ1iylYjgE?feature=oembed\" frameborder=\"0\" allow=\"accelerometer; autoplay; clipboard-write; encrypted-media; gyroscope; picture-in-picture; web-share\" referrerpolicy=\"strict-origin-when-cross-origin\" allowfullscreen><\/iframe>\n<\/div><\/figure>\n\n\n\n<p>O que parecia ser uma express\u00e3o de ironia acabou se tornando um s\u00edmbolo de um momento infeliz na carreira do volante, que, ainda hoje, reflete sobre o ocorrido. Em entrevista ao &#8216;Player\u2019s Tribune&#8217;, Marlon Freitas revelou o quanto o epis\u00f3dio da &#8216;piscadinha&#8217; o marcou. <\/p>\n\n\n\n<p>&#8220;Hoje em dia, agora que fomos campe\u00f5es, tem torcedor do Botafogo e dos outros clubes que fazem a piscadinha quando me param para tirar foto. Isso me chateia bastante. Porque a impress\u00e3o que ficou, e muita gente disse assim, que eu desrespeitei o clube, o advers\u00e1rio e o futebol. E nunca fui esse cara, n\u00e3o quero ser esse cara&#8221;, afirmou o volante.<\/p>\n\n\n\n<p>O jogador ainda explicou que, apesar das vit\u00f3rias e do t\u00edtulo conquistado pelo Botafogo em 2024, ele ainda carrega a dor daquele epis\u00f3dio. &#8220;Por isso, \u00e9 um erro que eu gostaria de enterrar para sempre. N\u00e3o por maldade, mas errei&#8221;, completou.<\/p>\n\n\n\n<h2 class=\"wp-block-heading\" id=\"h-o-pedido-de-marlon-freitas-nao-quero-mais-ser-lembrado-por-isso\">O pedido de Marlon Freitas: &#8220;N\u00e3o quero mais ser lembrado por isso&#8221;<\/h2>\n\n\n\n<p>Cabe ressaltar que Marlon Freitas n\u00e3o quer mais ser lembrado pela \u2018piscadinha\u2019. Ele se mostrou incomodado por essa lembran\u00e7a se perpetuar entre torcedores, especialmente os que pedem para repetir o gesto em fotos. &#8220;Vamos combinar uma coisa: se quiser tirar foto comigo dando piscadinha, nem cola porque n\u00e3o vai rolar&#8221;, disse o volante, deixando claro seu desejo de que esse erro ficasse no passado.<\/p>\n\n\n\n<p>Al\u00e9m disso, Marlon Freitas destacou que aprendeu a li\u00e7\u00e3o e que, com o tempo, entendeu o impacto que o gesto teve. &#8220;A lembran\u00e7a deste epis\u00f3dio d\u00f3i demais porque sei que errei&#8221;, afirmou o jogador, mostrando um amadurecimento importante tanto dentro como fora de campo.<\/p>\n\n\n\n<p>Dessa maneira, o volante do Botafogo segue sua jornada, agora com o peso de um erro passado, mas tamb\u00e9m com o aprendizado que a dor desse epis\u00f3dio lhe trouxe. Por isso, \u00e9 importante lembrar que os gestos dentro de campo, muitas vezes, podem ter consequ\u00eancias que v\u00e3o al\u00e9m daquelas que imaginamos em um primeiro momento. Com isso, Marlon Freitas segue a caminhada em busca de mais conquistas, mas sempre com a li\u00e7\u00e3o de que o respeito deve vir antes de qualquer provoca\u00e7\u00e3o.<\/p>\n","protected":false},"excerpt":{"rendered":"<p>Em um dos momentos mais pol\u00eamicos do Campeonato Brasileiro de 2023, Marlon Freitas, volante titular do Botafogo, se viu envolvido em um gesto que gerou grande repercuss\u00e3o e at\u00e9 hoje o acompanha. Ap\u00f3s a derrota de virada para o Palmeiras, no Nilton Santos, o jogador fez uma \u2018piscadinha\u2019 que se tornou s\u00edmbolo daquele jogo, e, [&hellip;]<\/p>\n","protected":false},"author":24,"featured_media":170335,"comment_status":"open","ping_status":"closed","sticky":false,"template":"","format":"standard","meta":{"footnotes":""},"categories":[138],"tags":[],"class_list":["post-229938","post","type-post","status-publish","format-standard","has-post-thumbnail","hentry","category-botafogo"],"yoast_head":"<!-- This site is optimized with the Yoast SEO Premium plugin v24.2 (Yoast SEO v26.9) - https:\/\/yoast.com\/product\/yoast-seo-premium-wordpress\/ -->\n<title>Botafogo: Marlon Freitas revela arrependimento: &quot;D\u00f3i demais&quot;<\/title>\n<meta name=\"robots\" content=\"index, follow, max-snippet:-1, max-image-preview:large, max-video-preview:-1\" \/>\n<link rel=\"canonical\" href=\"https:\/\/www.gaveanews.com\/index.php\/2025\/02\/19\/botafogo-marlon-freitas-revela-arrependimento-doi-demais\/\" \/>\n<meta property=\"og:locale\" content=\"pt_BR\" \/>\n<meta property=\"og:type\" content=\"article\" \/>\n<meta property=\"og:title\" content=\"Botafogo: Marlon Freitas revela arrependimento: &quot;D\u00f3i demais&quot;\" \/>\n<meta property=\"og:description\" content=\"Em um dos momentos mais pol\u00eamicos do Campeonato Brasileiro de 2023, Marlon Freitas, volante titular do Botafogo, se viu envolvido em um gesto que gerou grande repercuss\u00e3o e at\u00e9 hoje o acompanha. Ap\u00f3s a derrota de virada para o Palmeiras, no Nilton Santos, o jogador fez uma \u2018piscadinha\u2019 que se tornou s\u00edmbolo daquele jogo, e, [&hellip;]\" \/>\n<meta property=\"og:url\" content=\"https:\/\/www.gaveanews.com\/index.php\/2025\/02\/19\/botafogo-marlon-freitas-revela-arrependimento-doi-demais\/\" \/>\n<meta property=\"og:site_name\" content=\"G\u00e1vea News\" \/>\n<meta property=\"article:publisher\" content=\"https:\/\/facebook.com\/gaveaNews\/\" \/>\n<meta property=\"article:published_time\" content=\"2025-02-19T18:40:34+00:00\" \/>\n<meta property=\"og:image\" content=\"https:\/\/www.gaveanews.com\/wp-content\/uploads\/Marlon-Freitas-em-acao-pelo-Botafogo.webp\" \/>\n\t<meta property=\"og:image:width\" content=\"829\" \/>\n\t<meta property=\"og:image:height\" content=\"656\" \/>\n\t<meta property=\"og:image:type\" content=\"image\/jpeg\" \/>\n<meta name=\"author\" content=\"Leandro Cardoso\" \/>\n<meta name=\"twitter:card\" content=\"summary_large_image\" \/>\n<meta name=\"twitter:label1\" content=\"Escrito por\" \/>\n\t<meta name=\"twitter:data1\" content=\"Leandro Cardoso\" \/>\n\t<meta name=\"twitter:label2\" content=\"Est. tempo de leitura\" \/>\n\t<meta name=\"twitter:data2\" content=\"3 minutos\" \/>\n<script type=\"application\/ld+json\" class=\"yoast-schema-graph\">{\"@context\":\"https:\/\/schema.org\",\"@graph\":[{\"@type\":\"NewsArticle\",\"@id\":\"https:\/\/www.gaveanews.com\/index.php\/2025\/02\/19\/botafogo-marlon-freitas-revela-arrependimento-doi-demais\/#article\",\"isPartOf\":{\"@id\":\"https:\/\/www.gaveanews.com\/index.php\/2025\/02\/19\/botafogo-marlon-freitas-revela-arrependimento-doi-demais\/\"},\"author\":{\"name\":\"Leandro Cardoso\",\"@id\":\"https:\/\/www.gaveanews.com\/#\/schema\/person\/2424ec6409bc3f068411fc5e4e9b6168\"},\"headline\":\"Botafogo: Marlon Freitas revela arrependimento: &#8220;D\u00f3i demais&#8221;\",\"datePublished\":\"2025-02-19T18:40:34+00:00\",\"mainEntityOfPage\":{\"@id\":\"https:\/\/www.gaveanews.com\/index.php\/2025\/02\/19\/botafogo-marlon-freitas-revela-arrependimento-doi-demais\/\"},\"wordCount\":526,\"commentCount\":0,\"image\":{\"@id\":\"https:\/\/www.gaveanews.com\/index.php\/2025\/02\/19\/botafogo-marlon-freitas-revela-arrependimento-doi-demais\/#primaryimage\"},\"thumbnailUrl\":\"https:\/\/www.gaveanews.com\/wp-content\/uploads\/Marlon-Freitas-em-acao-pelo-Botafogo.webp\",\"articleSection\":[\"Botafogo\"],\"inLanguage\":\"pt-BR\",\"potentialAction\":[{\"@type\":\"CommentAction\",\"name\":\"Comment\",\"target\":[\"https:\/\/www.gaveanews.com\/index.php\/2025\/02\/19\/botafogo-marlon-freitas-revela-arrependimento-doi-demais\/#respond\"]}],\"copyrightYear\":\"2025\",\"copyrightHolder\":{\"@id\":\"https:\/\/www.gaveanews.com\/#organization\"}},{\"@type\":\"WebPage\",\"@id\":\"https:\/\/www.gaveanews.com\/index.php\/2025\/02\/19\/botafogo-marlon-freitas-revela-arrependimento-doi-demais\/\",\"url\":\"https:\/\/www.gaveanews.com\/index.php\/2025\/02\/19\/botafogo-marlon-freitas-revela-arrependimento-doi-demais\/\",\"name\":\"Botafogo: Marlon Freitas revela arrependimento: \\\"D\u00f3i demais\\\"\",\"isPartOf\":{\"@id\":\"https:\/\/www.gaveanews.com\/#website\"},\"primaryImageOfPage\":{\"@id\":\"https:\/\/www.gaveanews.com\/index.php\/2025\/02\/19\/botafogo-marlon-freitas-revela-arrependimento-doi-demais\/#primaryimage\"},\"image\":{\"@id\":\"https:\/\/www.gaveanews.com\/index.php\/2025\/02\/19\/botafogo-marlon-freitas-revela-arrependimento-doi-demais\/#primaryimage\"},\"thumbnailUrl\":\"https:\/\/www.gaveanews.com\/wp-content\/uploads\/Marlon-Freitas-em-acao-pelo-Botafogo.webp\",\"datePublished\":\"2025-02-19T18:40:34+00:00\",\"author\":{\"@id\":\"https:\/\/www.gaveanews.com\/#\/schema\/person\/2424ec6409bc3f068411fc5e4e9b6168\"},\"breadcrumb\":{\"@id\":\"https:\/\/www.gaveanews.com\/index.php\/2025\/02\/19\/botafogo-marlon-freitas-revela-arrependimento-doi-demais\/#breadcrumb\"},\"inLanguage\":\"pt-BR\",\"potentialAction\":[{\"@type\":\"ReadAction\",\"target\":[\"https:\/\/www.gaveanews.com\/index.php\/2025\/02\/19\/botafogo-marlon-freitas-revela-arrependimento-doi-demais\/\"]}]},{\"@type\":\"ImageObject\",\"inLanguage\":\"pt-BR\",\"@id\":\"https:\/\/www.gaveanews.com\/index.php\/2025\/02\/19\/botafogo-marlon-freitas-revela-arrependimento-doi-demais\/#primaryimage\",\"url\":\"https:\/\/www.gaveanews.com\/wp-content\/uploads\/Marlon-Freitas-em-acao-pelo-Botafogo.webp\",\"contentUrl\":\"https:\/\/www.gaveanews.com\/wp-content\/uploads\/Marlon-Freitas-em-acao-pelo-Botafogo.webp\",\"width\":829,\"height\":656,\"caption\":\"Marlon Freitas em a\u00e7\u00e3o pelo Botafogo (Foto: Vitor Silva\/Botafogo)\"},{\"@type\":\"BreadcrumbList\",\"@id\":\"https:\/\/www.gaveanews.com\/index.php\/2025\/02\/19\/botafogo-marlon-freitas-revela-arrependimento-doi-demais\/#breadcrumb\",\"itemListElement\":[{\"@type\":\"ListItem\",\"position\":1,\"name\":\"Home\",\"item\":\"https:\/\/www.gaveanews.com\/\"},{\"@type\":\"ListItem\",\"position\":2,\"name\":\"Botafogo: Marlon Freitas revela arrependimento: &#8220;D\u00f3i demais&#8221;\"}]},{\"@type\":\"WebSite\",\"@id\":\"https:\/\/www.gaveanews.com\/#website\",\"url\":\"https:\/\/www.gaveanews.com\/\",\"name\":\"G\u00e1vea News\",\"description\":\"Veja todas as not\u00edcias sobre o Flamengo: Contrata\u00e7\u00f5es, categorias de base, resultados das partidas, tabela de classifica\u00e7\u00e3o, pr\u00f3ximos jogos!\",\"potentialAction\":[{\"@type\":\"SearchAction\",\"target\":{\"@type\":\"EntryPoint\",\"urlTemplate\":\"https:\/\/www.gaveanews.com\/?s={search_term_string}\"},\"query-input\":{\"@type\":\"PropertyValueSpecification\",\"valueRequired\":true,\"valueName\":\"search_term_string\"}}],\"inLanguage\":\"pt-BR\"},{\"@type\":\"Person\",\"@id\":\"https:\/\/www.gaveanews.com\/#\/schema\/person\/2424ec6409bc3f068411fc5e4e9b6168\",\"name\":\"Leandro Cardoso\",\"image\":{\"@type\":\"ImageObject\",\"inLanguage\":\"pt-BR\",\"@id\":\"https:\/\/www.gaveanews.com\/#\/schema\/person\/image\/\",\"url\":\"https:\/\/secure.gravatar.com\/avatar\/8ca179f9b55eefe9f376f5493ef25475bfa59fbc28ce937f6076ce20e523098f?s=96&d=mm&r=g\",\"contentUrl\":\"https:\/\/secure.gravatar.com\/avatar\/8ca179f9b55eefe9f376f5493ef25475bfa59fbc28ce937f6076ce20e523098f?s=96&d=mm&r=g\",\"caption\":\"Leandro Cardoso\"}}]}<\/script>\n<!-- \/ Yoast SEO Premium plugin. -->","yoast_head_json":{"title":"Botafogo: Marlon Freitas revela arrependimento: \"D\u00f3i demais\"","robots":{"index":"index","follow":"follow","max-snippet":"max-snippet:-1","max-image-preview":"max-image-preview:large","max-video-preview":"max-video-preview:-1"},"canonical":"https:\/\/www.gaveanews.com\/index.php\/2025\/02\/19\/botafogo-marlon-freitas-revela-arrependimento-doi-demais\/","og_locale":"pt_BR","og_type":"article","og_title":"Botafogo: Marlon Freitas revela arrependimento: \"D\u00f3i demais\"","og_description":"Em um dos momentos mais pol\u00eamicos do Campeonato Brasileiro de 2023, Marlon Freitas, volante titular do Botafogo, se viu envolvido em um gesto que gerou grande repercuss\u00e3o e at\u00e9 hoje o acompanha. Ap\u00f3s a derrota de virada para o Palmeiras, no Nilton Santos, o jogador fez uma \u2018piscadinha\u2019 que se tornou s\u00edmbolo daquele jogo, e, [&hellip;]","og_url":"https:\/\/www.gaveanews.com\/index.php\/2025\/02\/19\/botafogo-marlon-freitas-revela-arrependimento-doi-demais\/","og_site_name":"G\u00e1vea News","article_publisher":"https:\/\/facebook.com\/gaveaNews\/","article_published_time":"2025-02-19T18:40:34+00:00","og_image":[{"width":829,"height":656,"url":"https:\/\/www.gaveanews.com\/wp-content\/uploads\/Marlon-Freitas-em-acao-pelo-Botafogo.webp","type":"image\/jpeg"}],"author":"Leandro Cardoso","twitter_card":"summary_large_image","twitter_misc":{"Escrito por":"Leandro Cardoso","Est. tempo de leitura":"3 minutos"},"schema":{"@context":"https:\/\/schema.org","@graph":[{"@type":"NewsArticle","@id":"https:\/\/www.gaveanews.com\/index.php\/2025\/02\/19\/botafogo-marlon-freitas-revela-arrependimento-doi-demais\/#article","isPartOf":{"@id":"https:\/\/www.gaveanews.com\/index.php\/2025\/02\/19\/botafogo-marlon-freitas-revela-arrependimento-doi-demais\/"},"author":{"name":"Leandro Cardoso","@id":"https:\/\/www.gaveanews.com\/#\/schema\/person\/2424ec6409bc3f068411fc5e4e9b6168"},"headline":"Botafogo: Marlon Freitas revela arrependimento: &#8220;D\u00f3i demais&#8221;","datePublished":"2025-02-19T18:40:34+00:00","mainEntityOfPage":{"@id":"https:\/\/www.gaveanews.com\/index.php\/2025\/02\/19\/botafogo-marlon-freitas-revela-arrependimento-doi-demais\/"},"wordCount":526,"commentCount":0,"image":{"@id":"https:\/\/www.gaveanews.com\/index.php\/2025\/02\/19\/botafogo-marlon-freitas-revela-arrependimento-doi-demais\/#primaryimage"},"thumbnailUrl":"https:\/\/www.gaveanews.com\/wp-content\/uploads\/Marlon-Freitas-em-acao-pelo-Botafogo.webp","articleSection":["Botafogo"],"inLanguage":"pt-BR","potentialAction":[{"@type":"CommentAction","name":"Comment","target":["https:\/\/www.gaveanews.com\/index.php\/2025\/02\/19\/botafogo-marlon-freitas-revela-arrependimento-doi-demais\/#respond"]}],"copyrightYear":"2025","copyrightHolder":{"@id":"https:\/\/www.gaveanews.com\/#organization"}},{"@type":"WebPage","@id":"https:\/\/www.gaveanews.com\/index.php\/2025\/02\/19\/botafogo-marlon-freitas-revela-arrependimento-doi-demais\/","url":"https:\/\/www.gaveanews.com\/index.php\/2025\/02\/19\/botafogo-marlon-freitas-revela-arrependimento-doi-demais\/","name":"Botafogo: Marlon Freitas revela arrependimento: \"D\u00f3i demais\"","isPartOf":{"@id":"https:\/\/www.gaveanews.com\/#website"},"primaryImageOfPage":{"@id":"https:\/\/www.gaveanews.com\/index.php\/2025\/02\/19\/botafogo-marlon-freitas-revela-arrependimento-doi-demais\/#primaryimage"},"image":{"@id":"https:\/\/www.gaveanews.com\/index.php\/2025\/02\/19\/botafogo-marlon-freitas-revela-arrependimento-doi-demais\/#primaryimage"},"thumbnailUrl":"https:\/\/www.gaveanews.com\/wp-content\/uploads\/Marlon-Freitas-em-acao-pelo-Botafogo.webp","datePublished":"2025-02-19T18:40:34+00:00","author":{"@id":"https:\/\/www.gaveanews.com\/#\/schema\/person\/2424ec6409bc3f068411fc5e4e9b6168"},"breadcrumb":{"@id":"https:\/\/www.gaveanews.com\/index.php\/2025\/02\/19\/botafogo-marlon-freitas-revela-arrependimento-doi-demais\/#breadcrumb"},"inLanguage":"pt-BR","potentialAction":[{"@type":"ReadAction","target":["https:\/\/www.gaveanews.com\/index.php\/2025\/02\/19\/botafogo-marlon-freitas-revela-arrependimento-doi-demais\/"]}]},{"@type":"ImageObject","inLanguage":"pt-BR","@id":"https:\/\/www.gaveanews.com\/index.php\/2025\/02\/19\/botafogo-marlon-freitas-revela-arrependimento-doi-demais\/#primaryimage","url":"https:\/\/www.gaveanews.com\/wp-content\/uploads\/Marlon-Freitas-em-acao-pelo-Botafogo.webp","contentUrl":"https:\/\/www.gaveanews.com\/wp-content\/uploads\/Marlon-Freitas-em-acao-pelo-Botafogo.webp","width":829,"height":656,"caption":"Marlon Freitas em a\u00e7\u00e3o pelo Botafogo (Foto: Vitor Silva\/Botafogo)"},{"@type":"BreadcrumbList","@id":"https:\/\/www.gaveanews.com\/index.php\/2025\/02\/19\/botafogo-marlon-freitas-revela-arrependimento-doi-demais\/#breadcrumb","itemListElement":[{"@type":"ListItem","position":1,"name":"Home","item":"https:\/\/www.gaveanews.com\/"},{"@type":"ListItem","position":2,"name":"Botafogo: Marlon Freitas revela arrependimento: &#8220;D\u00f3i demais&#8221;"}]},{"@type":"WebSite","@id":"https:\/\/www.gaveanews.com\/#website","url":"https:\/\/www.gaveanews.com\/","name":"G\u00e1vea News","description":"Veja todas as not\u00edcias sobre o Flamengo: Contrata\u00e7\u00f5es, categorias de base, resultados das partidas, tabela de classifica\u00e7\u00e3o, pr\u00f3ximos jogos!","potentialAction":[{"@type":"SearchAction","target":{"@type":"EntryPoint","urlTemplate":"https:\/\/www.gaveanews.com\/?s={search_term_string}"},"query-input":{"@type":"PropertyValueSpecification","valueRequired":true,"valueName":"search_term_string"}}],"inLanguage":"pt-BR"},{"@type":"Person","@id":"https:\/\/www.gaveanews.com\/#\/schema\/person\/2424ec6409bc3f068411fc5e4e9b6168","name":"Leandro Cardoso","image":{"@type":"ImageObject","inLanguage":"pt-BR","@id":"https:\/\/www.gaveanews.com\/#\/schema\/person\/image\/","url":"https:\/\/secure.gravatar.com\/avatar\/8ca179f9b55eefe9f376f5493ef25475bfa59fbc28ce937f6076ce20e523098f?s=96&d=mm&r=g","contentUrl":"https:\/\/secure.gravatar.com\/avatar\/8ca179f9b55eefe9f376f5493ef25475bfa59fbc28ce937f6076ce20e523098f?s=96&d=mm&r=g","caption":"Leandro Cardoso"}}]}},"_links":{"self":[{"href":"https:\/\/www.gaveanews.com\/index.php\/wp-json\/wp\/v2\/posts\/229938","targetHints":{"allow":["GET"]}}],"collection":[{"href":"https:\/\/www.gaveanews.com\/index.php\/wp-json\/wp\/v2\/posts"}],"about":[{"href":"https:\/\/www.gaveanews.com\/index.php\/wp-json\/wp\/v2\/types\/post"}],"author":[{"embeddable":true,"href":"https:\/\/www.gaveanews.com\/index.php\/wp-json\/wp\/v2\/users\/24"}],"replies":[{"embeddable":true,"href":"https:\/\/www.gaveanews.com\/index.php\/wp-json\/wp\/v2\/comments?post=229938"}],"version-history":[{"count":2,"href":"https:\/\/www.gaveanews.com\/index.php\/wp-json\/wp\/v2\/posts\/229938\/revisions"}],"predecessor-version":[{"id":229945,"href":"https:\/\/www.gaveanews.com\/index.php\/wp-json\/wp\/v2\/posts\/229938\/revisions\/229945"}],"wp:featuredmedia":[{"embeddable":true,"href":"https:\/\/www.gaveanews.com\/index.php\/wp-json\/wp\/v2\/media\/170335"}],"wp:attachment":[{"href":"https:\/\/www.gaveanews.com\/index.php\/wp-json\/wp\/v2\/media?parent=229938"}],"wp:term":[{"taxonomy":"category","embeddable":true,"href":"https:\/\/www.gaveanews.com\/index.php\/wp-json\/wp\/v2\/categories?post=229938"},{"taxonomy":"post_tag","embeddable":true,"href":"https:\/\/www.gaveanews.com\/index.php\/wp-json\/wp\/v2\/tags?post=229938"}],"curies":[{"name":"wp","href":"https:\/\/api.w.org\/{rel}","templated":true}]}}