{"id":229978,"date":"2025-02-19T16:05:00","date_gmt":"2025-02-19T19:05:00","guid":{"rendered":"https:\/\/www.gaveanews.com\/?p=229978"},"modified":"2025-02-19T15:28:35","modified_gmt":"2025-02-19T18:28:35","slug":"a-reacao-do-elenco-do-corinthians-sobre-os-gramados-sinteticos-no-brasil","status":"publish","type":"post","link":"https:\/\/www.gaveanews.com\/index.php\/2025\/02\/19\/a-reacao-do-elenco-do-corinthians-sobre-os-gramados-sinteticos-no-brasil\/","title":{"rendered":"A rea\u00e7\u00e3o do elenco do Corinthians sobre os gramados sint\u00e9ticos no Brasil"},"content":{"rendered":"\n<p>Nos \u00faltimos dias, um movimento ganhou for\u00e7a nas redes sociais, mobilizando jogadores de diversos clubes brasileiros contra o uso de gramados sint\u00e9ticos. O protesto, intitulado &#8220;futebol profissional n\u00e3o se joga em gramado sint\u00e9tico&#8221;, foi abra\u00e7ado por parte do elenco do Corinthians, destacando a preocupa\u00e7\u00e3o dos atletas com as les\u00f5es causadas por esses campos artificiais.<\/p>\n\n\n\n<h2 class=\"wp-block-heading\" id=\"h-por-que-os-jogadores-estao-se-manifestando\">Por que os jogadores est\u00e3o se manifestando?<\/h2>\n\n\n\n<p>Memphis Depay, Rodrigo Garro, Yuri Alberto, Andr\u00e9 Carrillo e outros membros do time alvinegro se juntaram ao protesto coordenado, evidenciando que o tema \u00e9 um assunto frequentemente debatido entre os jogadores em conversas informais e nos vesti\u00e1rios. A principal motiva\u00e7\u00e3o por tr\u00e1s da ades\u00e3o ao movimento \u00e9 o temor de les\u00f5es graves, especialmente em campos sint\u00e9ticos, que, segundo os atletas, aumentam os riscos de contus\u00f5es.<\/p>\n\n\n\n<h2 class=\"wp-block-heading\" id=\"h-a-visao-do-corinthians-sobre-o-impacto-dos-gramados-sinteticos\">A vis\u00e3o do Corinthians sobre o impacto dos gramados sint\u00e9ticos<\/h2>\n\n\n\n<p>Apesar da ades\u00e3o ao movimento, o elenco corintiano n\u00e3o tem apresentado muitas queixas sobre os campos sint\u00e9ticos durante as competi\u00e7\u00f5es. Isso porque, segundo apura\u00e7\u00e3o do UOL, a comiss\u00e3o t\u00e9cnica do Corinthians tem um trabalho eficaz para minimizar os impactos dos gramados artificiais. O controle rigoroso da minutagem de jogadores com algum desgaste muscular, aliado ao trabalho dedicado dos fisioterapeutas do clube, ajuda a manter os atletas em boa forma e a evitar les\u00f5es.<\/p>\n\n\n\n<h2 class=\"wp-block-heading\" id=\"h-pacaembu-uma-excecao-entre-os-campos-sinteticos\">Pacaembu: uma exce\u00e7\u00e3o entre os campos sint\u00e9ticos<\/h2>\n\n\n\n<p>Al\u00e9m disso, em rela\u00e7\u00e3o aos campos sint\u00e9ticos, os jogadores do Corinthians destacaram o gramado do Pacaembu como o melhor entre os campos artificiais. Durante o empate de 2 a 2 contra a Portuguesa, no \u00faltimo s\u00e1bado (15), pelo Campeonato Paulista, o time elogiu a qualidade do campo. Talles Magno, atacante do Tim\u00e3o, compartilhou sua opini\u00e3o sobre o gramado, mas ressaltou que, apesar de bom, &#8220;todo sint\u00e9tico \u00e9 perigoso&#8221;. Ele tem um hist\u00f3rico de les\u00f5es no joelho nas temporadas 2020-2021 e 2024, o que torna sua opini\u00e3o ainda mais relevante.<\/p>\n\n\n\n<p>&#8220;Conversando com o pessoal, perguntando sobre o gramado, eu particularmente gostei. Todos falaram que o gramado estava bom, que \u00e9 bom de jogar aqui, mas que tamb\u00e9m \u00e9 perigoso, qualquer sint\u00e9tico \u00e9 perigoso. Eu s\u00f3 vi que a \u00e1rea de aquecimento l\u00e1 estava um pouco dura, mas o campo ali, em si, estava bom e gostoso de jogar&#8221;, afirmou Talles Magno em zona mista.<\/p>\n\n\n\n<p>Sendo assim, a preocupa\u00e7\u00e3o com os gramados sint\u00e9ticos continua sendo um tema relevante no futebol brasileiro. Apesar dos esfor\u00e7os da comiss\u00e3o t\u00e9cnica do Corinthians para minimizar os riscos, os jogadores ainda demonstram receio quanto \u00e0s consequ\u00eancias do uso desses campos. <\/p>\n","protected":false},"excerpt":{"rendered":"<p>Nos \u00faltimos dias, um movimento ganhou for\u00e7a nas redes sociais, mobilizando jogadores de diversos clubes brasileiros contra o uso de gramados sint\u00e9ticos. O protesto, intitulado &#8220;futebol profissional n\u00e3o se joga em gramado sint\u00e9tico&#8221;, foi abra\u00e7ado por parte do elenco do Corinthians, destacando a preocupa\u00e7\u00e3o dos atletas com as les\u00f5es causadas por esses campos artificiais. Por [&hellip;]<\/p>\n","protected":false},"author":24,"featured_media":154473,"comment_status":"open","ping_status":"closed","sticky":false,"template":"","format":"standard","meta":{"footnotes":""},"categories":[141],"tags":[],"class_list":["post-229978","post","type-post","status-publish","format-standard","has-post-thumbnail","hentry","category-corinthians"],"yoast_head":"<!-- This site is optimized with the Yoast SEO Premium plugin v24.2 (Yoast SEO v26.9) - https:\/\/yoast.com\/product\/yoast-seo-premium-wordpress\/ -->\n<title>A rea\u00e7\u00e3o do elenco do Corinthians sobre os gramados sint\u00e9ticos no Brasil<\/title>\n<meta name=\"robots\" content=\"index, follow, max-snippet:-1, max-image-preview:large, max-video-preview:-1\" \/>\n<link rel=\"canonical\" href=\"https:\/\/www.gaveanews.com\/index.php\/2025\/02\/19\/a-reacao-do-elenco-do-corinthians-sobre-os-gramados-sinteticos-no-brasil\/\" \/>\n<meta property=\"og:locale\" content=\"pt_BR\" \/>\n<meta property=\"og:type\" content=\"article\" \/>\n<meta property=\"og:title\" content=\"A rea\u00e7\u00e3o do elenco do Corinthians sobre os gramados sint\u00e9ticos no Brasil\" \/>\n<meta property=\"og:description\" content=\"Nos \u00faltimos dias, um movimento ganhou for\u00e7a nas redes sociais, mobilizando jogadores de diversos clubes brasileiros contra o uso de gramados sint\u00e9ticos. O protesto, intitulado &#8220;futebol profissional n\u00e3o se joga em gramado sint\u00e9tico&#8221;, foi abra\u00e7ado por parte do elenco do Corinthians, destacando a preocupa\u00e7\u00e3o dos atletas com as les\u00f5es causadas por esses campos artificiais. Por [&hellip;]\" \/>\n<meta property=\"og:url\" content=\"https:\/\/www.gaveanews.com\/index.php\/2025\/02\/19\/a-reacao-do-elenco-do-corinthians-sobre-os-gramados-sinteticos-no-brasil\/\" \/>\n<meta property=\"og:site_name\" content=\"G\u00e1vea News\" \/>\n<meta property=\"article:publisher\" content=\"https:\/\/facebook.com\/gaveaNews\/\" \/>\n<meta property=\"article:published_time\" content=\"2025-02-19T19:05:00+00:00\" \/>\n<meta property=\"og:image\" content=\"https:\/\/www.gaveanews.com\/wp-content\/uploads\/Escudo-do-Corinthians-na-Neo-Quimica-Arena.webp\" \/>\n\t<meta property=\"og:image:width\" content=\"1440\" \/>\n\t<meta property=\"og:image:height\" content=\"959\" \/>\n\t<meta property=\"og:image:type\" content=\"image\/jpeg\" \/>\n<meta name=\"author\" content=\"Leandro Cardoso\" \/>\n<meta name=\"twitter:card\" content=\"summary_large_image\" \/>\n<meta name=\"twitter:label1\" content=\"Escrito por\" \/>\n\t<meta name=\"twitter:data1\" content=\"Leandro Cardoso\" \/>\n\t<meta name=\"twitter:label2\" content=\"Est. tempo de leitura\" \/>\n\t<meta name=\"twitter:data2\" content=\"3 minutos\" \/>\n<script type=\"application\/ld+json\" class=\"yoast-schema-graph\">{\"@context\":\"https:\/\/schema.org\",\"@graph\":[{\"@type\":\"NewsArticle\",\"@id\":\"https:\/\/www.gaveanews.com\/index.php\/2025\/02\/19\/a-reacao-do-elenco-do-corinthians-sobre-os-gramados-sinteticos-no-brasil\/#article\",\"isPartOf\":{\"@id\":\"https:\/\/www.gaveanews.com\/index.php\/2025\/02\/19\/a-reacao-do-elenco-do-corinthians-sobre-os-gramados-sinteticos-no-brasil\/\"},\"author\":{\"name\":\"Leandro Cardoso\",\"@id\":\"https:\/\/www.gaveanews.com\/#\/schema\/person\/2424ec6409bc3f068411fc5e4e9b6168\"},\"headline\":\"A rea\u00e7\u00e3o do elenco do Corinthians sobre os gramados sint\u00e9ticos no Brasil\",\"datePublished\":\"2025-02-19T19:05:00+00:00\",\"mainEntityOfPage\":{\"@id\":\"https:\/\/www.gaveanews.com\/index.php\/2025\/02\/19\/a-reacao-do-elenco-do-corinthians-sobre-os-gramados-sinteticos-no-brasil\/\"},\"wordCount\":458,\"commentCount\":0,\"image\":{\"@id\":\"https:\/\/www.gaveanews.com\/index.php\/2025\/02\/19\/a-reacao-do-elenco-do-corinthians-sobre-os-gramados-sinteticos-no-brasil\/#primaryimage\"},\"thumbnailUrl\":\"https:\/\/www.gaveanews.com\/wp-content\/uploads\/Escudo-do-Corinthians-na-Neo-Quimica-Arena.webp\",\"articleSection\":[\"Corinthians\"],\"inLanguage\":\"pt-BR\",\"potentialAction\":[{\"@type\":\"CommentAction\",\"name\":\"Comment\",\"target\":[\"https:\/\/www.gaveanews.com\/index.php\/2025\/02\/19\/a-reacao-do-elenco-do-corinthians-sobre-os-gramados-sinteticos-no-brasil\/#respond\"]}],\"copyrightYear\":\"2025\",\"copyrightHolder\":{\"@id\":\"https:\/\/www.gaveanews.com\/#organization\"}},{\"@type\":\"WebPage\",\"@id\":\"https:\/\/www.gaveanews.com\/index.php\/2025\/02\/19\/a-reacao-do-elenco-do-corinthians-sobre-os-gramados-sinteticos-no-brasil\/\",\"url\":\"https:\/\/www.gaveanews.com\/index.php\/2025\/02\/19\/a-reacao-do-elenco-do-corinthians-sobre-os-gramados-sinteticos-no-brasil\/\",\"name\":\"A rea\u00e7\u00e3o do elenco do Corinthians sobre os gramados sint\u00e9ticos no Brasil\",\"isPartOf\":{\"@id\":\"https:\/\/www.gaveanews.com\/#website\"},\"primaryImageOfPage\":{\"@id\":\"https:\/\/www.gaveanews.com\/index.php\/2025\/02\/19\/a-reacao-do-elenco-do-corinthians-sobre-os-gramados-sinteticos-no-brasil\/#primaryimage\"},\"image\":{\"@id\":\"https:\/\/www.gaveanews.com\/index.php\/2025\/02\/19\/a-reacao-do-elenco-do-corinthians-sobre-os-gramados-sinteticos-no-brasil\/#primaryimage\"},\"thumbnailUrl\":\"https:\/\/www.gaveanews.com\/wp-content\/uploads\/Escudo-do-Corinthians-na-Neo-Quimica-Arena.webp\",\"datePublished\":\"2025-02-19T19:05:00+00:00\",\"author\":{\"@id\":\"https:\/\/www.gaveanews.com\/#\/schema\/person\/2424ec6409bc3f068411fc5e4e9b6168\"},\"breadcrumb\":{\"@id\":\"https:\/\/www.gaveanews.com\/index.php\/2025\/02\/19\/a-reacao-do-elenco-do-corinthians-sobre-os-gramados-sinteticos-no-brasil\/#breadcrumb\"},\"inLanguage\":\"pt-BR\",\"potentialAction\":[{\"@type\":\"ReadAction\",\"target\":[\"https:\/\/www.gaveanews.com\/index.php\/2025\/02\/19\/a-reacao-do-elenco-do-corinthians-sobre-os-gramados-sinteticos-no-brasil\/\"]}]},{\"@type\":\"ImageObject\",\"inLanguage\":\"pt-BR\",\"@id\":\"https:\/\/www.gaveanews.com\/index.php\/2025\/02\/19\/a-reacao-do-elenco-do-corinthians-sobre-os-gramados-sinteticos-no-brasil\/#primaryimage\",\"url\":\"https:\/\/www.gaveanews.com\/wp-content\/uploads\/Escudo-do-Corinthians-na-Neo-Quimica-Arena.webp\",\"contentUrl\":\"https:\/\/www.gaveanews.com\/wp-content\/uploads\/Escudo-do-Corinthians-na-Neo-Quimica-Arena.webp\",\"width\":1440,\"height\":959,\"caption\":\"Escudo do Corinthians na N\u00e9o Qu\u00edmica Arena (Foto Reprodu\u00e7\u00e3o\/Instagram)\"},{\"@type\":\"BreadcrumbList\",\"@id\":\"https:\/\/www.gaveanews.com\/index.php\/2025\/02\/19\/a-reacao-do-elenco-do-corinthians-sobre-os-gramados-sinteticos-no-brasil\/#breadcrumb\",\"itemListElement\":[{\"@type\":\"ListItem\",\"position\":1,\"name\":\"Home\",\"item\":\"https:\/\/www.gaveanews.com\/\"},{\"@type\":\"ListItem\",\"position\":2,\"name\":\"A rea\u00e7\u00e3o do elenco do Corinthians sobre os gramados sint\u00e9ticos no Brasil\"}]},{\"@type\":\"WebSite\",\"@id\":\"https:\/\/www.gaveanews.com\/#website\",\"url\":\"https:\/\/www.gaveanews.com\/\",\"name\":\"G\u00e1vea News\",\"description\":\"Veja todas as not\u00edcias sobre o Flamengo: Contrata\u00e7\u00f5es, categorias de base, resultados das partidas, tabela de classifica\u00e7\u00e3o, pr\u00f3ximos jogos!\",\"potentialAction\":[{\"@type\":\"SearchAction\",\"target\":{\"@type\":\"EntryPoint\",\"urlTemplate\":\"https:\/\/www.gaveanews.com\/?s={search_term_string}\"},\"query-input\":{\"@type\":\"PropertyValueSpecification\",\"valueRequired\":true,\"valueName\":\"search_term_string\"}}],\"inLanguage\":\"pt-BR\"},{\"@type\":\"Person\",\"@id\":\"https:\/\/www.gaveanews.com\/#\/schema\/person\/2424ec6409bc3f068411fc5e4e9b6168\",\"name\":\"Leandro Cardoso\",\"image\":{\"@type\":\"ImageObject\",\"inLanguage\":\"pt-BR\",\"@id\":\"https:\/\/www.gaveanews.com\/#\/schema\/person\/image\/\",\"url\":\"https:\/\/secure.gravatar.com\/avatar\/8ca179f9b55eefe9f376f5493ef25475bfa59fbc28ce937f6076ce20e523098f?s=96&d=mm&r=g\",\"contentUrl\":\"https:\/\/secure.gravatar.com\/avatar\/8ca179f9b55eefe9f376f5493ef25475bfa59fbc28ce937f6076ce20e523098f?s=96&d=mm&r=g\",\"caption\":\"Leandro Cardoso\"}}]}<\/script>\n<!-- \/ Yoast SEO Premium plugin. -->","yoast_head_json":{"title":"A rea\u00e7\u00e3o do elenco do Corinthians sobre os gramados sint\u00e9ticos no Brasil","robots":{"index":"index","follow":"follow","max-snippet":"max-snippet:-1","max-image-preview":"max-image-preview:large","max-video-preview":"max-video-preview:-1"},"canonical":"https:\/\/www.gaveanews.com\/index.php\/2025\/02\/19\/a-reacao-do-elenco-do-corinthians-sobre-os-gramados-sinteticos-no-brasil\/","og_locale":"pt_BR","og_type":"article","og_title":"A rea\u00e7\u00e3o do elenco do Corinthians sobre os gramados sint\u00e9ticos no Brasil","og_description":"Nos \u00faltimos dias, um movimento ganhou for\u00e7a nas redes sociais, mobilizando jogadores de diversos clubes brasileiros contra o uso de gramados sint\u00e9ticos. O protesto, intitulado &#8220;futebol profissional n\u00e3o se joga em gramado sint\u00e9tico&#8221;, foi abra\u00e7ado por parte do elenco do Corinthians, destacando a preocupa\u00e7\u00e3o dos atletas com as les\u00f5es causadas por esses campos artificiais. Por [&hellip;]","og_url":"https:\/\/www.gaveanews.com\/index.php\/2025\/02\/19\/a-reacao-do-elenco-do-corinthians-sobre-os-gramados-sinteticos-no-brasil\/","og_site_name":"G\u00e1vea News","article_publisher":"https:\/\/facebook.com\/gaveaNews\/","article_published_time":"2025-02-19T19:05:00+00:00","og_image":[{"width":1440,"height":959,"url":"https:\/\/www.gaveanews.com\/wp-content\/uploads\/Escudo-do-Corinthians-na-Neo-Quimica-Arena.webp","type":"image\/jpeg"}],"author":"Leandro Cardoso","twitter_card":"summary_large_image","twitter_misc":{"Escrito por":"Leandro Cardoso","Est. tempo de leitura":"3 minutos"},"schema":{"@context":"https:\/\/schema.org","@graph":[{"@type":"NewsArticle","@id":"https:\/\/www.gaveanews.com\/index.php\/2025\/02\/19\/a-reacao-do-elenco-do-corinthians-sobre-os-gramados-sinteticos-no-brasil\/#article","isPartOf":{"@id":"https:\/\/www.gaveanews.com\/index.php\/2025\/02\/19\/a-reacao-do-elenco-do-corinthians-sobre-os-gramados-sinteticos-no-brasil\/"},"author":{"name":"Leandro Cardoso","@id":"https:\/\/www.gaveanews.com\/#\/schema\/person\/2424ec6409bc3f068411fc5e4e9b6168"},"headline":"A rea\u00e7\u00e3o do elenco do Corinthians sobre os gramados sint\u00e9ticos no Brasil","datePublished":"2025-02-19T19:05:00+00:00","mainEntityOfPage":{"@id":"https:\/\/www.gaveanews.com\/index.php\/2025\/02\/19\/a-reacao-do-elenco-do-corinthians-sobre-os-gramados-sinteticos-no-brasil\/"},"wordCount":458,"commentCount":0,"image":{"@id":"https:\/\/www.gaveanews.com\/index.php\/2025\/02\/19\/a-reacao-do-elenco-do-corinthians-sobre-os-gramados-sinteticos-no-brasil\/#primaryimage"},"thumbnailUrl":"https:\/\/www.gaveanews.com\/wp-content\/uploads\/Escudo-do-Corinthians-na-Neo-Quimica-Arena.webp","articleSection":["Corinthians"],"inLanguage":"pt-BR","potentialAction":[{"@type":"CommentAction","name":"Comment","target":["https:\/\/www.gaveanews.com\/index.php\/2025\/02\/19\/a-reacao-do-elenco-do-corinthians-sobre-os-gramados-sinteticos-no-brasil\/#respond"]}],"copyrightYear":"2025","copyrightHolder":{"@id":"https:\/\/www.gaveanews.com\/#organization"}},{"@type":"WebPage","@id":"https:\/\/www.gaveanews.com\/index.php\/2025\/02\/19\/a-reacao-do-elenco-do-corinthians-sobre-os-gramados-sinteticos-no-brasil\/","url":"https:\/\/www.gaveanews.com\/index.php\/2025\/02\/19\/a-reacao-do-elenco-do-corinthians-sobre-os-gramados-sinteticos-no-brasil\/","name":"A rea\u00e7\u00e3o do elenco do Corinthians sobre os gramados sint\u00e9ticos no Brasil","isPartOf":{"@id":"https:\/\/www.gaveanews.com\/#website"},"primaryImageOfPage":{"@id":"https:\/\/www.gaveanews.com\/index.php\/2025\/02\/19\/a-reacao-do-elenco-do-corinthians-sobre-os-gramados-sinteticos-no-brasil\/#primaryimage"},"image":{"@id":"https:\/\/www.gaveanews.com\/index.php\/2025\/02\/19\/a-reacao-do-elenco-do-corinthians-sobre-os-gramados-sinteticos-no-brasil\/#primaryimage"},"thumbnailUrl":"https:\/\/www.gaveanews.com\/wp-content\/uploads\/Escudo-do-Corinthians-na-Neo-Quimica-Arena.webp","datePublished":"2025-02-19T19:05:00+00:00","author":{"@id":"https:\/\/www.gaveanews.com\/#\/schema\/person\/2424ec6409bc3f068411fc5e4e9b6168"},"breadcrumb":{"@id":"https:\/\/www.gaveanews.com\/index.php\/2025\/02\/19\/a-reacao-do-elenco-do-corinthians-sobre-os-gramados-sinteticos-no-brasil\/#breadcrumb"},"inLanguage":"pt-BR","potentialAction":[{"@type":"ReadAction","target":["https:\/\/www.gaveanews.com\/index.php\/2025\/02\/19\/a-reacao-do-elenco-do-corinthians-sobre-os-gramados-sinteticos-no-brasil\/"]}]},{"@type":"ImageObject","inLanguage":"pt-BR","@id":"https:\/\/www.gaveanews.com\/index.php\/2025\/02\/19\/a-reacao-do-elenco-do-corinthians-sobre-os-gramados-sinteticos-no-brasil\/#primaryimage","url":"https:\/\/www.gaveanews.com\/wp-content\/uploads\/Escudo-do-Corinthians-na-Neo-Quimica-Arena.webp","contentUrl":"https:\/\/www.gaveanews.com\/wp-content\/uploads\/Escudo-do-Corinthians-na-Neo-Quimica-Arena.webp","width":1440,"height":959,"caption":"Escudo do Corinthians na N\u00e9o Qu\u00edmica Arena (Foto Reprodu\u00e7\u00e3o\/Instagram)"},{"@type":"BreadcrumbList","@id":"https:\/\/www.gaveanews.com\/index.php\/2025\/02\/19\/a-reacao-do-elenco-do-corinthians-sobre-os-gramados-sinteticos-no-brasil\/#breadcrumb","itemListElement":[{"@type":"ListItem","position":1,"name":"Home","item":"https:\/\/www.gaveanews.com\/"},{"@type":"ListItem","position":2,"name":"A rea\u00e7\u00e3o do elenco do Corinthians sobre os gramados sint\u00e9ticos no Brasil"}]},{"@type":"WebSite","@id":"https:\/\/www.gaveanews.com\/#website","url":"https:\/\/www.gaveanews.com\/","name":"G\u00e1vea News","description":"Veja todas as not\u00edcias sobre o Flamengo: Contrata\u00e7\u00f5es, categorias de base, resultados das partidas, tabela de classifica\u00e7\u00e3o, pr\u00f3ximos jogos!","potentialAction":[{"@type":"SearchAction","target":{"@type":"EntryPoint","urlTemplate":"https:\/\/www.gaveanews.com\/?s={search_term_string}"},"query-input":{"@type":"PropertyValueSpecification","valueRequired":true,"valueName":"search_term_string"}}],"inLanguage":"pt-BR"},{"@type":"Person","@id":"https:\/\/www.gaveanews.com\/#\/schema\/person\/2424ec6409bc3f068411fc5e4e9b6168","name":"Leandro Cardoso","image":{"@type":"ImageObject","inLanguage":"pt-BR","@id":"https:\/\/www.gaveanews.com\/#\/schema\/person\/image\/","url":"https:\/\/secure.gravatar.com\/avatar\/8ca179f9b55eefe9f376f5493ef25475bfa59fbc28ce937f6076ce20e523098f?s=96&d=mm&r=g","contentUrl":"https:\/\/secure.gravatar.com\/avatar\/8ca179f9b55eefe9f376f5493ef25475bfa59fbc28ce937f6076ce20e523098f?s=96&d=mm&r=g","caption":"Leandro Cardoso"}}]}},"_links":{"self":[{"href":"https:\/\/www.gaveanews.com\/index.php\/wp-json\/wp\/v2\/posts\/229978","targetHints":{"allow":["GET"]}}],"collection":[{"href":"https:\/\/www.gaveanews.com\/index.php\/wp-json\/wp\/v2\/posts"}],"about":[{"href":"https:\/\/www.gaveanews.com\/index.php\/wp-json\/wp\/v2\/types\/post"}],"author":[{"embeddable":true,"href":"https:\/\/www.gaveanews.com\/index.php\/wp-json\/wp\/v2\/users\/24"}],"replies":[{"embeddable":true,"href":"https:\/\/www.gaveanews.com\/index.php\/wp-json\/wp\/v2\/comments?post=229978"}],"version-history":[{"count":1,"href":"https:\/\/www.gaveanews.com\/index.php\/wp-json\/wp\/v2\/posts\/229978\/revisions"}],"predecessor-version":[{"id":229980,"href":"https:\/\/www.gaveanews.com\/index.php\/wp-json\/wp\/v2\/posts\/229978\/revisions\/229980"}],"wp:featuredmedia":[{"embeddable":true,"href":"https:\/\/www.gaveanews.com\/index.php\/wp-json\/wp\/v2\/media\/154473"}],"wp:attachment":[{"href":"https:\/\/www.gaveanews.com\/index.php\/wp-json\/wp\/v2\/media?parent=229978"}],"wp:term":[{"taxonomy":"category","embeddable":true,"href":"https:\/\/www.gaveanews.com\/index.php\/wp-json\/wp\/v2\/categories?post=229978"},{"taxonomy":"post_tag","embeddable":true,"href":"https:\/\/www.gaveanews.com\/index.php\/wp-json\/wp\/v2\/tags?post=229978"}],"curies":[{"name":"wp","href":"https:\/\/api.w.org\/{rel}","templated":true}]}}