{"id":229979,"date":"2025-02-19T15:25:50","date_gmt":"2025-02-19T18:25:50","guid":{"rendered":"https:\/\/www.gaveanews.com\/?p=229979"},"modified":"2025-02-19T15:25:52","modified_gmt":"2025-02-19T18:25:52","slug":"universidad-central-x-corinthians-a-escalacao-escolhida-por-ramon-diaz","status":"publish","type":"post","link":"https:\/\/www.gaveanews.com\/index.php\/2025\/02\/19\/universidad-central-x-corinthians-a-escalacao-escolhida-por-ramon-diaz\/","title":{"rendered":"Universidad Central x Corinthians: a escala\u00e7\u00e3o escolhida por Ram\u00f3n D\u00edaz"},"content":{"rendered":"\n<p>O Corinthians est\u00e1 em Caracas para enfrentar a Universidad Central da Venezuela (UCV) na fase preliminar da Copa Libertadores, a partir das 21h30 (hor\u00e1rio de Bras\u00edlia).&nbsp;<\/p>\n\n\n\n<p>O confronto ser\u00e1 no Est\u00e1dio Ol\u00edmpico de Caracas, e as expectativas para o duelo est\u00e3o altas, especialmente por conta da grandeza do Tim\u00e3o, que entra como favorito na competi\u00e7\u00e3o.<\/p>\n\n\n\n<h2 class=\"wp-block-heading\" id=\"h-expectativa-para-a-escalacao\">Expectativa para a escala\u00e7\u00e3o<\/h2>\n\n\n\n<p>O treinador Ram\u00f3n D\u00edaz deve voltar a escalar os principais jogadores do time depois de um rod\u00edzio no \u00faltimo fim de semana. Na partida contra a Portuguesa, o Corinthians empatou por 2 a 2, e D\u00edaz aproveitou para testar diferentes op\u00e7\u00f5es.&nbsp;<\/p>\n\n\n\n<p>Para o confronto de hoje, a tend\u00eancia \u00e9 que o time titular seja escalado com for\u00e7a m\u00e1xima, formada por:<\/p>\n\n\n\n<ul class=\"wp-block-list\">\n<li>Goleiros: Hugo Souza, Matheus Donelli e Felipe Longo<\/li>\n\n\n\n<li>Defensores: Matheuzinho, Andr\u00e9 Ramalho, Jo\u00e3o Pedro Tchoca e Hugo<\/li>\n\n\n\n<li>Meios-campistas: Raniele, Jos\u00e9 Mart\u00ednez, Carrillo e Garro<\/li>\n\n\n\n<li>Atacantes: Memphis Depay e Yuri Alberto<\/li>\n<\/ul>\n\n\n\n<p>Vale destacar que o t\u00e9cnico conta com o retorno de Felipe Longo e Breno Bidon, que estavam disputando o Sul-Americano sub-20 pela sele\u00e7\u00e3o brasileira e j\u00e1 est\u00e3o integrados ao elenco em Caracas.<\/p>\n\n\n\n<h2 class=\"wp-block-heading\" id=\"h-treinador-rival-elogia-o-corinthians\">Treinador rival elogia o Corinthians<\/h2>\n\n\n\n<p>Em entrevista aos canais ESPN, o treinador da UCV, Daniel Sasso, n\u00e3o poupou elogios ao time brasileiro. Ele afirmou que, embora o desejo da equipe n\u00e3o fosse enfrentar o Corinthians nesta fase, est\u00e1 ciente da magnitude do desafio.<\/p>\n\n\n\n<p>\u201cNosso desejo n\u00e3o era enfrentar Corinthians e Boca (Juniors), mas no momento em que aconteceu, tratamos rapidamente de assimilar e entender o qu\u00e3o bonito vai ser enfrentar um monstro da Am\u00e9rica do Sul, em nosso primeiro jogo internacional\u201d, disse Sasso.&nbsp;<\/p>\n\n\n\n<p>Ele completou, destacando o tamanho do Tim\u00e3o: \u201c(O Corinthians \u00e9) uma das maiores equipes do continente. Tem uma for\u00e7a econ\u00f4mica impressionante, jogadores de alto n\u00edvel e Ram\u00f3n D\u00edaz, um treinador com grande curr\u00edculo.\u201d<\/p>\n\n\n\n<h2 class=\"wp-block-heading\" id=\"h-o-elenco-corintiano-e-suas-opcoes\">O elenco corintiano e suas op\u00e7\u00f5es<\/h2>\n\n\n\n<p>Cabe ressaltar que o Corinthians tem op\u00e7\u00f5es de peso em todas as posi\u00e7\u00f5es. O elenco conta com atletas de destaque como Memphis Depay, Yuri Alberto e Jos\u00e9 Mart\u00ednez, que fazem a diferen\u00e7a dentro de campo. Sendo assim, o time chega ao duelo de hoje com a confian\u00e7a de que a qualidade do seu elenco ser\u00e1 determinante para a classifica\u00e7\u00e3o.<\/p>\n\n\n\n<p>Dessa maneira, o Corinthians espera passar com tranquilidade por essa fase, onde a for\u00e7a do elenco, a experi\u00eancia de Ram\u00f3n D\u00edaz e o talento individual de seus jogadores devem garantir a vaga na pr\u00f3xima etapa da competi\u00e7\u00e3o.<\/p>\n\n\n\n<p>O duelo de volta acontece no dia 26 de fevereiro, \u00e0s 21h30 (hor\u00e1rio de Bras\u00edlia), na Neo Qu\u00edmica Arena.<\/p>\n","protected":false},"excerpt":{"rendered":"<p>O Corinthians est\u00e1 em Caracas para enfrentar a Universidad Central da Venezuela (UCV) na fase preliminar da Copa Libertadores, a partir das 21h30 (hor\u00e1rio de Bras\u00edlia).&nbsp; O confronto ser\u00e1 no Est\u00e1dio Ol\u00edmpico de Caracas, e as expectativas para o duelo est\u00e3o altas, especialmente por conta da grandeza do Tim\u00e3o, que entra como favorito na competi\u00e7\u00e3o. [&hellip;]<\/p>\n","protected":false},"author":25,"featured_media":146951,"comment_status":"open","ping_status":"closed","sticky":false,"template":"","format":"standard","meta":{"footnotes":""},"categories":[141],"tags":[],"class_list":["post-229979","post","type-post","status-publish","format-standard","has-post-thumbnail","hentry","category-corinthians"],"yoast_head":"<!-- This site is optimized with the Yoast SEO Premium plugin v24.2 (Yoast SEO v26.9) - https:\/\/yoast.com\/product\/yoast-seo-premium-wordpress\/ -->\n<title>Universidad Central x Corinthians: a escala\u00e7\u00e3o escolhida por Ram\u00f3n D\u00edaz<\/title>\n<meta name=\"robots\" content=\"index, follow, max-snippet:-1, max-image-preview:large, max-video-preview:-1\" \/>\n<link rel=\"canonical\" href=\"https:\/\/www.gaveanews.com\/index.php\/2025\/02\/19\/universidad-central-x-corinthians-a-escalacao-escolhida-por-ramon-diaz\/\" \/>\n<meta property=\"og:locale\" content=\"pt_BR\" \/>\n<meta property=\"og:type\" content=\"article\" \/>\n<meta property=\"og:title\" content=\"Universidad Central x Corinthians: a escala\u00e7\u00e3o escolhida por Ram\u00f3n D\u00edaz\" \/>\n<meta property=\"og:description\" content=\"O Corinthians est\u00e1 em Caracas para enfrentar a Universidad Central da Venezuela (UCV) na fase preliminar da Copa Libertadores, a partir das 21h30 (hor\u00e1rio de Bras\u00edlia).&nbsp; O confronto ser\u00e1 no Est\u00e1dio Ol\u00edmpico de Caracas, e as expectativas para o duelo est\u00e3o altas, especialmente por conta da grandeza do Tim\u00e3o, que entra como favorito na competi\u00e7\u00e3o. [&hellip;]\" \/>\n<meta property=\"og:url\" content=\"https:\/\/www.gaveanews.com\/index.php\/2025\/02\/19\/universidad-central-x-corinthians-a-escalacao-escolhida-por-ramon-diaz\/\" \/>\n<meta property=\"og:site_name\" content=\"G\u00e1vea News\" \/>\n<meta property=\"article:publisher\" content=\"https:\/\/facebook.com\/gaveaNews\/\" \/>\n<meta property=\"article:published_time\" content=\"2025-02-19T18:25:50+00:00\" \/>\n<meta property=\"article:modified_time\" content=\"2025-02-19T18:25:52+00:00\" \/>\n<meta property=\"og:image\" content=\"http:\/\/www.gaveanews.com\/wp-content\/uploads\/Escudo-do-Corinthians.webp\" \/>\n\t<meta property=\"og:image:width\" content=\"1000\" \/>\n\t<meta property=\"og:image:height\" content=\"667\" \/>\n\t<meta property=\"og:image:type\" content=\"image\/webp\" \/>\n<meta name=\"author\" content=\"Rafaela Ladeira\" \/>\n<meta name=\"twitter:card\" content=\"summary_large_image\" \/>\n<meta name=\"twitter:label1\" content=\"Escrito por\" \/>\n\t<meta name=\"twitter:data1\" content=\"Rafaela Ladeira\" \/>\n\t<meta name=\"twitter:label2\" content=\"Est. tempo de leitura\" \/>\n\t<meta name=\"twitter:data2\" content=\"1 minuto\" \/>\n<script type=\"application\/ld+json\" class=\"yoast-schema-graph\">{\"@context\":\"https:\/\/schema.org\",\"@graph\":[{\"@type\":\"NewsArticle\",\"@id\":\"https:\/\/www.gaveanews.com\/index.php\/2025\/02\/19\/universidad-central-x-corinthians-a-escalacao-escolhida-por-ramon-diaz\/#article\",\"isPartOf\":{\"@id\":\"https:\/\/www.gaveanews.com\/index.php\/2025\/02\/19\/universidad-central-x-corinthians-a-escalacao-escolhida-por-ramon-diaz\/\"},\"author\":{\"name\":\"Rafaela Ladeira\",\"@id\":\"https:\/\/www.gaveanews.com\/#\/schema\/person\/0eb3e3fe1754f0205218538adbe8f5ed\"},\"headline\":\"Universidad Central x Corinthians: a escala\u00e7\u00e3o escolhida por Ram\u00f3n D\u00edaz\",\"datePublished\":\"2025-02-19T18:25:50+00:00\",\"dateModified\":\"2025-02-19T18:25:52+00:00\",\"mainEntityOfPage\":{\"@id\":\"https:\/\/www.gaveanews.com\/index.php\/2025\/02\/19\/universidad-central-x-corinthians-a-escalacao-escolhida-por-ramon-diaz\/\"},\"wordCount\":478,\"commentCount\":0,\"image\":{\"@id\":\"https:\/\/www.gaveanews.com\/index.php\/2025\/02\/19\/universidad-central-x-corinthians-a-escalacao-escolhida-por-ramon-diaz\/#primaryimage\"},\"thumbnailUrl\":\"https:\/\/www.gaveanews.com\/wp-content\/uploads\/Escudo-do-Corinthians.webp\",\"articleSection\":[\"Corinthians\"],\"inLanguage\":\"pt-BR\",\"potentialAction\":[{\"@type\":\"CommentAction\",\"name\":\"Comment\",\"target\":[\"https:\/\/www.gaveanews.com\/index.php\/2025\/02\/19\/universidad-central-x-corinthians-a-escalacao-escolhida-por-ramon-diaz\/#respond\"]}],\"copyrightYear\":\"2025\",\"copyrightHolder\":{\"@id\":\"https:\/\/www.gaveanews.com\/#organization\"}},{\"@type\":\"WebPage\",\"@id\":\"https:\/\/www.gaveanews.com\/index.php\/2025\/02\/19\/universidad-central-x-corinthians-a-escalacao-escolhida-por-ramon-diaz\/\",\"url\":\"https:\/\/www.gaveanews.com\/index.php\/2025\/02\/19\/universidad-central-x-corinthians-a-escalacao-escolhida-por-ramon-diaz\/\",\"name\":\"Universidad Central x Corinthians: a escala\u00e7\u00e3o escolhida por Ram\u00f3n D\u00edaz\",\"isPartOf\":{\"@id\":\"https:\/\/www.gaveanews.com\/#website\"},\"primaryImageOfPage\":{\"@id\":\"https:\/\/www.gaveanews.com\/index.php\/2025\/02\/19\/universidad-central-x-corinthians-a-escalacao-escolhida-por-ramon-diaz\/#primaryimage\"},\"image\":{\"@id\":\"https:\/\/www.gaveanews.com\/index.php\/2025\/02\/19\/universidad-central-x-corinthians-a-escalacao-escolhida-por-ramon-diaz\/#primaryimage\"},\"thumbnailUrl\":\"https:\/\/www.gaveanews.com\/wp-content\/uploads\/Escudo-do-Corinthians.webp\",\"datePublished\":\"2025-02-19T18:25:50+00:00\",\"dateModified\":\"2025-02-19T18:25:52+00:00\",\"author\":{\"@id\":\"https:\/\/www.gaveanews.com\/#\/schema\/person\/0eb3e3fe1754f0205218538adbe8f5ed\"},\"breadcrumb\":{\"@id\":\"https:\/\/www.gaveanews.com\/index.php\/2025\/02\/19\/universidad-central-x-corinthians-a-escalacao-escolhida-por-ramon-diaz\/#breadcrumb\"},\"inLanguage\":\"pt-BR\",\"potentialAction\":[{\"@type\":\"ReadAction\",\"target\":[\"https:\/\/www.gaveanews.com\/index.php\/2025\/02\/19\/universidad-central-x-corinthians-a-escalacao-escolhida-por-ramon-diaz\/\"]}]},{\"@type\":\"ImageObject\",\"inLanguage\":\"pt-BR\",\"@id\":\"https:\/\/www.gaveanews.com\/index.php\/2025\/02\/19\/universidad-central-x-corinthians-a-escalacao-escolhida-por-ramon-diaz\/#primaryimage\",\"url\":\"https:\/\/www.gaveanews.com\/wp-content\/uploads\/Escudo-do-Corinthians.webp\",\"contentUrl\":\"https:\/\/www.gaveanews.com\/wp-content\/uploads\/Escudo-do-Corinthians.webp\",\"width\":1000,\"height\":667,\"caption\":\"Escudo do Corinthians (Foto Reprodu\u00e7\u00e3o\/Instagram)\"},{\"@type\":\"BreadcrumbList\",\"@id\":\"https:\/\/www.gaveanews.com\/index.php\/2025\/02\/19\/universidad-central-x-corinthians-a-escalacao-escolhida-por-ramon-diaz\/#breadcrumb\",\"itemListElement\":[{\"@type\":\"ListItem\",\"position\":1,\"name\":\"Home\",\"item\":\"https:\/\/www.gaveanews.com\/\"},{\"@type\":\"ListItem\",\"position\":2,\"name\":\"Universidad Central x Corinthians: a escala\u00e7\u00e3o escolhida por Ram\u00f3n D\u00edaz\"}]},{\"@type\":\"WebSite\",\"@id\":\"https:\/\/www.gaveanews.com\/#website\",\"url\":\"https:\/\/www.gaveanews.com\/\",\"name\":\"G\u00e1vea News\",\"description\":\"Veja todas as not\u00edcias sobre o Flamengo: Contrata\u00e7\u00f5es, categorias de base, resultados das partidas, tabela de classifica\u00e7\u00e3o, pr\u00f3ximos jogos!\",\"potentialAction\":[{\"@type\":\"SearchAction\",\"target\":{\"@type\":\"EntryPoint\",\"urlTemplate\":\"https:\/\/www.gaveanews.com\/?s={search_term_string}\"},\"query-input\":{\"@type\":\"PropertyValueSpecification\",\"valueRequired\":true,\"valueName\":\"search_term_string\"}}],\"inLanguage\":\"pt-BR\"},{\"@type\":\"Person\",\"@id\":\"https:\/\/www.gaveanews.com\/#\/schema\/person\/0eb3e3fe1754f0205218538adbe8f5ed\",\"name\":\"Rafaela Ladeira\",\"image\":{\"@type\":\"ImageObject\",\"inLanguage\":\"pt-BR\",\"@id\":\"https:\/\/www.gaveanews.com\/#\/schema\/person\/image\/\",\"url\":\"https:\/\/secure.gravatar.com\/avatar\/c31f513acffd85eacab5730cbdfdbbf59f21ba5aeada8cd890acea879fbb2455?s=96&d=mm&r=g\",\"contentUrl\":\"https:\/\/secure.gravatar.com\/avatar\/c31f513acffd85eacab5730cbdfdbbf59f21ba5aeada8cd890acea879fbb2455?s=96&d=mm&r=g\",\"caption\":\"Rafaela Ladeira\"}}]}<\/script>\n<!-- \/ Yoast SEO Premium plugin. -->","yoast_head_json":{"title":"Universidad Central x Corinthians: a escala\u00e7\u00e3o escolhida por Ram\u00f3n D\u00edaz","robots":{"index":"index","follow":"follow","max-snippet":"max-snippet:-1","max-image-preview":"max-image-preview:large","max-video-preview":"max-video-preview:-1"},"canonical":"https:\/\/www.gaveanews.com\/index.php\/2025\/02\/19\/universidad-central-x-corinthians-a-escalacao-escolhida-por-ramon-diaz\/","og_locale":"pt_BR","og_type":"article","og_title":"Universidad Central x Corinthians: a escala\u00e7\u00e3o escolhida por Ram\u00f3n D\u00edaz","og_description":"O Corinthians est\u00e1 em Caracas para enfrentar a Universidad Central da Venezuela (UCV) na fase preliminar da Copa Libertadores, a partir das 21h30 (hor\u00e1rio de Bras\u00edlia).&nbsp; O confronto ser\u00e1 no Est\u00e1dio Ol\u00edmpico de Caracas, e as expectativas para o duelo est\u00e3o altas, especialmente por conta da grandeza do Tim\u00e3o, que entra como favorito na competi\u00e7\u00e3o. [&hellip;]","og_url":"https:\/\/www.gaveanews.com\/index.php\/2025\/02\/19\/universidad-central-x-corinthians-a-escalacao-escolhida-por-ramon-diaz\/","og_site_name":"G\u00e1vea News","article_publisher":"https:\/\/facebook.com\/gaveaNews\/","article_published_time":"2025-02-19T18:25:50+00:00","article_modified_time":"2025-02-19T18:25:52+00:00","og_image":[{"width":1000,"height":667,"url":"http:\/\/www.gaveanews.com\/wp-content\/uploads\/Escudo-do-Corinthians.webp","type":"image\/webp"}],"author":"Rafaela Ladeira","twitter_card":"summary_large_image","twitter_misc":{"Escrito por":"Rafaela Ladeira","Est. tempo de leitura":"1 minuto"},"schema":{"@context":"https:\/\/schema.org","@graph":[{"@type":"NewsArticle","@id":"https:\/\/www.gaveanews.com\/index.php\/2025\/02\/19\/universidad-central-x-corinthians-a-escalacao-escolhida-por-ramon-diaz\/#article","isPartOf":{"@id":"https:\/\/www.gaveanews.com\/index.php\/2025\/02\/19\/universidad-central-x-corinthians-a-escalacao-escolhida-por-ramon-diaz\/"},"author":{"name":"Rafaela Ladeira","@id":"https:\/\/www.gaveanews.com\/#\/schema\/person\/0eb3e3fe1754f0205218538adbe8f5ed"},"headline":"Universidad Central x Corinthians: a escala\u00e7\u00e3o escolhida por Ram\u00f3n D\u00edaz","datePublished":"2025-02-19T18:25:50+00:00","dateModified":"2025-02-19T18:25:52+00:00","mainEntityOfPage":{"@id":"https:\/\/www.gaveanews.com\/index.php\/2025\/02\/19\/universidad-central-x-corinthians-a-escalacao-escolhida-por-ramon-diaz\/"},"wordCount":478,"commentCount":0,"image":{"@id":"https:\/\/www.gaveanews.com\/index.php\/2025\/02\/19\/universidad-central-x-corinthians-a-escalacao-escolhida-por-ramon-diaz\/#primaryimage"},"thumbnailUrl":"https:\/\/www.gaveanews.com\/wp-content\/uploads\/Escudo-do-Corinthians.webp","articleSection":["Corinthians"],"inLanguage":"pt-BR","potentialAction":[{"@type":"CommentAction","name":"Comment","target":["https:\/\/www.gaveanews.com\/index.php\/2025\/02\/19\/universidad-central-x-corinthians-a-escalacao-escolhida-por-ramon-diaz\/#respond"]}],"copyrightYear":"2025","copyrightHolder":{"@id":"https:\/\/www.gaveanews.com\/#organization"}},{"@type":"WebPage","@id":"https:\/\/www.gaveanews.com\/index.php\/2025\/02\/19\/universidad-central-x-corinthians-a-escalacao-escolhida-por-ramon-diaz\/","url":"https:\/\/www.gaveanews.com\/index.php\/2025\/02\/19\/universidad-central-x-corinthians-a-escalacao-escolhida-por-ramon-diaz\/","name":"Universidad Central x Corinthians: a escala\u00e7\u00e3o escolhida por Ram\u00f3n D\u00edaz","isPartOf":{"@id":"https:\/\/www.gaveanews.com\/#website"},"primaryImageOfPage":{"@id":"https:\/\/www.gaveanews.com\/index.php\/2025\/02\/19\/universidad-central-x-corinthians-a-escalacao-escolhida-por-ramon-diaz\/#primaryimage"},"image":{"@id":"https:\/\/www.gaveanews.com\/index.php\/2025\/02\/19\/universidad-central-x-corinthians-a-escalacao-escolhida-por-ramon-diaz\/#primaryimage"},"thumbnailUrl":"https:\/\/www.gaveanews.com\/wp-content\/uploads\/Escudo-do-Corinthians.webp","datePublished":"2025-02-19T18:25:50+00:00","dateModified":"2025-02-19T18:25:52+00:00","author":{"@id":"https:\/\/www.gaveanews.com\/#\/schema\/person\/0eb3e3fe1754f0205218538adbe8f5ed"},"breadcrumb":{"@id":"https:\/\/www.gaveanews.com\/index.php\/2025\/02\/19\/universidad-central-x-corinthians-a-escalacao-escolhida-por-ramon-diaz\/#breadcrumb"},"inLanguage":"pt-BR","potentialAction":[{"@type":"ReadAction","target":["https:\/\/www.gaveanews.com\/index.php\/2025\/02\/19\/universidad-central-x-corinthians-a-escalacao-escolhida-por-ramon-diaz\/"]}]},{"@type":"ImageObject","inLanguage":"pt-BR","@id":"https:\/\/www.gaveanews.com\/index.php\/2025\/02\/19\/universidad-central-x-corinthians-a-escalacao-escolhida-por-ramon-diaz\/#primaryimage","url":"https:\/\/www.gaveanews.com\/wp-content\/uploads\/Escudo-do-Corinthians.webp","contentUrl":"https:\/\/www.gaveanews.com\/wp-content\/uploads\/Escudo-do-Corinthians.webp","width":1000,"height":667,"caption":"Escudo do Corinthians (Foto Reprodu\u00e7\u00e3o\/Instagram)"},{"@type":"BreadcrumbList","@id":"https:\/\/www.gaveanews.com\/index.php\/2025\/02\/19\/universidad-central-x-corinthians-a-escalacao-escolhida-por-ramon-diaz\/#breadcrumb","itemListElement":[{"@type":"ListItem","position":1,"name":"Home","item":"https:\/\/www.gaveanews.com\/"},{"@type":"ListItem","position":2,"name":"Universidad Central x Corinthians: a escala\u00e7\u00e3o escolhida por Ram\u00f3n D\u00edaz"}]},{"@type":"WebSite","@id":"https:\/\/www.gaveanews.com\/#website","url":"https:\/\/www.gaveanews.com\/","name":"G\u00e1vea News","description":"Veja todas as not\u00edcias sobre o Flamengo: Contrata\u00e7\u00f5es, categorias de base, resultados das partidas, tabela de classifica\u00e7\u00e3o, pr\u00f3ximos jogos!","potentialAction":[{"@type":"SearchAction","target":{"@type":"EntryPoint","urlTemplate":"https:\/\/www.gaveanews.com\/?s={search_term_string}"},"query-input":{"@type":"PropertyValueSpecification","valueRequired":true,"valueName":"search_term_string"}}],"inLanguage":"pt-BR"},{"@type":"Person","@id":"https:\/\/www.gaveanews.com\/#\/schema\/person\/0eb3e3fe1754f0205218538adbe8f5ed","name":"Rafaela Ladeira","image":{"@type":"ImageObject","inLanguage":"pt-BR","@id":"https:\/\/www.gaveanews.com\/#\/schema\/person\/image\/","url":"https:\/\/secure.gravatar.com\/avatar\/c31f513acffd85eacab5730cbdfdbbf59f21ba5aeada8cd890acea879fbb2455?s=96&d=mm&r=g","contentUrl":"https:\/\/secure.gravatar.com\/avatar\/c31f513acffd85eacab5730cbdfdbbf59f21ba5aeada8cd890acea879fbb2455?s=96&d=mm&r=g","caption":"Rafaela Ladeira"}}]}},"_links":{"self":[{"href":"https:\/\/www.gaveanews.com\/index.php\/wp-json\/wp\/v2\/posts\/229979","targetHints":{"allow":["GET"]}}],"collection":[{"href":"https:\/\/www.gaveanews.com\/index.php\/wp-json\/wp\/v2\/posts"}],"about":[{"href":"https:\/\/www.gaveanews.com\/index.php\/wp-json\/wp\/v2\/types\/post"}],"author":[{"embeddable":true,"href":"https:\/\/www.gaveanews.com\/index.php\/wp-json\/wp\/v2\/users\/25"}],"replies":[{"embeddable":true,"href":"https:\/\/www.gaveanews.com\/index.php\/wp-json\/wp\/v2\/comments?post=229979"}],"version-history":[{"count":1,"href":"https:\/\/www.gaveanews.com\/index.php\/wp-json\/wp\/v2\/posts\/229979\/revisions"}],"predecessor-version":[{"id":229981,"href":"https:\/\/www.gaveanews.com\/index.php\/wp-json\/wp\/v2\/posts\/229979\/revisions\/229981"}],"wp:featuredmedia":[{"embeddable":true,"href":"https:\/\/www.gaveanews.com\/index.php\/wp-json\/wp\/v2\/media\/146951"}],"wp:attachment":[{"href":"https:\/\/www.gaveanews.com\/index.php\/wp-json\/wp\/v2\/media?parent=229979"}],"wp:term":[{"taxonomy":"category","embeddable":true,"href":"https:\/\/www.gaveanews.com\/index.php\/wp-json\/wp\/v2\/categories?post=229979"},{"taxonomy":"post_tag","embeddable":true,"href":"https:\/\/www.gaveanews.com\/index.php\/wp-json\/wp\/v2\/tags?post=229979"}],"curies":[{"name":"wp","href":"https:\/\/api.w.org\/{rel}","templated":true}]}}