{"id":229993,"date":"2025-02-19T16:10:00","date_gmt":"2025-02-19T19:10:00","guid":{"rendered":"https:\/\/www.gaveanews.com\/?p=229993"},"modified":"2025-02-19T15:29:54","modified_gmt":"2025-02-19T18:29:54","slug":"publicacao-de-tiquinho-revolta-a-torcida-do-botafogo","status":"publish","type":"post","link":"https:\/\/www.gaveanews.com\/index.php\/2025\/02\/19\/publicacao-de-tiquinho-revolta-a-torcida-do-botafogo\/","title":{"rendered":"Publica\u00e7\u00e3o de Tiquinho revolta a torcida do Botafogo"},"content":{"rendered":"\n<p>A pol\u00eamica envolvendo o atacante Tiquinho Soares ganhou destaque nas redes sociais ap\u00f3s o jogador, em uma manifesta\u00e7\u00e3o contra o uso de gramados sint\u00e9ticos no Brasil, apagar sua publica\u00e7\u00e3o horas depois. A rea\u00e7\u00e3o de torcedores e o posicionamento de seu atual clube, o Santos, trouxeram \u00e0 tona um debate sobre as press\u00f5es que os atletas enfrentam, tanto dentro quanto fora de campo.<\/p>\n\n\n\n<h2 class=\"wp-block-heading\" id=\"h-o-motivo-da-postagem-de-tiquinho\">O motivo da postagem de Tiquinho<\/h2>\n\n\n\n<p>Tudo come\u00e7ou quando Tiquinho compartilhou em suas redes sociais um manifesto sobre a prefer\u00eancia por gramados naturais, uma campanha apoiada por diversos atletas de destaque como Neymar, Gabigol e Thiago Silva. <\/p>\n\n\n\n<p>No entanto, o atacante acabou voltando atr\u00e1s e apagando a postagem. No story de seu Instagram, ele explicou sua decis\u00e3o: &#8220;Hoje, estou em um clube que tem suas ideologias e como funcion\u00e1rio do Santos preciso defender a institui\u00e7\u00e3o dentro e fora dos gramados&#8221;, afirmou.<\/p>\n\n\n\n<h2 class=\"wp-block-heading\" id=\"h-o-impacto-entre-os-torcedores-do-botafogo\">O impacto entre os torcedores do Botafogo<\/h2>\n\n\n\n<p>Al\u00e9m disso, Tiquinho revelou que a raz\u00e3o para sua mudan\u00e7a de postura foi a rea\u00e7\u00e3o de torcedores do Botafogo, clube no qual teve sua melhor fase da carreira. &#8220;Fui chamado de ingrato por torcedores do Botafogo, clube que tenho enorme carinho. Com isso, resolvi apagar e ficar fora de um debate que pode gerar qualquer tipo de pol\u00eamica&#8221;, disse o jogador. Essa fala demonstra o dilema vivido por muitos atletas que, ao se manifestar, podem acabar sendo alvo de cr\u00edticas por parte dos f\u00e3s, especialmente quando a quest\u00e3o envolve quest\u00f5es institucionais e clubes passados.<\/p>\n\n\n\n<h2 class=\"wp-block-heading\" id=\"h-a-posicao-do-botafogo-sobre-o-tema\">A posi\u00e7\u00e3o do Botafogo sobre o tema<\/h2>\n\n\n\n<p>O Botafogo tamb\u00e9m se posicionou publicamente sobre a campanha contra os gramados sint\u00e9ticos, com uma nota oficial criticando a defesa dos campos naturais. <\/p>\n\n\n\n<p>&#8220;Chega a ser hipocrisia pensar a defesa irrestrita do gramado natural enquanto diversos est\u00e1dios do Brasil \u2014 sufocados por um calend\u00e1rio intenso ao longo do ano \u2014 apresentam qualidade que, estes sim, podem gerar s\u00e9rias consequ\u00eancias f\u00edsicas e p\u00f4r em risco a carreira de atletas de base e profissional&#8221;, afirmou o clube.<\/p>\n\n\n\n<h2 class=\"wp-block-heading\" id=\"h-a-complexidade-do-debate-sobre-gramados-sinteticos\">A complexidade do debate sobre gramados sint\u00e9ticos<\/h2>\n\n\n\n<p>Sendo assim, a situa\u00e7\u00e3o de Tiquinho Soares ilustra a complexidade do debate em torno dos gramados sint\u00e9ticos no Brasil. Por um lado, a preocupa\u00e7\u00e3o com les\u00f5es e a defesa dos jogadores, por outro, a cr\u00edtica de clubes que veem nesses campos uma solu\u00e7\u00e3o vi\u00e1vel frente aos calend\u00e1rios apertados. <\/p>\n\n\n\n<p>Isso porque, a quest\u00e3o envolve n\u00e3o apenas a sa\u00fade dos atletas, mas tamb\u00e9m a viabilidade e os custos das estruturas esportivas no pa\u00eds. Com isso, o debate tende a continuar, com v\u00e1rias opini\u00f5es divergentes sobre o melhor modelo para o futebol brasileiro.<\/p>\n","protected":false},"excerpt":{"rendered":"<p>A pol\u00eamica envolvendo o atacante Tiquinho Soares ganhou destaque nas redes sociais ap\u00f3s o jogador, em uma manifesta\u00e7\u00e3o contra o uso de gramados sint\u00e9ticos no Brasil, apagar sua publica\u00e7\u00e3o horas depois. A rea\u00e7\u00e3o de torcedores e o posicionamento de seu atual clube, o Santos, trouxeram \u00e0 tona um debate sobre as press\u00f5es que os atletas [&hellip;]<\/p>\n","protected":false},"author":24,"featured_media":167044,"comment_status":"open","ping_status":"closed","sticky":false,"template":"","format":"standard","meta":{"footnotes":""},"categories":[138,139],"tags":[],"class_list":["post-229993","post","type-post","status-publish","format-standard","has-post-thumbnail","hentry","category-botafogo","category-santos"],"yoast_head":"<!-- This site is optimized with the Yoast SEO Premium plugin v24.2 (Yoast SEO v26.9) - https:\/\/yoast.com\/product\/yoast-seo-premium-wordpress\/ -->\n<title>Publica\u00e7\u00e3o de Tiquinho revolta a torcida do Botafogo<\/title>\n<meta name=\"robots\" content=\"index, follow, max-snippet:-1, max-image-preview:large, max-video-preview:-1\" \/>\n<link rel=\"canonical\" href=\"https:\/\/www.gaveanews.com\/index.php\/2025\/02\/19\/publicacao-de-tiquinho-revolta-a-torcida-do-botafogo\/\" \/>\n<meta property=\"og:locale\" content=\"pt_BR\" \/>\n<meta property=\"og:type\" content=\"article\" \/>\n<meta property=\"og:title\" content=\"Publica\u00e7\u00e3o de Tiquinho revolta a torcida do Botafogo\" \/>\n<meta property=\"og:description\" content=\"A pol\u00eamica envolvendo o atacante Tiquinho Soares ganhou destaque nas redes sociais ap\u00f3s o jogador, em uma manifesta\u00e7\u00e3o contra o uso de gramados sint\u00e9ticos no Brasil, apagar sua publica\u00e7\u00e3o horas depois. A rea\u00e7\u00e3o de torcedores e o posicionamento de seu atual clube, o Santos, trouxeram \u00e0 tona um debate sobre as press\u00f5es que os atletas [&hellip;]\" \/>\n<meta property=\"og:url\" content=\"https:\/\/www.gaveanews.com\/index.php\/2025\/02\/19\/publicacao-de-tiquinho-revolta-a-torcida-do-botafogo\/\" \/>\n<meta property=\"og:site_name\" content=\"G\u00e1vea News\" \/>\n<meta property=\"article:publisher\" content=\"https:\/\/facebook.com\/gaveaNews\/\" \/>\n<meta property=\"article:published_time\" content=\"2025-02-19T19:10:00+00:00\" \/>\n<meta property=\"og:image\" content=\"https:\/\/www.gaveanews.com\/wp-content\/uploads\/tiquinho-soares-botafogo-edited.webp\" \/>\n\t<meta property=\"og:image:width\" content=\"450\" \/>\n\t<meta property=\"og:image:height\" content=\"300\" \/>\n\t<meta property=\"og:image:type\" content=\"image\/jpeg\" \/>\n<meta name=\"author\" content=\"Leandro Cardoso\" \/>\n<meta name=\"twitter:card\" content=\"summary_large_image\" \/>\n<meta name=\"twitter:label1\" content=\"Escrito por\" \/>\n\t<meta name=\"twitter:data1\" content=\"Leandro Cardoso\" \/>\n\t<meta name=\"twitter:label2\" content=\"Est. tempo de leitura\" \/>\n\t<meta name=\"twitter:data2\" content=\"3 minutos\" \/>\n<script type=\"application\/ld+json\" class=\"yoast-schema-graph\">{\"@context\":\"https:\/\/schema.org\",\"@graph\":[{\"@type\":\"NewsArticle\",\"@id\":\"https:\/\/www.gaveanews.com\/index.php\/2025\/02\/19\/publicacao-de-tiquinho-revolta-a-torcida-do-botafogo\/#article\",\"isPartOf\":{\"@id\":\"https:\/\/www.gaveanews.com\/index.php\/2025\/02\/19\/publicacao-de-tiquinho-revolta-a-torcida-do-botafogo\/\"},\"author\":{\"name\":\"Leandro Cardoso\",\"@id\":\"https:\/\/www.gaveanews.com\/#\/schema\/person\/2424ec6409bc3f068411fc5e4e9b6168\"},\"headline\":\"Publica\u00e7\u00e3o de Tiquinho revolta a torcida do Botafogo\",\"datePublished\":\"2025-02-19T19:10:00+00:00\",\"mainEntityOfPage\":{\"@id\":\"https:\/\/www.gaveanews.com\/index.php\/2025\/02\/19\/publicacao-de-tiquinho-revolta-a-torcida-do-botafogo\/\"},\"wordCount\":476,\"commentCount\":0,\"image\":{\"@id\":\"https:\/\/www.gaveanews.com\/index.php\/2025\/02\/19\/publicacao-de-tiquinho-revolta-a-torcida-do-botafogo\/#primaryimage\"},\"thumbnailUrl\":\"https:\/\/www.gaveanews.com\/wp-content\/uploads\/tiquinho-soares-botafogo-edited.webp\",\"articleSection\":[\"Botafogo\",\"Santos\"],\"inLanguage\":\"pt-BR\",\"potentialAction\":[{\"@type\":\"CommentAction\",\"name\":\"Comment\",\"target\":[\"https:\/\/www.gaveanews.com\/index.php\/2025\/02\/19\/publicacao-de-tiquinho-revolta-a-torcida-do-botafogo\/#respond\"]}],\"copyrightYear\":\"2025\",\"copyrightHolder\":{\"@id\":\"https:\/\/www.gaveanews.com\/#organization\"}},{\"@type\":\"WebPage\",\"@id\":\"https:\/\/www.gaveanews.com\/index.php\/2025\/02\/19\/publicacao-de-tiquinho-revolta-a-torcida-do-botafogo\/\",\"url\":\"https:\/\/www.gaveanews.com\/index.php\/2025\/02\/19\/publicacao-de-tiquinho-revolta-a-torcida-do-botafogo\/\",\"name\":\"Publica\u00e7\u00e3o de Tiquinho revolta a torcida do Botafogo\",\"isPartOf\":{\"@id\":\"https:\/\/www.gaveanews.com\/#website\"},\"primaryImageOfPage\":{\"@id\":\"https:\/\/www.gaveanews.com\/index.php\/2025\/02\/19\/publicacao-de-tiquinho-revolta-a-torcida-do-botafogo\/#primaryimage\"},\"image\":{\"@id\":\"https:\/\/www.gaveanews.com\/index.php\/2025\/02\/19\/publicacao-de-tiquinho-revolta-a-torcida-do-botafogo\/#primaryimage\"},\"thumbnailUrl\":\"https:\/\/www.gaveanews.com\/wp-content\/uploads\/tiquinho-soares-botafogo-edited.webp\",\"datePublished\":\"2025-02-19T19:10:00+00:00\",\"author\":{\"@id\":\"https:\/\/www.gaveanews.com\/#\/schema\/person\/2424ec6409bc3f068411fc5e4e9b6168\"},\"breadcrumb\":{\"@id\":\"https:\/\/www.gaveanews.com\/index.php\/2025\/02\/19\/publicacao-de-tiquinho-revolta-a-torcida-do-botafogo\/#breadcrumb\"},\"inLanguage\":\"pt-BR\",\"potentialAction\":[{\"@type\":\"ReadAction\",\"target\":[\"https:\/\/www.gaveanews.com\/index.php\/2025\/02\/19\/publicacao-de-tiquinho-revolta-a-torcida-do-botafogo\/\"]}]},{\"@type\":\"ImageObject\",\"inLanguage\":\"pt-BR\",\"@id\":\"https:\/\/www.gaveanews.com\/index.php\/2025\/02\/19\/publicacao-de-tiquinho-revolta-a-torcida-do-botafogo\/#primaryimage\",\"url\":\"https:\/\/www.gaveanews.com\/wp-content\/uploads\/tiquinho-soares-botafogo-edited.webp\",\"contentUrl\":\"https:\/\/www.gaveanews.com\/wp-content\/uploads\/tiquinho-soares-botafogo-edited.webp\",\"width\":450,\"height\":300,\"caption\":\"Tiquinho Soares em a\u00e7\u00e3o pelo Botafogo contra o Flamengo (Foto: Thiago Ribeiro\/AGIF)\"},{\"@type\":\"BreadcrumbList\",\"@id\":\"https:\/\/www.gaveanews.com\/index.php\/2025\/02\/19\/publicacao-de-tiquinho-revolta-a-torcida-do-botafogo\/#breadcrumb\",\"itemListElement\":[{\"@type\":\"ListItem\",\"position\":1,\"name\":\"Home\",\"item\":\"https:\/\/www.gaveanews.com\/\"},{\"@type\":\"ListItem\",\"position\":2,\"name\":\"Publica\u00e7\u00e3o de Tiquinho revolta a torcida do Botafogo\"}]},{\"@type\":\"WebSite\",\"@id\":\"https:\/\/www.gaveanews.com\/#website\",\"url\":\"https:\/\/www.gaveanews.com\/\",\"name\":\"G\u00e1vea News\",\"description\":\"Veja todas as not\u00edcias sobre o Flamengo: Contrata\u00e7\u00f5es, categorias de base, resultados das partidas, tabela de classifica\u00e7\u00e3o, pr\u00f3ximos jogos!\",\"potentialAction\":[{\"@type\":\"SearchAction\",\"target\":{\"@type\":\"EntryPoint\",\"urlTemplate\":\"https:\/\/www.gaveanews.com\/?s={search_term_string}\"},\"query-input\":{\"@type\":\"PropertyValueSpecification\",\"valueRequired\":true,\"valueName\":\"search_term_string\"}}],\"inLanguage\":\"pt-BR\"},{\"@type\":\"Person\",\"@id\":\"https:\/\/www.gaveanews.com\/#\/schema\/person\/2424ec6409bc3f068411fc5e4e9b6168\",\"name\":\"Leandro Cardoso\",\"image\":{\"@type\":\"ImageObject\",\"inLanguage\":\"pt-BR\",\"@id\":\"https:\/\/www.gaveanews.com\/#\/schema\/person\/image\/\",\"url\":\"https:\/\/secure.gravatar.com\/avatar\/8ca179f9b55eefe9f376f5493ef25475bfa59fbc28ce937f6076ce20e523098f?s=96&d=mm&r=g\",\"contentUrl\":\"https:\/\/secure.gravatar.com\/avatar\/8ca179f9b55eefe9f376f5493ef25475bfa59fbc28ce937f6076ce20e523098f?s=96&d=mm&r=g\",\"caption\":\"Leandro Cardoso\"}}]}<\/script>\n<!-- \/ Yoast SEO Premium plugin. -->","yoast_head_json":{"title":"Publica\u00e7\u00e3o de Tiquinho revolta a torcida do Botafogo","robots":{"index":"index","follow":"follow","max-snippet":"max-snippet:-1","max-image-preview":"max-image-preview:large","max-video-preview":"max-video-preview:-1"},"canonical":"https:\/\/www.gaveanews.com\/index.php\/2025\/02\/19\/publicacao-de-tiquinho-revolta-a-torcida-do-botafogo\/","og_locale":"pt_BR","og_type":"article","og_title":"Publica\u00e7\u00e3o de Tiquinho revolta a torcida do Botafogo","og_description":"A pol\u00eamica envolvendo o atacante Tiquinho Soares ganhou destaque nas redes sociais ap\u00f3s o jogador, em uma manifesta\u00e7\u00e3o contra o uso de gramados sint\u00e9ticos no Brasil, apagar sua publica\u00e7\u00e3o horas depois. A rea\u00e7\u00e3o de torcedores e o posicionamento de seu atual clube, o Santos, trouxeram \u00e0 tona um debate sobre as press\u00f5es que os atletas [&hellip;]","og_url":"https:\/\/www.gaveanews.com\/index.php\/2025\/02\/19\/publicacao-de-tiquinho-revolta-a-torcida-do-botafogo\/","og_site_name":"G\u00e1vea News","article_publisher":"https:\/\/facebook.com\/gaveaNews\/","article_published_time":"2025-02-19T19:10:00+00:00","og_image":[{"width":450,"height":300,"url":"https:\/\/www.gaveanews.com\/wp-content\/uploads\/tiquinho-soares-botafogo-edited.webp","type":"image\/jpeg"}],"author":"Leandro Cardoso","twitter_card":"summary_large_image","twitter_misc":{"Escrito por":"Leandro Cardoso","Est. tempo de leitura":"3 minutos"},"schema":{"@context":"https:\/\/schema.org","@graph":[{"@type":"NewsArticle","@id":"https:\/\/www.gaveanews.com\/index.php\/2025\/02\/19\/publicacao-de-tiquinho-revolta-a-torcida-do-botafogo\/#article","isPartOf":{"@id":"https:\/\/www.gaveanews.com\/index.php\/2025\/02\/19\/publicacao-de-tiquinho-revolta-a-torcida-do-botafogo\/"},"author":{"name":"Leandro Cardoso","@id":"https:\/\/www.gaveanews.com\/#\/schema\/person\/2424ec6409bc3f068411fc5e4e9b6168"},"headline":"Publica\u00e7\u00e3o de Tiquinho revolta a torcida do Botafogo","datePublished":"2025-02-19T19:10:00+00:00","mainEntityOfPage":{"@id":"https:\/\/www.gaveanews.com\/index.php\/2025\/02\/19\/publicacao-de-tiquinho-revolta-a-torcida-do-botafogo\/"},"wordCount":476,"commentCount":0,"image":{"@id":"https:\/\/www.gaveanews.com\/index.php\/2025\/02\/19\/publicacao-de-tiquinho-revolta-a-torcida-do-botafogo\/#primaryimage"},"thumbnailUrl":"https:\/\/www.gaveanews.com\/wp-content\/uploads\/tiquinho-soares-botafogo-edited.webp","articleSection":["Botafogo","Santos"],"inLanguage":"pt-BR","potentialAction":[{"@type":"CommentAction","name":"Comment","target":["https:\/\/www.gaveanews.com\/index.php\/2025\/02\/19\/publicacao-de-tiquinho-revolta-a-torcida-do-botafogo\/#respond"]}],"copyrightYear":"2025","copyrightHolder":{"@id":"https:\/\/www.gaveanews.com\/#organization"}},{"@type":"WebPage","@id":"https:\/\/www.gaveanews.com\/index.php\/2025\/02\/19\/publicacao-de-tiquinho-revolta-a-torcida-do-botafogo\/","url":"https:\/\/www.gaveanews.com\/index.php\/2025\/02\/19\/publicacao-de-tiquinho-revolta-a-torcida-do-botafogo\/","name":"Publica\u00e7\u00e3o de Tiquinho revolta a torcida do Botafogo","isPartOf":{"@id":"https:\/\/www.gaveanews.com\/#website"},"primaryImageOfPage":{"@id":"https:\/\/www.gaveanews.com\/index.php\/2025\/02\/19\/publicacao-de-tiquinho-revolta-a-torcida-do-botafogo\/#primaryimage"},"image":{"@id":"https:\/\/www.gaveanews.com\/index.php\/2025\/02\/19\/publicacao-de-tiquinho-revolta-a-torcida-do-botafogo\/#primaryimage"},"thumbnailUrl":"https:\/\/www.gaveanews.com\/wp-content\/uploads\/tiquinho-soares-botafogo-edited.webp","datePublished":"2025-02-19T19:10:00+00:00","author":{"@id":"https:\/\/www.gaveanews.com\/#\/schema\/person\/2424ec6409bc3f068411fc5e4e9b6168"},"breadcrumb":{"@id":"https:\/\/www.gaveanews.com\/index.php\/2025\/02\/19\/publicacao-de-tiquinho-revolta-a-torcida-do-botafogo\/#breadcrumb"},"inLanguage":"pt-BR","potentialAction":[{"@type":"ReadAction","target":["https:\/\/www.gaveanews.com\/index.php\/2025\/02\/19\/publicacao-de-tiquinho-revolta-a-torcida-do-botafogo\/"]}]},{"@type":"ImageObject","inLanguage":"pt-BR","@id":"https:\/\/www.gaveanews.com\/index.php\/2025\/02\/19\/publicacao-de-tiquinho-revolta-a-torcida-do-botafogo\/#primaryimage","url":"https:\/\/www.gaveanews.com\/wp-content\/uploads\/tiquinho-soares-botafogo-edited.webp","contentUrl":"https:\/\/www.gaveanews.com\/wp-content\/uploads\/tiquinho-soares-botafogo-edited.webp","width":450,"height":300,"caption":"Tiquinho Soares em a\u00e7\u00e3o pelo Botafogo contra o Flamengo (Foto: Thiago Ribeiro\/AGIF)"},{"@type":"BreadcrumbList","@id":"https:\/\/www.gaveanews.com\/index.php\/2025\/02\/19\/publicacao-de-tiquinho-revolta-a-torcida-do-botafogo\/#breadcrumb","itemListElement":[{"@type":"ListItem","position":1,"name":"Home","item":"https:\/\/www.gaveanews.com\/"},{"@type":"ListItem","position":2,"name":"Publica\u00e7\u00e3o de Tiquinho revolta a torcida do Botafogo"}]},{"@type":"WebSite","@id":"https:\/\/www.gaveanews.com\/#website","url":"https:\/\/www.gaveanews.com\/","name":"G\u00e1vea News","description":"Veja todas as not\u00edcias sobre o Flamengo: Contrata\u00e7\u00f5es, categorias de base, resultados das partidas, tabela de classifica\u00e7\u00e3o, pr\u00f3ximos jogos!","potentialAction":[{"@type":"SearchAction","target":{"@type":"EntryPoint","urlTemplate":"https:\/\/www.gaveanews.com\/?s={search_term_string}"},"query-input":{"@type":"PropertyValueSpecification","valueRequired":true,"valueName":"search_term_string"}}],"inLanguage":"pt-BR"},{"@type":"Person","@id":"https:\/\/www.gaveanews.com\/#\/schema\/person\/2424ec6409bc3f068411fc5e4e9b6168","name":"Leandro Cardoso","image":{"@type":"ImageObject","inLanguage":"pt-BR","@id":"https:\/\/www.gaveanews.com\/#\/schema\/person\/image\/","url":"https:\/\/secure.gravatar.com\/avatar\/8ca179f9b55eefe9f376f5493ef25475bfa59fbc28ce937f6076ce20e523098f?s=96&d=mm&r=g","contentUrl":"https:\/\/secure.gravatar.com\/avatar\/8ca179f9b55eefe9f376f5493ef25475bfa59fbc28ce937f6076ce20e523098f?s=96&d=mm&r=g","caption":"Leandro Cardoso"}}]}},"_links":{"self":[{"href":"https:\/\/www.gaveanews.com\/index.php\/wp-json\/wp\/v2\/posts\/229993","targetHints":{"allow":["GET"]}}],"collection":[{"href":"https:\/\/www.gaveanews.com\/index.php\/wp-json\/wp\/v2\/posts"}],"about":[{"href":"https:\/\/www.gaveanews.com\/index.php\/wp-json\/wp\/v2\/types\/post"}],"author":[{"embeddable":true,"href":"https:\/\/www.gaveanews.com\/index.php\/wp-json\/wp\/v2\/users\/24"}],"replies":[{"embeddable":true,"href":"https:\/\/www.gaveanews.com\/index.php\/wp-json\/wp\/v2\/comments?post=229993"}],"version-history":[{"count":1,"href":"https:\/\/www.gaveanews.com\/index.php\/wp-json\/wp\/v2\/posts\/229993\/revisions"}],"predecessor-version":[{"id":229999,"href":"https:\/\/www.gaveanews.com\/index.php\/wp-json\/wp\/v2\/posts\/229993\/revisions\/229999"}],"wp:featuredmedia":[{"embeddable":true,"href":"https:\/\/www.gaveanews.com\/index.php\/wp-json\/wp\/v2\/media\/167044"}],"wp:attachment":[{"href":"https:\/\/www.gaveanews.com\/index.php\/wp-json\/wp\/v2\/media?parent=229993"}],"wp:term":[{"taxonomy":"category","embeddable":true,"href":"https:\/\/www.gaveanews.com\/index.php\/wp-json\/wp\/v2\/categories?post=229993"},{"taxonomy":"post_tag","embeddable":true,"href":"https:\/\/www.gaveanews.com\/index.php\/wp-json\/wp\/v2\/tags?post=229993"}],"curies":[{"name":"wp","href":"https:\/\/api.w.org\/{rel}","templated":true}]}}