{"id":230066,"date":"2025-02-19T14:05:00","date_gmt":"2025-02-19T17:05:00","guid":{"rendered":"https:\/\/www.gaveanews.com\/?p=230066"},"modified":"2025-02-19T13:23:18","modified_gmt":"2025-02-19T16:23:18","slug":"a-declaracao-de-matheus-fernandes-sobre-o-atual-momento-do-bragantino","status":"publish","type":"post","link":"https:\/\/www.gaveanews.com\/index.php\/2025\/02\/19\/a-declaracao-de-matheus-fernandes-sobre-o-atual-momento-do-bragantino\/","title":{"rendered":"A declara\u00e7\u00e3o de Matheus Fernandes sobre o atual momento do Bragantino"},"content":{"rendered":"\n<h2 class=\"wp-block-heading\" id=\"h-estamos-criando-essa-casca-durante-o-campeonato-diz-meio-campista-do-braga\">\u00a0&#8220;Estamos criando essa casca durante o campeonato&#8221;, diz meio-campista do Braga<\/h2>\n\n\n\n<p>O Bragantino n\u00e3o vem tendo vida f\u00e1cil no Campeonato Paulista e preocupou o torcedor quando esteve pr\u00f3ximo da zona de rebaixamento. O time vem se recuperando e agora briga por uma vaga nas quartas de final do estadual. O meio-campista Matheus Fernandes comentou sobre a situa\u00e7\u00e3o. <\/p>\n\n\n\n<p>Para Matheus Fernandes, o Bragantino est\u00e1 passando por um amadurecimento e por isso vem tendo oscila\u00e7\u00f5es durante a competi\u00e7\u00e3o, mas que \u00e9 normal por conta do processo. O meio-campista ainda comentou sobre a diferen\u00e7a no estilo de jogo do antigo treinador (Pedro Caixinha) e do atual (Fernando Seabra). <\/p>\n\n\n\n<p>&#8220;A gente sabe da dificuldade que tivemos, adapta\u00e7\u00e3o, modelo de jogo diferente. A gente marca mais zona, com o antigo treinador era mais individual. Tivemos que fazer uma readapta\u00e7\u00e3o ao estilo de jogo. Jogamos mais com bola, antes era um time muito mais vertical. Hoje a gente trabalha melhor para poder chegar no gol. Isso voc\u00ea vai ganhando durante o campeonato. Tivemos pouco tempo de pr\u00e9-temporada. A pr\u00e9-temporada mesmo foi dentro do Paulista. Por isso, teve muita oscila\u00e7\u00e3o. Tem as pe\u00e7as novas chegando, como o Gab, o Lucas voltou, Fernando est\u00e1 voltando, o Pitta est\u00e1 jogando bem&#8221;, disse em entrevista coletiva na \u00faltima ter\u00e7a-feira (18).<\/p>\n\n\n\n<p>Matheus Fernandes ainda disse que a equipe est\u00e1 criando uma esp\u00e9cie de &#8220;casca&#8221; e afirmou que o melhor momento de oscila\u00e7\u00e3o \u00e9 esse ao inv\u00e9s do meio da temporada, em meio a competi\u00e7\u00f5es mais dif\u00edceis e mais importantes. <\/p>\n\n\n\n<p>&#8220;Estamos criando essa casca durante o campeonato. Acredito que a gente tem oscilado bastante. Mas \u00e9 melhor oscilar no in\u00edcio e ter tempo para correr atr\u00e1s do que, por exemplo, chegar no meio do Brasileiro, que sabemos que \u00e9 super dif\u00edcil e quando voc\u00ea entra na zona \u00e9 perigoso, para sair \u00e9 uma luta. Ent\u00e3o, acho que ainda est\u00e1 dentro do padr\u00e3o. N\u00e3o foge do padr\u00e3o. Ainda temos chance de classifica\u00e7\u00e3o&#8221;, falou o jogador, que continuou: <\/p>\n\n\n\n<p>&#8220;Acho que \u00e9 mais amadurecimento da equipe, no geral, dentro das competi\u00e7\u00f5es. Saber disputar. Por exemplo, agora entramos em uma competi\u00e7\u00e3o de mata-mata, que \u00e9 a Copa do Brasil. Podemos esperar um jogo muito dif\u00edcil. Acho que falta a gente amadurecer mais durante os campeonatos, durante as partidas, mas acho que o time vai criar uma casca e vai conseguir regularidade&#8221;, acrescentou. <\/p>\n\n\n\n<p>No \u00faltimo fim de semana, o Bragantino bateu o Noroeste por 2 a 1 e chegou a 11 pontos no Grupo C, que ainda tem o Santos como l\u00edder (com 12 pontos) e Guarani e Portuguesa (com 11 cada). Nesta quinta-feira (20), o Massa Bruta recebe o Mirassol no Nabi Abi Chedid, \u00e0s 18h30 (hor\u00e1rio de Bras\u00edlia). Matheus Fernandes comentou sobre o pr\u00f3ximo compromisso do Braga. <\/p>\n\n\n\n<p>&#8220;Tem tudo para o time crescer. Acho que esse \u00e9 o momento. Penso que n\u00e3o adianta nada come\u00e7ar bombando no campeonato e, durante o campeonato, come\u00e7ar a cair. Prefiro \u00e0s vezes ir aos trancos e barrancos e ir encorpando para, quando chegar no meio, no momento de decis\u00e3o, o time estar pronto. Acho que este \u00e9 o momento. O time est\u00e1 pronto para encarar esses dois jogos como finais, ganhar e, se Deus quiser, classificar e brigar por coisas maiores no Paulista&#8221;, finalizou Matheus Fernandes. <\/p>\n","protected":false},"excerpt":{"rendered":"<p>\u00a0&#8220;Estamos criando essa casca durante o campeonato&#8221;, diz meio-campista do Braga O Bragantino n\u00e3o vem tendo vida f\u00e1cil no Campeonato Paulista e preocupou o torcedor quando esteve pr\u00f3ximo da zona de rebaixamento. O time vem se recuperando e agora briga por uma vaga nas quartas de final do estadual. O meio-campista Matheus Fernandes comentou sobre [&hellip;]<\/p>\n","protected":false},"author":21,"featured_media":172491,"comment_status":"open","ping_status":"closed","sticky":false,"template":"","format":"standard","meta":{"footnotes":""},"categories":[140],"tags":[],"class_list":["post-230066","post","type-post","status-publish","format-standard","has-post-thumbnail","hentry","category-bragantino"],"yoast_head":"<!-- This site is optimized with the Yoast SEO Premium plugin v24.2 (Yoast SEO v26.9) - https:\/\/yoast.com\/product\/yoast-seo-premium-wordpress\/ -->\n<title>A declara\u00e7\u00e3o de Matheus Fernandes sobre o atual momento do Bragantino<\/title>\n<meta name=\"robots\" content=\"index, follow, max-snippet:-1, max-image-preview:large, max-video-preview:-1\" \/>\n<link rel=\"canonical\" href=\"https:\/\/www.gaveanews.com\/index.php\/2025\/02\/19\/a-declaracao-de-matheus-fernandes-sobre-o-atual-momento-do-bragantino\/\" \/>\n<meta property=\"og:locale\" content=\"pt_BR\" \/>\n<meta property=\"og:type\" content=\"article\" \/>\n<meta property=\"og:title\" content=\"A declara\u00e7\u00e3o de Matheus Fernandes sobre o atual momento do Bragantino\" \/>\n<meta property=\"og:description\" content=\"\u00a0&#8220;Estamos criando essa casca durante o campeonato&#8221;, diz meio-campista do Braga O Bragantino n\u00e3o vem tendo vida f\u00e1cil no Campeonato Paulista e preocupou o torcedor quando esteve pr\u00f3ximo da zona de rebaixamento. O time vem se recuperando e agora briga por uma vaga nas quartas de final do estadual. O meio-campista Matheus Fernandes comentou sobre [&hellip;]\" \/>\n<meta property=\"og:url\" content=\"https:\/\/www.gaveanews.com\/index.php\/2025\/02\/19\/a-declaracao-de-matheus-fernandes-sobre-o-atual-momento-do-bragantino\/\" \/>\n<meta property=\"og:site_name\" content=\"G\u00e1vea News\" \/>\n<meta property=\"article:publisher\" content=\"https:\/\/facebook.com\/gaveaNews\/\" \/>\n<meta property=\"article:published_time\" content=\"2025-02-19T17:05:00+00:00\" \/>\n<meta property=\"og:image\" content=\"https:\/\/www.gaveanews.com\/wp-content\/uploads\/Matheus-Fernandes-em-acao-pelo-Bragantino.webp\" \/>\n\t<meta property=\"og:image:width\" content=\"817\" \/>\n\t<meta property=\"og:image:height\" content=\"702\" \/>\n\t<meta property=\"og:image:type\" content=\"image\/jpeg\" \/>\n<meta name=\"author\" content=\"Andr\u00e9 Serra\" \/>\n<meta name=\"twitter:card\" content=\"summary_large_image\" \/>\n<meta name=\"twitter:label1\" content=\"Escrito por\" \/>\n\t<meta name=\"twitter:data1\" content=\"Andr\u00e9 Serra\" \/>\n\t<meta name=\"twitter:label2\" content=\"Est. tempo de leitura\" \/>\n\t<meta name=\"twitter:data2\" content=\"4 minutos\" \/>\n<script type=\"application\/ld+json\" class=\"yoast-schema-graph\">{\"@context\":\"https:\/\/schema.org\",\"@graph\":[{\"@type\":\"NewsArticle\",\"@id\":\"https:\/\/www.gaveanews.com\/index.php\/2025\/02\/19\/a-declaracao-de-matheus-fernandes-sobre-o-atual-momento-do-bragantino\/#article\",\"isPartOf\":{\"@id\":\"https:\/\/www.gaveanews.com\/index.php\/2025\/02\/19\/a-declaracao-de-matheus-fernandes-sobre-o-atual-momento-do-bragantino\/\"},\"author\":{\"name\":\"Andr\u00e9 Serra\",\"@id\":\"https:\/\/www.gaveanews.com\/#\/schema\/person\/0277a79a1289c451c281ec0411d84f0c\"},\"headline\":\"A declara\u00e7\u00e3o de Matheus Fernandes sobre o atual momento do Bragantino\",\"datePublished\":\"2025-02-19T17:05:00+00:00\",\"mainEntityOfPage\":{\"@id\":\"https:\/\/www.gaveanews.com\/index.php\/2025\/02\/19\/a-declaracao-de-matheus-fernandes-sobre-o-atual-momento-do-bragantino\/\"},\"wordCount\":570,\"commentCount\":0,\"image\":{\"@id\":\"https:\/\/www.gaveanews.com\/index.php\/2025\/02\/19\/a-declaracao-de-matheus-fernandes-sobre-o-atual-momento-do-bragantino\/#primaryimage\"},\"thumbnailUrl\":\"https:\/\/www.gaveanews.com\/wp-content\/uploads\/Matheus-Fernandes-em-acao-pelo-Bragantino.webp\",\"articleSection\":[\"Bragantino\"],\"inLanguage\":\"pt-BR\",\"potentialAction\":[{\"@type\":\"CommentAction\",\"name\":\"Comment\",\"target\":[\"https:\/\/www.gaveanews.com\/index.php\/2025\/02\/19\/a-declaracao-de-matheus-fernandes-sobre-o-atual-momento-do-bragantino\/#respond\"]}],\"copyrightYear\":\"2025\",\"copyrightHolder\":{\"@id\":\"https:\/\/www.gaveanews.com\/#organization\"}},{\"@type\":\"WebPage\",\"@id\":\"https:\/\/www.gaveanews.com\/index.php\/2025\/02\/19\/a-declaracao-de-matheus-fernandes-sobre-o-atual-momento-do-bragantino\/\",\"url\":\"https:\/\/www.gaveanews.com\/index.php\/2025\/02\/19\/a-declaracao-de-matheus-fernandes-sobre-o-atual-momento-do-bragantino\/\",\"name\":\"A declara\u00e7\u00e3o de Matheus Fernandes sobre o atual momento do Bragantino\",\"isPartOf\":{\"@id\":\"https:\/\/www.gaveanews.com\/#website\"},\"primaryImageOfPage\":{\"@id\":\"https:\/\/www.gaveanews.com\/index.php\/2025\/02\/19\/a-declaracao-de-matheus-fernandes-sobre-o-atual-momento-do-bragantino\/#primaryimage\"},\"image\":{\"@id\":\"https:\/\/www.gaveanews.com\/index.php\/2025\/02\/19\/a-declaracao-de-matheus-fernandes-sobre-o-atual-momento-do-bragantino\/#primaryimage\"},\"thumbnailUrl\":\"https:\/\/www.gaveanews.com\/wp-content\/uploads\/Matheus-Fernandes-em-acao-pelo-Bragantino.webp\",\"datePublished\":\"2025-02-19T17:05:00+00:00\",\"author\":{\"@id\":\"https:\/\/www.gaveanews.com\/#\/schema\/person\/0277a79a1289c451c281ec0411d84f0c\"},\"breadcrumb\":{\"@id\":\"https:\/\/www.gaveanews.com\/index.php\/2025\/02\/19\/a-declaracao-de-matheus-fernandes-sobre-o-atual-momento-do-bragantino\/#breadcrumb\"},\"inLanguage\":\"pt-BR\",\"potentialAction\":[{\"@type\":\"ReadAction\",\"target\":[\"https:\/\/www.gaveanews.com\/index.php\/2025\/02\/19\/a-declaracao-de-matheus-fernandes-sobre-o-atual-momento-do-bragantino\/\"]}]},{\"@type\":\"ImageObject\",\"inLanguage\":\"pt-BR\",\"@id\":\"https:\/\/www.gaveanews.com\/index.php\/2025\/02\/19\/a-declaracao-de-matheus-fernandes-sobre-o-atual-momento-do-bragantino\/#primaryimage\",\"url\":\"https:\/\/www.gaveanews.com\/wp-content\/uploads\/Matheus-Fernandes-em-acao-pelo-Bragantino.webp\",\"contentUrl\":\"https:\/\/www.gaveanews.com\/wp-content\/uploads\/Matheus-Fernandes-em-acao-pelo-Bragantino.webp\",\"width\":817,\"height\":702,\"caption\":\"Matheus Fernandes em a\u00e7\u00e3o pelo Bragantino (Foto: Ari Ferreira\/Red Bull Bragantino)\"},{\"@type\":\"BreadcrumbList\",\"@id\":\"https:\/\/www.gaveanews.com\/index.php\/2025\/02\/19\/a-declaracao-de-matheus-fernandes-sobre-o-atual-momento-do-bragantino\/#breadcrumb\",\"itemListElement\":[{\"@type\":\"ListItem\",\"position\":1,\"name\":\"Home\",\"item\":\"https:\/\/www.gaveanews.com\/\"},{\"@type\":\"ListItem\",\"position\":2,\"name\":\"A declara\u00e7\u00e3o de Matheus Fernandes sobre o atual momento do Bragantino\"}]},{\"@type\":\"WebSite\",\"@id\":\"https:\/\/www.gaveanews.com\/#website\",\"url\":\"https:\/\/www.gaveanews.com\/\",\"name\":\"G\u00e1vea News\",\"description\":\"Veja todas as not\u00edcias sobre o Flamengo: Contrata\u00e7\u00f5es, categorias de base, resultados das partidas, tabela de classifica\u00e7\u00e3o, pr\u00f3ximos jogos!\",\"potentialAction\":[{\"@type\":\"SearchAction\",\"target\":{\"@type\":\"EntryPoint\",\"urlTemplate\":\"https:\/\/www.gaveanews.com\/?s={search_term_string}\"},\"query-input\":{\"@type\":\"PropertyValueSpecification\",\"valueRequired\":true,\"valueName\":\"search_term_string\"}}],\"inLanguage\":\"pt-BR\"},{\"@type\":\"Person\",\"@id\":\"https:\/\/www.gaveanews.com\/#\/schema\/person\/0277a79a1289c451c281ec0411d84f0c\",\"name\":\"Andr\u00e9 Serra\",\"image\":{\"@type\":\"ImageObject\",\"inLanguage\":\"pt-BR\",\"@id\":\"https:\/\/www.gaveanews.com\/#\/schema\/person\/image\/\",\"url\":\"https:\/\/secure.gravatar.com\/avatar\/d7231369fe48db93292b3e88eb2162dbd9a34a47a8437d9ef3bcaca2a86a83d7?s=96&d=mm&r=g\",\"contentUrl\":\"https:\/\/secure.gravatar.com\/avatar\/d7231369fe48db93292b3e88eb2162dbd9a34a47a8437d9ef3bcaca2a86a83d7?s=96&d=mm&r=g\",\"caption\":\"Andr\u00e9 Serra\"}}]}<\/script>\n<!-- \/ Yoast SEO Premium plugin. -->","yoast_head_json":{"title":"A declara\u00e7\u00e3o de Matheus Fernandes sobre o atual momento do Bragantino","robots":{"index":"index","follow":"follow","max-snippet":"max-snippet:-1","max-image-preview":"max-image-preview:large","max-video-preview":"max-video-preview:-1"},"canonical":"https:\/\/www.gaveanews.com\/index.php\/2025\/02\/19\/a-declaracao-de-matheus-fernandes-sobre-o-atual-momento-do-bragantino\/","og_locale":"pt_BR","og_type":"article","og_title":"A declara\u00e7\u00e3o de Matheus Fernandes sobre o atual momento do Bragantino","og_description":"\u00a0&#8220;Estamos criando essa casca durante o campeonato&#8221;, diz meio-campista do Braga O Bragantino n\u00e3o vem tendo vida f\u00e1cil no Campeonato Paulista e preocupou o torcedor quando esteve pr\u00f3ximo da zona de rebaixamento. O time vem se recuperando e agora briga por uma vaga nas quartas de final do estadual. O meio-campista Matheus Fernandes comentou sobre [&hellip;]","og_url":"https:\/\/www.gaveanews.com\/index.php\/2025\/02\/19\/a-declaracao-de-matheus-fernandes-sobre-o-atual-momento-do-bragantino\/","og_site_name":"G\u00e1vea News","article_publisher":"https:\/\/facebook.com\/gaveaNews\/","article_published_time":"2025-02-19T17:05:00+00:00","og_image":[{"width":817,"height":702,"url":"https:\/\/www.gaveanews.com\/wp-content\/uploads\/Matheus-Fernandes-em-acao-pelo-Bragantino.webp","type":"image\/jpeg"}],"author":"Andr\u00e9 Serra","twitter_card":"summary_large_image","twitter_misc":{"Escrito por":"Andr\u00e9 Serra","Est. tempo de leitura":"4 minutos"},"schema":{"@context":"https:\/\/schema.org","@graph":[{"@type":"NewsArticle","@id":"https:\/\/www.gaveanews.com\/index.php\/2025\/02\/19\/a-declaracao-de-matheus-fernandes-sobre-o-atual-momento-do-bragantino\/#article","isPartOf":{"@id":"https:\/\/www.gaveanews.com\/index.php\/2025\/02\/19\/a-declaracao-de-matheus-fernandes-sobre-o-atual-momento-do-bragantino\/"},"author":{"name":"Andr\u00e9 Serra","@id":"https:\/\/www.gaveanews.com\/#\/schema\/person\/0277a79a1289c451c281ec0411d84f0c"},"headline":"A declara\u00e7\u00e3o de Matheus Fernandes sobre o atual momento do Bragantino","datePublished":"2025-02-19T17:05:00+00:00","mainEntityOfPage":{"@id":"https:\/\/www.gaveanews.com\/index.php\/2025\/02\/19\/a-declaracao-de-matheus-fernandes-sobre-o-atual-momento-do-bragantino\/"},"wordCount":570,"commentCount":0,"image":{"@id":"https:\/\/www.gaveanews.com\/index.php\/2025\/02\/19\/a-declaracao-de-matheus-fernandes-sobre-o-atual-momento-do-bragantino\/#primaryimage"},"thumbnailUrl":"https:\/\/www.gaveanews.com\/wp-content\/uploads\/Matheus-Fernandes-em-acao-pelo-Bragantino.webp","articleSection":["Bragantino"],"inLanguage":"pt-BR","potentialAction":[{"@type":"CommentAction","name":"Comment","target":["https:\/\/www.gaveanews.com\/index.php\/2025\/02\/19\/a-declaracao-de-matheus-fernandes-sobre-o-atual-momento-do-bragantino\/#respond"]}],"copyrightYear":"2025","copyrightHolder":{"@id":"https:\/\/www.gaveanews.com\/#organization"}},{"@type":"WebPage","@id":"https:\/\/www.gaveanews.com\/index.php\/2025\/02\/19\/a-declaracao-de-matheus-fernandes-sobre-o-atual-momento-do-bragantino\/","url":"https:\/\/www.gaveanews.com\/index.php\/2025\/02\/19\/a-declaracao-de-matheus-fernandes-sobre-o-atual-momento-do-bragantino\/","name":"A declara\u00e7\u00e3o de Matheus Fernandes sobre o atual momento do Bragantino","isPartOf":{"@id":"https:\/\/www.gaveanews.com\/#website"},"primaryImageOfPage":{"@id":"https:\/\/www.gaveanews.com\/index.php\/2025\/02\/19\/a-declaracao-de-matheus-fernandes-sobre-o-atual-momento-do-bragantino\/#primaryimage"},"image":{"@id":"https:\/\/www.gaveanews.com\/index.php\/2025\/02\/19\/a-declaracao-de-matheus-fernandes-sobre-o-atual-momento-do-bragantino\/#primaryimage"},"thumbnailUrl":"https:\/\/www.gaveanews.com\/wp-content\/uploads\/Matheus-Fernandes-em-acao-pelo-Bragantino.webp","datePublished":"2025-02-19T17:05:00+00:00","author":{"@id":"https:\/\/www.gaveanews.com\/#\/schema\/person\/0277a79a1289c451c281ec0411d84f0c"},"breadcrumb":{"@id":"https:\/\/www.gaveanews.com\/index.php\/2025\/02\/19\/a-declaracao-de-matheus-fernandes-sobre-o-atual-momento-do-bragantino\/#breadcrumb"},"inLanguage":"pt-BR","potentialAction":[{"@type":"ReadAction","target":["https:\/\/www.gaveanews.com\/index.php\/2025\/02\/19\/a-declaracao-de-matheus-fernandes-sobre-o-atual-momento-do-bragantino\/"]}]},{"@type":"ImageObject","inLanguage":"pt-BR","@id":"https:\/\/www.gaveanews.com\/index.php\/2025\/02\/19\/a-declaracao-de-matheus-fernandes-sobre-o-atual-momento-do-bragantino\/#primaryimage","url":"https:\/\/www.gaveanews.com\/wp-content\/uploads\/Matheus-Fernandes-em-acao-pelo-Bragantino.webp","contentUrl":"https:\/\/www.gaveanews.com\/wp-content\/uploads\/Matheus-Fernandes-em-acao-pelo-Bragantino.webp","width":817,"height":702,"caption":"Matheus Fernandes em a\u00e7\u00e3o pelo Bragantino (Foto: Ari Ferreira\/Red Bull Bragantino)"},{"@type":"BreadcrumbList","@id":"https:\/\/www.gaveanews.com\/index.php\/2025\/02\/19\/a-declaracao-de-matheus-fernandes-sobre-o-atual-momento-do-bragantino\/#breadcrumb","itemListElement":[{"@type":"ListItem","position":1,"name":"Home","item":"https:\/\/www.gaveanews.com\/"},{"@type":"ListItem","position":2,"name":"A declara\u00e7\u00e3o de Matheus Fernandes sobre o atual momento do Bragantino"}]},{"@type":"WebSite","@id":"https:\/\/www.gaveanews.com\/#website","url":"https:\/\/www.gaveanews.com\/","name":"G\u00e1vea News","description":"Veja todas as not\u00edcias sobre o Flamengo: Contrata\u00e7\u00f5es, categorias de base, resultados das partidas, tabela de classifica\u00e7\u00e3o, pr\u00f3ximos jogos!","potentialAction":[{"@type":"SearchAction","target":{"@type":"EntryPoint","urlTemplate":"https:\/\/www.gaveanews.com\/?s={search_term_string}"},"query-input":{"@type":"PropertyValueSpecification","valueRequired":true,"valueName":"search_term_string"}}],"inLanguage":"pt-BR"},{"@type":"Person","@id":"https:\/\/www.gaveanews.com\/#\/schema\/person\/0277a79a1289c451c281ec0411d84f0c","name":"Andr\u00e9 Serra","image":{"@type":"ImageObject","inLanguage":"pt-BR","@id":"https:\/\/www.gaveanews.com\/#\/schema\/person\/image\/","url":"https:\/\/secure.gravatar.com\/avatar\/d7231369fe48db93292b3e88eb2162dbd9a34a47a8437d9ef3bcaca2a86a83d7?s=96&d=mm&r=g","contentUrl":"https:\/\/secure.gravatar.com\/avatar\/d7231369fe48db93292b3e88eb2162dbd9a34a47a8437d9ef3bcaca2a86a83d7?s=96&d=mm&r=g","caption":"Andr\u00e9 Serra"}}]}},"_links":{"self":[{"href":"https:\/\/www.gaveanews.com\/index.php\/wp-json\/wp\/v2\/posts\/230066","targetHints":{"allow":["GET"]}}],"collection":[{"href":"https:\/\/www.gaveanews.com\/index.php\/wp-json\/wp\/v2\/posts"}],"about":[{"href":"https:\/\/www.gaveanews.com\/index.php\/wp-json\/wp\/v2\/types\/post"}],"author":[{"embeddable":true,"href":"https:\/\/www.gaveanews.com\/index.php\/wp-json\/wp\/v2\/users\/21"}],"replies":[{"embeddable":true,"href":"https:\/\/www.gaveanews.com\/index.php\/wp-json\/wp\/v2\/comments?post=230066"}],"version-history":[{"count":1,"href":"https:\/\/www.gaveanews.com\/index.php\/wp-json\/wp\/v2\/posts\/230066\/revisions"}],"predecessor-version":[{"id":230079,"href":"https:\/\/www.gaveanews.com\/index.php\/wp-json\/wp\/v2\/posts\/230066\/revisions\/230079"}],"wp:featuredmedia":[{"embeddable":true,"href":"https:\/\/www.gaveanews.com\/index.php\/wp-json\/wp\/v2\/media\/172491"}],"wp:attachment":[{"href":"https:\/\/www.gaveanews.com\/index.php\/wp-json\/wp\/v2\/media?parent=230066"}],"wp:term":[{"taxonomy":"category","embeddable":true,"href":"https:\/\/www.gaveanews.com\/index.php\/wp-json\/wp\/v2\/categories?post=230066"},{"taxonomy":"post_tag","embeddable":true,"href":"https:\/\/www.gaveanews.com\/index.php\/wp-json\/wp\/v2\/tags?post=230066"}],"curies":[{"name":"wp","href":"https:\/\/api.w.org\/{rel}","templated":true}]}}