{"id":230077,"date":"2025-02-19T14:10:00","date_gmt":"2025-02-19T17:10:00","guid":{"rendered":"https:\/\/www.gaveanews.com\/?p=230077"},"modified":"2025-02-19T13:23:37","modified_gmt":"2025-02-19T16:23:37","slug":"universidad-central-x-corinthians-jose-martinez-tera-motivacao-especial","status":"publish","type":"post","link":"https:\/\/www.gaveanews.com\/index.php\/2025\/02\/19\/universidad-central-x-corinthians-jose-martinez-tera-motivacao-especial\/","title":{"rendered":"Universidad Central x Corinthians: Jos\u00e9 Mart\u00ednez ter\u00e1 motiva\u00e7\u00e3o especial"},"content":{"rendered":"\n<p>Nesta quarta-feira (19), o Corinthians estreia na Libertadores contra a Universidad Central, em jogo v\u00e1lido pela segunda fase preliminar da competi\u00e7\u00e3o. Para Jos\u00e9 Mart\u00ednez, no entanto, o confronto ter\u00e1 um significado ainda mais especial.\u00a0<\/p>\n\n\n\n<p>Aos 30 anos, o meia venezuelano retorna ao seu pa\u00eds-natal para disputar sua primeira partida no principal torneio de clubes da Am\u00e9rica do Sul, ap\u00f3s uma trajet\u00f3ria marcada por desafios e supera\u00e7\u00f5es.<\/p>\n\n\n\n<h2 class=\"wp-block-heading\" id=\"h-um-passado-dificil-e-motivador\">Um passado dif\u00edcil e motivador<\/h2>\n\n\n\n<p>Jos\u00e9 Mart\u00ednez n\u00e3o tem vergonha de falar sobre as dificuldades que enfrentou ao longo de sua carreira. O jogador revelou que, em seus primeiros anos como atleta, chegou a morar em uma oficina mec\u00e2nica enquanto jogava em M\u00e9rida.&nbsp;<\/p>\n\n\n\n<p>\u201c\u00c0s vezes o jogador de futebol tem que passar por coisas ruins para poder conseguir o que realmente quer. Cheguei a morar em uma oficina mec\u00e2nica. Foi um momento que eu n\u00e3o desejo a ningu\u00e9m, mas foram momentos que me deixaram mais forte para poder lutar pelo que queria\u201d, contou o venezuelano, destacando o aprendizado que essas adversidades lhe proporcionaram.<\/p>\n\n\n\n<p>Al\u00e9m disso, Jos\u00e9 revelou que, em determinado momento de sua juventude, tomou uma decis\u00e3o dif\u00edcil: largar os estudos para focar no futebol. Isso porque ele precisou trabalhar para ajudar sua m\u00e3e, o que o levou a exercer atividades em um hotel local, como limpeza e manuten\u00e7\u00e3o.&nbsp;<\/p>\n\n\n\n<p>\u201cEu deixei de estudar e disse para minha m\u00e3e que estudo n\u00e3o era para mim. Foi uma grande surpresa para ela, mas entendeu e me apoiou\u201d, explicou.<\/p>\n\n\n\n<p>A supera\u00e7\u00e3o de Mart\u00ednez continuou a ser testada quando jogava pelo Zulia, na CONMEBOL Sul-Americana de 2019. O time enfrentou um dos momentos mais dif\u00edceis de sua hist\u00f3ria, com o pa\u00eds enfrentando uma grande crise de energia el\u00e9trica.&nbsp;<\/p>\n\n\n\n<p>Mesmo com essa dificuldade, Mart\u00ednez destacou a uni\u00e3o do grupo como fator crucial para o sucesso da equipe, que chegou at\u00e9 as quartas de final do torneio. &#8220;Fomos um grupo muito forte mentalmente. Apesar do que est\u00e1vamos passando, sab\u00edamos do que quer\u00edamos&#8221;, afirmou.<\/p>\n","protected":false},"excerpt":{"rendered":"<p>Nesta quarta-feira (19), o Corinthians estreia na Libertadores contra a Universidad Central, em jogo v\u00e1lido pela segunda fase preliminar da competi\u00e7\u00e3o. Para Jos\u00e9 Mart\u00ednez, no entanto, o confronto ter\u00e1 um significado ainda mais especial.\u00a0 Aos 30 anos, o meia venezuelano retorna ao seu pa\u00eds-natal para disputar sua primeira partida no principal torneio de clubes da [&hellip;]<\/p>\n","protected":false},"author":25,"featured_media":225578,"comment_status":"open","ping_status":"closed","sticky":false,"template":"","format":"standard","meta":{"footnotes":""},"categories":[141],"tags":[],"class_list":["post-230077","post","type-post","status-publish","format-standard","has-post-thumbnail","hentry","category-corinthians"],"yoast_head":"<!-- This site is optimized with the Yoast SEO Premium plugin v24.2 (Yoast SEO v26.9) - https:\/\/yoast.com\/product\/yoast-seo-premium-wordpress\/ -->\n<title>Universidad Central x Corinthians: Jos\u00e9 Mart\u00ednez ter\u00e1 motiva\u00e7\u00e3o especial<\/title>\n<meta name=\"robots\" content=\"index, follow, max-snippet:-1, max-image-preview:large, max-video-preview:-1\" \/>\n<link rel=\"canonical\" href=\"https:\/\/www.gaveanews.com\/index.php\/2025\/02\/19\/universidad-central-x-corinthians-jose-martinez-tera-motivacao-especial\/\" \/>\n<meta property=\"og:locale\" content=\"pt_BR\" \/>\n<meta property=\"og:type\" content=\"article\" \/>\n<meta property=\"og:title\" content=\"Universidad Central x Corinthians: Jos\u00e9 Mart\u00ednez ter\u00e1 motiva\u00e7\u00e3o especial\" \/>\n<meta property=\"og:description\" content=\"Nesta quarta-feira (19), o Corinthians estreia na Libertadores contra a Universidad Central, em jogo v\u00e1lido pela segunda fase preliminar da competi\u00e7\u00e3o. Para Jos\u00e9 Mart\u00ednez, no entanto, o confronto ter\u00e1 um significado ainda mais especial.\u00a0 Aos 30 anos, o meia venezuelano retorna ao seu pa\u00eds-natal para disputar sua primeira partida no principal torneio de clubes da [&hellip;]\" \/>\n<meta property=\"og:url\" content=\"https:\/\/www.gaveanews.com\/index.php\/2025\/02\/19\/universidad-central-x-corinthians-jose-martinez-tera-motivacao-especial\/\" \/>\n<meta property=\"og:site_name\" content=\"G\u00e1vea News\" \/>\n<meta property=\"article:publisher\" content=\"https:\/\/facebook.com\/gaveaNews\/\" \/>\n<meta property=\"article:published_time\" content=\"2025-02-19T17:10:00+00:00\" \/>\n<meta property=\"og:image\" content=\"https:\/\/www.gaveanews.com\/wp-content\/uploads\/Jose-Andres-Martinez-com-a-camisa-do-Corinthians.webp\" \/>\n\t<meta property=\"og:image:width\" content=\"1414\" \/>\n\t<meta property=\"og:image:height\" content=\"1060\" \/>\n\t<meta property=\"og:image:type\" content=\"image\/jpeg\" \/>\n<meta name=\"author\" content=\"Rafaela Ladeira\" \/>\n<meta name=\"twitter:card\" content=\"summary_large_image\" \/>\n<meta name=\"twitter:label1\" content=\"Escrito por\" \/>\n\t<meta name=\"twitter:data1\" content=\"Rafaela Ladeira\" \/>\n\t<meta name=\"twitter:label2\" content=\"Est. tempo de leitura\" \/>\n\t<meta name=\"twitter:data2\" content=\"2 minutos\" \/>\n<script type=\"application\/ld+json\" class=\"yoast-schema-graph\">{\"@context\":\"https:\/\/schema.org\",\"@graph\":[{\"@type\":\"NewsArticle\",\"@id\":\"https:\/\/www.gaveanews.com\/index.php\/2025\/02\/19\/universidad-central-x-corinthians-jose-martinez-tera-motivacao-especial\/#article\",\"isPartOf\":{\"@id\":\"https:\/\/www.gaveanews.com\/index.php\/2025\/02\/19\/universidad-central-x-corinthians-jose-martinez-tera-motivacao-especial\/\"},\"author\":{\"name\":\"Rafaela Ladeira\",\"@id\":\"https:\/\/www.gaveanews.com\/#\/schema\/person\/0eb3e3fe1754f0205218538adbe8f5ed\"},\"headline\":\"Universidad Central x Corinthians: Jos\u00e9 Mart\u00ednez ter\u00e1 motiva\u00e7\u00e3o especial\",\"datePublished\":\"2025-02-19T17:10:00+00:00\",\"mainEntityOfPage\":{\"@id\":\"https:\/\/www.gaveanews.com\/index.php\/2025\/02\/19\/universidad-central-x-corinthians-jose-martinez-tera-motivacao-especial\/\"},\"wordCount\":368,\"commentCount\":0,\"image\":{\"@id\":\"https:\/\/www.gaveanews.com\/index.php\/2025\/02\/19\/universidad-central-x-corinthians-jose-martinez-tera-motivacao-especial\/#primaryimage\"},\"thumbnailUrl\":\"https:\/\/www.gaveanews.com\/wp-content\/uploads\/Jose-Andres-Martinez-com-a-camisa-do-Corinthians.webp\",\"articleSection\":[\"Corinthians\"],\"inLanguage\":\"pt-BR\",\"potentialAction\":[{\"@type\":\"CommentAction\",\"name\":\"Comment\",\"target\":[\"https:\/\/www.gaveanews.com\/index.php\/2025\/02\/19\/universidad-central-x-corinthians-jose-martinez-tera-motivacao-especial\/#respond\"]}],\"copyrightYear\":\"2025\",\"copyrightHolder\":{\"@id\":\"https:\/\/www.gaveanews.com\/#organization\"}},{\"@type\":\"WebPage\",\"@id\":\"https:\/\/www.gaveanews.com\/index.php\/2025\/02\/19\/universidad-central-x-corinthians-jose-martinez-tera-motivacao-especial\/\",\"url\":\"https:\/\/www.gaveanews.com\/index.php\/2025\/02\/19\/universidad-central-x-corinthians-jose-martinez-tera-motivacao-especial\/\",\"name\":\"Universidad Central x Corinthians: Jos\u00e9 Mart\u00ednez ter\u00e1 motiva\u00e7\u00e3o especial\",\"isPartOf\":{\"@id\":\"https:\/\/www.gaveanews.com\/#website\"},\"primaryImageOfPage\":{\"@id\":\"https:\/\/www.gaveanews.com\/index.php\/2025\/02\/19\/universidad-central-x-corinthians-jose-martinez-tera-motivacao-especial\/#primaryimage\"},\"image\":{\"@id\":\"https:\/\/www.gaveanews.com\/index.php\/2025\/02\/19\/universidad-central-x-corinthians-jose-martinez-tera-motivacao-especial\/#primaryimage\"},\"thumbnailUrl\":\"https:\/\/www.gaveanews.com\/wp-content\/uploads\/Jose-Andres-Martinez-com-a-camisa-do-Corinthians.webp\",\"datePublished\":\"2025-02-19T17:10:00+00:00\",\"author\":{\"@id\":\"https:\/\/www.gaveanews.com\/#\/schema\/person\/0eb3e3fe1754f0205218538adbe8f5ed\"},\"breadcrumb\":{\"@id\":\"https:\/\/www.gaveanews.com\/index.php\/2025\/02\/19\/universidad-central-x-corinthians-jose-martinez-tera-motivacao-especial\/#breadcrumb\"},\"inLanguage\":\"pt-BR\",\"potentialAction\":[{\"@type\":\"ReadAction\",\"target\":[\"https:\/\/www.gaveanews.com\/index.php\/2025\/02\/19\/universidad-central-x-corinthians-jose-martinez-tera-motivacao-especial\/\"]}]},{\"@type\":\"ImageObject\",\"inLanguage\":\"pt-BR\",\"@id\":\"https:\/\/www.gaveanews.com\/index.php\/2025\/02\/19\/universidad-central-x-corinthians-jose-martinez-tera-motivacao-especial\/#primaryimage\",\"url\":\"https:\/\/www.gaveanews.com\/wp-content\/uploads\/Jose-Andres-Martinez-com-a-camisa-do-Corinthians.webp\",\"contentUrl\":\"https:\/\/www.gaveanews.com\/wp-content\/uploads\/Jose-Andres-Martinez-com-a-camisa-do-Corinthians.webp\",\"width\":1414,\"height\":1060,\"caption\":\"Jose Andres Martinez com a camisa do Corinthians (Foto: Reprodu\u00e7\u00e3o\/Instagram)\"},{\"@type\":\"BreadcrumbList\",\"@id\":\"https:\/\/www.gaveanews.com\/index.php\/2025\/02\/19\/universidad-central-x-corinthians-jose-martinez-tera-motivacao-especial\/#breadcrumb\",\"itemListElement\":[{\"@type\":\"ListItem\",\"position\":1,\"name\":\"Home\",\"item\":\"https:\/\/www.gaveanews.com\/\"},{\"@type\":\"ListItem\",\"position\":2,\"name\":\"Universidad Central x Corinthians: Jos\u00e9 Mart\u00ednez ter\u00e1 motiva\u00e7\u00e3o especial\"}]},{\"@type\":\"WebSite\",\"@id\":\"https:\/\/www.gaveanews.com\/#website\",\"url\":\"https:\/\/www.gaveanews.com\/\",\"name\":\"G\u00e1vea News\",\"description\":\"Veja todas as not\u00edcias sobre o Flamengo: Contrata\u00e7\u00f5es, categorias de base, resultados das partidas, tabela de classifica\u00e7\u00e3o, pr\u00f3ximos jogos!\",\"potentialAction\":[{\"@type\":\"SearchAction\",\"target\":{\"@type\":\"EntryPoint\",\"urlTemplate\":\"https:\/\/www.gaveanews.com\/?s={search_term_string}\"},\"query-input\":{\"@type\":\"PropertyValueSpecification\",\"valueRequired\":true,\"valueName\":\"search_term_string\"}}],\"inLanguage\":\"pt-BR\"},{\"@type\":\"Person\",\"@id\":\"https:\/\/www.gaveanews.com\/#\/schema\/person\/0eb3e3fe1754f0205218538adbe8f5ed\",\"name\":\"Rafaela Ladeira\",\"image\":{\"@type\":\"ImageObject\",\"inLanguage\":\"pt-BR\",\"@id\":\"https:\/\/www.gaveanews.com\/#\/schema\/person\/image\/\",\"url\":\"https:\/\/secure.gravatar.com\/avatar\/c31f513acffd85eacab5730cbdfdbbf59f21ba5aeada8cd890acea879fbb2455?s=96&d=mm&r=g\",\"contentUrl\":\"https:\/\/secure.gravatar.com\/avatar\/c31f513acffd85eacab5730cbdfdbbf59f21ba5aeada8cd890acea879fbb2455?s=96&d=mm&r=g\",\"caption\":\"Rafaela Ladeira\"}}]}<\/script>\n<!-- \/ Yoast SEO Premium plugin. -->","yoast_head_json":{"title":"Universidad Central x Corinthians: Jos\u00e9 Mart\u00ednez ter\u00e1 motiva\u00e7\u00e3o especial","robots":{"index":"index","follow":"follow","max-snippet":"max-snippet:-1","max-image-preview":"max-image-preview:large","max-video-preview":"max-video-preview:-1"},"canonical":"https:\/\/www.gaveanews.com\/index.php\/2025\/02\/19\/universidad-central-x-corinthians-jose-martinez-tera-motivacao-especial\/","og_locale":"pt_BR","og_type":"article","og_title":"Universidad Central x Corinthians: Jos\u00e9 Mart\u00ednez ter\u00e1 motiva\u00e7\u00e3o especial","og_description":"Nesta quarta-feira (19), o Corinthians estreia na Libertadores contra a Universidad Central, em jogo v\u00e1lido pela segunda fase preliminar da competi\u00e7\u00e3o. Para Jos\u00e9 Mart\u00ednez, no entanto, o confronto ter\u00e1 um significado ainda mais especial.\u00a0 Aos 30 anos, o meia venezuelano retorna ao seu pa\u00eds-natal para disputar sua primeira partida no principal torneio de clubes da [&hellip;]","og_url":"https:\/\/www.gaveanews.com\/index.php\/2025\/02\/19\/universidad-central-x-corinthians-jose-martinez-tera-motivacao-especial\/","og_site_name":"G\u00e1vea News","article_publisher":"https:\/\/facebook.com\/gaveaNews\/","article_published_time":"2025-02-19T17:10:00+00:00","og_image":[{"width":1414,"height":1060,"url":"https:\/\/www.gaveanews.com\/wp-content\/uploads\/Jose-Andres-Martinez-com-a-camisa-do-Corinthians.webp","type":"image\/jpeg"}],"author":"Rafaela Ladeira","twitter_card":"summary_large_image","twitter_misc":{"Escrito por":"Rafaela Ladeira","Est. tempo de leitura":"2 minutos"},"schema":{"@context":"https:\/\/schema.org","@graph":[{"@type":"NewsArticle","@id":"https:\/\/www.gaveanews.com\/index.php\/2025\/02\/19\/universidad-central-x-corinthians-jose-martinez-tera-motivacao-especial\/#article","isPartOf":{"@id":"https:\/\/www.gaveanews.com\/index.php\/2025\/02\/19\/universidad-central-x-corinthians-jose-martinez-tera-motivacao-especial\/"},"author":{"name":"Rafaela Ladeira","@id":"https:\/\/www.gaveanews.com\/#\/schema\/person\/0eb3e3fe1754f0205218538adbe8f5ed"},"headline":"Universidad Central x Corinthians: Jos\u00e9 Mart\u00ednez ter\u00e1 motiva\u00e7\u00e3o especial","datePublished":"2025-02-19T17:10:00+00:00","mainEntityOfPage":{"@id":"https:\/\/www.gaveanews.com\/index.php\/2025\/02\/19\/universidad-central-x-corinthians-jose-martinez-tera-motivacao-especial\/"},"wordCount":368,"commentCount":0,"image":{"@id":"https:\/\/www.gaveanews.com\/index.php\/2025\/02\/19\/universidad-central-x-corinthians-jose-martinez-tera-motivacao-especial\/#primaryimage"},"thumbnailUrl":"https:\/\/www.gaveanews.com\/wp-content\/uploads\/Jose-Andres-Martinez-com-a-camisa-do-Corinthians.webp","articleSection":["Corinthians"],"inLanguage":"pt-BR","potentialAction":[{"@type":"CommentAction","name":"Comment","target":["https:\/\/www.gaveanews.com\/index.php\/2025\/02\/19\/universidad-central-x-corinthians-jose-martinez-tera-motivacao-especial\/#respond"]}],"copyrightYear":"2025","copyrightHolder":{"@id":"https:\/\/www.gaveanews.com\/#organization"}},{"@type":"WebPage","@id":"https:\/\/www.gaveanews.com\/index.php\/2025\/02\/19\/universidad-central-x-corinthians-jose-martinez-tera-motivacao-especial\/","url":"https:\/\/www.gaveanews.com\/index.php\/2025\/02\/19\/universidad-central-x-corinthians-jose-martinez-tera-motivacao-especial\/","name":"Universidad Central x Corinthians: Jos\u00e9 Mart\u00ednez ter\u00e1 motiva\u00e7\u00e3o especial","isPartOf":{"@id":"https:\/\/www.gaveanews.com\/#website"},"primaryImageOfPage":{"@id":"https:\/\/www.gaveanews.com\/index.php\/2025\/02\/19\/universidad-central-x-corinthians-jose-martinez-tera-motivacao-especial\/#primaryimage"},"image":{"@id":"https:\/\/www.gaveanews.com\/index.php\/2025\/02\/19\/universidad-central-x-corinthians-jose-martinez-tera-motivacao-especial\/#primaryimage"},"thumbnailUrl":"https:\/\/www.gaveanews.com\/wp-content\/uploads\/Jose-Andres-Martinez-com-a-camisa-do-Corinthians.webp","datePublished":"2025-02-19T17:10:00+00:00","author":{"@id":"https:\/\/www.gaveanews.com\/#\/schema\/person\/0eb3e3fe1754f0205218538adbe8f5ed"},"breadcrumb":{"@id":"https:\/\/www.gaveanews.com\/index.php\/2025\/02\/19\/universidad-central-x-corinthians-jose-martinez-tera-motivacao-especial\/#breadcrumb"},"inLanguage":"pt-BR","potentialAction":[{"@type":"ReadAction","target":["https:\/\/www.gaveanews.com\/index.php\/2025\/02\/19\/universidad-central-x-corinthians-jose-martinez-tera-motivacao-especial\/"]}]},{"@type":"ImageObject","inLanguage":"pt-BR","@id":"https:\/\/www.gaveanews.com\/index.php\/2025\/02\/19\/universidad-central-x-corinthians-jose-martinez-tera-motivacao-especial\/#primaryimage","url":"https:\/\/www.gaveanews.com\/wp-content\/uploads\/Jose-Andres-Martinez-com-a-camisa-do-Corinthians.webp","contentUrl":"https:\/\/www.gaveanews.com\/wp-content\/uploads\/Jose-Andres-Martinez-com-a-camisa-do-Corinthians.webp","width":1414,"height":1060,"caption":"Jose Andres Martinez com a camisa do Corinthians (Foto: Reprodu\u00e7\u00e3o\/Instagram)"},{"@type":"BreadcrumbList","@id":"https:\/\/www.gaveanews.com\/index.php\/2025\/02\/19\/universidad-central-x-corinthians-jose-martinez-tera-motivacao-especial\/#breadcrumb","itemListElement":[{"@type":"ListItem","position":1,"name":"Home","item":"https:\/\/www.gaveanews.com\/"},{"@type":"ListItem","position":2,"name":"Universidad Central x Corinthians: Jos\u00e9 Mart\u00ednez ter\u00e1 motiva\u00e7\u00e3o especial"}]},{"@type":"WebSite","@id":"https:\/\/www.gaveanews.com\/#website","url":"https:\/\/www.gaveanews.com\/","name":"G\u00e1vea News","description":"Veja todas as not\u00edcias sobre o Flamengo: Contrata\u00e7\u00f5es, categorias de base, resultados das partidas, tabela de classifica\u00e7\u00e3o, pr\u00f3ximos jogos!","potentialAction":[{"@type":"SearchAction","target":{"@type":"EntryPoint","urlTemplate":"https:\/\/www.gaveanews.com\/?s={search_term_string}"},"query-input":{"@type":"PropertyValueSpecification","valueRequired":true,"valueName":"search_term_string"}}],"inLanguage":"pt-BR"},{"@type":"Person","@id":"https:\/\/www.gaveanews.com\/#\/schema\/person\/0eb3e3fe1754f0205218538adbe8f5ed","name":"Rafaela Ladeira","image":{"@type":"ImageObject","inLanguage":"pt-BR","@id":"https:\/\/www.gaveanews.com\/#\/schema\/person\/image\/","url":"https:\/\/secure.gravatar.com\/avatar\/c31f513acffd85eacab5730cbdfdbbf59f21ba5aeada8cd890acea879fbb2455?s=96&d=mm&r=g","contentUrl":"https:\/\/secure.gravatar.com\/avatar\/c31f513acffd85eacab5730cbdfdbbf59f21ba5aeada8cd890acea879fbb2455?s=96&d=mm&r=g","caption":"Rafaela Ladeira"}}]}},"_links":{"self":[{"href":"https:\/\/www.gaveanews.com\/index.php\/wp-json\/wp\/v2\/posts\/230077","targetHints":{"allow":["GET"]}}],"collection":[{"href":"https:\/\/www.gaveanews.com\/index.php\/wp-json\/wp\/v2\/posts"}],"about":[{"href":"https:\/\/www.gaveanews.com\/index.php\/wp-json\/wp\/v2\/types\/post"}],"author":[{"embeddable":true,"href":"https:\/\/www.gaveanews.com\/index.php\/wp-json\/wp\/v2\/users\/25"}],"replies":[{"embeddable":true,"href":"https:\/\/www.gaveanews.com\/index.php\/wp-json\/wp\/v2\/comments?post=230077"}],"version-history":[{"count":2,"href":"https:\/\/www.gaveanews.com\/index.php\/wp-json\/wp\/v2\/posts\/230077\/revisions"}],"predecessor-version":[{"id":230138,"href":"https:\/\/www.gaveanews.com\/index.php\/wp-json\/wp\/v2\/posts\/230077\/revisions\/230138"}],"wp:featuredmedia":[{"embeddable":true,"href":"https:\/\/www.gaveanews.com\/index.php\/wp-json\/wp\/v2\/media\/225578"}],"wp:attachment":[{"href":"https:\/\/www.gaveanews.com\/index.php\/wp-json\/wp\/v2\/media?parent=230077"}],"wp:term":[{"taxonomy":"category","embeddable":true,"href":"https:\/\/www.gaveanews.com\/index.php\/wp-json\/wp\/v2\/categories?post=230077"},{"taxonomy":"post_tag","embeddable":true,"href":"https:\/\/www.gaveanews.com\/index.php\/wp-json\/wp\/v2\/tags?post=230077"}],"curies":[{"name":"wp","href":"https:\/\/api.w.org\/{rel}","templated":true}]}}