{"id":230140,"date":"2025-02-19T17:10:00","date_gmt":"2025-02-19T20:10:00","guid":{"rendered":"https:\/\/www.gaveanews.com\/?p=230140"},"modified":"2025-02-19T15:41:12","modified_gmt":"2025-02-19T18:41:12","slug":"ele-deixou-o-fluminense-e-agora-vai-disputar-a-serie-b","status":"publish","type":"post","link":"https:\/\/www.gaveanews.com\/index.php\/2025\/02\/19\/ele-deixou-o-fluminense-e-agora-vai-disputar-a-serie-b\/","title":{"rendered":"Ele deixou o Fluminense e agora vai disputar a s\u00e9rie B"},"content":{"rendered":"\n<p>Nesta ter\u00e7a-feira (18), o Coritiba confirmou a contrata\u00e7\u00e3o do goleiro Pedro Rangel, de 24 anos. O atleta foi emprestado ao Coxa pelo Fluminense at\u00e9 o t\u00e9rmino da temporada, com uma op\u00e7\u00e3o de compra prevista em contrato.<\/p>\n\n\n\n<p>Com a entrada de Pedro Rangel, o Coritiba passa a contar com quatro goleiros no time principal. Pedro Morisco \u00e9 o titular, enquanto Benassi \u00e9 o substituto imediato. O setor tamb\u00e9m possui o experiente Gabriel Leite, visto como a terceira escolha do time do treinador Mozart.<\/p>\n\n\n\n<p>O Coritiba, al\u00e9m do Campeonato Paranaense, tamb\u00e9m participar\u00e1 da Copa do Brasil e da S\u00e9rie B do Campeonato Brasileiro.<\/p>\n\n\n\n<figure class=\"wp-block-embed is-type-photo is-provider-flickr wp-block-embed-flickr\"><div class=\"wp-block-embed__wrapper\">\n<a href=\"https:\/\/www.flickr.com\/photos\/201636948@N07\/54338103564\/in\/dateposted-public\/\"><img loading=\"lazy\" decoding=\"async\" src=\"https:\/\/live.staticflickr.com\/65535\/54338103564_3db49c0918_c.webp\" alt=\"6h4y49qj\" width=\"640\" height=\"800\" \/><\/a>\n<\/div><\/figure>\n\n\n\n<p>Em dezembro de 2027, o goleiro encerra seu contrato com o Fluminense. Vale destacar que Pedro Rangel est\u00e1 sendo emprestado novamente, na temporada passada, ele foi emprestado pelo Tricolor ao Atl\u00e9tico-GO, onde disputou nove jogos, sendo seis pelo Brasileir\u00e3o, duas pela Copa do Brasil e uma pelo Campeonato Goiano.<\/p>\n\n\n\n<h2 class=\"wp-block-heading\" id=\"h-situacao-de-ganso\">Situa\u00e7\u00e3o de Ganso<\/h2>\n\n\n\n<p>O in\u00edcio de 2025 trouxe uma m\u00e1 not\u00edcia para a trajet\u00f3ria de Paulo Henrique Ganso. Ele foi diagnosticado com uma miocardite que \u00e9 uma inflama\u00e7\u00e3o no m\u00fasculo card\u00edaco, e precisou se afastar das atividades esportivas. A situa\u00e7\u00e3o continua indefinida. O camisa 10 est\u00e1 em repouso total e n\u00e3o h\u00e1 previs\u00e3o de quando ele voltar\u00e1 a jogar com a camisa do Fluminense.<\/p>\n\n\n\n<p>Diante de tal contexto, o Flu inicialmente planejou aguardar os resultados dos novos exames do atleta de 35 anos, que est\u00e3o agendados para a pr\u00f3xima semana, mais precisamente, no dia 26 de fevereiro. <\/p>\n","protected":false},"excerpt":{"rendered":"<p>Nesta ter\u00e7a-feira (18), o Coritiba confirmou a contrata\u00e7\u00e3o do goleiro Pedro Rangel, de 24 anos. O atleta foi emprestado ao Coxa pelo Fluminense at\u00e9 o t\u00e9rmino da temporada, com uma op\u00e7\u00e3o de compra prevista em contrato. Com a entrada de Pedro Rangel, o Coritiba passa a contar com quatro goleiros no time principal. Pedro Morisco [&hellip;]<\/p>\n","protected":false},"author":16,"featured_media":139474,"comment_status":"open","ping_status":"closed","sticky":false,"template":"","format":"standard","meta":{"footnotes":""},"categories":[145],"tags":[],"class_list":["post-230140","post","type-post","status-publish","format-standard","has-post-thumbnail","hentry","category-fluminense"],"yoast_head":"<!-- This site is optimized with the Yoast SEO Premium plugin v24.2 (Yoast SEO v26.9) - https:\/\/yoast.com\/product\/yoast-seo-premium-wordpress\/ -->\n<title>Ele deixou o Fluminense e agora vai disputar a s\u00e9rie B<\/title>\n<meta name=\"description\" content=\"A diretoria do time do Fluminense segue trabalhando nos bastidores para acertar a sa\u00edda e chegada de jogadores.\" \/>\n<meta name=\"robots\" content=\"index, follow, max-snippet:-1, max-image-preview:large, max-video-preview:-1\" \/>\n<link rel=\"canonical\" href=\"https:\/\/www.gaveanews.com\/index.php\/2025\/02\/19\/ele-deixou-o-fluminense-e-agora-vai-disputar-a-serie-b\/\" \/>\n<meta property=\"og:locale\" content=\"pt_BR\" \/>\n<meta property=\"og:type\" content=\"article\" \/>\n<meta property=\"og:title\" content=\"Ele deixou o Fluminense e agora vai disputar a s\u00e9rie B\" \/>\n<meta property=\"og:description\" content=\"A diretoria do time do Fluminense segue trabalhando nos bastidores para acertar a sa\u00edda e chegada de jogadores.\" \/>\n<meta property=\"og:url\" content=\"https:\/\/www.gaveanews.com\/index.php\/2025\/02\/19\/ele-deixou-o-fluminense-e-agora-vai-disputar-a-serie-b\/\" \/>\n<meta property=\"og:site_name\" content=\"G\u00e1vea News\" \/>\n<meta property=\"article:publisher\" content=\"https:\/\/facebook.com\/gaveaNews\/\" \/>\n<meta property=\"article:published_time\" content=\"2025-02-19T20:10:00+00:00\" \/>\n<meta property=\"og:image\" content=\"https:\/\/www.gaveanews.com\/wp-content\/uploads\/Bandeira-Fluminense.webp\" \/>\n\t<meta property=\"og:image:width\" content=\"700\" \/>\n\t<meta property=\"og:image:height\" content=\"438\" \/>\n\t<meta property=\"og:image:type\" content=\"image\/jpeg\" \/>\n<meta name=\"author\" content=\"D\u00e9bora Figueiredo\" \/>\n<meta name=\"twitter:card\" content=\"summary_large_image\" \/>\n<meta name=\"twitter:label1\" content=\"Escrito por\" \/>\n\t<meta name=\"twitter:data1\" content=\"D\u00e9bora Figueiredo\" \/>\n\t<meta name=\"twitter:label2\" content=\"Est. tempo de leitura\" \/>\n\t<meta name=\"twitter:data2\" content=\"2 minutos\" \/>\n<script type=\"application\/ld+json\" class=\"yoast-schema-graph\">{\"@context\":\"https:\/\/schema.org\",\"@graph\":[{\"@type\":\"NewsArticle\",\"@id\":\"https:\/\/www.gaveanews.com\/index.php\/2025\/02\/19\/ele-deixou-o-fluminense-e-agora-vai-disputar-a-serie-b\/#article\",\"isPartOf\":{\"@id\":\"https:\/\/www.gaveanews.com\/index.php\/2025\/02\/19\/ele-deixou-o-fluminense-e-agora-vai-disputar-a-serie-b\/\"},\"author\":{\"name\":\"D\u00e9bora Figueiredo\",\"@id\":\"https:\/\/www.gaveanews.com\/#\/schema\/person\/37122681a8575a5c8db05a56f099a5e4\"},\"headline\":\"Ele deixou o Fluminense e agora vai disputar a s\u00e9rie B\",\"datePublished\":\"2025-02-19T20:10:00+00:00\",\"mainEntityOfPage\":{\"@id\":\"https:\/\/www.gaveanews.com\/index.php\/2025\/02\/19\/ele-deixou-o-fluminense-e-agora-vai-disputar-a-serie-b\/\"},\"wordCount\":279,\"commentCount\":0,\"image\":{\"@id\":\"https:\/\/www.gaveanews.com\/index.php\/2025\/02\/19\/ele-deixou-o-fluminense-e-agora-vai-disputar-a-serie-b\/#primaryimage\"},\"thumbnailUrl\":\"https:\/\/www.gaveanews.com\/wp-content\/uploads\/Bandeira-Fluminense.webp\",\"articleSection\":[\"Fluminense\"],\"inLanguage\":\"pt-BR\",\"potentialAction\":[{\"@type\":\"CommentAction\",\"name\":\"Comment\",\"target\":[\"https:\/\/www.gaveanews.com\/index.php\/2025\/02\/19\/ele-deixou-o-fluminense-e-agora-vai-disputar-a-serie-b\/#respond\"]}],\"copyrightYear\":\"2025\",\"copyrightHolder\":{\"@id\":\"https:\/\/www.gaveanews.com\/#organization\"}},{\"@type\":\"WebPage\",\"@id\":\"https:\/\/www.gaveanews.com\/index.php\/2025\/02\/19\/ele-deixou-o-fluminense-e-agora-vai-disputar-a-serie-b\/\",\"url\":\"https:\/\/www.gaveanews.com\/index.php\/2025\/02\/19\/ele-deixou-o-fluminense-e-agora-vai-disputar-a-serie-b\/\",\"name\":\"Ele deixou o Fluminense e agora vai disputar a s\u00e9rie B\",\"isPartOf\":{\"@id\":\"https:\/\/www.gaveanews.com\/#website\"},\"primaryImageOfPage\":{\"@id\":\"https:\/\/www.gaveanews.com\/index.php\/2025\/02\/19\/ele-deixou-o-fluminense-e-agora-vai-disputar-a-serie-b\/#primaryimage\"},\"image\":{\"@id\":\"https:\/\/www.gaveanews.com\/index.php\/2025\/02\/19\/ele-deixou-o-fluminense-e-agora-vai-disputar-a-serie-b\/#primaryimage\"},\"thumbnailUrl\":\"https:\/\/www.gaveanews.com\/wp-content\/uploads\/Bandeira-Fluminense.webp\",\"datePublished\":\"2025-02-19T20:10:00+00:00\",\"author\":{\"@id\":\"https:\/\/www.gaveanews.com\/#\/schema\/person\/37122681a8575a5c8db05a56f099a5e4\"},\"description\":\"A diretoria do time do Fluminense segue trabalhando nos bastidores para acertar a sa\u00edda e chegada de jogadores.\",\"breadcrumb\":{\"@id\":\"https:\/\/www.gaveanews.com\/index.php\/2025\/02\/19\/ele-deixou-o-fluminense-e-agora-vai-disputar-a-serie-b\/#breadcrumb\"},\"inLanguage\":\"pt-BR\",\"potentialAction\":[{\"@type\":\"ReadAction\",\"target\":[\"https:\/\/www.gaveanews.com\/index.php\/2025\/02\/19\/ele-deixou-o-fluminense-e-agora-vai-disputar-a-serie-b\/\"]}]},{\"@type\":\"ImageObject\",\"inLanguage\":\"pt-BR\",\"@id\":\"https:\/\/www.gaveanews.com\/index.php\/2025\/02\/19\/ele-deixou-o-fluminense-e-agora-vai-disputar-a-serie-b\/#primaryimage\",\"url\":\"https:\/\/www.gaveanews.com\/wp-content\/uploads\/Bandeira-Fluminense.webp\",\"contentUrl\":\"https:\/\/www.gaveanews.com\/wp-content\/uploads\/Bandeira-Fluminense.webp\",\"width\":700,\"height\":438,\"caption\":\"Bandeira Fluminense\"},{\"@type\":\"BreadcrumbList\",\"@id\":\"https:\/\/www.gaveanews.com\/index.php\/2025\/02\/19\/ele-deixou-o-fluminense-e-agora-vai-disputar-a-serie-b\/#breadcrumb\",\"itemListElement\":[{\"@type\":\"ListItem\",\"position\":1,\"name\":\"Home\",\"item\":\"https:\/\/www.gaveanews.com\/\"},{\"@type\":\"ListItem\",\"position\":2,\"name\":\"Ele deixou o Fluminense e agora vai disputar a s\u00e9rie B\"}]},{\"@type\":\"WebSite\",\"@id\":\"https:\/\/www.gaveanews.com\/#website\",\"url\":\"https:\/\/www.gaveanews.com\/\",\"name\":\"G\u00e1vea News\",\"description\":\"Veja todas as not\u00edcias sobre o Flamengo: Contrata\u00e7\u00f5es, categorias de base, resultados das partidas, tabela de classifica\u00e7\u00e3o, pr\u00f3ximos jogos!\",\"potentialAction\":[{\"@type\":\"SearchAction\",\"target\":{\"@type\":\"EntryPoint\",\"urlTemplate\":\"https:\/\/www.gaveanews.com\/?s={search_term_string}\"},\"query-input\":{\"@type\":\"PropertyValueSpecification\",\"valueRequired\":true,\"valueName\":\"search_term_string\"}}],\"inLanguage\":\"pt-BR\"},{\"@type\":\"Person\",\"@id\":\"https:\/\/www.gaveanews.com\/#\/schema\/person\/37122681a8575a5c8db05a56f099a5e4\",\"name\":\"D\u00e9bora Figueiredo\",\"image\":{\"@type\":\"ImageObject\",\"inLanguage\":\"pt-BR\",\"@id\":\"https:\/\/www.gaveanews.com\/#\/schema\/person\/image\/\",\"url\":\"https:\/\/secure.gravatar.com\/avatar\/1f44802859351588499d26f52aed1d15796ce17e67602895b72837c08018868d?s=96&d=mm&r=g\",\"contentUrl\":\"https:\/\/secure.gravatar.com\/avatar\/1f44802859351588499d26f52aed1d15796ce17e67602895b72837c08018868d?s=96&d=mm&r=g\",\"caption\":\"D\u00e9bora Figueiredo\"}}]}<\/script>\n<!-- \/ Yoast SEO Premium plugin. -->","yoast_head_json":{"title":"Ele deixou o Fluminense e agora vai disputar a s\u00e9rie B","description":"A diretoria do time do Fluminense segue trabalhando nos bastidores para acertar a sa\u00edda e chegada de jogadores.","robots":{"index":"index","follow":"follow","max-snippet":"max-snippet:-1","max-image-preview":"max-image-preview:large","max-video-preview":"max-video-preview:-1"},"canonical":"https:\/\/www.gaveanews.com\/index.php\/2025\/02\/19\/ele-deixou-o-fluminense-e-agora-vai-disputar-a-serie-b\/","og_locale":"pt_BR","og_type":"article","og_title":"Ele deixou o Fluminense e agora vai disputar a s\u00e9rie B","og_description":"A diretoria do time do Fluminense segue trabalhando nos bastidores para acertar a sa\u00edda e chegada de jogadores.","og_url":"https:\/\/www.gaveanews.com\/index.php\/2025\/02\/19\/ele-deixou-o-fluminense-e-agora-vai-disputar-a-serie-b\/","og_site_name":"G\u00e1vea News","article_publisher":"https:\/\/facebook.com\/gaveaNews\/","article_published_time":"2025-02-19T20:10:00+00:00","og_image":[{"width":700,"height":438,"url":"https:\/\/www.gaveanews.com\/wp-content\/uploads\/Bandeira-Fluminense.webp","type":"image\/jpeg"}],"author":"D\u00e9bora Figueiredo","twitter_card":"summary_large_image","twitter_misc":{"Escrito por":"D\u00e9bora Figueiredo","Est. tempo de leitura":"2 minutos"},"schema":{"@context":"https:\/\/schema.org","@graph":[{"@type":"NewsArticle","@id":"https:\/\/www.gaveanews.com\/index.php\/2025\/02\/19\/ele-deixou-o-fluminense-e-agora-vai-disputar-a-serie-b\/#article","isPartOf":{"@id":"https:\/\/www.gaveanews.com\/index.php\/2025\/02\/19\/ele-deixou-o-fluminense-e-agora-vai-disputar-a-serie-b\/"},"author":{"name":"D\u00e9bora Figueiredo","@id":"https:\/\/www.gaveanews.com\/#\/schema\/person\/37122681a8575a5c8db05a56f099a5e4"},"headline":"Ele deixou o Fluminense e agora vai disputar a s\u00e9rie B","datePublished":"2025-02-19T20:10:00+00:00","mainEntityOfPage":{"@id":"https:\/\/www.gaveanews.com\/index.php\/2025\/02\/19\/ele-deixou-o-fluminense-e-agora-vai-disputar-a-serie-b\/"},"wordCount":279,"commentCount":0,"image":{"@id":"https:\/\/www.gaveanews.com\/index.php\/2025\/02\/19\/ele-deixou-o-fluminense-e-agora-vai-disputar-a-serie-b\/#primaryimage"},"thumbnailUrl":"https:\/\/www.gaveanews.com\/wp-content\/uploads\/Bandeira-Fluminense.webp","articleSection":["Fluminense"],"inLanguage":"pt-BR","potentialAction":[{"@type":"CommentAction","name":"Comment","target":["https:\/\/www.gaveanews.com\/index.php\/2025\/02\/19\/ele-deixou-o-fluminense-e-agora-vai-disputar-a-serie-b\/#respond"]}],"copyrightYear":"2025","copyrightHolder":{"@id":"https:\/\/www.gaveanews.com\/#organization"}},{"@type":"WebPage","@id":"https:\/\/www.gaveanews.com\/index.php\/2025\/02\/19\/ele-deixou-o-fluminense-e-agora-vai-disputar-a-serie-b\/","url":"https:\/\/www.gaveanews.com\/index.php\/2025\/02\/19\/ele-deixou-o-fluminense-e-agora-vai-disputar-a-serie-b\/","name":"Ele deixou o Fluminense e agora vai disputar a s\u00e9rie B","isPartOf":{"@id":"https:\/\/www.gaveanews.com\/#website"},"primaryImageOfPage":{"@id":"https:\/\/www.gaveanews.com\/index.php\/2025\/02\/19\/ele-deixou-o-fluminense-e-agora-vai-disputar-a-serie-b\/#primaryimage"},"image":{"@id":"https:\/\/www.gaveanews.com\/index.php\/2025\/02\/19\/ele-deixou-o-fluminense-e-agora-vai-disputar-a-serie-b\/#primaryimage"},"thumbnailUrl":"https:\/\/www.gaveanews.com\/wp-content\/uploads\/Bandeira-Fluminense.webp","datePublished":"2025-02-19T20:10:00+00:00","author":{"@id":"https:\/\/www.gaveanews.com\/#\/schema\/person\/37122681a8575a5c8db05a56f099a5e4"},"description":"A diretoria do time do Fluminense segue trabalhando nos bastidores para acertar a sa\u00edda e chegada de jogadores.","breadcrumb":{"@id":"https:\/\/www.gaveanews.com\/index.php\/2025\/02\/19\/ele-deixou-o-fluminense-e-agora-vai-disputar-a-serie-b\/#breadcrumb"},"inLanguage":"pt-BR","potentialAction":[{"@type":"ReadAction","target":["https:\/\/www.gaveanews.com\/index.php\/2025\/02\/19\/ele-deixou-o-fluminense-e-agora-vai-disputar-a-serie-b\/"]}]},{"@type":"ImageObject","inLanguage":"pt-BR","@id":"https:\/\/www.gaveanews.com\/index.php\/2025\/02\/19\/ele-deixou-o-fluminense-e-agora-vai-disputar-a-serie-b\/#primaryimage","url":"https:\/\/www.gaveanews.com\/wp-content\/uploads\/Bandeira-Fluminense.webp","contentUrl":"https:\/\/www.gaveanews.com\/wp-content\/uploads\/Bandeira-Fluminense.webp","width":700,"height":438,"caption":"Bandeira Fluminense"},{"@type":"BreadcrumbList","@id":"https:\/\/www.gaveanews.com\/index.php\/2025\/02\/19\/ele-deixou-o-fluminense-e-agora-vai-disputar-a-serie-b\/#breadcrumb","itemListElement":[{"@type":"ListItem","position":1,"name":"Home","item":"https:\/\/www.gaveanews.com\/"},{"@type":"ListItem","position":2,"name":"Ele deixou o Fluminense e agora vai disputar a s\u00e9rie B"}]},{"@type":"WebSite","@id":"https:\/\/www.gaveanews.com\/#website","url":"https:\/\/www.gaveanews.com\/","name":"G\u00e1vea News","description":"Veja todas as not\u00edcias sobre o Flamengo: Contrata\u00e7\u00f5es, categorias de base, resultados das partidas, tabela de classifica\u00e7\u00e3o, pr\u00f3ximos jogos!","potentialAction":[{"@type":"SearchAction","target":{"@type":"EntryPoint","urlTemplate":"https:\/\/www.gaveanews.com\/?s={search_term_string}"},"query-input":{"@type":"PropertyValueSpecification","valueRequired":true,"valueName":"search_term_string"}}],"inLanguage":"pt-BR"},{"@type":"Person","@id":"https:\/\/www.gaveanews.com\/#\/schema\/person\/37122681a8575a5c8db05a56f099a5e4","name":"D\u00e9bora Figueiredo","image":{"@type":"ImageObject","inLanguage":"pt-BR","@id":"https:\/\/www.gaveanews.com\/#\/schema\/person\/image\/","url":"https:\/\/secure.gravatar.com\/avatar\/1f44802859351588499d26f52aed1d15796ce17e67602895b72837c08018868d?s=96&d=mm&r=g","contentUrl":"https:\/\/secure.gravatar.com\/avatar\/1f44802859351588499d26f52aed1d15796ce17e67602895b72837c08018868d?s=96&d=mm&r=g","caption":"D\u00e9bora Figueiredo"}}]}},"_links":{"self":[{"href":"https:\/\/www.gaveanews.com\/index.php\/wp-json\/wp\/v2\/posts\/230140","targetHints":{"allow":["GET"]}}],"collection":[{"href":"https:\/\/www.gaveanews.com\/index.php\/wp-json\/wp\/v2\/posts"}],"about":[{"href":"https:\/\/www.gaveanews.com\/index.php\/wp-json\/wp\/v2\/types\/post"}],"author":[{"embeddable":true,"href":"https:\/\/www.gaveanews.com\/index.php\/wp-json\/wp\/v2\/users\/16"}],"replies":[{"embeddable":true,"href":"https:\/\/www.gaveanews.com\/index.php\/wp-json\/wp\/v2\/comments?post=230140"}],"version-history":[{"count":2,"href":"https:\/\/www.gaveanews.com\/index.php\/wp-json\/wp\/v2\/posts\/230140\/revisions"}],"predecessor-version":[{"id":230210,"href":"https:\/\/www.gaveanews.com\/index.php\/wp-json\/wp\/v2\/posts\/230140\/revisions\/230210"}],"wp:featuredmedia":[{"embeddable":true,"href":"https:\/\/www.gaveanews.com\/index.php\/wp-json\/wp\/v2\/media\/139474"}],"wp:attachment":[{"href":"https:\/\/www.gaveanews.com\/index.php\/wp-json\/wp\/v2\/media?parent=230140"}],"wp:term":[{"taxonomy":"category","embeddable":true,"href":"https:\/\/www.gaveanews.com\/index.php\/wp-json\/wp\/v2\/categories?post=230140"},{"taxonomy":"post_tag","embeddable":true,"href":"https:\/\/www.gaveanews.com\/index.php\/wp-json\/wp\/v2\/tags?post=230140"}],"curies":[{"name":"wp","href":"https:\/\/api.w.org\/{rel}","templated":true}]}}