{"id":230177,"date":"2025-02-19T17:00:00","date_gmt":"2025-02-19T20:00:00","guid":{"rendered":"https:\/\/www.gaveanews.com\/?p=230177"},"modified":"2025-02-19T15:51:20","modified_gmt":"2025-02-19T18:51:20","slug":"palmeiras-a-declaracao-de-leila-pereira-direcionada-a-andreas-pereira-e-claudinho","status":"publish","type":"post","link":"https:\/\/www.gaveanews.com\/index.php\/2025\/02\/19\/palmeiras-a-declaracao-de-leila-pereira-direcionada-a-andreas-pereira-e-claudinho\/","title":{"rendered":"Palmeiras: a declara\u00e7\u00e3o de Leila Pereira direcionada a Andreas Pereira e Claudinho"},"content":{"rendered":"\n<p>O Palmeiras iniciou 2025 com um mercado de transfer\u00eancias intenso. Ap\u00f3s uma temporada de 2024 abaixo das expectativas, encerrada apenas com o t\u00edtulo do Campeonato Paulista, a diretoria decidiu adotar uma postura mais agressiva para refor\u00e7ar o elenco. Com a disputa do Mundial de Clubes pela frente, a equipe se movimentou e j\u00e1 confirmou quatro contrata\u00e7\u00f5es.<\/p>\n\n\n\n<p>Entre os refor\u00e7os anunciados est\u00e3o Facundo Torres, atacante uruguaio ex-Orlando City, Paulinho, ex-Atl\u00e9tico-MG, Emiliano Mart\u00ednez, volante que atuava no Midtjylland, e Bruno Fuchs, zagueiro emprestado pelo Atl\u00e9tico-MG. Apesar dessas chegadas, o clube viu algumas negocia\u00e7\u00f5es frustradas, como as tentativas de contratar Andreas Pereira e Claudinho, o que gerou uma declara\u00e7\u00e3o contundente da presidente Leila Pereira.<\/p>\n\n\n\n<h2 class=\"wp-block-heading\" id=\"h-declaracao-de-leila-pereira\">Declara\u00e7\u00e3o de Leila Pereira<\/h2>\n\n\n\n<p>Leila Pereira expressou sua insatisfa\u00e7\u00e3o com as negocia\u00e7\u00f5es que n\u00e3o se concretizaram. Segundo ela, tanto Andreas Pereira quanto Claudinho estavam pr\u00f3ximos de um acerto com o Palmeiras, mas acabaram optando por outras propostas na \u00faltima hora. A presidente criticou a falta de compromisso no futebol e admitiu arrependimento por ter revelado os nomes de jogadores em negocia\u00e7\u00e3o.<\/p>\n\n\n\n<p>\u201cEu at\u00e9 me arrependo de ter falado nomes no passado, porque eu sou uma pessoa sincera, muito objetiva, muito clara, e \u00e0s vezes essa minha clareza me prejudica. Quando eu dou minha palavra, cumpro, e atletas que eu achei realmente que estivessem fechados com o Palmeiras, mas era verbalmente. Se fecha com voc\u00ea verbalmente&#8230;\u201d, disse.<\/p>\n\n\n\n<p>Ela tamb\u00e9m destacou a diferen\u00e7a entre um acordo verbal e a assinatura de contrato, criticando a mudan\u00e7a de postura dos jogadores envolvidos: \u201cQuando voc\u00ea fecha, o contrato n\u00e3o est\u00e1 ali do seu lado para assinar na hora. Voc\u00ea fecha primeiro verbalmente e depois elabora o contrato. Gente, n\u00e3o \u00e9 poss\u00edvel que em dois dias uma palavra n\u00e3o valha absolutamente nada\u201d.<\/p>\n\n\n\n<h2 class=\"wp-block-heading\" id=\"h-o-impacto-das-negociacoes-frustradas\">O impacto das negocia\u00e7\u00f5es frustradas<\/h2>\n\n\n\n<p>Diante das negativas de Andreas Pereira e Claudinho, o Palmeiras precisou recorrer a outras op\u00e7\u00f5es. Emiliano Mart\u00ednez e Bruno Fuchs chegaram ao elenco como alternativas, e a busca por refor\u00e7os continua at\u00e9 o fechamento da janela de transfer\u00eancias em 28 de fevereiro. O nome de Vitor Roque segue como um dos alvos.<\/p>\n\n\n\n<p>Enquanto isso, Abel Ferreira tem cobrado refor\u00e7os publicamente. O treinador deseja contar com um novo camisa 9, al\u00e9m de um ponta e um segundo volante, visando fortalecer o elenco para a sequ\u00eancia da temporada. A necessidade de novas pe\u00e7as se torna ainda mais evidente diante do desempenho inst\u00e1vel da equipe no Campeonato Paulista.<\/p>\n\n\n\n<h2 class=\"wp-block-heading\" id=\"h-situacao-no-campeonato-paulista\">Situa\u00e7\u00e3o no Campeonato Paulista<\/h2>\n\n\n\n<p>O Palmeiras enfrenta dificuldades na competi\u00e7\u00e3o estadual e corre s\u00e9rio risco de n\u00e3o avan\u00e7ar \u00e0s quartas de final. Com 17 pontos, a equipe est\u00e1 atr\u00e1s de Ponte Preta e S\u00e3o Bernardo em seu grupo, precisando vencer seus jogos restantes e torcer por trope\u00e7os dos advers\u00e1rios.<\/p>\n","protected":false},"excerpt":{"rendered":"<p>O Palmeiras iniciou 2025 com um mercado de transfer\u00eancias intenso. Ap\u00f3s uma temporada de 2024 abaixo das expectativas, encerrada apenas com o t\u00edtulo do Campeonato Paulista, a diretoria decidiu adotar uma postura mais agressiva para refor\u00e7ar o elenco. Com a disputa do Mundial de Clubes pela frente, a equipe se movimentou e j\u00e1 confirmou quatro [&hellip;]<\/p>\n","protected":false},"author":15,"featured_media":108277,"comment_status":"open","ping_status":"closed","sticky":false,"template":"","format":"standard","meta":{"footnotes":""},"categories":[150],"tags":[],"class_list":["post-230177","post","type-post","status-publish","format-standard","has-post-thumbnail","hentry","category-palmeiras"],"yoast_head":"<!-- This site is optimized with the Yoast SEO Premium plugin v24.2 (Yoast SEO v26.9) - https:\/\/yoast.com\/product\/yoast-seo-premium-wordpress\/ -->\n<title>Palmeiras: a declara\u00e7\u00e3o de Leila Pereira direcionada a Andreas Pereira e Claudinho<\/title>\n<meta name=\"robots\" content=\"index, follow, max-snippet:-1, max-image-preview:large, max-video-preview:-1\" \/>\n<link rel=\"canonical\" href=\"https:\/\/www.gaveanews.com\/index.php\/2025\/02\/19\/palmeiras-a-declaracao-de-leila-pereira-direcionada-a-andreas-pereira-e-claudinho\/\" \/>\n<meta property=\"og:locale\" content=\"pt_BR\" \/>\n<meta property=\"og:type\" content=\"article\" \/>\n<meta property=\"og:title\" content=\"Palmeiras: a declara\u00e7\u00e3o de Leila Pereira direcionada a Andreas Pereira e Claudinho\" \/>\n<meta property=\"og:description\" content=\"O Palmeiras iniciou 2025 com um mercado de transfer\u00eancias intenso. Ap\u00f3s uma temporada de 2024 abaixo das expectativas, encerrada apenas com o t\u00edtulo do Campeonato Paulista, a diretoria decidiu adotar uma postura mais agressiva para refor\u00e7ar o elenco. Com a disputa do Mundial de Clubes pela frente, a equipe se movimentou e j\u00e1 confirmou quatro [&hellip;]\" \/>\n<meta property=\"og:url\" content=\"https:\/\/www.gaveanews.com\/index.php\/2025\/02\/19\/palmeiras-a-declaracao-de-leila-pereira-direcionada-a-andreas-pereira-e-claudinho\/\" \/>\n<meta property=\"og:site_name\" content=\"G\u00e1vea News\" \/>\n<meta property=\"article:publisher\" content=\"https:\/\/facebook.com\/gaveaNews\/\" \/>\n<meta property=\"article:published_time\" content=\"2025-02-19T20:00:00+00:00\" \/>\n<meta property=\"og:image\" content=\"https:\/\/www.gaveanews.com\/wp-content\/uploads\/Leila-Pereira-durante-coletiva-do-Palmeiras.webp\" \/>\n\t<meta property=\"og:image:width\" content=\"1200\" \/>\n\t<meta property=\"og:image:height\" content=\"750\" \/>\n\t<meta property=\"og:image:type\" content=\"image\/webp\" \/>\n<meta name=\"author\" content=\"Henrique Machado\" \/>\n<meta name=\"twitter:card\" content=\"summary_large_image\" \/>\n<meta name=\"twitter:label1\" content=\"Escrito por\" \/>\n\t<meta name=\"twitter:data1\" content=\"Henrique Machado\" \/>\n\t<meta name=\"twitter:label2\" content=\"Est. tempo de leitura\" \/>\n\t<meta name=\"twitter:data2\" content=\"3 minutos\" \/>\n<script type=\"application\/ld+json\" class=\"yoast-schema-graph\">{\"@context\":\"https:\/\/schema.org\",\"@graph\":[{\"@type\":\"NewsArticle\",\"@id\":\"https:\/\/www.gaveanews.com\/index.php\/2025\/02\/19\/palmeiras-a-declaracao-de-leila-pereira-direcionada-a-andreas-pereira-e-claudinho\/#article\",\"isPartOf\":{\"@id\":\"https:\/\/www.gaveanews.com\/index.php\/2025\/02\/19\/palmeiras-a-declaracao-de-leila-pereira-direcionada-a-andreas-pereira-e-claudinho\/\"},\"author\":{\"name\":\"Henrique Machado\",\"@id\":\"https:\/\/www.gaveanews.com\/#\/schema\/person\/fd07635ec039ec3ba74ad18ec8a6dbd6\"},\"headline\":\"Palmeiras: a declara\u00e7\u00e3o de Leila Pereira direcionada a Andreas Pereira e Claudinho\",\"datePublished\":\"2025-02-19T20:00:00+00:00\",\"mainEntityOfPage\":{\"@id\":\"https:\/\/www.gaveanews.com\/index.php\/2025\/02\/19\/palmeiras-a-declaracao-de-leila-pereira-direcionada-a-andreas-pereira-e-claudinho\/\"},\"wordCount\":497,\"commentCount\":0,\"image\":{\"@id\":\"https:\/\/www.gaveanews.com\/index.php\/2025\/02\/19\/palmeiras-a-declaracao-de-leila-pereira-direcionada-a-andreas-pereira-e-claudinho\/#primaryimage\"},\"thumbnailUrl\":\"https:\/\/www.gaveanews.com\/wp-content\/uploads\/Leila-Pereira-durante-coletiva-do-Palmeiras.webp\",\"articleSection\":[\"Palmeiras\"],\"inLanguage\":\"pt-BR\",\"potentialAction\":[{\"@type\":\"CommentAction\",\"name\":\"Comment\",\"target\":[\"https:\/\/www.gaveanews.com\/index.php\/2025\/02\/19\/palmeiras-a-declaracao-de-leila-pereira-direcionada-a-andreas-pereira-e-claudinho\/#respond\"]}],\"copyrightYear\":\"2025\",\"copyrightHolder\":{\"@id\":\"https:\/\/www.gaveanews.com\/#organization\"}},{\"@type\":\"WebPage\",\"@id\":\"https:\/\/www.gaveanews.com\/index.php\/2025\/02\/19\/palmeiras-a-declaracao-de-leila-pereira-direcionada-a-andreas-pereira-e-claudinho\/\",\"url\":\"https:\/\/www.gaveanews.com\/index.php\/2025\/02\/19\/palmeiras-a-declaracao-de-leila-pereira-direcionada-a-andreas-pereira-e-claudinho\/\",\"name\":\"Palmeiras: a declara\u00e7\u00e3o de Leila Pereira direcionada a Andreas Pereira e Claudinho\",\"isPartOf\":{\"@id\":\"https:\/\/www.gaveanews.com\/#website\"},\"primaryImageOfPage\":{\"@id\":\"https:\/\/www.gaveanews.com\/index.php\/2025\/02\/19\/palmeiras-a-declaracao-de-leila-pereira-direcionada-a-andreas-pereira-e-claudinho\/#primaryimage\"},\"image\":{\"@id\":\"https:\/\/www.gaveanews.com\/index.php\/2025\/02\/19\/palmeiras-a-declaracao-de-leila-pereira-direcionada-a-andreas-pereira-e-claudinho\/#primaryimage\"},\"thumbnailUrl\":\"https:\/\/www.gaveanews.com\/wp-content\/uploads\/Leila-Pereira-durante-coletiva-do-Palmeiras.webp\",\"datePublished\":\"2025-02-19T20:00:00+00:00\",\"author\":{\"@id\":\"https:\/\/www.gaveanews.com\/#\/schema\/person\/fd07635ec039ec3ba74ad18ec8a6dbd6\"},\"breadcrumb\":{\"@id\":\"https:\/\/www.gaveanews.com\/index.php\/2025\/02\/19\/palmeiras-a-declaracao-de-leila-pereira-direcionada-a-andreas-pereira-e-claudinho\/#breadcrumb\"},\"inLanguage\":\"pt-BR\",\"potentialAction\":[{\"@type\":\"ReadAction\",\"target\":[\"https:\/\/www.gaveanews.com\/index.php\/2025\/02\/19\/palmeiras-a-declaracao-de-leila-pereira-direcionada-a-andreas-pereira-e-claudinho\/\"]}]},{\"@type\":\"ImageObject\",\"inLanguage\":\"pt-BR\",\"@id\":\"https:\/\/www.gaveanews.com\/index.php\/2025\/02\/19\/palmeiras-a-declaracao-de-leila-pereira-direcionada-a-andreas-pereira-e-claudinho\/#primaryimage\",\"url\":\"https:\/\/www.gaveanews.com\/wp-content\/uploads\/Leila-Pereira-durante-coletiva-do-Palmeiras.webp\",\"contentUrl\":\"https:\/\/www.gaveanews.com\/wp-content\/uploads\/Leila-Pereira-durante-coletiva-do-Palmeiras.webp\",\"width\":1200,\"height\":750,\"caption\":\"Leila Pereira durante coletiva do Palmeiras (Foto: Reprodu\u00e7\u00e3o)\"},{\"@type\":\"BreadcrumbList\",\"@id\":\"https:\/\/www.gaveanews.com\/index.php\/2025\/02\/19\/palmeiras-a-declaracao-de-leila-pereira-direcionada-a-andreas-pereira-e-claudinho\/#breadcrumb\",\"itemListElement\":[{\"@type\":\"ListItem\",\"position\":1,\"name\":\"Home\",\"item\":\"https:\/\/www.gaveanews.com\/\"},{\"@type\":\"ListItem\",\"position\":2,\"name\":\"Palmeiras: a declara\u00e7\u00e3o de Leila Pereira direcionada a Andreas Pereira e Claudinho\"}]},{\"@type\":\"WebSite\",\"@id\":\"https:\/\/www.gaveanews.com\/#website\",\"url\":\"https:\/\/www.gaveanews.com\/\",\"name\":\"G\u00e1vea News\",\"description\":\"Veja todas as not\u00edcias sobre o Flamengo: Contrata\u00e7\u00f5es, categorias de base, resultados das partidas, tabela de classifica\u00e7\u00e3o, pr\u00f3ximos jogos!\",\"potentialAction\":[{\"@type\":\"SearchAction\",\"target\":{\"@type\":\"EntryPoint\",\"urlTemplate\":\"https:\/\/www.gaveanews.com\/?s={search_term_string}\"},\"query-input\":{\"@type\":\"PropertyValueSpecification\",\"valueRequired\":true,\"valueName\":\"search_term_string\"}}],\"inLanguage\":\"pt-BR\"},{\"@type\":\"Person\",\"@id\":\"https:\/\/www.gaveanews.com\/#\/schema\/person\/fd07635ec039ec3ba74ad18ec8a6dbd6\",\"name\":\"Henrique Machado\",\"image\":{\"@type\":\"ImageObject\",\"inLanguage\":\"pt-BR\",\"@id\":\"https:\/\/www.gaveanews.com\/#\/schema\/person\/image\/\",\"url\":\"https:\/\/secure.gravatar.com\/avatar\/b95e35997e01d9800c1b6184bd79d4d898d370a3fce2584f5c77b907d5c7d9e9?s=96&d=mm&r=g\",\"contentUrl\":\"https:\/\/secure.gravatar.com\/avatar\/b95e35997e01d9800c1b6184bd79d4d898d370a3fce2584f5c77b907d5c7d9e9?s=96&d=mm&r=g\",\"caption\":\"Henrique Machado\"}}]}<\/script>\n<!-- \/ Yoast SEO Premium plugin. -->","yoast_head_json":{"title":"Palmeiras: a declara\u00e7\u00e3o de Leila Pereira direcionada a Andreas Pereira e Claudinho","robots":{"index":"index","follow":"follow","max-snippet":"max-snippet:-1","max-image-preview":"max-image-preview:large","max-video-preview":"max-video-preview:-1"},"canonical":"https:\/\/www.gaveanews.com\/index.php\/2025\/02\/19\/palmeiras-a-declaracao-de-leila-pereira-direcionada-a-andreas-pereira-e-claudinho\/","og_locale":"pt_BR","og_type":"article","og_title":"Palmeiras: a declara\u00e7\u00e3o de Leila Pereira direcionada a Andreas Pereira e Claudinho","og_description":"O Palmeiras iniciou 2025 com um mercado de transfer\u00eancias intenso. Ap\u00f3s uma temporada de 2024 abaixo das expectativas, encerrada apenas com o t\u00edtulo do Campeonato Paulista, a diretoria decidiu adotar uma postura mais agressiva para refor\u00e7ar o elenco. Com a disputa do Mundial de Clubes pela frente, a equipe se movimentou e j\u00e1 confirmou quatro [&hellip;]","og_url":"https:\/\/www.gaveanews.com\/index.php\/2025\/02\/19\/palmeiras-a-declaracao-de-leila-pereira-direcionada-a-andreas-pereira-e-claudinho\/","og_site_name":"G\u00e1vea News","article_publisher":"https:\/\/facebook.com\/gaveaNews\/","article_published_time":"2025-02-19T20:00:00+00:00","og_image":[{"width":1200,"height":750,"url":"https:\/\/www.gaveanews.com\/wp-content\/uploads\/Leila-Pereira-durante-coletiva-do-Palmeiras.webp","type":"image\/webp"}],"author":"Henrique Machado","twitter_card":"summary_large_image","twitter_misc":{"Escrito por":"Henrique Machado","Est. tempo de leitura":"3 minutos"},"schema":{"@context":"https:\/\/schema.org","@graph":[{"@type":"NewsArticle","@id":"https:\/\/www.gaveanews.com\/index.php\/2025\/02\/19\/palmeiras-a-declaracao-de-leila-pereira-direcionada-a-andreas-pereira-e-claudinho\/#article","isPartOf":{"@id":"https:\/\/www.gaveanews.com\/index.php\/2025\/02\/19\/palmeiras-a-declaracao-de-leila-pereira-direcionada-a-andreas-pereira-e-claudinho\/"},"author":{"name":"Henrique Machado","@id":"https:\/\/www.gaveanews.com\/#\/schema\/person\/fd07635ec039ec3ba74ad18ec8a6dbd6"},"headline":"Palmeiras: a declara\u00e7\u00e3o de Leila Pereira direcionada a Andreas Pereira e Claudinho","datePublished":"2025-02-19T20:00:00+00:00","mainEntityOfPage":{"@id":"https:\/\/www.gaveanews.com\/index.php\/2025\/02\/19\/palmeiras-a-declaracao-de-leila-pereira-direcionada-a-andreas-pereira-e-claudinho\/"},"wordCount":497,"commentCount":0,"image":{"@id":"https:\/\/www.gaveanews.com\/index.php\/2025\/02\/19\/palmeiras-a-declaracao-de-leila-pereira-direcionada-a-andreas-pereira-e-claudinho\/#primaryimage"},"thumbnailUrl":"https:\/\/www.gaveanews.com\/wp-content\/uploads\/Leila-Pereira-durante-coletiva-do-Palmeiras.webp","articleSection":["Palmeiras"],"inLanguage":"pt-BR","potentialAction":[{"@type":"CommentAction","name":"Comment","target":["https:\/\/www.gaveanews.com\/index.php\/2025\/02\/19\/palmeiras-a-declaracao-de-leila-pereira-direcionada-a-andreas-pereira-e-claudinho\/#respond"]}],"copyrightYear":"2025","copyrightHolder":{"@id":"https:\/\/www.gaveanews.com\/#organization"}},{"@type":"WebPage","@id":"https:\/\/www.gaveanews.com\/index.php\/2025\/02\/19\/palmeiras-a-declaracao-de-leila-pereira-direcionada-a-andreas-pereira-e-claudinho\/","url":"https:\/\/www.gaveanews.com\/index.php\/2025\/02\/19\/palmeiras-a-declaracao-de-leila-pereira-direcionada-a-andreas-pereira-e-claudinho\/","name":"Palmeiras: a declara\u00e7\u00e3o de Leila Pereira direcionada a Andreas Pereira e Claudinho","isPartOf":{"@id":"https:\/\/www.gaveanews.com\/#website"},"primaryImageOfPage":{"@id":"https:\/\/www.gaveanews.com\/index.php\/2025\/02\/19\/palmeiras-a-declaracao-de-leila-pereira-direcionada-a-andreas-pereira-e-claudinho\/#primaryimage"},"image":{"@id":"https:\/\/www.gaveanews.com\/index.php\/2025\/02\/19\/palmeiras-a-declaracao-de-leila-pereira-direcionada-a-andreas-pereira-e-claudinho\/#primaryimage"},"thumbnailUrl":"https:\/\/www.gaveanews.com\/wp-content\/uploads\/Leila-Pereira-durante-coletiva-do-Palmeiras.webp","datePublished":"2025-02-19T20:00:00+00:00","author":{"@id":"https:\/\/www.gaveanews.com\/#\/schema\/person\/fd07635ec039ec3ba74ad18ec8a6dbd6"},"breadcrumb":{"@id":"https:\/\/www.gaveanews.com\/index.php\/2025\/02\/19\/palmeiras-a-declaracao-de-leila-pereira-direcionada-a-andreas-pereira-e-claudinho\/#breadcrumb"},"inLanguage":"pt-BR","potentialAction":[{"@type":"ReadAction","target":["https:\/\/www.gaveanews.com\/index.php\/2025\/02\/19\/palmeiras-a-declaracao-de-leila-pereira-direcionada-a-andreas-pereira-e-claudinho\/"]}]},{"@type":"ImageObject","inLanguage":"pt-BR","@id":"https:\/\/www.gaveanews.com\/index.php\/2025\/02\/19\/palmeiras-a-declaracao-de-leila-pereira-direcionada-a-andreas-pereira-e-claudinho\/#primaryimage","url":"https:\/\/www.gaveanews.com\/wp-content\/uploads\/Leila-Pereira-durante-coletiva-do-Palmeiras.webp","contentUrl":"https:\/\/www.gaveanews.com\/wp-content\/uploads\/Leila-Pereira-durante-coletiva-do-Palmeiras.webp","width":1200,"height":750,"caption":"Leila Pereira durante coletiva do Palmeiras (Foto: Reprodu\u00e7\u00e3o)"},{"@type":"BreadcrumbList","@id":"https:\/\/www.gaveanews.com\/index.php\/2025\/02\/19\/palmeiras-a-declaracao-de-leila-pereira-direcionada-a-andreas-pereira-e-claudinho\/#breadcrumb","itemListElement":[{"@type":"ListItem","position":1,"name":"Home","item":"https:\/\/www.gaveanews.com\/"},{"@type":"ListItem","position":2,"name":"Palmeiras: a declara\u00e7\u00e3o de Leila Pereira direcionada a Andreas Pereira e Claudinho"}]},{"@type":"WebSite","@id":"https:\/\/www.gaveanews.com\/#website","url":"https:\/\/www.gaveanews.com\/","name":"G\u00e1vea News","description":"Veja todas as not\u00edcias sobre o Flamengo: Contrata\u00e7\u00f5es, categorias de base, resultados das partidas, tabela de classifica\u00e7\u00e3o, pr\u00f3ximos jogos!","potentialAction":[{"@type":"SearchAction","target":{"@type":"EntryPoint","urlTemplate":"https:\/\/www.gaveanews.com\/?s={search_term_string}"},"query-input":{"@type":"PropertyValueSpecification","valueRequired":true,"valueName":"search_term_string"}}],"inLanguage":"pt-BR"},{"@type":"Person","@id":"https:\/\/www.gaveanews.com\/#\/schema\/person\/fd07635ec039ec3ba74ad18ec8a6dbd6","name":"Henrique Machado","image":{"@type":"ImageObject","inLanguage":"pt-BR","@id":"https:\/\/www.gaveanews.com\/#\/schema\/person\/image\/","url":"https:\/\/secure.gravatar.com\/avatar\/b95e35997e01d9800c1b6184bd79d4d898d370a3fce2584f5c77b907d5c7d9e9?s=96&d=mm&r=g","contentUrl":"https:\/\/secure.gravatar.com\/avatar\/b95e35997e01d9800c1b6184bd79d4d898d370a3fce2584f5c77b907d5c7d9e9?s=96&d=mm&r=g","caption":"Henrique Machado"}}]}},"_links":{"self":[{"href":"https:\/\/www.gaveanews.com\/index.php\/wp-json\/wp\/v2\/posts\/230177","targetHints":{"allow":["GET"]}}],"collection":[{"href":"https:\/\/www.gaveanews.com\/index.php\/wp-json\/wp\/v2\/posts"}],"about":[{"href":"https:\/\/www.gaveanews.com\/index.php\/wp-json\/wp\/v2\/types\/post"}],"author":[{"embeddable":true,"href":"https:\/\/www.gaveanews.com\/index.php\/wp-json\/wp\/v2\/users\/15"}],"replies":[{"embeddable":true,"href":"https:\/\/www.gaveanews.com\/index.php\/wp-json\/wp\/v2\/comments?post=230177"}],"version-history":[{"count":1,"href":"https:\/\/www.gaveanews.com\/index.php\/wp-json\/wp\/v2\/posts\/230177\/revisions"}],"predecessor-version":[{"id":230218,"href":"https:\/\/www.gaveanews.com\/index.php\/wp-json\/wp\/v2\/posts\/230177\/revisions\/230218"}],"wp:featuredmedia":[{"embeddable":true,"href":"https:\/\/www.gaveanews.com\/index.php\/wp-json\/wp\/v2\/media\/108277"}],"wp:attachment":[{"href":"https:\/\/www.gaveanews.com\/index.php\/wp-json\/wp\/v2\/media?parent=230177"}],"wp:term":[{"taxonomy":"category","embeddable":true,"href":"https:\/\/www.gaveanews.com\/index.php\/wp-json\/wp\/v2\/categories?post=230177"},{"taxonomy":"post_tag","embeddable":true,"href":"https:\/\/www.gaveanews.com\/index.php\/wp-json\/wp\/v2\/tags?post=230177"}],"curies":[{"name":"wp","href":"https:\/\/api.w.org\/{rel}","templated":true}]}}