{"id":230189,"date":"2025-02-19T15:51:09","date_gmt":"2025-02-19T18:51:09","guid":{"rendered":"https:\/\/www.gaveanews.com\/?p=230189"},"modified":"2025-02-19T15:51:11","modified_gmt":"2025-02-19T18:51:11","slug":"universidad-central-x-corinthians-milton-neves-crava-placar","status":"publish","type":"post","link":"https:\/\/www.gaveanews.com\/index.php\/2025\/02\/19\/universidad-central-x-corinthians-milton-neves-crava-placar\/","title":{"rendered":"Universidad Central x Corinthians: Milton Neves crava placar"},"content":{"rendered":"\n<p>O Corinthians estreia na Libertadores nesta quarta-feira (19), \u00e0s 21h30 (hor\u00e1rio de Bras\u00edlia), enfrentando o Universidad Central, no Est\u00e1dio Ol\u00edmpico da UCV, em Caracas. A equipe comandada por Ram\u00f3n D\u00edaz busca avan\u00e7ar para a fase de grupos da competi\u00e7\u00e3o continental, come\u00e7ando a disputa pela segunda fase preliminar.<\/p>\n\n\n\n<p>A equipe venezuelana participa pela primeira vez do torneio sul-americano e vem de uma vit\u00f3ria sobre a Universidad de M\u00e9rida por 2 a 1 no \u00faltimo fim de semana. O Corinthians, por sua vez, vem de uma campanha s\u00f3lida no Campeonato Paulista e quer evitar trope\u00e7os nesta fase da competi\u00e7\u00e3o, relembrando elimina\u00e7\u00f5es anteriores contra Deportes Tolima, em 2011, e Guaran\u00ed, em 2020.<\/p>\n\n\n\n<h2 class=\"wp-block-heading\" id=\"h-palpite-de-milton-neves\">Palpite de Milton Neves<\/h2>\n\n\n\n<p>O jornalista esportivo Milton Neves comentou sobre a estreia do Corinthians e fez uma previs\u00e3o otimista para o time brasileiro. &#8220;Os corintianos podem ficar tranquilinhos&#8221;. Para o comunicador, a equipe paulista n\u00e3o enfrentar\u00e1 dificuldades contra o Universidad Central e deve sair de campo com uma vit\u00f3ria expressiva.<\/p>\n\n\n\n<p>&#8220;Os corintianos podem ficar tranquilinhos. Resultado que permitir\u00e1 a Ram\u00f3n D\u00edaz at\u00e9 escalar reservas para o duelo de volta&#8221;. Segundo Milton Neves, o placar ser\u00e1 de 5 a 0 para o Tim\u00e3o.<\/p>\n\n\n\n<h2 class=\"wp-block-heading\" id=\"h-provaveis-escalacoes\">Prov\u00e1veis escala\u00e7\u00f5es<\/h2>\n\n\n\n<p>O Universidad Central, sob o comando de Daniel Sasso, deve entrar em campo com Miguel Silva; Kendrys Silva, Mart\u00ednez, Simarra e Cumana; Gonzalez, Sole, Sosa, Zapata e Juan Cuesta; Ortiz. A equipe aposta na experi\u00eancia do atacante Charlis Ortiz, de 38 anos, para tentar surpreender o Corinthians.<\/p>\n\n\n\n<p>J\u00e1 o Corinthians, com for\u00e7a quase m\u00e1xima, deve ir a campo com Hugo Souza; Matheuzinho, Andr\u00e9 Ramalho, Jo\u00e3o Pedro Tchoca e Hugo; Raniele, Jos\u00e9 Mart\u00ednez, Andr\u00e9 Carrillo e Rodrigo Garro; Memphis Depay e Yuri Alberto. O zagueiro Gustavo Henrique segue fora, enquanto Pedro Raul n\u00e3o foi relacionado por op\u00e7\u00e3o t\u00e9cnica.<\/p>\n\n\n\n<h2 class=\"wp-block-heading\" id=\"h-arbitragem-e-proximos-passos\">Arbitragem e pr\u00f3ximos passos<\/h2>\n\n\n\n<p>A arbitragem ser\u00e1 comandada pelo uruguaio Gustavo Tejera, com assistentes e VAR tamb\u00e9m do Uruguai. O vencedor do confronto enfrentar\u00e1 quem passar do duelo entre Barcelona de Guayaquil e El Nacional na terceira fase preliminar da Libertadores.<\/p>\n","protected":false},"excerpt":{"rendered":"<p>O Corinthians estreia na Libertadores nesta quarta-feira (19), \u00e0s 21h30 (hor\u00e1rio de Bras\u00edlia), enfrentando o Universidad Central, no Est\u00e1dio Ol\u00edmpico da UCV, em Caracas. A equipe comandada por Ram\u00f3n D\u00edaz busca avan\u00e7ar para a fase de grupos da competi\u00e7\u00e3o continental, come\u00e7ando a disputa pela segunda fase preliminar. A equipe venezuelana participa pela primeira vez do [&hellip;]<\/p>\n","protected":false},"author":15,"featured_media":171334,"comment_status":"open","ping_status":"closed","sticky":false,"template":"","format":"standard","meta":{"footnotes":""},"categories":[141],"tags":[],"class_list":["post-230189","post","type-post","status-publish","format-standard","has-post-thumbnail","hentry","category-corinthians"],"yoast_head":"<!-- This site is optimized with the Yoast SEO Premium plugin v24.2 (Yoast SEO v26.9) - https:\/\/yoast.com\/product\/yoast-seo-premium-wordpress\/ -->\n<title>Universidad Central x Corinthians: Milton Neves crava placar<\/title>\n<meta name=\"robots\" content=\"index, follow, max-snippet:-1, max-image-preview:large, max-video-preview:-1\" \/>\n<link rel=\"canonical\" href=\"https:\/\/www.gaveanews.com\/index.php\/2025\/02\/19\/universidad-central-x-corinthians-milton-neves-crava-placar\/\" \/>\n<meta property=\"og:locale\" content=\"pt_BR\" \/>\n<meta property=\"og:type\" content=\"article\" \/>\n<meta property=\"og:title\" content=\"Universidad Central x Corinthians: Milton Neves crava placar\" \/>\n<meta property=\"og:description\" content=\"O Corinthians estreia na Libertadores nesta quarta-feira (19), \u00e0s 21h30 (hor\u00e1rio de Bras\u00edlia), enfrentando o Universidad Central, no Est\u00e1dio Ol\u00edmpico da UCV, em Caracas. A equipe comandada por Ram\u00f3n D\u00edaz busca avan\u00e7ar para a fase de grupos da competi\u00e7\u00e3o continental, come\u00e7ando a disputa pela segunda fase preliminar. A equipe venezuelana participa pela primeira vez do [&hellip;]\" \/>\n<meta property=\"og:url\" content=\"https:\/\/www.gaveanews.com\/index.php\/2025\/02\/19\/universidad-central-x-corinthians-milton-neves-crava-placar\/\" \/>\n<meta property=\"og:site_name\" content=\"G\u00e1vea News\" \/>\n<meta property=\"article:publisher\" content=\"https:\/\/facebook.com\/gaveaNews\/\" \/>\n<meta property=\"article:published_time\" content=\"2025-02-19T18:51:09+00:00\" \/>\n<meta property=\"article:modified_time\" content=\"2025-02-19T18:51:11+00:00\" \/>\n<meta property=\"og:image\" content=\"http:\/\/www.gaveanews.com\/wp-content\/uploads\/Yuri-Alberto-em-acao-pelo-Corinthians.webp\" \/>\n\t<meta property=\"og:image:width\" content=\"941\" \/>\n\t<meta property=\"og:image:height\" content=\"604\" \/>\n\t<meta property=\"og:image:type\" content=\"image\/jpeg\" \/>\n<meta name=\"author\" content=\"Henrique Machado\" \/>\n<meta name=\"twitter:card\" content=\"summary_large_image\" \/>\n<meta name=\"twitter:label1\" content=\"Escrito por\" \/>\n\t<meta name=\"twitter:data1\" content=\"Henrique Machado\" \/>\n\t<meta name=\"twitter:label2\" content=\"Est. tempo de leitura\" \/>\n\t<meta name=\"twitter:data2\" content=\"3 minutos\" \/>\n<script type=\"application\/ld+json\" class=\"yoast-schema-graph\">{\"@context\":\"https:\/\/schema.org\",\"@graph\":[{\"@type\":\"NewsArticle\",\"@id\":\"https:\/\/www.gaveanews.com\/index.php\/2025\/02\/19\/universidad-central-x-corinthians-milton-neves-crava-placar\/#article\",\"isPartOf\":{\"@id\":\"https:\/\/www.gaveanews.com\/index.php\/2025\/02\/19\/universidad-central-x-corinthians-milton-neves-crava-placar\/\"},\"author\":{\"name\":\"Henrique Machado\",\"@id\":\"https:\/\/www.gaveanews.com\/#\/schema\/person\/fd07635ec039ec3ba74ad18ec8a6dbd6\"},\"headline\":\"Universidad Central x Corinthians: Milton Neves crava placar\",\"datePublished\":\"2025-02-19T18:51:09+00:00\",\"dateModified\":\"2025-02-19T18:51:11+00:00\",\"mainEntityOfPage\":{\"@id\":\"https:\/\/www.gaveanews.com\/index.php\/2025\/02\/19\/universidad-central-x-corinthians-milton-neves-crava-placar\/\"},\"wordCount\":366,\"commentCount\":0,\"image\":{\"@id\":\"https:\/\/www.gaveanews.com\/index.php\/2025\/02\/19\/universidad-central-x-corinthians-milton-neves-crava-placar\/#primaryimage\"},\"thumbnailUrl\":\"https:\/\/www.gaveanews.com\/wp-content\/uploads\/Yuri-Alberto-em-acao-pelo-Corinthians.webp\",\"articleSection\":[\"Corinthians\"],\"inLanguage\":\"pt-BR\",\"potentialAction\":[{\"@type\":\"CommentAction\",\"name\":\"Comment\",\"target\":[\"https:\/\/www.gaveanews.com\/index.php\/2025\/02\/19\/universidad-central-x-corinthians-milton-neves-crava-placar\/#respond\"]}],\"copyrightYear\":\"2025\",\"copyrightHolder\":{\"@id\":\"https:\/\/www.gaveanews.com\/#organization\"}},{\"@type\":\"WebPage\",\"@id\":\"https:\/\/www.gaveanews.com\/index.php\/2025\/02\/19\/universidad-central-x-corinthians-milton-neves-crava-placar\/\",\"url\":\"https:\/\/www.gaveanews.com\/index.php\/2025\/02\/19\/universidad-central-x-corinthians-milton-neves-crava-placar\/\",\"name\":\"Universidad Central x Corinthians: Milton Neves crava placar\",\"isPartOf\":{\"@id\":\"https:\/\/www.gaveanews.com\/#website\"},\"primaryImageOfPage\":{\"@id\":\"https:\/\/www.gaveanews.com\/index.php\/2025\/02\/19\/universidad-central-x-corinthians-milton-neves-crava-placar\/#primaryimage\"},\"image\":{\"@id\":\"https:\/\/www.gaveanews.com\/index.php\/2025\/02\/19\/universidad-central-x-corinthians-milton-neves-crava-placar\/#primaryimage\"},\"thumbnailUrl\":\"https:\/\/www.gaveanews.com\/wp-content\/uploads\/Yuri-Alberto-em-acao-pelo-Corinthians.webp\",\"datePublished\":\"2025-02-19T18:51:09+00:00\",\"dateModified\":\"2025-02-19T18:51:11+00:00\",\"author\":{\"@id\":\"https:\/\/www.gaveanews.com\/#\/schema\/person\/fd07635ec039ec3ba74ad18ec8a6dbd6\"},\"breadcrumb\":{\"@id\":\"https:\/\/www.gaveanews.com\/index.php\/2025\/02\/19\/universidad-central-x-corinthians-milton-neves-crava-placar\/#breadcrumb\"},\"inLanguage\":\"pt-BR\",\"potentialAction\":[{\"@type\":\"ReadAction\",\"target\":[\"https:\/\/www.gaveanews.com\/index.php\/2025\/02\/19\/universidad-central-x-corinthians-milton-neves-crava-placar\/\"]}]},{\"@type\":\"ImageObject\",\"inLanguage\":\"pt-BR\",\"@id\":\"https:\/\/www.gaveanews.com\/index.php\/2025\/02\/19\/universidad-central-x-corinthians-milton-neves-crava-placar\/#primaryimage\",\"url\":\"https:\/\/www.gaveanews.com\/wp-content\/uploads\/Yuri-Alberto-em-acao-pelo-Corinthians.webp\",\"contentUrl\":\"https:\/\/www.gaveanews.com\/wp-content\/uploads\/Yuri-Alberto-em-acao-pelo-Corinthians.webp\",\"width\":941,\"height\":604,\"caption\":\"Yuri Alberto em a\u00e7\u00e3o pelo Corinthians (Foto: Rodrigo Coca\/Ag\u00eancia Corinthians)\"},{\"@type\":\"BreadcrumbList\",\"@id\":\"https:\/\/www.gaveanews.com\/index.php\/2025\/02\/19\/universidad-central-x-corinthians-milton-neves-crava-placar\/#breadcrumb\",\"itemListElement\":[{\"@type\":\"ListItem\",\"position\":1,\"name\":\"Home\",\"item\":\"https:\/\/www.gaveanews.com\/\"},{\"@type\":\"ListItem\",\"position\":2,\"name\":\"Universidad Central x Corinthians: Milton Neves crava placar\"}]},{\"@type\":\"WebSite\",\"@id\":\"https:\/\/www.gaveanews.com\/#website\",\"url\":\"https:\/\/www.gaveanews.com\/\",\"name\":\"G\u00e1vea News\",\"description\":\"Veja todas as not\u00edcias sobre o Flamengo: Contrata\u00e7\u00f5es, categorias de base, resultados das partidas, tabela de classifica\u00e7\u00e3o, pr\u00f3ximos jogos!\",\"potentialAction\":[{\"@type\":\"SearchAction\",\"target\":{\"@type\":\"EntryPoint\",\"urlTemplate\":\"https:\/\/www.gaveanews.com\/?s={search_term_string}\"},\"query-input\":{\"@type\":\"PropertyValueSpecification\",\"valueRequired\":true,\"valueName\":\"search_term_string\"}}],\"inLanguage\":\"pt-BR\"},{\"@type\":\"Person\",\"@id\":\"https:\/\/www.gaveanews.com\/#\/schema\/person\/fd07635ec039ec3ba74ad18ec8a6dbd6\",\"name\":\"Henrique Machado\",\"image\":{\"@type\":\"ImageObject\",\"inLanguage\":\"pt-BR\",\"@id\":\"https:\/\/www.gaveanews.com\/#\/schema\/person\/image\/\",\"url\":\"https:\/\/secure.gravatar.com\/avatar\/b95e35997e01d9800c1b6184bd79d4d898d370a3fce2584f5c77b907d5c7d9e9?s=96&d=mm&r=g\",\"contentUrl\":\"https:\/\/secure.gravatar.com\/avatar\/b95e35997e01d9800c1b6184bd79d4d898d370a3fce2584f5c77b907d5c7d9e9?s=96&d=mm&r=g\",\"caption\":\"Henrique Machado\"}}]}<\/script>\n<!-- \/ Yoast SEO Premium plugin. -->","yoast_head_json":{"title":"Universidad Central x Corinthians: Milton Neves crava placar","robots":{"index":"index","follow":"follow","max-snippet":"max-snippet:-1","max-image-preview":"max-image-preview:large","max-video-preview":"max-video-preview:-1"},"canonical":"https:\/\/www.gaveanews.com\/index.php\/2025\/02\/19\/universidad-central-x-corinthians-milton-neves-crava-placar\/","og_locale":"pt_BR","og_type":"article","og_title":"Universidad Central x Corinthians: Milton Neves crava placar","og_description":"O Corinthians estreia na Libertadores nesta quarta-feira (19), \u00e0s 21h30 (hor\u00e1rio de Bras\u00edlia), enfrentando o Universidad Central, no Est\u00e1dio Ol\u00edmpico da UCV, em Caracas. A equipe comandada por Ram\u00f3n D\u00edaz busca avan\u00e7ar para a fase de grupos da competi\u00e7\u00e3o continental, come\u00e7ando a disputa pela segunda fase preliminar. A equipe venezuelana participa pela primeira vez do [&hellip;]","og_url":"https:\/\/www.gaveanews.com\/index.php\/2025\/02\/19\/universidad-central-x-corinthians-milton-neves-crava-placar\/","og_site_name":"G\u00e1vea News","article_publisher":"https:\/\/facebook.com\/gaveaNews\/","article_published_time":"2025-02-19T18:51:09+00:00","article_modified_time":"2025-02-19T18:51:11+00:00","og_image":[{"width":941,"height":604,"url":"http:\/\/www.gaveanews.com\/wp-content\/uploads\/Yuri-Alberto-em-acao-pelo-Corinthians.webp","type":"image\/jpeg"}],"author":"Henrique Machado","twitter_card":"summary_large_image","twitter_misc":{"Escrito por":"Henrique Machado","Est. tempo de leitura":"3 minutos"},"schema":{"@context":"https:\/\/schema.org","@graph":[{"@type":"NewsArticle","@id":"https:\/\/www.gaveanews.com\/index.php\/2025\/02\/19\/universidad-central-x-corinthians-milton-neves-crava-placar\/#article","isPartOf":{"@id":"https:\/\/www.gaveanews.com\/index.php\/2025\/02\/19\/universidad-central-x-corinthians-milton-neves-crava-placar\/"},"author":{"name":"Henrique Machado","@id":"https:\/\/www.gaveanews.com\/#\/schema\/person\/fd07635ec039ec3ba74ad18ec8a6dbd6"},"headline":"Universidad Central x Corinthians: Milton Neves crava placar","datePublished":"2025-02-19T18:51:09+00:00","dateModified":"2025-02-19T18:51:11+00:00","mainEntityOfPage":{"@id":"https:\/\/www.gaveanews.com\/index.php\/2025\/02\/19\/universidad-central-x-corinthians-milton-neves-crava-placar\/"},"wordCount":366,"commentCount":0,"image":{"@id":"https:\/\/www.gaveanews.com\/index.php\/2025\/02\/19\/universidad-central-x-corinthians-milton-neves-crava-placar\/#primaryimage"},"thumbnailUrl":"https:\/\/www.gaveanews.com\/wp-content\/uploads\/Yuri-Alberto-em-acao-pelo-Corinthians.webp","articleSection":["Corinthians"],"inLanguage":"pt-BR","potentialAction":[{"@type":"CommentAction","name":"Comment","target":["https:\/\/www.gaveanews.com\/index.php\/2025\/02\/19\/universidad-central-x-corinthians-milton-neves-crava-placar\/#respond"]}],"copyrightYear":"2025","copyrightHolder":{"@id":"https:\/\/www.gaveanews.com\/#organization"}},{"@type":"WebPage","@id":"https:\/\/www.gaveanews.com\/index.php\/2025\/02\/19\/universidad-central-x-corinthians-milton-neves-crava-placar\/","url":"https:\/\/www.gaveanews.com\/index.php\/2025\/02\/19\/universidad-central-x-corinthians-milton-neves-crava-placar\/","name":"Universidad Central x Corinthians: Milton Neves crava placar","isPartOf":{"@id":"https:\/\/www.gaveanews.com\/#website"},"primaryImageOfPage":{"@id":"https:\/\/www.gaveanews.com\/index.php\/2025\/02\/19\/universidad-central-x-corinthians-milton-neves-crava-placar\/#primaryimage"},"image":{"@id":"https:\/\/www.gaveanews.com\/index.php\/2025\/02\/19\/universidad-central-x-corinthians-milton-neves-crava-placar\/#primaryimage"},"thumbnailUrl":"https:\/\/www.gaveanews.com\/wp-content\/uploads\/Yuri-Alberto-em-acao-pelo-Corinthians.webp","datePublished":"2025-02-19T18:51:09+00:00","dateModified":"2025-02-19T18:51:11+00:00","author":{"@id":"https:\/\/www.gaveanews.com\/#\/schema\/person\/fd07635ec039ec3ba74ad18ec8a6dbd6"},"breadcrumb":{"@id":"https:\/\/www.gaveanews.com\/index.php\/2025\/02\/19\/universidad-central-x-corinthians-milton-neves-crava-placar\/#breadcrumb"},"inLanguage":"pt-BR","potentialAction":[{"@type":"ReadAction","target":["https:\/\/www.gaveanews.com\/index.php\/2025\/02\/19\/universidad-central-x-corinthians-milton-neves-crava-placar\/"]}]},{"@type":"ImageObject","inLanguage":"pt-BR","@id":"https:\/\/www.gaveanews.com\/index.php\/2025\/02\/19\/universidad-central-x-corinthians-milton-neves-crava-placar\/#primaryimage","url":"https:\/\/www.gaveanews.com\/wp-content\/uploads\/Yuri-Alberto-em-acao-pelo-Corinthians.webp","contentUrl":"https:\/\/www.gaveanews.com\/wp-content\/uploads\/Yuri-Alberto-em-acao-pelo-Corinthians.webp","width":941,"height":604,"caption":"Yuri Alberto em a\u00e7\u00e3o pelo Corinthians (Foto: Rodrigo Coca\/Ag\u00eancia Corinthians)"},{"@type":"BreadcrumbList","@id":"https:\/\/www.gaveanews.com\/index.php\/2025\/02\/19\/universidad-central-x-corinthians-milton-neves-crava-placar\/#breadcrumb","itemListElement":[{"@type":"ListItem","position":1,"name":"Home","item":"https:\/\/www.gaveanews.com\/"},{"@type":"ListItem","position":2,"name":"Universidad Central x Corinthians: Milton Neves crava placar"}]},{"@type":"WebSite","@id":"https:\/\/www.gaveanews.com\/#website","url":"https:\/\/www.gaveanews.com\/","name":"G\u00e1vea News","description":"Veja todas as not\u00edcias sobre o Flamengo: Contrata\u00e7\u00f5es, categorias de base, resultados das partidas, tabela de classifica\u00e7\u00e3o, pr\u00f3ximos jogos!","potentialAction":[{"@type":"SearchAction","target":{"@type":"EntryPoint","urlTemplate":"https:\/\/www.gaveanews.com\/?s={search_term_string}"},"query-input":{"@type":"PropertyValueSpecification","valueRequired":true,"valueName":"search_term_string"}}],"inLanguage":"pt-BR"},{"@type":"Person","@id":"https:\/\/www.gaveanews.com\/#\/schema\/person\/fd07635ec039ec3ba74ad18ec8a6dbd6","name":"Henrique Machado","image":{"@type":"ImageObject","inLanguage":"pt-BR","@id":"https:\/\/www.gaveanews.com\/#\/schema\/person\/image\/","url":"https:\/\/secure.gravatar.com\/avatar\/b95e35997e01d9800c1b6184bd79d4d898d370a3fce2584f5c77b907d5c7d9e9?s=96&d=mm&r=g","contentUrl":"https:\/\/secure.gravatar.com\/avatar\/b95e35997e01d9800c1b6184bd79d4d898d370a3fce2584f5c77b907d5c7d9e9?s=96&d=mm&r=g","caption":"Henrique Machado"}}]}},"_links":{"self":[{"href":"https:\/\/www.gaveanews.com\/index.php\/wp-json\/wp\/v2\/posts\/230189","targetHints":{"allow":["GET"]}}],"collection":[{"href":"https:\/\/www.gaveanews.com\/index.php\/wp-json\/wp\/v2\/posts"}],"about":[{"href":"https:\/\/www.gaveanews.com\/index.php\/wp-json\/wp\/v2\/types\/post"}],"author":[{"embeddable":true,"href":"https:\/\/www.gaveanews.com\/index.php\/wp-json\/wp\/v2\/users\/15"}],"replies":[{"embeddable":true,"href":"https:\/\/www.gaveanews.com\/index.php\/wp-json\/wp\/v2\/comments?post=230189"}],"version-history":[{"count":1,"href":"https:\/\/www.gaveanews.com\/index.php\/wp-json\/wp\/v2\/posts\/230189\/revisions"}],"predecessor-version":[{"id":230217,"href":"https:\/\/www.gaveanews.com\/index.php\/wp-json\/wp\/v2\/posts\/230189\/revisions\/230217"}],"wp:featuredmedia":[{"embeddable":true,"href":"https:\/\/www.gaveanews.com\/index.php\/wp-json\/wp\/v2\/media\/171334"}],"wp:attachment":[{"href":"https:\/\/www.gaveanews.com\/index.php\/wp-json\/wp\/v2\/media?parent=230189"}],"wp:term":[{"taxonomy":"category","embeddable":true,"href":"https:\/\/www.gaveanews.com\/index.php\/wp-json\/wp\/v2\/categories?post=230189"},{"taxonomy":"post_tag","embeddable":true,"href":"https:\/\/www.gaveanews.com\/index.php\/wp-json\/wp\/v2\/tags?post=230189"}],"curies":[{"name":"wp","href":"https:\/\/api.w.org\/{rel}","templated":true}]}}