{"id":230228,"date":"2025-02-19T18:30:00","date_gmt":"2025-02-19T21:30:00","guid":{"rendered":"https:\/\/www.gaveanews.com\/?p=230228"},"modified":"2025-02-19T16:23:54","modified_gmt":"2025-02-19T19:23:54","slug":"a-declaracao-de-petraglia-do-athletico-direcionada-a-cuca-o-principal-erro-foi","status":"publish","type":"post","link":"https:\/\/www.gaveanews.com\/index.php\/2025\/02\/19\/a-declaracao-de-petraglia-do-athletico-direcionada-a-cuca-o-principal-erro-foi\/","title":{"rendered":"A declara\u00e7\u00e3o de Petraglia, do Athletico, direcionada a Cuca: &#8220;O principal erro foi\u2026&#8221;"},"content":{"rendered":"\n<p>O Athletico-PR viveu um ano de 2024 turbulento, culminando no rebaixamento para a S\u00e9rie B do Campeonato Brasileiro. A queda representou um duro golpe para o clube, especialmente por ter ocorrido justamente no ano do seu centen\u00e1rio. Entre os diversos problemas enfrentados pelo Furac\u00e3o, a troca constante de treinadores foi apontada como um dos principais fatores que levaram ao fracasso na temporada.<\/p>\n\n\n\n<p>O presidente Mario Celso Petraglia quebrou o sil\u00eancio sobre o assunto em reuni\u00e3o do Conselho Deliberativo do clube. Em sua an\u00e1lise, ele atribuiu a responsabilidade do insucesso a decis\u00f5es erradas na gest\u00e3o t\u00e9cnica, destacando a passagem do treinador Cuca como o maior erro do ano.<\/p>\n\n\n\n<h2 class=\"wp-block-heading\" id=\"h-as-criticas-de-petraglia-a-cuca\">As cr\u00edticas de Petraglia a Cuca<\/h2>\n\n\n\n<p>Durante seu pronunciamento, Petraglia n\u00e3o poupou palavras ao criticar a contrata\u00e7\u00e3o de Cuca. Segundo ele, a aposta no treinador n\u00e3o trouxe os resultados esperados e ainda gerou mais instabilidade dentro do clube.<\/p>\n\n\n\n<p>&#8220;N\u00f3s erramos muito em t\u00e9cnicos. O principal erro neste ano, se for fazer a retrospectiva, na minha modesta opini\u00e3o, posso estar enganado, foi a vinda do Cuca. Ele estava execrado pela torcida do Corinthians, por causa do epis\u00f3dio que ele teve no come\u00e7o da vida. N\u00f3s o trouxemos para recuper\u00e1-lo para o mercado, assim o fizemos. E ele nos deixou. Ele pedia, queria o Dudu, o Gabigol. Com que condi\u00e7\u00f5es ir\u00edamos contratar? Mudou o nosso time inteiro, falava nas entrevistas quem queria que contratasse. E pediu demiss\u00e3o e foi embora&#8221;, disse.<\/p>\n\n\n\n<p>Cuca chegou ao Athletico ap\u00f3s um longo per\u00edodo afastado do futebol, saindo do Corinthians sob forte press\u00e3o da torcida. Sua passagem pelo Furac\u00e3o durou pouco, e sua sa\u00edda inesperada foi um dos elementos que agravaram a crise no clube.<\/p>\n\n\n\n<h2 class=\"wp-block-heading\" id=\"h-a-instabilidade-no-comando-tecnico\">A instabilidade no comando t\u00e9cnico<\/h2>\n\n\n\n<p>A temporada de 2024 foi marcada por constantes mudan\u00e7as na comiss\u00e3o t\u00e9cnica. O Athletico iniciou o ano com Juan Carlos Osorio, que foi substitu\u00eddo por Cuca. Ap\u00f3s a sa\u00edda do treinador, Juca Antonello assumiu interinamente, seguido por Martin Varini. Na reta final do Brasileir\u00e3o, Lucho Gonz\u00e1lez foi o escolhido para tentar evitar o rebaixamento, mas n\u00e3o conseguiu reverter a situa\u00e7\u00e3o.<\/p>\n\n\n\n<p>Essa instabilidade no comando prejudicou a equipe dentro de campo. Sem um planejamento s\u00f3lido, o Furac\u00e3o teve dificuldades para encontrar uma identidade de jogo e n\u00e3o conseguiu a regularidade necess\u00e1ria para escapar do descenso.<\/p>\n","protected":false},"excerpt":{"rendered":"<p>O Athletico-PR viveu um ano de 2024 turbulento, culminando no rebaixamento para a S\u00e9rie B do Campeonato Brasileiro. A queda representou um duro golpe para o clube, especialmente por ter ocorrido justamente no ano do seu centen\u00e1rio. Entre os diversos problemas enfrentados pelo Furac\u00e3o, a troca constante de treinadores foi apontada como um dos principais [&hellip;]<\/p>\n","protected":false},"author":15,"featured_media":28603,"comment_status":"open","ping_status":"closed","sticky":false,"template":"","format":"standard","meta":{"footnotes":""},"categories":[134,136],"tags":[],"class_list":["post-230228","post","type-post","status-publish","format-standard","has-post-thumbnail","hentry","category-athletico-pr","category-atletico-mg"],"yoast_head":"<!-- This site is optimized with the Yoast SEO Premium plugin v24.2 (Yoast SEO v26.9) - https:\/\/yoast.com\/product\/yoast-seo-premium-wordpress\/ -->\n<title>A declara\u00e7\u00e3o de Petraglia, do Athletico, direcionada a Cuca: &quot;O principal erro foi\u2026&quot;<\/title>\n<meta name=\"robots\" content=\"index, follow, max-snippet:-1, max-image-preview:large, max-video-preview:-1\" \/>\n<link rel=\"canonical\" href=\"https:\/\/www.gaveanews.com\/index.php\/2025\/02\/19\/a-declaracao-de-petraglia-do-athletico-direcionada-a-cuca-o-principal-erro-foi\/\" \/>\n<meta property=\"og:locale\" content=\"pt_BR\" \/>\n<meta property=\"og:type\" content=\"article\" \/>\n<meta property=\"og:title\" content=\"A declara\u00e7\u00e3o de Petraglia, do Athletico, direcionada a Cuca: &quot;O principal erro foi\u2026&quot;\" \/>\n<meta property=\"og:description\" content=\"O Athletico-PR viveu um ano de 2024 turbulento, culminando no rebaixamento para a S\u00e9rie B do Campeonato Brasileiro. A queda representou um duro golpe para o clube, especialmente por ter ocorrido justamente no ano do seu centen\u00e1rio. Entre os diversos problemas enfrentados pelo Furac\u00e3o, a troca constante de treinadores foi apontada como um dos principais [&hellip;]\" \/>\n<meta property=\"og:url\" content=\"https:\/\/www.gaveanews.com\/index.php\/2025\/02\/19\/a-declaracao-de-petraglia-do-athletico-direcionada-a-cuca-o-principal-erro-foi\/\" \/>\n<meta property=\"og:site_name\" content=\"G\u00e1vea News\" \/>\n<meta property=\"article:publisher\" content=\"https:\/\/facebook.com\/gaveaNews\/\" \/>\n<meta property=\"article:published_time\" content=\"2025-02-19T21:30:00+00:00\" \/>\n<meta property=\"og:image\" content=\"https:\/\/www.gaveanews.com\/wp-content\/uploads\/Cuca-durante-um-programa-do-SporTV.webp\" \/>\n\t<meta property=\"og:image:width\" content=\"1280\" \/>\n\t<meta property=\"og:image:height\" content=\"720\" \/>\n\t<meta property=\"og:image:type\" content=\"image\/jpeg\" \/>\n<meta name=\"author\" content=\"Henrique Machado\" \/>\n<meta name=\"twitter:card\" content=\"summary_large_image\" \/>\n<meta name=\"twitter:label1\" content=\"Escrito por\" \/>\n\t<meta name=\"twitter:data1\" content=\"Henrique Machado\" \/>\n\t<meta name=\"twitter:label2\" content=\"Est. tempo de leitura\" \/>\n\t<meta name=\"twitter:data2\" content=\"3 minutos\" \/>\n<script type=\"application\/ld+json\" class=\"yoast-schema-graph\">{\"@context\":\"https:\/\/schema.org\",\"@graph\":[{\"@type\":\"NewsArticle\",\"@id\":\"https:\/\/www.gaveanews.com\/index.php\/2025\/02\/19\/a-declaracao-de-petraglia-do-athletico-direcionada-a-cuca-o-principal-erro-foi\/#article\",\"isPartOf\":{\"@id\":\"https:\/\/www.gaveanews.com\/index.php\/2025\/02\/19\/a-declaracao-de-petraglia-do-athletico-direcionada-a-cuca-o-principal-erro-foi\/\"},\"author\":{\"name\":\"Henrique Machado\",\"@id\":\"https:\/\/www.gaveanews.com\/#\/schema\/person\/fd07635ec039ec3ba74ad18ec8a6dbd6\"},\"headline\":\"A declara\u00e7\u00e3o de Petraglia, do Athletico, direcionada a Cuca: &#8220;O principal erro foi\u2026&#8221;\",\"datePublished\":\"2025-02-19T21:30:00+00:00\",\"mainEntityOfPage\":{\"@id\":\"https:\/\/www.gaveanews.com\/index.php\/2025\/02\/19\/a-declaracao-de-petraglia-do-athletico-direcionada-a-cuca-o-principal-erro-foi\/\"},\"wordCount\":429,\"commentCount\":0,\"image\":{\"@id\":\"https:\/\/www.gaveanews.com\/index.php\/2025\/02\/19\/a-declaracao-de-petraglia-do-athletico-direcionada-a-cuca-o-principal-erro-foi\/#primaryimage\"},\"thumbnailUrl\":\"https:\/\/www.gaveanews.com\/wp-content\/uploads\/Cuca-durante-um-programa-do-SporTV.webp\",\"articleSection\":[\"Athletico-PR\",\"Atl\u00e9tico-MG\"],\"inLanguage\":\"pt-BR\",\"potentialAction\":[{\"@type\":\"CommentAction\",\"name\":\"Comment\",\"target\":[\"https:\/\/www.gaveanews.com\/index.php\/2025\/02\/19\/a-declaracao-de-petraglia-do-athletico-direcionada-a-cuca-o-principal-erro-foi\/#respond\"]}],\"copyrightYear\":\"2025\",\"copyrightHolder\":{\"@id\":\"https:\/\/www.gaveanews.com\/#organization\"}},{\"@type\":\"WebPage\",\"@id\":\"https:\/\/www.gaveanews.com\/index.php\/2025\/02\/19\/a-declaracao-de-petraglia-do-athletico-direcionada-a-cuca-o-principal-erro-foi\/\",\"url\":\"https:\/\/www.gaveanews.com\/index.php\/2025\/02\/19\/a-declaracao-de-petraglia-do-athletico-direcionada-a-cuca-o-principal-erro-foi\/\",\"name\":\"A declara\u00e7\u00e3o de Petraglia, do Athletico, direcionada a Cuca: \\\"O principal erro foi\u2026\\\"\",\"isPartOf\":{\"@id\":\"https:\/\/www.gaveanews.com\/#website\"},\"primaryImageOfPage\":{\"@id\":\"https:\/\/www.gaveanews.com\/index.php\/2025\/02\/19\/a-declaracao-de-petraglia-do-athletico-direcionada-a-cuca-o-principal-erro-foi\/#primaryimage\"},\"image\":{\"@id\":\"https:\/\/www.gaveanews.com\/index.php\/2025\/02\/19\/a-declaracao-de-petraglia-do-athletico-direcionada-a-cuca-o-principal-erro-foi\/#primaryimage\"},\"thumbnailUrl\":\"https:\/\/www.gaveanews.com\/wp-content\/uploads\/Cuca-durante-um-programa-do-SporTV.webp\",\"datePublished\":\"2025-02-19T21:30:00+00:00\",\"author\":{\"@id\":\"https:\/\/www.gaveanews.com\/#\/schema\/person\/fd07635ec039ec3ba74ad18ec8a6dbd6\"},\"breadcrumb\":{\"@id\":\"https:\/\/www.gaveanews.com\/index.php\/2025\/02\/19\/a-declaracao-de-petraglia-do-athletico-direcionada-a-cuca-o-principal-erro-foi\/#breadcrumb\"},\"inLanguage\":\"pt-BR\",\"potentialAction\":[{\"@type\":\"ReadAction\",\"target\":[\"https:\/\/www.gaveanews.com\/index.php\/2025\/02\/19\/a-declaracao-de-petraglia-do-athletico-direcionada-a-cuca-o-principal-erro-foi\/\"]}]},{\"@type\":\"ImageObject\",\"inLanguage\":\"pt-BR\",\"@id\":\"https:\/\/www.gaveanews.com\/index.php\/2025\/02\/19\/a-declaracao-de-petraglia-do-athletico-direcionada-a-cuca-o-principal-erro-foi\/#primaryimage\",\"url\":\"https:\/\/www.gaveanews.com\/wp-content\/uploads\/Cuca-durante-um-programa-do-SporTV.webp\",\"contentUrl\":\"https:\/\/www.gaveanews.com\/wp-content\/uploads\/Cuca-durante-um-programa-do-SporTV.webp\",\"width\":1280,\"height\":720,\"caption\":\"Cuca durante um programa do SporTV (Foto: Reprodu\u00e7\u00e3o\/SporTV)\"},{\"@type\":\"BreadcrumbList\",\"@id\":\"https:\/\/www.gaveanews.com\/index.php\/2025\/02\/19\/a-declaracao-de-petraglia-do-athletico-direcionada-a-cuca-o-principal-erro-foi\/#breadcrumb\",\"itemListElement\":[{\"@type\":\"ListItem\",\"position\":1,\"name\":\"Home\",\"item\":\"https:\/\/www.gaveanews.com\/\"},{\"@type\":\"ListItem\",\"position\":2,\"name\":\"A declara\u00e7\u00e3o de Petraglia, do Athletico, direcionada a Cuca: &#8220;O principal erro foi\u2026&#8221;\"}]},{\"@type\":\"WebSite\",\"@id\":\"https:\/\/www.gaveanews.com\/#website\",\"url\":\"https:\/\/www.gaveanews.com\/\",\"name\":\"G\u00e1vea News\",\"description\":\"Veja todas as not\u00edcias sobre o Flamengo: Contrata\u00e7\u00f5es, categorias de base, resultados das partidas, tabela de classifica\u00e7\u00e3o, pr\u00f3ximos jogos!\",\"potentialAction\":[{\"@type\":\"SearchAction\",\"target\":{\"@type\":\"EntryPoint\",\"urlTemplate\":\"https:\/\/www.gaveanews.com\/?s={search_term_string}\"},\"query-input\":{\"@type\":\"PropertyValueSpecification\",\"valueRequired\":true,\"valueName\":\"search_term_string\"}}],\"inLanguage\":\"pt-BR\"},{\"@type\":\"Person\",\"@id\":\"https:\/\/www.gaveanews.com\/#\/schema\/person\/fd07635ec039ec3ba74ad18ec8a6dbd6\",\"name\":\"Henrique Machado\",\"image\":{\"@type\":\"ImageObject\",\"inLanguage\":\"pt-BR\",\"@id\":\"https:\/\/www.gaveanews.com\/#\/schema\/person\/image\/\",\"url\":\"https:\/\/secure.gravatar.com\/avatar\/b95e35997e01d9800c1b6184bd79d4d898d370a3fce2584f5c77b907d5c7d9e9?s=96&d=mm&r=g\",\"contentUrl\":\"https:\/\/secure.gravatar.com\/avatar\/b95e35997e01d9800c1b6184bd79d4d898d370a3fce2584f5c77b907d5c7d9e9?s=96&d=mm&r=g\",\"caption\":\"Henrique Machado\"}}]}<\/script>\n<!-- \/ Yoast SEO Premium plugin. -->","yoast_head_json":{"title":"A declara\u00e7\u00e3o de Petraglia, do Athletico, direcionada a Cuca: \"O principal erro foi\u2026\"","robots":{"index":"index","follow":"follow","max-snippet":"max-snippet:-1","max-image-preview":"max-image-preview:large","max-video-preview":"max-video-preview:-1"},"canonical":"https:\/\/www.gaveanews.com\/index.php\/2025\/02\/19\/a-declaracao-de-petraglia-do-athletico-direcionada-a-cuca-o-principal-erro-foi\/","og_locale":"pt_BR","og_type":"article","og_title":"A declara\u00e7\u00e3o de Petraglia, do Athletico, direcionada a Cuca: \"O principal erro foi\u2026\"","og_description":"O Athletico-PR viveu um ano de 2024 turbulento, culminando no rebaixamento para a S\u00e9rie B do Campeonato Brasileiro. A queda representou um duro golpe para o clube, especialmente por ter ocorrido justamente no ano do seu centen\u00e1rio. Entre os diversos problemas enfrentados pelo Furac\u00e3o, a troca constante de treinadores foi apontada como um dos principais [&hellip;]","og_url":"https:\/\/www.gaveanews.com\/index.php\/2025\/02\/19\/a-declaracao-de-petraglia-do-athletico-direcionada-a-cuca-o-principal-erro-foi\/","og_site_name":"G\u00e1vea News","article_publisher":"https:\/\/facebook.com\/gaveaNews\/","article_published_time":"2025-02-19T21:30:00+00:00","og_image":[{"width":1280,"height":720,"url":"https:\/\/www.gaveanews.com\/wp-content\/uploads\/Cuca-durante-um-programa-do-SporTV.webp","type":"image\/jpeg"}],"author":"Henrique Machado","twitter_card":"summary_large_image","twitter_misc":{"Escrito por":"Henrique Machado","Est. tempo de leitura":"3 minutos"},"schema":{"@context":"https:\/\/schema.org","@graph":[{"@type":"NewsArticle","@id":"https:\/\/www.gaveanews.com\/index.php\/2025\/02\/19\/a-declaracao-de-petraglia-do-athletico-direcionada-a-cuca-o-principal-erro-foi\/#article","isPartOf":{"@id":"https:\/\/www.gaveanews.com\/index.php\/2025\/02\/19\/a-declaracao-de-petraglia-do-athletico-direcionada-a-cuca-o-principal-erro-foi\/"},"author":{"name":"Henrique Machado","@id":"https:\/\/www.gaveanews.com\/#\/schema\/person\/fd07635ec039ec3ba74ad18ec8a6dbd6"},"headline":"A declara\u00e7\u00e3o de Petraglia, do Athletico, direcionada a Cuca: &#8220;O principal erro foi\u2026&#8221;","datePublished":"2025-02-19T21:30:00+00:00","mainEntityOfPage":{"@id":"https:\/\/www.gaveanews.com\/index.php\/2025\/02\/19\/a-declaracao-de-petraglia-do-athletico-direcionada-a-cuca-o-principal-erro-foi\/"},"wordCount":429,"commentCount":0,"image":{"@id":"https:\/\/www.gaveanews.com\/index.php\/2025\/02\/19\/a-declaracao-de-petraglia-do-athletico-direcionada-a-cuca-o-principal-erro-foi\/#primaryimage"},"thumbnailUrl":"https:\/\/www.gaveanews.com\/wp-content\/uploads\/Cuca-durante-um-programa-do-SporTV.webp","articleSection":["Athletico-PR","Atl\u00e9tico-MG"],"inLanguage":"pt-BR","potentialAction":[{"@type":"CommentAction","name":"Comment","target":["https:\/\/www.gaveanews.com\/index.php\/2025\/02\/19\/a-declaracao-de-petraglia-do-athletico-direcionada-a-cuca-o-principal-erro-foi\/#respond"]}],"copyrightYear":"2025","copyrightHolder":{"@id":"https:\/\/www.gaveanews.com\/#organization"}},{"@type":"WebPage","@id":"https:\/\/www.gaveanews.com\/index.php\/2025\/02\/19\/a-declaracao-de-petraglia-do-athletico-direcionada-a-cuca-o-principal-erro-foi\/","url":"https:\/\/www.gaveanews.com\/index.php\/2025\/02\/19\/a-declaracao-de-petraglia-do-athletico-direcionada-a-cuca-o-principal-erro-foi\/","name":"A declara\u00e7\u00e3o de Petraglia, do Athletico, direcionada a Cuca: \"O principal erro foi\u2026\"","isPartOf":{"@id":"https:\/\/www.gaveanews.com\/#website"},"primaryImageOfPage":{"@id":"https:\/\/www.gaveanews.com\/index.php\/2025\/02\/19\/a-declaracao-de-petraglia-do-athletico-direcionada-a-cuca-o-principal-erro-foi\/#primaryimage"},"image":{"@id":"https:\/\/www.gaveanews.com\/index.php\/2025\/02\/19\/a-declaracao-de-petraglia-do-athletico-direcionada-a-cuca-o-principal-erro-foi\/#primaryimage"},"thumbnailUrl":"https:\/\/www.gaveanews.com\/wp-content\/uploads\/Cuca-durante-um-programa-do-SporTV.webp","datePublished":"2025-02-19T21:30:00+00:00","author":{"@id":"https:\/\/www.gaveanews.com\/#\/schema\/person\/fd07635ec039ec3ba74ad18ec8a6dbd6"},"breadcrumb":{"@id":"https:\/\/www.gaveanews.com\/index.php\/2025\/02\/19\/a-declaracao-de-petraglia-do-athletico-direcionada-a-cuca-o-principal-erro-foi\/#breadcrumb"},"inLanguage":"pt-BR","potentialAction":[{"@type":"ReadAction","target":["https:\/\/www.gaveanews.com\/index.php\/2025\/02\/19\/a-declaracao-de-petraglia-do-athletico-direcionada-a-cuca-o-principal-erro-foi\/"]}]},{"@type":"ImageObject","inLanguage":"pt-BR","@id":"https:\/\/www.gaveanews.com\/index.php\/2025\/02\/19\/a-declaracao-de-petraglia-do-athletico-direcionada-a-cuca-o-principal-erro-foi\/#primaryimage","url":"https:\/\/www.gaveanews.com\/wp-content\/uploads\/Cuca-durante-um-programa-do-SporTV.webp","contentUrl":"https:\/\/www.gaveanews.com\/wp-content\/uploads\/Cuca-durante-um-programa-do-SporTV.webp","width":1280,"height":720,"caption":"Cuca durante um programa do SporTV (Foto: Reprodu\u00e7\u00e3o\/SporTV)"},{"@type":"BreadcrumbList","@id":"https:\/\/www.gaveanews.com\/index.php\/2025\/02\/19\/a-declaracao-de-petraglia-do-athletico-direcionada-a-cuca-o-principal-erro-foi\/#breadcrumb","itemListElement":[{"@type":"ListItem","position":1,"name":"Home","item":"https:\/\/www.gaveanews.com\/"},{"@type":"ListItem","position":2,"name":"A declara\u00e7\u00e3o de Petraglia, do Athletico, direcionada a Cuca: &#8220;O principal erro foi\u2026&#8221;"}]},{"@type":"WebSite","@id":"https:\/\/www.gaveanews.com\/#website","url":"https:\/\/www.gaveanews.com\/","name":"G\u00e1vea News","description":"Veja todas as not\u00edcias sobre o Flamengo: Contrata\u00e7\u00f5es, categorias de base, resultados das partidas, tabela de classifica\u00e7\u00e3o, pr\u00f3ximos jogos!","potentialAction":[{"@type":"SearchAction","target":{"@type":"EntryPoint","urlTemplate":"https:\/\/www.gaveanews.com\/?s={search_term_string}"},"query-input":{"@type":"PropertyValueSpecification","valueRequired":true,"valueName":"search_term_string"}}],"inLanguage":"pt-BR"},{"@type":"Person","@id":"https:\/\/www.gaveanews.com\/#\/schema\/person\/fd07635ec039ec3ba74ad18ec8a6dbd6","name":"Henrique Machado","image":{"@type":"ImageObject","inLanguage":"pt-BR","@id":"https:\/\/www.gaveanews.com\/#\/schema\/person\/image\/","url":"https:\/\/secure.gravatar.com\/avatar\/b95e35997e01d9800c1b6184bd79d4d898d370a3fce2584f5c77b907d5c7d9e9?s=96&d=mm&r=g","contentUrl":"https:\/\/secure.gravatar.com\/avatar\/b95e35997e01d9800c1b6184bd79d4d898d370a3fce2584f5c77b907d5c7d9e9?s=96&d=mm&r=g","caption":"Henrique Machado"}}]}},"_links":{"self":[{"href":"https:\/\/www.gaveanews.com\/index.php\/wp-json\/wp\/v2\/posts\/230228","targetHints":{"allow":["GET"]}}],"collection":[{"href":"https:\/\/www.gaveanews.com\/index.php\/wp-json\/wp\/v2\/posts"}],"about":[{"href":"https:\/\/www.gaveanews.com\/index.php\/wp-json\/wp\/v2\/types\/post"}],"author":[{"embeddable":true,"href":"https:\/\/www.gaveanews.com\/index.php\/wp-json\/wp\/v2\/users\/15"}],"replies":[{"embeddable":true,"href":"https:\/\/www.gaveanews.com\/index.php\/wp-json\/wp\/v2\/comments?post=230228"}],"version-history":[{"count":1,"href":"https:\/\/www.gaveanews.com\/index.php\/wp-json\/wp\/v2\/posts\/230228\/revisions"}],"predecessor-version":[{"id":230246,"href":"https:\/\/www.gaveanews.com\/index.php\/wp-json\/wp\/v2\/posts\/230228\/revisions\/230246"}],"wp:featuredmedia":[{"embeddable":true,"href":"https:\/\/www.gaveanews.com\/index.php\/wp-json\/wp\/v2\/media\/28603"}],"wp:attachment":[{"href":"https:\/\/www.gaveanews.com\/index.php\/wp-json\/wp\/v2\/media?parent=230228"}],"wp:term":[{"taxonomy":"category","embeddable":true,"href":"https:\/\/www.gaveanews.com\/index.php\/wp-json\/wp\/v2\/categories?post=230228"},{"taxonomy":"post_tag","embeddable":true,"href":"https:\/\/www.gaveanews.com\/index.php\/wp-json\/wp\/v2\/tags?post=230228"}],"curies":[{"name":"wp","href":"https:\/\/api.w.org\/{rel}","templated":true}]}}