{"id":230284,"date":"2025-02-19T17:11:30","date_gmt":"2025-02-19T20:11:30","guid":{"rendered":"https:\/\/www.gaveanews.com\/?p=230284"},"modified":"2025-02-19T17:57:54","modified_gmt":"2025-02-19T20:57:54","slug":"flamengo-veja-o-resultado-do-julgamento-de-gerson","status":"publish","type":"post","link":"https:\/\/www.gaveanews.com\/index.php\/2025\/02\/19\/flamengo-veja-o-resultado-do-julgamento-de-gerson\/","title":{"rendered":"Flamengo: veja o resultado do julgamento de Gerson"},"content":{"rendered":"\n<p>O capit\u00e3o Gerson, do Flamengo, foi o \u00fanico atleta absolvido pelo Tribunal de Justi\u00e7a Desportiva do Rio de Janeiro (TJD-RJ) em julgamento nesta quarta-feira, 19, pelas den\u00fancias \u00e0 confus\u00e3o generalizada na vit\u00f3ria sobre o Botafogo, pela s\u00e9tima rodada do Carioca. Cleiton, Alexander Barboza e Alex Telles receberam suspens\u00f5es.<\/p>\n\n\n\n<p>Gerson havia sido denunciado no artigo 250, por &#8220;atos desleais ou hostis&#8221;, pela expuls\u00e3o no in\u00edcio da confus\u00e3o generalizada no centro do gramado. Na s\u00famula, o \u00e1rbitro Bruno Mota Correia, escalado para apitar o cl\u00e1ssico, justificou o cart\u00e3o vermelho por &#8221;empurr\u00f5es persistentes&#8221; e &#8221;de maneira provocativa&#8221; contra o zagueiro Barboza, do Botafogo.<\/p>\n\n\n\n<ul class=\"wp-block-list\">\n<li><strong>Gerson<\/strong>: <strong>absolvido<\/strong>\u00a0com base no artigo 250, par\u00e1grafo 1\u00ba, inciso I, por &#8220;atos desleais ou hostis&#8221;.<\/li>\n<\/ul>\n\n\n\n<p>A s\u00famula: &#8220;Ap\u00f3s o t\u00e9rmino da partida, expulsei o sr. Gerson Santos da Silva, camisa n\u00ba 08 da equipe do C.R.\u00a0Flamengo, por trocar empurr\u00f5es, persistentemente, de maneira provocativa com o sr. Alexander Nahuel Barboza Ullua, camisa n\u00ba 20 da equipe do SAF\u00a0Botafogo, e assim incitando e inflamando, ainda mais, a confus\u00e3o generalizada&#8221;.<\/p>\n\n\n\n<p>O meia cumpriu suspens\u00e3o autom\u00e1tica na vit\u00f3ria por 2 a 0 sobre o Vasco na rodada passada e, portanto, est\u00e1 liberado para enfrentar o Maric\u00e1, pela rodada que vale o t\u00edtulo simb\u00f3lico do turno do Campeonato Carioca.<\/p>\n\n\n\n<h2 class=\"wp-block-heading\" id=\"h-atletas-suspensos\">Atletas suspensos<\/h2>\n\n\n\n<p>Apesar de ter recebido o m\u00ednimo do que se prev\u00ea em regra para casos de agress\u00e3o, Cleiton obteve a puni\u00e7\u00e3o mais severa entre os denunciados. O zagueiro foi suspens\u00e3o em quatro jogos, mas como j\u00e1 cumpriu um, tamb\u00e9m diante do Vasco, ficaria \u00e0 disposi\u00e7\u00e3o de Filipe Lu\u00eds para eventual decis\u00e3o do Campeonato Carioca.<\/p>\n\n\n\n<p>Barboza foi julgado no mesmo artigo de Cleiton, 254-A, par\u00e1grafo 1\u00ba, por &#8220;praticar agress\u00e3o f\u00edsica durante a partida&#8221;, mas recebeu apenas dois jogos de suspens\u00e3o. O argentino recebeu uma pena menor por n\u00e3o ter acertado o soco no rosto de Bruno Henrique.<\/p>\n\n\n\n<ul class=\"wp-block-list\">\n<li><strong>Cleiton<\/strong>, <strong>quatro jogos<\/strong>: artigo 254-A, par\u00e1grafo 1\u00ba, inciso I, por &#8220;praticar agress\u00e3o f\u00edsica durante a partida&#8221;;<\/li>\n\n\n\n<li><strong>Alexander Barboza<\/strong>, <strong>dois jogos<\/strong>: artigo 254-A, par\u00e1grafo 1\u00ba, inciso I, por &#8220;praticar agress\u00e3o f\u00edsica durante a partida&#8221;;<\/li>\n<\/ul>\n\n\n\n<p>J\u00e1 Alex Telles recebeu dois jogos de suspens\u00e3o por estar diretamente envolvido na confus\u00e3o do t\u00fanel de acesso ao gramado do Maracan\u00e3. O lateral-esquerdo foi denunciado pelo delegado do cl\u00e1ssico, Marcos Vinicio de Abreu Trindade, que o mencionou em seu relat\u00f3rio ap\u00f3s a partida.<\/p>\n\n\n\n<ul class=\"wp-block-list\">\n<li><strong>Alex Telles<\/strong>, <strong>dois jogos<\/strong>: artigo 258 &#8211; inciso II, por &#8220;desrespeitar os membros da equipe de arbitragem ou reclamar desrespeitosamente contra suas decis\u00f5es&#8221;;<\/li>\n<\/ul>\n\n\n\n<p>&#8220;Os jogadores da SAF Botafogo n\u00e3o queriam ir para o vesti\u00e1rio e sim queriam continuar a briga, sendo capitaneado pelo jogador da SAF Botafogo, sr. Alex Nicolao Telles, que falava para os seus companheiros: &#8216;Vamos ficar aqui, vamos esperar eles.&#8217; Esse jogador citado estava muito transtornado e tentei convenc\u00ea-lo para que ele fosse para o seu vesti\u00e1rio e chamasse os seus companheiros, mas n\u00e3o tive sucesso. O sr. Alex Nicolao Telles disse para mim &#8216;n\u00e3o vamos sair daqui, vamos esperar eles. Vai se f*der, voc\u00ea n\u00e3o viu o que o jogador deles fez? A\u00ed voc\u00ea n\u00e3o faz nada&#8217;.&#8221;<\/p>\n","protected":false},"excerpt":{"rendered":"<p>O capit\u00e3o Gerson, do Flamengo, foi o \u00fanico atleta absolvido pelo Tribunal de Justi\u00e7a Desportiva do Rio de Janeiro (TJD-RJ) em julgamento nesta quarta-feira, 19, pelas den\u00fancias \u00e0 confus\u00e3o generalizada na vit\u00f3ria sobre o Botafogo, pela s\u00e9tima rodada do Carioca. Cleiton, Alexander Barboza e Alex Telles receberam suspens\u00f5es. Gerson havia sido denunciado no artigo 250, [&hellip;]<\/p>\n","protected":false},"author":30,"featured_media":145523,"comment_status":"open","ping_status":"closed","sticky":false,"template":"","format":"standard","meta":{"footnotes":""},"categories":[1],"tags":[],"class_list":["post-230284","post","type-post","status-publish","format-standard","has-post-thumbnail","hentry","category-flamengo"],"yoast_head":"<!-- This site is optimized with the Yoast SEO Premium plugin v24.2 (Yoast SEO v26.9) - https:\/\/yoast.com\/product\/yoast-seo-premium-wordpress\/ -->\n<title>Flamengo: veja o resultado do julgamento de Gerson<\/title>\n<meta name=\"robots\" content=\"index, follow, max-snippet:-1, max-image-preview:large, max-video-preview:-1\" \/>\n<link rel=\"canonical\" href=\"https:\/\/www.gaveanews.com\/index.php\/2025\/02\/19\/flamengo-veja-o-resultado-do-julgamento-de-gerson\/\" \/>\n<meta property=\"og:locale\" content=\"pt_BR\" \/>\n<meta property=\"og:type\" content=\"article\" \/>\n<meta property=\"og:title\" content=\"Flamengo: veja o resultado do julgamento de Gerson\" \/>\n<meta property=\"og:description\" content=\"O capit\u00e3o Gerson, do Flamengo, foi o \u00fanico atleta absolvido pelo Tribunal de Justi\u00e7a Desportiva do Rio de Janeiro (TJD-RJ) em julgamento nesta quarta-feira, 19, pelas den\u00fancias \u00e0 confus\u00e3o generalizada na vit\u00f3ria sobre o Botafogo, pela s\u00e9tima rodada do Carioca. Cleiton, Alexander Barboza e Alex Telles receberam suspens\u00f5es. Gerson havia sido denunciado no artigo 250, [&hellip;]\" \/>\n<meta property=\"og:url\" content=\"https:\/\/www.gaveanews.com\/index.php\/2025\/02\/19\/flamengo-veja-o-resultado-do-julgamento-de-gerson\/\" \/>\n<meta property=\"og:site_name\" content=\"G\u00e1vea News\" \/>\n<meta property=\"article:publisher\" content=\"https:\/\/facebook.com\/gaveaNews\/\" \/>\n<meta property=\"article:published_time\" content=\"2025-02-19T20:11:30+00:00\" \/>\n<meta property=\"article:modified_time\" content=\"2025-02-19T20:57:54+00:00\" \/>\n<meta property=\"og:image\" content=\"http:\/\/www.gaveanews.com\/wp-content\/uploads\/gerson-flamengo.webp\" \/>\n\t<meta property=\"og:image:width\" content=\"900\" \/>\n\t<meta property=\"og:image:height\" content=\"600\" \/>\n\t<meta property=\"og:image:type\" content=\"image\/jpeg\" \/>\n<meta name=\"author\" content=\"Ana Teixeira\" \/>\n<meta name=\"twitter:card\" content=\"summary_large_image\" \/>\n<meta name=\"twitter:label1\" content=\"Escrito por\" \/>\n\t<meta name=\"twitter:data1\" content=\"Ana Teixeira\" \/>\n\t<meta name=\"twitter:label2\" content=\"Est. tempo de leitura\" \/>\n\t<meta name=\"twitter:data2\" content=\"3 minutos\" \/>\n<script type=\"application\/ld+json\" class=\"yoast-schema-graph\">{\"@context\":\"https:\/\/schema.org\",\"@graph\":[{\"@type\":\"NewsArticle\",\"@id\":\"https:\/\/www.gaveanews.com\/index.php\/2025\/02\/19\/flamengo-veja-o-resultado-do-julgamento-de-gerson\/#article\",\"isPartOf\":{\"@id\":\"https:\/\/www.gaveanews.com\/index.php\/2025\/02\/19\/flamengo-veja-o-resultado-do-julgamento-de-gerson\/\"},\"author\":{\"name\":\"Ana Teixeira\",\"@id\":\"https:\/\/www.gaveanews.com\/#\/schema\/person\/3b19f7288b0ce20372991275e4f2e6c2\"},\"headline\":\"Flamengo: veja o resultado do julgamento de Gerson\",\"datePublished\":\"2025-02-19T20:11:30+00:00\",\"dateModified\":\"2025-02-19T20:57:54+00:00\",\"mainEntityOfPage\":{\"@id\":\"https:\/\/www.gaveanews.com\/index.php\/2025\/02\/19\/flamengo-veja-o-resultado-do-julgamento-de-gerson\/\"},\"wordCount\":557,\"commentCount\":0,\"image\":{\"@id\":\"https:\/\/www.gaveanews.com\/index.php\/2025\/02\/19\/flamengo-veja-o-resultado-do-julgamento-de-gerson\/#primaryimage\"},\"thumbnailUrl\":\"https:\/\/www.gaveanews.com\/wp-content\/uploads\/gerson-flamengo.webp\",\"articleSection\":[\"Flamengo\"],\"inLanguage\":\"pt-BR\",\"potentialAction\":[{\"@type\":\"CommentAction\",\"name\":\"Comment\",\"target\":[\"https:\/\/www.gaveanews.com\/index.php\/2025\/02\/19\/flamengo-veja-o-resultado-do-julgamento-de-gerson\/#respond\"]}],\"copyrightYear\":\"2025\",\"copyrightHolder\":{\"@id\":\"https:\/\/www.gaveanews.com\/#organization\"}},{\"@type\":\"WebPage\",\"@id\":\"https:\/\/www.gaveanews.com\/index.php\/2025\/02\/19\/flamengo-veja-o-resultado-do-julgamento-de-gerson\/\",\"url\":\"https:\/\/www.gaveanews.com\/index.php\/2025\/02\/19\/flamengo-veja-o-resultado-do-julgamento-de-gerson\/\",\"name\":\"Flamengo: veja o resultado do julgamento de Gerson\",\"isPartOf\":{\"@id\":\"https:\/\/www.gaveanews.com\/#website\"},\"primaryImageOfPage\":{\"@id\":\"https:\/\/www.gaveanews.com\/index.php\/2025\/02\/19\/flamengo-veja-o-resultado-do-julgamento-de-gerson\/#primaryimage\"},\"image\":{\"@id\":\"https:\/\/www.gaveanews.com\/index.php\/2025\/02\/19\/flamengo-veja-o-resultado-do-julgamento-de-gerson\/#primaryimage\"},\"thumbnailUrl\":\"https:\/\/www.gaveanews.com\/wp-content\/uploads\/gerson-flamengo.webp\",\"datePublished\":\"2025-02-19T20:11:30+00:00\",\"dateModified\":\"2025-02-19T20:57:54+00:00\",\"author\":{\"@id\":\"https:\/\/www.gaveanews.com\/#\/schema\/person\/3b19f7288b0ce20372991275e4f2e6c2\"},\"breadcrumb\":{\"@id\":\"https:\/\/www.gaveanews.com\/index.php\/2025\/02\/19\/flamengo-veja-o-resultado-do-julgamento-de-gerson\/#breadcrumb\"},\"inLanguage\":\"pt-BR\",\"potentialAction\":[{\"@type\":\"ReadAction\",\"target\":[\"https:\/\/www.gaveanews.com\/index.php\/2025\/02\/19\/flamengo-veja-o-resultado-do-julgamento-de-gerson\/\"]}]},{\"@type\":\"ImageObject\",\"inLanguage\":\"pt-BR\",\"@id\":\"https:\/\/www.gaveanews.com\/index.php\/2025\/02\/19\/flamengo-veja-o-resultado-do-julgamento-de-gerson\/#primaryimage\",\"url\":\"https:\/\/www.gaveanews.com\/wp-content\/uploads\/gerson-flamengo.webp\",\"contentUrl\":\"https:\/\/www.gaveanews.com\/wp-content\/uploads\/gerson-flamengo.webp\",\"width\":900,\"height\":600,\"caption\":\"Gerson em a\u00e7\u00e3o pelo Flamengo (Foto: Marcelo Cortes\/Flamengo)\"},{\"@type\":\"BreadcrumbList\",\"@id\":\"https:\/\/www.gaveanews.com\/index.php\/2025\/02\/19\/flamengo-veja-o-resultado-do-julgamento-de-gerson\/#breadcrumb\",\"itemListElement\":[{\"@type\":\"ListItem\",\"position\":1,\"name\":\"Home\",\"item\":\"https:\/\/www.gaveanews.com\/\"},{\"@type\":\"ListItem\",\"position\":2,\"name\":\"Flamengo: veja o resultado do julgamento de Gerson\"}]},{\"@type\":\"WebSite\",\"@id\":\"https:\/\/www.gaveanews.com\/#website\",\"url\":\"https:\/\/www.gaveanews.com\/\",\"name\":\"G\u00e1vea News\",\"description\":\"Veja todas as not\u00edcias sobre o Flamengo: Contrata\u00e7\u00f5es, categorias de base, resultados das partidas, tabela de classifica\u00e7\u00e3o, pr\u00f3ximos jogos!\",\"potentialAction\":[{\"@type\":\"SearchAction\",\"target\":{\"@type\":\"EntryPoint\",\"urlTemplate\":\"https:\/\/www.gaveanews.com\/?s={search_term_string}\"},\"query-input\":{\"@type\":\"PropertyValueSpecification\",\"valueRequired\":true,\"valueName\":\"search_term_string\"}}],\"inLanguage\":\"pt-BR\"},{\"@type\":\"Person\",\"@id\":\"https:\/\/www.gaveanews.com\/#\/schema\/person\/3b19f7288b0ce20372991275e4f2e6c2\",\"name\":\"Ana Teixeira\",\"image\":{\"@type\":\"ImageObject\",\"inLanguage\":\"pt-BR\",\"@id\":\"https:\/\/www.gaveanews.com\/#\/schema\/person\/image\/\",\"url\":\"https:\/\/secure.gravatar.com\/avatar\/0a73f5a5258f3fed37fc2fa641892f3f7a4748456d4d4792f9bc550e6c19e06c?s=96&d=mm&r=g\",\"contentUrl\":\"https:\/\/secure.gravatar.com\/avatar\/0a73f5a5258f3fed37fc2fa641892f3f7a4748456d4d4792f9bc550e6c19e06c?s=96&d=mm&r=g\",\"caption\":\"Ana Teixeira\"}}]}<\/script>\n<!-- \/ Yoast SEO Premium plugin. -->","yoast_head_json":{"title":"Flamengo: veja o resultado do julgamento de Gerson","robots":{"index":"index","follow":"follow","max-snippet":"max-snippet:-1","max-image-preview":"max-image-preview:large","max-video-preview":"max-video-preview:-1"},"canonical":"https:\/\/www.gaveanews.com\/index.php\/2025\/02\/19\/flamengo-veja-o-resultado-do-julgamento-de-gerson\/","og_locale":"pt_BR","og_type":"article","og_title":"Flamengo: veja o resultado do julgamento de Gerson","og_description":"O capit\u00e3o Gerson, do Flamengo, foi o \u00fanico atleta absolvido pelo Tribunal de Justi\u00e7a Desportiva do Rio de Janeiro (TJD-RJ) em julgamento nesta quarta-feira, 19, pelas den\u00fancias \u00e0 confus\u00e3o generalizada na vit\u00f3ria sobre o Botafogo, pela s\u00e9tima rodada do Carioca. Cleiton, Alexander Barboza e Alex Telles receberam suspens\u00f5es. Gerson havia sido denunciado no artigo 250, [&hellip;]","og_url":"https:\/\/www.gaveanews.com\/index.php\/2025\/02\/19\/flamengo-veja-o-resultado-do-julgamento-de-gerson\/","og_site_name":"G\u00e1vea News","article_publisher":"https:\/\/facebook.com\/gaveaNews\/","article_published_time":"2025-02-19T20:11:30+00:00","article_modified_time":"2025-02-19T20:57:54+00:00","og_image":[{"width":900,"height":600,"url":"http:\/\/www.gaveanews.com\/wp-content\/uploads\/gerson-flamengo.webp","type":"image\/jpeg"}],"author":"Ana Teixeira","twitter_card":"summary_large_image","twitter_misc":{"Escrito por":"Ana Teixeira","Est. tempo de leitura":"3 minutos"},"schema":{"@context":"https:\/\/schema.org","@graph":[{"@type":"NewsArticle","@id":"https:\/\/www.gaveanews.com\/index.php\/2025\/02\/19\/flamengo-veja-o-resultado-do-julgamento-de-gerson\/#article","isPartOf":{"@id":"https:\/\/www.gaveanews.com\/index.php\/2025\/02\/19\/flamengo-veja-o-resultado-do-julgamento-de-gerson\/"},"author":{"name":"Ana Teixeira","@id":"https:\/\/www.gaveanews.com\/#\/schema\/person\/3b19f7288b0ce20372991275e4f2e6c2"},"headline":"Flamengo: veja o resultado do julgamento de Gerson","datePublished":"2025-02-19T20:11:30+00:00","dateModified":"2025-02-19T20:57:54+00:00","mainEntityOfPage":{"@id":"https:\/\/www.gaveanews.com\/index.php\/2025\/02\/19\/flamengo-veja-o-resultado-do-julgamento-de-gerson\/"},"wordCount":557,"commentCount":0,"image":{"@id":"https:\/\/www.gaveanews.com\/index.php\/2025\/02\/19\/flamengo-veja-o-resultado-do-julgamento-de-gerson\/#primaryimage"},"thumbnailUrl":"https:\/\/www.gaveanews.com\/wp-content\/uploads\/gerson-flamengo.webp","articleSection":["Flamengo"],"inLanguage":"pt-BR","potentialAction":[{"@type":"CommentAction","name":"Comment","target":["https:\/\/www.gaveanews.com\/index.php\/2025\/02\/19\/flamengo-veja-o-resultado-do-julgamento-de-gerson\/#respond"]}],"copyrightYear":"2025","copyrightHolder":{"@id":"https:\/\/www.gaveanews.com\/#organization"}},{"@type":"WebPage","@id":"https:\/\/www.gaveanews.com\/index.php\/2025\/02\/19\/flamengo-veja-o-resultado-do-julgamento-de-gerson\/","url":"https:\/\/www.gaveanews.com\/index.php\/2025\/02\/19\/flamengo-veja-o-resultado-do-julgamento-de-gerson\/","name":"Flamengo: veja o resultado do julgamento de Gerson","isPartOf":{"@id":"https:\/\/www.gaveanews.com\/#website"},"primaryImageOfPage":{"@id":"https:\/\/www.gaveanews.com\/index.php\/2025\/02\/19\/flamengo-veja-o-resultado-do-julgamento-de-gerson\/#primaryimage"},"image":{"@id":"https:\/\/www.gaveanews.com\/index.php\/2025\/02\/19\/flamengo-veja-o-resultado-do-julgamento-de-gerson\/#primaryimage"},"thumbnailUrl":"https:\/\/www.gaveanews.com\/wp-content\/uploads\/gerson-flamengo.webp","datePublished":"2025-02-19T20:11:30+00:00","dateModified":"2025-02-19T20:57:54+00:00","author":{"@id":"https:\/\/www.gaveanews.com\/#\/schema\/person\/3b19f7288b0ce20372991275e4f2e6c2"},"breadcrumb":{"@id":"https:\/\/www.gaveanews.com\/index.php\/2025\/02\/19\/flamengo-veja-o-resultado-do-julgamento-de-gerson\/#breadcrumb"},"inLanguage":"pt-BR","potentialAction":[{"@type":"ReadAction","target":["https:\/\/www.gaveanews.com\/index.php\/2025\/02\/19\/flamengo-veja-o-resultado-do-julgamento-de-gerson\/"]}]},{"@type":"ImageObject","inLanguage":"pt-BR","@id":"https:\/\/www.gaveanews.com\/index.php\/2025\/02\/19\/flamengo-veja-o-resultado-do-julgamento-de-gerson\/#primaryimage","url":"https:\/\/www.gaveanews.com\/wp-content\/uploads\/gerson-flamengo.webp","contentUrl":"https:\/\/www.gaveanews.com\/wp-content\/uploads\/gerson-flamengo.webp","width":900,"height":600,"caption":"Gerson em a\u00e7\u00e3o pelo Flamengo (Foto: Marcelo Cortes\/Flamengo)"},{"@type":"BreadcrumbList","@id":"https:\/\/www.gaveanews.com\/index.php\/2025\/02\/19\/flamengo-veja-o-resultado-do-julgamento-de-gerson\/#breadcrumb","itemListElement":[{"@type":"ListItem","position":1,"name":"Home","item":"https:\/\/www.gaveanews.com\/"},{"@type":"ListItem","position":2,"name":"Flamengo: veja o resultado do julgamento de Gerson"}]},{"@type":"WebSite","@id":"https:\/\/www.gaveanews.com\/#website","url":"https:\/\/www.gaveanews.com\/","name":"G\u00e1vea News","description":"Veja todas as not\u00edcias sobre o Flamengo: Contrata\u00e7\u00f5es, categorias de base, resultados das partidas, tabela de classifica\u00e7\u00e3o, pr\u00f3ximos jogos!","potentialAction":[{"@type":"SearchAction","target":{"@type":"EntryPoint","urlTemplate":"https:\/\/www.gaveanews.com\/?s={search_term_string}"},"query-input":{"@type":"PropertyValueSpecification","valueRequired":true,"valueName":"search_term_string"}}],"inLanguage":"pt-BR"},{"@type":"Person","@id":"https:\/\/www.gaveanews.com\/#\/schema\/person\/3b19f7288b0ce20372991275e4f2e6c2","name":"Ana Teixeira","image":{"@type":"ImageObject","inLanguage":"pt-BR","@id":"https:\/\/www.gaveanews.com\/#\/schema\/person\/image\/","url":"https:\/\/secure.gravatar.com\/avatar\/0a73f5a5258f3fed37fc2fa641892f3f7a4748456d4d4792f9bc550e6c19e06c?s=96&d=mm&r=g","contentUrl":"https:\/\/secure.gravatar.com\/avatar\/0a73f5a5258f3fed37fc2fa641892f3f7a4748456d4d4792f9bc550e6c19e06c?s=96&d=mm&r=g","caption":"Ana Teixeira"}}]}},"_links":{"self":[{"href":"https:\/\/www.gaveanews.com\/index.php\/wp-json\/wp\/v2\/posts\/230284","targetHints":{"allow":["GET"]}}],"collection":[{"href":"https:\/\/www.gaveanews.com\/index.php\/wp-json\/wp\/v2\/posts"}],"about":[{"href":"https:\/\/www.gaveanews.com\/index.php\/wp-json\/wp\/v2\/types\/post"}],"author":[{"embeddable":true,"href":"https:\/\/www.gaveanews.com\/index.php\/wp-json\/wp\/v2\/users\/30"}],"replies":[{"embeddable":true,"href":"https:\/\/www.gaveanews.com\/index.php\/wp-json\/wp\/v2\/comments?post=230284"}],"version-history":[{"count":8,"href":"https:\/\/www.gaveanews.com\/index.php\/wp-json\/wp\/v2\/posts\/230284\/revisions"}],"predecessor-version":[{"id":230321,"href":"https:\/\/www.gaveanews.com\/index.php\/wp-json\/wp\/v2\/posts\/230284\/revisions\/230321"}],"wp:featuredmedia":[{"embeddable":true,"href":"https:\/\/www.gaveanews.com\/index.php\/wp-json\/wp\/v2\/media\/145523"}],"wp:attachment":[{"href":"https:\/\/www.gaveanews.com\/index.php\/wp-json\/wp\/v2\/media?parent=230284"}],"wp:term":[{"taxonomy":"category","embeddable":true,"href":"https:\/\/www.gaveanews.com\/index.php\/wp-json\/wp\/v2\/categories?post=230284"},{"taxonomy":"post_tag","embeddable":true,"href":"https:\/\/www.gaveanews.com\/index.php\/wp-json\/wp\/v2\/tags?post=230284"}],"curies":[{"name":"wp","href":"https:\/\/api.w.org\/{rel}","templated":true}]}}