{"id":230332,"date":"2025-02-19T18:29:06","date_gmt":"2025-02-19T21:29:06","guid":{"rendered":"https:\/\/www.gaveanews.com\/?p=230332"},"modified":"2025-02-19T18:29:11","modified_gmt":"2025-02-19T21:29:11","slug":"flamengo-emite-nota-oficial-direcionada-a-gerson","status":"publish","type":"post","link":"https:\/\/www.gaveanews.com\/index.php\/2025\/02\/19\/flamengo-emite-nota-oficial-direcionada-a-gerson\/","title":{"rendered":"Flamengo emite nota oficial direcionada a Gerson"},"content":{"rendered":"\n<p>O Tribunal de Justi\u00e7a Desportiva do Rio de Janeiro (TJD-RJ) concluiu, na ter\u00e7a-feira (19 de fevereiro), o julgamento dos jogadores Gerson e Cleiton, do Flamengo, por conta dos incidentes ocorridos no cl\u00e1ssico contra o Botafogo, v\u00e1lido pelo Campeonato Carioca. A decis\u00e3o determinou a absolvi\u00e7\u00e3o de Gerson e a aplica\u00e7\u00e3o de uma suspens\u00e3o de quatro jogos para Cleiton.<\/p>\n\n\n\n<p>O zagueiro do Flamengo foi enquadrado no artigo 254-A do c\u00f3digo disciplinar, que trata de agress\u00e3o f\u00edsica durante a partida. Durante a confus\u00e3o no gramado, Cleiton desferiu um soco no rosto do zagueiro Alexander Barboza, do Botafogo, resultando na perda de um dente do advers\u00e1rio. Apesar da gravidade do ato, o defensor rubro-negro recebeu a pena m\u00ednima prevista para a infra\u00e7\u00e3o.<\/p>\n\n\n\n<p>Barboza tamb\u00e9m foi julgado pelo mesmo artigo, mas sua puni\u00e7\u00e3o foi menor, com apenas dois jogos de suspens\u00e3o. O tribunal considerou que, diferentemente de Cleiton, o jogador alvinegro n\u00e3o chegou a acertar o atacante Bruno Henrique, fato que justificou a diferen\u00e7a nas senten\u00e7as.<\/p>\n\n\n\n<p>Outro atleta envolvido no epis\u00f3dio, Alex Telles, tamb\u00e9m recebeu puni\u00e7\u00e3o. O lateral do Botafogo foi suspenso por duas partidas devido \u00e0 sua participa\u00e7\u00e3o em uma nova confus\u00e3o no t\u00fanel de acesso aos vesti\u00e1rios do Maracan\u00e3. O relat\u00f3rio do delegado da partida indicou que Telles incitou seus companheiros a permanecerem no local e confrontarem os jogadores do Flamengo.<\/p>\n\n\n\n<p>Por outro lado, o capit\u00e3o rubro-negro, Gerson, que havia sido denunciado por &#8220;atos desleais ou hostis&#8221;, acabou sendo absolvido. O \u00e1rbitro da partida mencionou em s\u00famula que o jogador empurrou Barboza de forma provocativa, contribuindo para o in\u00edcio da confus\u00e3o. No entanto, a defesa do Flamengo conseguiu demonstrar que a conduta do meio-campista n\u00e3o foi suficientemente grave para justificar uma puni\u00e7\u00e3o.<\/p>\n\n\n\n<p>Ap\u00f3s o julgamento, o Flamengo emitiu uma nota oficial confirmando que n\u00e3o recorrer\u00e1 da decis\u00e3o do tribunal. Dessa forma, Cleiton cumprir\u00e1 a suspens\u00e3o imposta, mas como j\u00e1 ficou fora de uma partida, estar\u00e1 \u00e0 disposi\u00e7\u00e3o do t\u00e9cnico Filipe Lu\u00eds em uma eventual final do Campeonato Carioca.<\/p>\n\n\n\n<h2 class=\"wp-block-heading\" id=\"h-nota-oficial-do-flamengo\">Nota oficial do Flamengo<\/h2>\n\n\n\n<p>O Clube de Regatas do Flamengo informa que o Tribunal de Justi\u00e7a Desportiva do Rio de Janeiro (TJD-RJ) concluiu, nesta ter\u00e7a-feira (19), o julgamento dos atletas Gerson e Cleiton, em a\u00e7\u00e3o referente \u00e0 partida contra o Botafogo, v\u00e1lida pelo Campeonato Carioca.<\/p>\n\n\n\n<p>Defendidos pelo advogado Michel Asseff Filho, Gerson foi absolvido das acusa\u00e7\u00f5es, enquanto Cleiton recebeu a pena m\u00ednima prevista para o seu caso, de quatro partidas de suspens\u00e3o.<\/p>\n\n\n\n<p>O Flamengo n\u00e3o recorrer\u00e1 da decis\u00e3o.<\/p>\n","protected":false},"excerpt":{"rendered":"<p>O Tribunal de Justi\u00e7a Desportiva do Rio de Janeiro (TJD-RJ) concluiu, na ter\u00e7a-feira (19 de fevereiro), o julgamento dos jogadores Gerson e Cleiton, do Flamengo, por conta dos incidentes ocorridos no cl\u00e1ssico contra o Botafogo, v\u00e1lido pelo Campeonato Carioca. A decis\u00e3o determinou a absolvi\u00e7\u00e3o de Gerson e a aplica\u00e7\u00e3o de uma suspens\u00e3o de quatro jogos [&hellip;]<\/p>\n","protected":false},"author":1,"featured_media":143374,"comment_status":"open","ping_status":"closed","sticky":false,"template":"","format":"standard","meta":{"footnotes":""},"categories":[1],"tags":[],"class_list":["post-230332","post","type-post","status-publish","format-standard","has-post-thumbnail","hentry","category-flamengo"],"yoast_head":"<!-- This site is optimized with the Yoast SEO Premium plugin v24.2 (Yoast SEO v26.9) - https:\/\/yoast.com\/product\/yoast-seo-premium-wordpress\/ -->\n<title>Flamengo emite nota oficial direcionada a Gerson<\/title>\n<meta name=\"robots\" content=\"index, follow, max-snippet:-1, max-image-preview:large, max-video-preview:-1\" \/>\n<link rel=\"canonical\" href=\"https:\/\/www.gaveanews.com\/index.php\/2025\/02\/19\/flamengo-emite-nota-oficial-direcionada-a-gerson\/\" \/>\n<meta property=\"og:locale\" content=\"pt_BR\" \/>\n<meta property=\"og:type\" content=\"article\" \/>\n<meta property=\"og:title\" content=\"Flamengo emite nota oficial direcionada a Gerson\" \/>\n<meta property=\"og:description\" content=\"O Tribunal de Justi\u00e7a Desportiva do Rio de Janeiro (TJD-RJ) concluiu, na ter\u00e7a-feira (19 de fevereiro), o julgamento dos jogadores Gerson e Cleiton, do Flamengo, por conta dos incidentes ocorridos no cl\u00e1ssico contra o Botafogo, v\u00e1lido pelo Campeonato Carioca. A decis\u00e3o determinou a absolvi\u00e7\u00e3o de Gerson e a aplica\u00e7\u00e3o de uma suspens\u00e3o de quatro jogos [&hellip;]\" \/>\n<meta property=\"og:url\" content=\"https:\/\/www.gaveanews.com\/index.php\/2025\/02\/19\/flamengo-emite-nota-oficial-direcionada-a-gerson\/\" \/>\n<meta property=\"og:site_name\" content=\"G\u00e1vea News\" \/>\n<meta property=\"article:publisher\" content=\"https:\/\/facebook.com\/gaveaNews\/\" \/>\n<meta property=\"article:published_time\" content=\"2025-02-19T21:29:06+00:00\" \/>\n<meta property=\"article:modified_time\" content=\"2025-02-19T21:29:11+00:00\" \/>\n<meta property=\"og:image\" content=\"http:\/\/www.gaveanews.com\/wp-content\/uploads\/Gerson-Flamengo-x-Bolivar-2-1024x682-1.webp\" \/>\n\t<meta property=\"og:image:width\" content=\"1024\" \/>\n\t<meta property=\"og:image:height\" content=\"682\" \/>\n\t<meta property=\"og:image:type\" content=\"image\/webp\" \/>\n<meta name=\"author\" content=\"Equipe G\u00e1vea News\" \/>\n<meta name=\"twitter:card\" content=\"summary_large_image\" \/>\n<meta name=\"twitter:label1\" content=\"Escrito por\" \/>\n\t<meta name=\"twitter:data1\" content=\"Equipe G\u00e1vea News\" \/>\n\t<meta name=\"twitter:label2\" content=\"Est. tempo de leitura\" \/>\n\t<meta name=\"twitter:data2\" content=\"3 minutos\" \/>\n<script type=\"application\/ld+json\" class=\"yoast-schema-graph\">{\"@context\":\"https:\/\/schema.org\",\"@graph\":[{\"@type\":\"NewsArticle\",\"@id\":\"https:\/\/www.gaveanews.com\/index.php\/2025\/02\/19\/flamengo-emite-nota-oficial-direcionada-a-gerson\/#article\",\"isPartOf\":{\"@id\":\"https:\/\/www.gaveanews.com\/index.php\/2025\/02\/19\/flamengo-emite-nota-oficial-direcionada-a-gerson\/\"},\"author\":{\"name\":\"Equipe G\u00e1vea News\",\"@id\":\"https:\/\/www.gaveanews.com\/#\/schema\/person\/2ec14f73fb96be2caf28f91afb14749d\"},\"headline\":\"Flamengo emite nota oficial direcionada a Gerson\",\"datePublished\":\"2025-02-19T21:29:06+00:00\",\"dateModified\":\"2025-02-19T21:29:11+00:00\",\"mainEntityOfPage\":{\"@id\":\"https:\/\/www.gaveanews.com\/index.php\/2025\/02\/19\/flamengo-emite-nota-oficial-direcionada-a-gerson\/\"},\"wordCount\":456,\"commentCount\":0,\"image\":{\"@id\":\"https:\/\/www.gaveanews.com\/index.php\/2025\/02\/19\/flamengo-emite-nota-oficial-direcionada-a-gerson\/#primaryimage\"},\"thumbnailUrl\":\"https:\/\/www.gaveanews.com\/wp-content\/uploads\/Gerson-Flamengo-x-Bolivar-2-1024x682-1.webp\",\"articleSection\":[\"Flamengo\"],\"inLanguage\":\"pt-BR\",\"potentialAction\":[{\"@type\":\"CommentAction\",\"name\":\"Comment\",\"target\":[\"https:\/\/www.gaveanews.com\/index.php\/2025\/02\/19\/flamengo-emite-nota-oficial-direcionada-a-gerson\/#respond\"]}],\"copyrightYear\":\"2025\",\"copyrightHolder\":{\"@id\":\"https:\/\/www.gaveanews.com\/#organization\"}},{\"@type\":\"WebPage\",\"@id\":\"https:\/\/www.gaveanews.com\/index.php\/2025\/02\/19\/flamengo-emite-nota-oficial-direcionada-a-gerson\/\",\"url\":\"https:\/\/www.gaveanews.com\/index.php\/2025\/02\/19\/flamengo-emite-nota-oficial-direcionada-a-gerson\/\",\"name\":\"Flamengo emite nota oficial direcionada a Gerson\",\"isPartOf\":{\"@id\":\"https:\/\/www.gaveanews.com\/#website\"},\"primaryImageOfPage\":{\"@id\":\"https:\/\/www.gaveanews.com\/index.php\/2025\/02\/19\/flamengo-emite-nota-oficial-direcionada-a-gerson\/#primaryimage\"},\"image\":{\"@id\":\"https:\/\/www.gaveanews.com\/index.php\/2025\/02\/19\/flamengo-emite-nota-oficial-direcionada-a-gerson\/#primaryimage\"},\"thumbnailUrl\":\"https:\/\/www.gaveanews.com\/wp-content\/uploads\/Gerson-Flamengo-x-Bolivar-2-1024x682-1.webp\",\"datePublished\":\"2025-02-19T21:29:06+00:00\",\"dateModified\":\"2025-02-19T21:29:11+00:00\",\"author\":{\"@id\":\"https:\/\/www.gaveanews.com\/#\/schema\/person\/2ec14f73fb96be2caf28f91afb14749d\"},\"breadcrumb\":{\"@id\":\"https:\/\/www.gaveanews.com\/index.php\/2025\/02\/19\/flamengo-emite-nota-oficial-direcionada-a-gerson\/#breadcrumb\"},\"inLanguage\":\"pt-BR\",\"potentialAction\":[{\"@type\":\"ReadAction\",\"target\":[\"https:\/\/www.gaveanews.com\/index.php\/2025\/02\/19\/flamengo-emite-nota-oficial-direcionada-a-gerson\/\"]}]},{\"@type\":\"ImageObject\",\"inLanguage\":\"pt-BR\",\"@id\":\"https:\/\/www.gaveanews.com\/index.php\/2025\/02\/19\/flamengo-emite-nota-oficial-direcionada-a-gerson\/#primaryimage\",\"url\":\"https:\/\/www.gaveanews.com\/wp-content\/uploads\/Gerson-Flamengo-x-Bolivar-2-1024x682-1.webp\",\"contentUrl\":\"https:\/\/www.gaveanews.com\/wp-content\/uploads\/Gerson-Flamengo-x-Bolivar-2-1024x682-1.webp\",\"width\":1024,\"height\":682,\"caption\":\"Foto: PABLO PORCIUNCULA\/AFP via Getty Images\"},{\"@type\":\"BreadcrumbList\",\"@id\":\"https:\/\/www.gaveanews.com\/index.php\/2025\/02\/19\/flamengo-emite-nota-oficial-direcionada-a-gerson\/#breadcrumb\",\"itemListElement\":[{\"@type\":\"ListItem\",\"position\":1,\"name\":\"Home\",\"item\":\"https:\/\/www.gaveanews.com\/\"},{\"@type\":\"ListItem\",\"position\":2,\"name\":\"Flamengo emite nota oficial direcionada a Gerson\"}]},{\"@type\":\"WebSite\",\"@id\":\"https:\/\/www.gaveanews.com\/#website\",\"url\":\"https:\/\/www.gaveanews.com\/\",\"name\":\"G\u00e1vea News\",\"description\":\"Veja todas as not\u00edcias sobre o Flamengo: Contrata\u00e7\u00f5es, categorias de base, resultados das partidas, tabela de classifica\u00e7\u00e3o, pr\u00f3ximos jogos!\",\"potentialAction\":[{\"@type\":\"SearchAction\",\"target\":{\"@type\":\"EntryPoint\",\"urlTemplate\":\"https:\/\/www.gaveanews.com\/?s={search_term_string}\"},\"query-input\":{\"@type\":\"PropertyValueSpecification\",\"valueRequired\":true,\"valueName\":\"search_term_string\"}}],\"inLanguage\":\"pt-BR\"},{\"@type\":\"Person\",\"@id\":\"https:\/\/www.gaveanews.com\/#\/schema\/person\/2ec14f73fb96be2caf28f91afb14749d\",\"name\":\"Equipe G\u00e1vea News\",\"image\":{\"@type\":\"ImageObject\",\"inLanguage\":\"pt-BR\",\"@id\":\"https:\/\/www.gaveanews.com\/#\/schema\/person\/image\/\",\"url\":\"https:\/\/secure.gravatar.com\/avatar\/1e1956f1facbffd3f8fa53a326721950116b3b9dc9bd44939c01180fd4a745a9?s=96&d=mm&r=g\",\"contentUrl\":\"https:\/\/secure.gravatar.com\/avatar\/1e1956f1facbffd3f8fa53a326721950116b3b9dc9bd44939c01180fd4a745a9?s=96&d=mm&r=g\",\"caption\":\"Equipe G\u00e1vea News\"}}]}<\/script>\n<!-- \/ Yoast SEO Premium plugin. -->","yoast_head_json":{"title":"Flamengo emite nota oficial direcionada a Gerson","robots":{"index":"index","follow":"follow","max-snippet":"max-snippet:-1","max-image-preview":"max-image-preview:large","max-video-preview":"max-video-preview:-1"},"canonical":"https:\/\/www.gaveanews.com\/index.php\/2025\/02\/19\/flamengo-emite-nota-oficial-direcionada-a-gerson\/","og_locale":"pt_BR","og_type":"article","og_title":"Flamengo emite nota oficial direcionada a Gerson","og_description":"O Tribunal de Justi\u00e7a Desportiva do Rio de Janeiro (TJD-RJ) concluiu, na ter\u00e7a-feira (19 de fevereiro), o julgamento dos jogadores Gerson e Cleiton, do Flamengo, por conta dos incidentes ocorridos no cl\u00e1ssico contra o Botafogo, v\u00e1lido pelo Campeonato Carioca. A decis\u00e3o determinou a absolvi\u00e7\u00e3o de Gerson e a aplica\u00e7\u00e3o de uma suspens\u00e3o de quatro jogos [&hellip;]","og_url":"https:\/\/www.gaveanews.com\/index.php\/2025\/02\/19\/flamengo-emite-nota-oficial-direcionada-a-gerson\/","og_site_name":"G\u00e1vea News","article_publisher":"https:\/\/facebook.com\/gaveaNews\/","article_published_time":"2025-02-19T21:29:06+00:00","article_modified_time":"2025-02-19T21:29:11+00:00","og_image":[{"width":1024,"height":682,"url":"http:\/\/www.gaveanews.com\/wp-content\/uploads\/Gerson-Flamengo-x-Bolivar-2-1024x682-1.webp","type":"image\/webp"}],"author":"Equipe G\u00e1vea News","twitter_card":"summary_large_image","twitter_misc":{"Escrito por":"Equipe G\u00e1vea News","Est. tempo de leitura":"3 minutos"},"schema":{"@context":"https:\/\/schema.org","@graph":[{"@type":"NewsArticle","@id":"https:\/\/www.gaveanews.com\/index.php\/2025\/02\/19\/flamengo-emite-nota-oficial-direcionada-a-gerson\/#article","isPartOf":{"@id":"https:\/\/www.gaveanews.com\/index.php\/2025\/02\/19\/flamengo-emite-nota-oficial-direcionada-a-gerson\/"},"author":{"name":"Equipe G\u00e1vea News","@id":"https:\/\/www.gaveanews.com\/#\/schema\/person\/2ec14f73fb96be2caf28f91afb14749d"},"headline":"Flamengo emite nota oficial direcionada a Gerson","datePublished":"2025-02-19T21:29:06+00:00","dateModified":"2025-02-19T21:29:11+00:00","mainEntityOfPage":{"@id":"https:\/\/www.gaveanews.com\/index.php\/2025\/02\/19\/flamengo-emite-nota-oficial-direcionada-a-gerson\/"},"wordCount":456,"commentCount":0,"image":{"@id":"https:\/\/www.gaveanews.com\/index.php\/2025\/02\/19\/flamengo-emite-nota-oficial-direcionada-a-gerson\/#primaryimage"},"thumbnailUrl":"https:\/\/www.gaveanews.com\/wp-content\/uploads\/Gerson-Flamengo-x-Bolivar-2-1024x682-1.webp","articleSection":["Flamengo"],"inLanguage":"pt-BR","potentialAction":[{"@type":"CommentAction","name":"Comment","target":["https:\/\/www.gaveanews.com\/index.php\/2025\/02\/19\/flamengo-emite-nota-oficial-direcionada-a-gerson\/#respond"]}],"copyrightYear":"2025","copyrightHolder":{"@id":"https:\/\/www.gaveanews.com\/#organization"}},{"@type":"WebPage","@id":"https:\/\/www.gaveanews.com\/index.php\/2025\/02\/19\/flamengo-emite-nota-oficial-direcionada-a-gerson\/","url":"https:\/\/www.gaveanews.com\/index.php\/2025\/02\/19\/flamengo-emite-nota-oficial-direcionada-a-gerson\/","name":"Flamengo emite nota oficial direcionada a Gerson","isPartOf":{"@id":"https:\/\/www.gaveanews.com\/#website"},"primaryImageOfPage":{"@id":"https:\/\/www.gaveanews.com\/index.php\/2025\/02\/19\/flamengo-emite-nota-oficial-direcionada-a-gerson\/#primaryimage"},"image":{"@id":"https:\/\/www.gaveanews.com\/index.php\/2025\/02\/19\/flamengo-emite-nota-oficial-direcionada-a-gerson\/#primaryimage"},"thumbnailUrl":"https:\/\/www.gaveanews.com\/wp-content\/uploads\/Gerson-Flamengo-x-Bolivar-2-1024x682-1.webp","datePublished":"2025-02-19T21:29:06+00:00","dateModified":"2025-02-19T21:29:11+00:00","author":{"@id":"https:\/\/www.gaveanews.com\/#\/schema\/person\/2ec14f73fb96be2caf28f91afb14749d"},"breadcrumb":{"@id":"https:\/\/www.gaveanews.com\/index.php\/2025\/02\/19\/flamengo-emite-nota-oficial-direcionada-a-gerson\/#breadcrumb"},"inLanguage":"pt-BR","potentialAction":[{"@type":"ReadAction","target":["https:\/\/www.gaveanews.com\/index.php\/2025\/02\/19\/flamengo-emite-nota-oficial-direcionada-a-gerson\/"]}]},{"@type":"ImageObject","inLanguage":"pt-BR","@id":"https:\/\/www.gaveanews.com\/index.php\/2025\/02\/19\/flamengo-emite-nota-oficial-direcionada-a-gerson\/#primaryimage","url":"https:\/\/www.gaveanews.com\/wp-content\/uploads\/Gerson-Flamengo-x-Bolivar-2-1024x682-1.webp","contentUrl":"https:\/\/www.gaveanews.com\/wp-content\/uploads\/Gerson-Flamengo-x-Bolivar-2-1024x682-1.webp","width":1024,"height":682,"caption":"Foto: PABLO PORCIUNCULA\/AFP via Getty Images"},{"@type":"BreadcrumbList","@id":"https:\/\/www.gaveanews.com\/index.php\/2025\/02\/19\/flamengo-emite-nota-oficial-direcionada-a-gerson\/#breadcrumb","itemListElement":[{"@type":"ListItem","position":1,"name":"Home","item":"https:\/\/www.gaveanews.com\/"},{"@type":"ListItem","position":2,"name":"Flamengo emite nota oficial direcionada a Gerson"}]},{"@type":"WebSite","@id":"https:\/\/www.gaveanews.com\/#website","url":"https:\/\/www.gaveanews.com\/","name":"G\u00e1vea News","description":"Veja todas as not\u00edcias sobre o Flamengo: Contrata\u00e7\u00f5es, categorias de base, resultados das partidas, tabela de classifica\u00e7\u00e3o, pr\u00f3ximos jogos!","potentialAction":[{"@type":"SearchAction","target":{"@type":"EntryPoint","urlTemplate":"https:\/\/www.gaveanews.com\/?s={search_term_string}"},"query-input":{"@type":"PropertyValueSpecification","valueRequired":true,"valueName":"search_term_string"}}],"inLanguage":"pt-BR"},{"@type":"Person","@id":"https:\/\/www.gaveanews.com\/#\/schema\/person\/2ec14f73fb96be2caf28f91afb14749d","name":"Equipe G\u00e1vea News","image":{"@type":"ImageObject","inLanguage":"pt-BR","@id":"https:\/\/www.gaveanews.com\/#\/schema\/person\/image\/","url":"https:\/\/secure.gravatar.com\/avatar\/1e1956f1facbffd3f8fa53a326721950116b3b9dc9bd44939c01180fd4a745a9?s=96&d=mm&r=g","contentUrl":"https:\/\/secure.gravatar.com\/avatar\/1e1956f1facbffd3f8fa53a326721950116b3b9dc9bd44939c01180fd4a745a9?s=96&d=mm&r=g","caption":"Equipe G\u00e1vea News"}}]}},"_links":{"self":[{"href":"https:\/\/www.gaveanews.com\/index.php\/wp-json\/wp\/v2\/posts\/230332","targetHints":{"allow":["GET"]}}],"collection":[{"href":"https:\/\/www.gaveanews.com\/index.php\/wp-json\/wp\/v2\/posts"}],"about":[{"href":"https:\/\/www.gaveanews.com\/index.php\/wp-json\/wp\/v2\/types\/post"}],"author":[{"embeddable":true,"href":"https:\/\/www.gaveanews.com\/index.php\/wp-json\/wp\/v2\/users\/1"}],"replies":[{"embeddable":true,"href":"https:\/\/www.gaveanews.com\/index.php\/wp-json\/wp\/v2\/comments?post=230332"}],"version-history":[{"count":1,"href":"https:\/\/www.gaveanews.com\/index.php\/wp-json\/wp\/v2\/posts\/230332\/revisions"}],"predecessor-version":[{"id":230334,"href":"https:\/\/www.gaveanews.com\/index.php\/wp-json\/wp\/v2\/posts\/230332\/revisions\/230334"}],"wp:featuredmedia":[{"embeddable":true,"href":"https:\/\/www.gaveanews.com\/index.php\/wp-json\/wp\/v2\/media\/143374"}],"wp:attachment":[{"href":"https:\/\/www.gaveanews.com\/index.php\/wp-json\/wp\/v2\/media?parent=230332"}],"wp:term":[{"taxonomy":"category","embeddable":true,"href":"https:\/\/www.gaveanews.com\/index.php\/wp-json\/wp\/v2\/categories?post=230332"},{"taxonomy":"post_tag","embeddable":true,"href":"https:\/\/www.gaveanews.com\/index.php\/wp-json\/wp\/v2\/tags?post=230332"}],"curies":[{"name":"wp","href":"https:\/\/api.w.org\/{rel}","templated":true}]}}