{"id":230335,"date":"2025-02-19T18:50:47","date_gmt":"2025-02-19T21:50:47","guid":{"rendered":"https:\/\/www.gaveanews.com\/?p=230335"},"modified":"2025-02-19T20:18:03","modified_gmt":"2025-02-19T23:18:03","slug":"a-declaracao-de-pulgar-sobre-sua-situacao-no-flamengo","status":"publish","type":"post","link":"https:\/\/www.gaveanews.com\/index.php\/2025\/02\/19\/a-declaracao-de-pulgar-sobre-sua-situacao-no-flamengo\/","title":{"rendered":"A declara\u00e7\u00e3o de Pulgar sobre sua situa\u00e7\u00e3o no Flamengo"},"content":{"rendered":"\n<p>A passagem de Erick Pulgar pelo Flamengo deu uma reviravolta daquelas e deixou de ser um caso de des\u00e2nimo para se tornar acolhedora. O chileno est\u00e1 t\u00e3o confort\u00e1vel com a metodologia de trabalho do t\u00e9cnico Filipe Lu\u00eds e com a harmonia do grupo, que deu aval para seu staff reconsiderar a sa\u00edda e iniciar o processo de renova\u00e7\u00e3o com o Rubro-Negro.<\/p>\n\n\n\n<p>&#8220;Eu estou muito feliz aqui. Recentemente estive com minha fam\u00edlia tamb\u00e9m, e acho que isso \u00e9 um plus, a visita deles. E, bom, aqui no Flamengo, eu estou feliz com o estilo de jogo do Filipe, que \u00e9 bastante confort\u00e1vel e superadapt\u00e1vel. A for\u00e7a e a uni\u00e3o deste grupo fazem voc\u00ea se sentir confort\u00e1vel e feliz&#8221;, avaliou o chileno.<\/p>\n\n\n\n<p>O estilo de jogo de Filipe Lu\u00eds passa integralmente por Pulgar e valoriza suas principais caracter\u00edsticas. N\u00e3o \u00e0 toa, o chileno foi utilizado como titular em quatro dos cinco jogos disputados na temporada 2025. Ele s\u00f3 n\u00e3o esteve entre os 11 iniciais no cl\u00e1ssico contra o Botafogo pela rodada atrasada do Campeonato Carioca, em que o treinador optou por escalar um time misto para ocasi\u00e3o.<\/p>\n\n\n\n<p>Apesar de ser um dos pilares do time, Erick garante que n\u00e3o h\u00e1 problemas de ego no elenco e \u00e9 justamente isso que o torna ainda mais potente. &#8220;J\u00e1 estamos demonstrando, neste come\u00e7o de ano, a for\u00e7a deste grupo. Independentemente de quem esteja em campo, seja quem come\u00e7a jogando, quem entra no segundo tempo ou por qualquer outro motivo, todos jogam da mesma maneira&#8221;, e completou:<\/p>\n\n\n\n<p>&#8220;Acho que essa ser\u00e1 a for\u00e7a deste grupo ao longo de todo o ano, n\u00e3o apenas agora no in\u00edcio. O bom \u00e9 que, fisicamente, o grupo est\u00e1 bem e adaptado \u00e0s ideias do Filipe&#8221;, analisou Erick Pulgar.<\/p>\n\n\n\n<h2 class=\"wp-block-heading\" id=\"h-conversas-por-renovacao-com-o-flamengo\">Conversas por renova\u00e7\u00e3o com o Flamengo<\/h2>\n\n\n\n<p>O que parecia pouco prov\u00e1vel recentemente se tornou uma realidade, e as partes est\u00e3o alinhadas quanto ao desejo pela perman\u00eancia do jogador. Erick Pulgar reconsiderou o desejo de transferir-se \u00e0 Europa e concordou em reabrir as negocia\u00e7\u00f5es por uma renova\u00e7\u00e3o contratual com o Flamengo.<\/p>\n\n\n\n<p>Com a primeira etapa conclu\u00edda, a diretoria rubro-negra agora precisa costurar um acordo financeiro com o chileno. Isso porque Pulgar recebe um dos menores sal\u00e1rios entre os atletas do meio de campo e s\u00f3 \u00e9 mais valorizado que os jogadores oriundos da base, por exemplo. Ou seja, o Flamengo s\u00f3 garantir\u00e1 a perman\u00eancia de Erick em caso de uma consider\u00e1vel valoriza\u00e7\u00e3o salarial &#8211; visto que ele \u00e9 tido como imprescind\u00edvel para os planos de Filipe Lu\u00eds.<\/p>\n","protected":false},"excerpt":{"rendered":"<p>A passagem de Erick Pulgar pelo Flamengo deu uma reviravolta daquelas e deixou de ser um caso de des\u00e2nimo para se tornar acolhedora. O chileno est\u00e1 t\u00e3o confort\u00e1vel com a metodologia de trabalho do t\u00e9cnico Filipe Lu\u00eds e com a harmonia do grupo, que deu aval para seu staff reconsiderar a sa\u00edda e iniciar o [&hellip;]<\/p>\n","protected":false},"author":30,"featured_media":181661,"comment_status":"open","ping_status":"closed","sticky":false,"template":"","format":"standard","meta":{"footnotes":""},"categories":[1],"tags":[],"class_list":["post-230335","post","type-post","status-publish","format-standard","has-post-thumbnail","hentry","category-flamengo"],"yoast_head":"<!-- This site is optimized with the Yoast SEO Premium plugin v24.2 (Yoast SEO v26.9) - https:\/\/yoast.com\/product\/yoast-seo-premium-wordpress\/ -->\n<title>A declara\u00e7\u00e3o de Pulgar sobre sua situa\u00e7\u00e3o no Flamengo<\/title>\n<meta name=\"robots\" content=\"index, follow, max-snippet:-1, max-image-preview:large, max-video-preview:-1\" \/>\n<link rel=\"canonical\" href=\"https:\/\/www.gaveanews.com\/index.php\/2025\/02\/19\/a-declaracao-de-pulgar-sobre-sua-situacao-no-flamengo\/\" \/>\n<meta property=\"og:locale\" content=\"pt_BR\" \/>\n<meta property=\"og:type\" content=\"article\" \/>\n<meta property=\"og:title\" content=\"A declara\u00e7\u00e3o de Pulgar sobre sua situa\u00e7\u00e3o no Flamengo\" \/>\n<meta property=\"og:description\" content=\"A passagem de Erick Pulgar pelo Flamengo deu uma reviravolta daquelas e deixou de ser um caso de des\u00e2nimo para se tornar acolhedora. O chileno est\u00e1 t\u00e3o confort\u00e1vel com a metodologia de trabalho do t\u00e9cnico Filipe Lu\u00eds e com a harmonia do grupo, que deu aval para seu staff reconsiderar a sa\u00edda e iniciar o [&hellip;]\" \/>\n<meta property=\"og:url\" content=\"https:\/\/www.gaveanews.com\/index.php\/2025\/02\/19\/a-declaracao-de-pulgar-sobre-sua-situacao-no-flamengo\/\" \/>\n<meta property=\"og:site_name\" content=\"G\u00e1vea News\" \/>\n<meta property=\"article:publisher\" content=\"https:\/\/facebook.com\/gaveaNews\/\" \/>\n<meta property=\"article:published_time\" content=\"2025-02-19T21:50:47+00:00\" \/>\n<meta property=\"article:modified_time\" content=\"2025-02-19T23:18:03+00:00\" \/>\n<meta property=\"og:image\" content=\"http:\/\/www.gaveanews.com\/wp-content\/uploads\/erick-pulgar-wesley-flamengo-vasco-edited.webp\" \/>\n\t<meta property=\"og:image:width\" content=\"613\" \/>\n\t<meta property=\"og:image:height\" content=\"490\" \/>\n\t<meta property=\"og:image:type\" content=\"image\/jpeg\" \/>\n<meta name=\"author\" content=\"Ana Teixeira\" \/>\n<meta name=\"twitter:card\" content=\"summary_large_image\" \/>\n<meta name=\"twitter:label1\" content=\"Escrito por\" \/>\n\t<meta name=\"twitter:data1\" content=\"Ana Teixeira\" \/>\n\t<meta name=\"twitter:label2\" content=\"Est. tempo de leitura\" \/>\n\t<meta name=\"twitter:data2\" content=\"3 minutos\" \/>\n<script type=\"application\/ld+json\" class=\"yoast-schema-graph\">{\"@context\":\"https:\/\/schema.org\",\"@graph\":[{\"@type\":\"NewsArticle\",\"@id\":\"https:\/\/www.gaveanews.com\/index.php\/2025\/02\/19\/a-declaracao-de-pulgar-sobre-sua-situacao-no-flamengo\/#article\",\"isPartOf\":{\"@id\":\"https:\/\/www.gaveanews.com\/index.php\/2025\/02\/19\/a-declaracao-de-pulgar-sobre-sua-situacao-no-flamengo\/\"},\"author\":{\"name\":\"Ana Teixeira\",\"@id\":\"https:\/\/www.gaveanews.com\/#\/schema\/person\/3b19f7288b0ce20372991275e4f2e6c2\"},\"headline\":\"A declara\u00e7\u00e3o de Pulgar sobre sua situa\u00e7\u00e3o no Flamengo\",\"datePublished\":\"2025-02-19T21:50:47+00:00\",\"dateModified\":\"2025-02-19T23:18:03+00:00\",\"mainEntityOfPage\":{\"@id\":\"https:\/\/www.gaveanews.com\/index.php\/2025\/02\/19\/a-declaracao-de-pulgar-sobre-sua-situacao-no-flamengo\/\"},\"wordCount\":455,\"commentCount\":0,\"image\":{\"@id\":\"https:\/\/www.gaveanews.com\/index.php\/2025\/02\/19\/a-declaracao-de-pulgar-sobre-sua-situacao-no-flamengo\/#primaryimage\"},\"thumbnailUrl\":\"https:\/\/www.gaveanews.com\/wp-content\/uploads\/erick-pulgar-wesley-flamengo-vasco-edited.webp\",\"articleSection\":[\"Flamengo\"],\"inLanguage\":\"pt-BR\",\"potentialAction\":[{\"@type\":\"CommentAction\",\"name\":\"Comment\",\"target\":[\"https:\/\/www.gaveanews.com\/index.php\/2025\/02\/19\/a-declaracao-de-pulgar-sobre-sua-situacao-no-flamengo\/#respond\"]}],\"copyrightYear\":\"2025\",\"copyrightHolder\":{\"@id\":\"https:\/\/www.gaveanews.com\/#organization\"}},{\"@type\":\"WebPage\",\"@id\":\"https:\/\/www.gaveanews.com\/index.php\/2025\/02\/19\/a-declaracao-de-pulgar-sobre-sua-situacao-no-flamengo\/\",\"url\":\"https:\/\/www.gaveanews.com\/index.php\/2025\/02\/19\/a-declaracao-de-pulgar-sobre-sua-situacao-no-flamengo\/\",\"name\":\"A declara\u00e7\u00e3o de Pulgar sobre sua situa\u00e7\u00e3o no Flamengo\",\"isPartOf\":{\"@id\":\"https:\/\/www.gaveanews.com\/#website\"},\"primaryImageOfPage\":{\"@id\":\"https:\/\/www.gaveanews.com\/index.php\/2025\/02\/19\/a-declaracao-de-pulgar-sobre-sua-situacao-no-flamengo\/#primaryimage\"},\"image\":{\"@id\":\"https:\/\/www.gaveanews.com\/index.php\/2025\/02\/19\/a-declaracao-de-pulgar-sobre-sua-situacao-no-flamengo\/#primaryimage\"},\"thumbnailUrl\":\"https:\/\/www.gaveanews.com\/wp-content\/uploads\/erick-pulgar-wesley-flamengo-vasco-edited.webp\",\"datePublished\":\"2025-02-19T21:50:47+00:00\",\"dateModified\":\"2025-02-19T23:18:03+00:00\",\"author\":{\"@id\":\"https:\/\/www.gaveanews.com\/#\/schema\/person\/3b19f7288b0ce20372991275e4f2e6c2\"},\"breadcrumb\":{\"@id\":\"https:\/\/www.gaveanews.com\/index.php\/2025\/02\/19\/a-declaracao-de-pulgar-sobre-sua-situacao-no-flamengo\/#breadcrumb\"},\"inLanguage\":\"pt-BR\",\"potentialAction\":[{\"@type\":\"ReadAction\",\"target\":[\"https:\/\/www.gaveanews.com\/index.php\/2025\/02\/19\/a-declaracao-de-pulgar-sobre-sua-situacao-no-flamengo\/\"]}]},{\"@type\":\"ImageObject\",\"inLanguage\":\"pt-BR\",\"@id\":\"https:\/\/www.gaveanews.com\/index.php\/2025\/02\/19\/a-declaracao-de-pulgar-sobre-sua-situacao-no-flamengo\/#primaryimage\",\"url\":\"https:\/\/www.gaveanews.com\/wp-content\/uploads\/erick-pulgar-wesley-flamengo-vasco-edited.webp\",\"contentUrl\":\"https:\/\/www.gaveanews.com\/wp-content\/uploads\/erick-pulgar-wesley-flamengo-vasco-edited.webp\",\"width\":613,\"height\":490,\"caption\":\"Erick Pulgar em a\u00e7\u00e3o pelo Flamengo contra o Vasco (Foto: Paula Reis\/Flamengo)\"},{\"@type\":\"BreadcrumbList\",\"@id\":\"https:\/\/www.gaveanews.com\/index.php\/2025\/02\/19\/a-declaracao-de-pulgar-sobre-sua-situacao-no-flamengo\/#breadcrumb\",\"itemListElement\":[{\"@type\":\"ListItem\",\"position\":1,\"name\":\"Home\",\"item\":\"https:\/\/www.gaveanews.com\/\"},{\"@type\":\"ListItem\",\"position\":2,\"name\":\"A declara\u00e7\u00e3o de Pulgar sobre sua situa\u00e7\u00e3o no Flamengo\"}]},{\"@type\":\"WebSite\",\"@id\":\"https:\/\/www.gaveanews.com\/#website\",\"url\":\"https:\/\/www.gaveanews.com\/\",\"name\":\"G\u00e1vea News\",\"description\":\"Veja todas as not\u00edcias sobre o Flamengo: Contrata\u00e7\u00f5es, categorias de base, resultados das partidas, tabela de classifica\u00e7\u00e3o, pr\u00f3ximos jogos!\",\"potentialAction\":[{\"@type\":\"SearchAction\",\"target\":{\"@type\":\"EntryPoint\",\"urlTemplate\":\"https:\/\/www.gaveanews.com\/?s={search_term_string}\"},\"query-input\":{\"@type\":\"PropertyValueSpecification\",\"valueRequired\":true,\"valueName\":\"search_term_string\"}}],\"inLanguage\":\"pt-BR\"},{\"@type\":\"Person\",\"@id\":\"https:\/\/www.gaveanews.com\/#\/schema\/person\/3b19f7288b0ce20372991275e4f2e6c2\",\"name\":\"Ana Teixeira\",\"image\":{\"@type\":\"ImageObject\",\"inLanguage\":\"pt-BR\",\"@id\":\"https:\/\/www.gaveanews.com\/#\/schema\/person\/image\/\",\"url\":\"https:\/\/secure.gravatar.com\/avatar\/0a73f5a5258f3fed37fc2fa641892f3f7a4748456d4d4792f9bc550e6c19e06c?s=96&d=mm&r=g\",\"contentUrl\":\"https:\/\/secure.gravatar.com\/avatar\/0a73f5a5258f3fed37fc2fa641892f3f7a4748456d4d4792f9bc550e6c19e06c?s=96&d=mm&r=g\",\"caption\":\"Ana Teixeira\"}}]}<\/script>\n<!-- \/ Yoast SEO Premium plugin. -->","yoast_head_json":{"title":"A declara\u00e7\u00e3o de Pulgar sobre sua situa\u00e7\u00e3o no Flamengo","robots":{"index":"index","follow":"follow","max-snippet":"max-snippet:-1","max-image-preview":"max-image-preview:large","max-video-preview":"max-video-preview:-1"},"canonical":"https:\/\/www.gaveanews.com\/index.php\/2025\/02\/19\/a-declaracao-de-pulgar-sobre-sua-situacao-no-flamengo\/","og_locale":"pt_BR","og_type":"article","og_title":"A declara\u00e7\u00e3o de Pulgar sobre sua situa\u00e7\u00e3o no Flamengo","og_description":"A passagem de Erick Pulgar pelo Flamengo deu uma reviravolta daquelas e deixou de ser um caso de des\u00e2nimo para se tornar acolhedora. O chileno est\u00e1 t\u00e3o confort\u00e1vel com a metodologia de trabalho do t\u00e9cnico Filipe Lu\u00eds e com a harmonia do grupo, que deu aval para seu staff reconsiderar a sa\u00edda e iniciar o [&hellip;]","og_url":"https:\/\/www.gaveanews.com\/index.php\/2025\/02\/19\/a-declaracao-de-pulgar-sobre-sua-situacao-no-flamengo\/","og_site_name":"G\u00e1vea News","article_publisher":"https:\/\/facebook.com\/gaveaNews\/","article_published_time":"2025-02-19T21:50:47+00:00","article_modified_time":"2025-02-19T23:18:03+00:00","og_image":[{"width":613,"height":490,"url":"http:\/\/www.gaveanews.com\/wp-content\/uploads\/erick-pulgar-wesley-flamengo-vasco-edited.webp","type":"image\/jpeg"}],"author":"Ana Teixeira","twitter_card":"summary_large_image","twitter_misc":{"Escrito por":"Ana Teixeira","Est. tempo de leitura":"3 minutos"},"schema":{"@context":"https:\/\/schema.org","@graph":[{"@type":"NewsArticle","@id":"https:\/\/www.gaveanews.com\/index.php\/2025\/02\/19\/a-declaracao-de-pulgar-sobre-sua-situacao-no-flamengo\/#article","isPartOf":{"@id":"https:\/\/www.gaveanews.com\/index.php\/2025\/02\/19\/a-declaracao-de-pulgar-sobre-sua-situacao-no-flamengo\/"},"author":{"name":"Ana Teixeira","@id":"https:\/\/www.gaveanews.com\/#\/schema\/person\/3b19f7288b0ce20372991275e4f2e6c2"},"headline":"A declara\u00e7\u00e3o de Pulgar sobre sua situa\u00e7\u00e3o no Flamengo","datePublished":"2025-02-19T21:50:47+00:00","dateModified":"2025-02-19T23:18:03+00:00","mainEntityOfPage":{"@id":"https:\/\/www.gaveanews.com\/index.php\/2025\/02\/19\/a-declaracao-de-pulgar-sobre-sua-situacao-no-flamengo\/"},"wordCount":455,"commentCount":0,"image":{"@id":"https:\/\/www.gaveanews.com\/index.php\/2025\/02\/19\/a-declaracao-de-pulgar-sobre-sua-situacao-no-flamengo\/#primaryimage"},"thumbnailUrl":"https:\/\/www.gaveanews.com\/wp-content\/uploads\/erick-pulgar-wesley-flamengo-vasco-edited.webp","articleSection":["Flamengo"],"inLanguage":"pt-BR","potentialAction":[{"@type":"CommentAction","name":"Comment","target":["https:\/\/www.gaveanews.com\/index.php\/2025\/02\/19\/a-declaracao-de-pulgar-sobre-sua-situacao-no-flamengo\/#respond"]}],"copyrightYear":"2025","copyrightHolder":{"@id":"https:\/\/www.gaveanews.com\/#organization"}},{"@type":"WebPage","@id":"https:\/\/www.gaveanews.com\/index.php\/2025\/02\/19\/a-declaracao-de-pulgar-sobre-sua-situacao-no-flamengo\/","url":"https:\/\/www.gaveanews.com\/index.php\/2025\/02\/19\/a-declaracao-de-pulgar-sobre-sua-situacao-no-flamengo\/","name":"A declara\u00e7\u00e3o de Pulgar sobre sua situa\u00e7\u00e3o no Flamengo","isPartOf":{"@id":"https:\/\/www.gaveanews.com\/#website"},"primaryImageOfPage":{"@id":"https:\/\/www.gaveanews.com\/index.php\/2025\/02\/19\/a-declaracao-de-pulgar-sobre-sua-situacao-no-flamengo\/#primaryimage"},"image":{"@id":"https:\/\/www.gaveanews.com\/index.php\/2025\/02\/19\/a-declaracao-de-pulgar-sobre-sua-situacao-no-flamengo\/#primaryimage"},"thumbnailUrl":"https:\/\/www.gaveanews.com\/wp-content\/uploads\/erick-pulgar-wesley-flamengo-vasco-edited.webp","datePublished":"2025-02-19T21:50:47+00:00","dateModified":"2025-02-19T23:18:03+00:00","author":{"@id":"https:\/\/www.gaveanews.com\/#\/schema\/person\/3b19f7288b0ce20372991275e4f2e6c2"},"breadcrumb":{"@id":"https:\/\/www.gaveanews.com\/index.php\/2025\/02\/19\/a-declaracao-de-pulgar-sobre-sua-situacao-no-flamengo\/#breadcrumb"},"inLanguage":"pt-BR","potentialAction":[{"@type":"ReadAction","target":["https:\/\/www.gaveanews.com\/index.php\/2025\/02\/19\/a-declaracao-de-pulgar-sobre-sua-situacao-no-flamengo\/"]}]},{"@type":"ImageObject","inLanguage":"pt-BR","@id":"https:\/\/www.gaveanews.com\/index.php\/2025\/02\/19\/a-declaracao-de-pulgar-sobre-sua-situacao-no-flamengo\/#primaryimage","url":"https:\/\/www.gaveanews.com\/wp-content\/uploads\/erick-pulgar-wesley-flamengo-vasco-edited.webp","contentUrl":"https:\/\/www.gaveanews.com\/wp-content\/uploads\/erick-pulgar-wesley-flamengo-vasco-edited.webp","width":613,"height":490,"caption":"Erick Pulgar em a\u00e7\u00e3o pelo Flamengo contra o Vasco (Foto: Paula Reis\/Flamengo)"},{"@type":"BreadcrumbList","@id":"https:\/\/www.gaveanews.com\/index.php\/2025\/02\/19\/a-declaracao-de-pulgar-sobre-sua-situacao-no-flamengo\/#breadcrumb","itemListElement":[{"@type":"ListItem","position":1,"name":"Home","item":"https:\/\/www.gaveanews.com\/"},{"@type":"ListItem","position":2,"name":"A declara\u00e7\u00e3o de Pulgar sobre sua situa\u00e7\u00e3o no Flamengo"}]},{"@type":"WebSite","@id":"https:\/\/www.gaveanews.com\/#website","url":"https:\/\/www.gaveanews.com\/","name":"G\u00e1vea News","description":"Veja todas as not\u00edcias sobre o Flamengo: Contrata\u00e7\u00f5es, categorias de base, resultados das partidas, tabela de classifica\u00e7\u00e3o, pr\u00f3ximos jogos!","potentialAction":[{"@type":"SearchAction","target":{"@type":"EntryPoint","urlTemplate":"https:\/\/www.gaveanews.com\/?s={search_term_string}"},"query-input":{"@type":"PropertyValueSpecification","valueRequired":true,"valueName":"search_term_string"}}],"inLanguage":"pt-BR"},{"@type":"Person","@id":"https:\/\/www.gaveanews.com\/#\/schema\/person\/3b19f7288b0ce20372991275e4f2e6c2","name":"Ana Teixeira","image":{"@type":"ImageObject","inLanguage":"pt-BR","@id":"https:\/\/www.gaveanews.com\/#\/schema\/person\/image\/","url":"https:\/\/secure.gravatar.com\/avatar\/0a73f5a5258f3fed37fc2fa641892f3f7a4748456d4d4792f9bc550e6c19e06c?s=96&d=mm&r=g","contentUrl":"https:\/\/secure.gravatar.com\/avatar\/0a73f5a5258f3fed37fc2fa641892f3f7a4748456d4d4792f9bc550e6c19e06c?s=96&d=mm&r=g","caption":"Ana Teixeira"}}]}},"_links":{"self":[{"href":"https:\/\/www.gaveanews.com\/index.php\/wp-json\/wp\/v2\/posts\/230335","targetHints":{"allow":["GET"]}}],"collection":[{"href":"https:\/\/www.gaveanews.com\/index.php\/wp-json\/wp\/v2\/posts"}],"about":[{"href":"https:\/\/www.gaveanews.com\/index.php\/wp-json\/wp\/v2\/types\/post"}],"author":[{"embeddable":true,"href":"https:\/\/www.gaveanews.com\/index.php\/wp-json\/wp\/v2\/users\/30"}],"replies":[{"embeddable":true,"href":"https:\/\/www.gaveanews.com\/index.php\/wp-json\/wp\/v2\/comments?post=230335"}],"version-history":[{"count":1,"href":"https:\/\/www.gaveanews.com\/index.php\/wp-json\/wp\/v2\/posts\/230335\/revisions"}],"predecessor-version":[{"id":230336,"href":"https:\/\/www.gaveanews.com\/index.php\/wp-json\/wp\/v2\/posts\/230335\/revisions\/230336"}],"wp:featuredmedia":[{"embeddable":true,"href":"https:\/\/www.gaveanews.com\/index.php\/wp-json\/wp\/v2\/media\/181661"}],"wp:attachment":[{"href":"https:\/\/www.gaveanews.com\/index.php\/wp-json\/wp\/v2\/media?parent=230335"}],"wp:term":[{"taxonomy":"category","embeddable":true,"href":"https:\/\/www.gaveanews.com\/index.php\/wp-json\/wp\/v2\/categories?post=230335"},{"taxonomy":"post_tag","embeddable":true,"href":"https:\/\/www.gaveanews.com\/index.php\/wp-json\/wp\/v2\/tags?post=230335"}],"curies":[{"name":"wp","href":"https:\/\/api.w.org\/{rel}","templated":true}]}}