{"id":230354,"date":"2025-02-19T22:50:00","date_gmt":"2025-02-20T01:50:00","guid":{"rendered":"https:\/\/www.gaveanews.com\/?p=230354"},"modified":"2025-02-19T20:30:00","modified_gmt":"2025-02-19T23:30:00","slug":"new-york-city-responde-de-forma-oficial-o-corinthians-sobre-talles-magno","status":"publish","type":"post","link":"https:\/\/www.gaveanews.com\/index.php\/2025\/02\/19\/new-york-city-responde-de-forma-oficial-o-corinthians-sobre-talles-magno\/","title":{"rendered":"New York City responde de forma oficial o Corinthians sobre Talles Magno"},"content":{"rendered":"\n<p>Contratado pelo Corinthians no ano anterior, Talles Magno ainda ocupa posi\u00e7\u00e3o de reserva no time comandado por Ram\u00f3n D\u00edaz. Mesmo assim, o atacante j\u00e1 acumula cinco gols em nove partidas disputadas no Paulist\u00e3o 2025. Apesar da reserva, o jogador \u00e9 considerado uma pe\u00e7a estrat\u00e9gica no elenco corintiano e tem chamado aten\u00e7\u00e3o tanto dentro quanto fora de campo.<\/p>\n\n\n\n<p>Nos bastidores, Augusto Melo e Fabinho Soldado trabalham para estender o empr\u00e9stimo do jogador junto ao New York City, dos Estados Unidos. Contudo, a negocia\u00e7\u00e3o enfrenta dificuldades significativas. <\/p>\n\n\n\n<p>De acordo com informa\u00e7\u00f5es apuradas por Jorge Nicola, o clube norte-americano rejeita um novo empr\u00e9stimo e insiste na venda definitiva do atleta. O valor fixado para a transfer\u00eancia est\u00e1 estimado em 13,5 milh\u00f5es de d\u00f3lares, equivalente a cerca de 77 milh\u00f5es de reais na cota\u00e7\u00e3o atual.<\/p>\n\n\n\n<figure class=\"wp-block-image size-large\"><img loading=\"lazy\" decoding=\"async\" width=\"823\" height=\"1024\" src=\"http:\/\/www.gaveanews.com\/wp-content\/uploads\/Talles-Magno-em-acao-pelo-Corinthians-823x1024.webp\" alt=\"\" class=\"wp-image-159232\" srcset=\"https:\/\/www.gaveanews.com\/wp-content\/uploads\/Talles-Magno-em-acao-pelo-Corinthians-823x1024.webp 823w, https:\/\/www.gaveanews.com\/wp-content\/uploads\/Talles-Magno-em-acao-pelo-Corinthians-241x300.webp 241w, https:\/\/www.gaveanews.com\/wp-content\/uploads\/Talles-Magno-em-acao-pelo-Corinthians-768x955.webp 768w, https:\/\/www.gaveanews.com\/wp-content\/uploads\/Talles-Magno-em-acao-pelo-Corinthians-338x420.webp 338w, https:\/\/www.gaveanews.com\/wp-content\/uploads\/Talles-Magno-em-acao-pelo-Corinthians-676x840.webp 676w, https:\/\/www.gaveanews.com\/wp-content\/uploads\/Talles-Magno-em-acao-pelo-Corinthians-640x796.webp 640w, https:\/\/www.gaveanews.com\/wp-content\/uploads\/Talles-Magno-em-acao-pelo-Corinthians-681x847.webp 681w, https:\/\/www.gaveanews.com\/wp-content\/uploads\/Talles-Magno-em-acao-pelo-Corinthians-100x124.webp 100w, https:\/\/www.gaveanews.com\/wp-content\/uploads\/Talles-Magno-em-acao-pelo-Corinthians.webp 1080w\" sizes=\"auto, (max-width: 823px) 100vw, 823px\" \/><figcaption class=\"wp-element-caption\">Talles Magno em a\u00e7\u00e3o pelo Corinthians (Foto: Reprodu\u00e7\u00e3o\/Instagram)<\/figcaption><\/figure>\n\n\n\n<h2 class=\"wp-block-heading\" id=\"h-por-que-o-corinthians-encontra-dificuldades-para-manter-talles-magno\">Por que o Corinthians encontra dificuldades para manter Talles Magno?<\/h2>\n\n\n\n<p>Desde o in\u00edcio do ano, o Corinthians tenta convencer o New York City a prorrogar o contrato de empr\u00e9stimo at\u00e9 dezembro de 2025 ou julho do mesmo ano. No entanto, o clube da Major League Soccer (MLS) argumenta que n\u00e3o faz sentido renovar o v\u00ednculo de um jogador que frequentemente aparece como reserva. <\/p>\n\n\n\n<p>O Tim\u00e3o, por outro lado, defende que Talles Magno possui relev\u00e2ncia no grupo e pode contribuir decisivamente em momentos importantes. Apesar disso, o New York City mant\u00e9m sua posi\u00e7\u00e3o inabal\u00e1vel, afirmando que, se o jogador realmente \u00e9 t\u00e3o importante, o Corinthians deve honrar o valor estipulado no contrato. Essa troca de argumentos torna a situa\u00e7\u00e3o ainda mais tensa nos bastidores.<\/p>\n\n\n\n<p>Caso o Corinthians n\u00e3o consiga arcar com os 13,5 milh\u00f5es de d\u00f3lares exigidos, a sa\u00edda de Talles Magno ganha for\u00e7a para ocorrer j\u00e1 no fim de julho. O clube norte-americano demonstra pouca disposi\u00e7\u00e3o para facilitar qualquer tipo de acordo alternativo.<\/p>\n","protected":false},"excerpt":{"rendered":"<p>Contratado pelo Corinthians no ano anterior, Talles Magno ainda ocupa posi\u00e7\u00e3o de reserva no time comandado por Ram\u00f3n D\u00edaz. Mesmo assim, o atacante j\u00e1 acumula cinco gols em nove partidas disputadas no Paulist\u00e3o 2025. Apesar da reserva, o jogador \u00e9 considerado uma pe\u00e7a estrat\u00e9gica no elenco corintiano e tem chamado aten\u00e7\u00e3o tanto dentro quanto fora [&hellip;]<\/p>\n","protected":false},"author":28,"featured_media":159236,"comment_status":"open","ping_status":"closed","sticky":false,"template":"","format":"standard","meta":{"footnotes":""},"categories":[141],"tags":[],"class_list":["post-230354","post","type-post","status-publish","format-standard","has-post-thumbnail","hentry","category-corinthians"],"yoast_head":"<!-- This site is optimized with the Yoast SEO Premium plugin v24.2 (Yoast SEO v26.9) - https:\/\/yoast.com\/product\/yoast-seo-premium-wordpress\/ -->\n<title>New York City responde de forma oficial o Corinthians sobre Talles Magno<\/title>\n<meta name=\"robots\" content=\"index, follow, max-snippet:-1, max-image-preview:large, max-video-preview:-1\" \/>\n<link rel=\"canonical\" href=\"https:\/\/www.gaveanews.com\/index.php\/2025\/02\/19\/new-york-city-responde-de-forma-oficial-o-corinthians-sobre-talles-magno\/\" \/>\n<meta property=\"og:locale\" content=\"pt_BR\" \/>\n<meta property=\"og:type\" content=\"article\" \/>\n<meta property=\"og:title\" content=\"New York City responde de forma oficial o Corinthians sobre Talles Magno\" \/>\n<meta property=\"og:description\" content=\"Contratado pelo Corinthians no ano anterior, Talles Magno ainda ocupa posi\u00e7\u00e3o de reserva no time comandado por Ram\u00f3n D\u00edaz. Mesmo assim, o atacante j\u00e1 acumula cinco gols em nove partidas disputadas no Paulist\u00e3o 2025. Apesar da reserva, o jogador \u00e9 considerado uma pe\u00e7a estrat\u00e9gica no elenco corintiano e tem chamado aten\u00e7\u00e3o tanto dentro quanto fora [&hellip;]\" \/>\n<meta property=\"og:url\" content=\"https:\/\/www.gaveanews.com\/index.php\/2025\/02\/19\/new-york-city-responde-de-forma-oficial-o-corinthians-sobre-talles-magno\/\" \/>\n<meta property=\"og:site_name\" content=\"G\u00e1vea News\" \/>\n<meta property=\"article:publisher\" content=\"https:\/\/facebook.com\/gaveaNews\/\" \/>\n<meta property=\"article:published_time\" content=\"2025-02-20T01:50:00+00:00\" \/>\n<meta property=\"og:image\" content=\"https:\/\/www.gaveanews.com\/wp-content\/uploads\/Talles-Magno-ergue-a-mao-para-o-ceu-apos-marcar-seu-primeiro-gol-pelo-Corinthians.webp\" \/>\n\t<meta property=\"og:image:width\" content=\"1080\" \/>\n\t<meta property=\"og:image:height\" content=\"1349\" \/>\n\t<meta property=\"og:image:type\" content=\"image\/jpeg\" \/>\n<meta name=\"author\" content=\"Hudson Pereira\" \/>\n<meta name=\"twitter:card\" content=\"summary_large_image\" \/>\n<meta name=\"twitter:label1\" content=\"Escrito por\" \/>\n\t<meta name=\"twitter:data1\" content=\"Hudson Pereira\" \/>\n\t<meta name=\"twitter:label2\" content=\"Est. tempo de leitura\" \/>\n\t<meta name=\"twitter:data2\" content=\"3 minutos\" \/>\n<script type=\"application\/ld+json\" class=\"yoast-schema-graph\">{\"@context\":\"https:\/\/schema.org\",\"@graph\":[{\"@type\":\"NewsArticle\",\"@id\":\"https:\/\/www.gaveanews.com\/index.php\/2025\/02\/19\/new-york-city-responde-de-forma-oficial-o-corinthians-sobre-talles-magno\/#article\",\"isPartOf\":{\"@id\":\"https:\/\/www.gaveanews.com\/index.php\/2025\/02\/19\/new-york-city-responde-de-forma-oficial-o-corinthians-sobre-talles-magno\/\"},\"author\":{\"name\":\"Hudson Pereira\",\"@id\":\"https:\/\/www.gaveanews.com\/#\/schema\/person\/bd08f00534b403119b92741a6d469ef0\"},\"headline\":\"New York City responde de forma oficial o Corinthians sobre Talles Magno\",\"datePublished\":\"2025-02-20T01:50:00+00:00\",\"mainEntityOfPage\":{\"@id\":\"https:\/\/www.gaveanews.com\/index.php\/2025\/02\/19\/new-york-city-responde-de-forma-oficial-o-corinthians-sobre-talles-magno\/\"},\"wordCount\":343,\"commentCount\":0,\"image\":{\"@id\":\"https:\/\/www.gaveanews.com\/index.php\/2025\/02\/19\/new-york-city-responde-de-forma-oficial-o-corinthians-sobre-talles-magno\/#primaryimage\"},\"thumbnailUrl\":\"https:\/\/www.gaveanews.com\/wp-content\/uploads\/Talles-Magno-ergue-a-mao-para-o-ceu-apos-marcar-seu-primeiro-gol-pelo-Corinthians.webp\",\"articleSection\":[\"Corinthians\"],\"inLanguage\":\"pt-BR\",\"potentialAction\":[{\"@type\":\"CommentAction\",\"name\":\"Comment\",\"target\":[\"https:\/\/www.gaveanews.com\/index.php\/2025\/02\/19\/new-york-city-responde-de-forma-oficial-o-corinthians-sobre-talles-magno\/#respond\"]}],\"copyrightYear\":\"2025\",\"copyrightHolder\":{\"@id\":\"https:\/\/www.gaveanews.com\/#organization\"}},{\"@type\":\"WebPage\",\"@id\":\"https:\/\/www.gaveanews.com\/index.php\/2025\/02\/19\/new-york-city-responde-de-forma-oficial-o-corinthians-sobre-talles-magno\/\",\"url\":\"https:\/\/www.gaveanews.com\/index.php\/2025\/02\/19\/new-york-city-responde-de-forma-oficial-o-corinthians-sobre-talles-magno\/\",\"name\":\"New York City responde de forma oficial o Corinthians sobre Talles Magno\",\"isPartOf\":{\"@id\":\"https:\/\/www.gaveanews.com\/#website\"},\"primaryImageOfPage\":{\"@id\":\"https:\/\/www.gaveanews.com\/index.php\/2025\/02\/19\/new-york-city-responde-de-forma-oficial-o-corinthians-sobre-talles-magno\/#primaryimage\"},\"image\":{\"@id\":\"https:\/\/www.gaveanews.com\/index.php\/2025\/02\/19\/new-york-city-responde-de-forma-oficial-o-corinthians-sobre-talles-magno\/#primaryimage\"},\"thumbnailUrl\":\"https:\/\/www.gaveanews.com\/wp-content\/uploads\/Talles-Magno-ergue-a-mao-para-o-ceu-apos-marcar-seu-primeiro-gol-pelo-Corinthians.webp\",\"datePublished\":\"2025-02-20T01:50:00+00:00\",\"author\":{\"@id\":\"https:\/\/www.gaveanews.com\/#\/schema\/person\/bd08f00534b403119b92741a6d469ef0\"},\"breadcrumb\":{\"@id\":\"https:\/\/www.gaveanews.com\/index.php\/2025\/02\/19\/new-york-city-responde-de-forma-oficial-o-corinthians-sobre-talles-magno\/#breadcrumb\"},\"inLanguage\":\"pt-BR\",\"potentialAction\":[{\"@type\":\"ReadAction\",\"target\":[\"https:\/\/www.gaveanews.com\/index.php\/2025\/02\/19\/new-york-city-responde-de-forma-oficial-o-corinthians-sobre-talles-magno\/\"]}]},{\"@type\":\"ImageObject\",\"inLanguage\":\"pt-BR\",\"@id\":\"https:\/\/www.gaveanews.com\/index.php\/2025\/02\/19\/new-york-city-responde-de-forma-oficial-o-corinthians-sobre-talles-magno\/#primaryimage\",\"url\":\"https:\/\/www.gaveanews.com\/wp-content\/uploads\/Talles-Magno-ergue-a-mao-para-o-ceu-apos-marcar-seu-primeiro-gol-pelo-Corinthians.webp\",\"contentUrl\":\"https:\/\/www.gaveanews.com\/wp-content\/uploads\/Talles-Magno-ergue-a-mao-para-o-ceu-apos-marcar-seu-primeiro-gol-pelo-Corinthians.webp\",\"width\":1080,\"height\":1349,\"caption\":\"Talles Magno ergue a m\u00e3o para o c\u00e9u ap\u00f3s marcar seu primeiro gol pelo Corinthians (Foto: Reprodu\u00e7\u00e3o\/Instagram)\"},{\"@type\":\"BreadcrumbList\",\"@id\":\"https:\/\/www.gaveanews.com\/index.php\/2025\/02\/19\/new-york-city-responde-de-forma-oficial-o-corinthians-sobre-talles-magno\/#breadcrumb\",\"itemListElement\":[{\"@type\":\"ListItem\",\"position\":1,\"name\":\"Home\",\"item\":\"https:\/\/www.gaveanews.com\/\"},{\"@type\":\"ListItem\",\"position\":2,\"name\":\"New York City responde de forma oficial o Corinthians sobre Talles Magno\"}]},{\"@type\":\"WebSite\",\"@id\":\"https:\/\/www.gaveanews.com\/#website\",\"url\":\"https:\/\/www.gaveanews.com\/\",\"name\":\"G\u00e1vea News\",\"description\":\"Veja todas as not\u00edcias sobre o Flamengo: Contrata\u00e7\u00f5es, categorias de base, resultados das partidas, tabela de classifica\u00e7\u00e3o, pr\u00f3ximos jogos!\",\"potentialAction\":[{\"@type\":\"SearchAction\",\"target\":{\"@type\":\"EntryPoint\",\"urlTemplate\":\"https:\/\/www.gaveanews.com\/?s={search_term_string}\"},\"query-input\":{\"@type\":\"PropertyValueSpecification\",\"valueRequired\":true,\"valueName\":\"search_term_string\"}}],\"inLanguage\":\"pt-BR\"},{\"@type\":\"Person\",\"@id\":\"https:\/\/www.gaveanews.com\/#\/schema\/person\/bd08f00534b403119b92741a6d469ef0\",\"name\":\"Hudson Pereira\",\"image\":{\"@type\":\"ImageObject\",\"inLanguage\":\"pt-BR\",\"@id\":\"https:\/\/www.gaveanews.com\/#\/schema\/person\/image\/\",\"url\":\"https:\/\/secure.gravatar.com\/avatar\/ecc491b489e454e510efffc9b23c1052ce5fb4f2e05555768ba65819cd55f03e?s=96&d=mm&r=g\",\"contentUrl\":\"https:\/\/secure.gravatar.com\/avatar\/ecc491b489e454e510efffc9b23c1052ce5fb4f2e05555768ba65819cd55f03e?s=96&d=mm&r=g\",\"caption\":\"Hudson Pereira\"}}]}<\/script>\n<!-- \/ Yoast SEO Premium plugin. -->","yoast_head_json":{"title":"New York City responde de forma oficial o Corinthians sobre Talles Magno","robots":{"index":"index","follow":"follow","max-snippet":"max-snippet:-1","max-image-preview":"max-image-preview:large","max-video-preview":"max-video-preview:-1"},"canonical":"https:\/\/www.gaveanews.com\/index.php\/2025\/02\/19\/new-york-city-responde-de-forma-oficial-o-corinthians-sobre-talles-magno\/","og_locale":"pt_BR","og_type":"article","og_title":"New York City responde de forma oficial o Corinthians sobre Talles Magno","og_description":"Contratado pelo Corinthians no ano anterior, Talles Magno ainda ocupa posi\u00e7\u00e3o de reserva no time comandado por Ram\u00f3n D\u00edaz. Mesmo assim, o atacante j\u00e1 acumula cinco gols em nove partidas disputadas no Paulist\u00e3o 2025. Apesar da reserva, o jogador \u00e9 considerado uma pe\u00e7a estrat\u00e9gica no elenco corintiano e tem chamado aten\u00e7\u00e3o tanto dentro quanto fora [&hellip;]","og_url":"https:\/\/www.gaveanews.com\/index.php\/2025\/02\/19\/new-york-city-responde-de-forma-oficial-o-corinthians-sobre-talles-magno\/","og_site_name":"G\u00e1vea News","article_publisher":"https:\/\/facebook.com\/gaveaNews\/","article_published_time":"2025-02-20T01:50:00+00:00","og_image":[{"width":1080,"height":1349,"url":"https:\/\/www.gaveanews.com\/wp-content\/uploads\/Talles-Magno-ergue-a-mao-para-o-ceu-apos-marcar-seu-primeiro-gol-pelo-Corinthians.webp","type":"image\/jpeg"}],"author":"Hudson Pereira","twitter_card":"summary_large_image","twitter_misc":{"Escrito por":"Hudson Pereira","Est. tempo de leitura":"3 minutos"},"schema":{"@context":"https:\/\/schema.org","@graph":[{"@type":"NewsArticle","@id":"https:\/\/www.gaveanews.com\/index.php\/2025\/02\/19\/new-york-city-responde-de-forma-oficial-o-corinthians-sobre-talles-magno\/#article","isPartOf":{"@id":"https:\/\/www.gaveanews.com\/index.php\/2025\/02\/19\/new-york-city-responde-de-forma-oficial-o-corinthians-sobre-talles-magno\/"},"author":{"name":"Hudson Pereira","@id":"https:\/\/www.gaveanews.com\/#\/schema\/person\/bd08f00534b403119b92741a6d469ef0"},"headline":"New York City responde de forma oficial o Corinthians sobre Talles Magno","datePublished":"2025-02-20T01:50:00+00:00","mainEntityOfPage":{"@id":"https:\/\/www.gaveanews.com\/index.php\/2025\/02\/19\/new-york-city-responde-de-forma-oficial-o-corinthians-sobre-talles-magno\/"},"wordCount":343,"commentCount":0,"image":{"@id":"https:\/\/www.gaveanews.com\/index.php\/2025\/02\/19\/new-york-city-responde-de-forma-oficial-o-corinthians-sobre-talles-magno\/#primaryimage"},"thumbnailUrl":"https:\/\/www.gaveanews.com\/wp-content\/uploads\/Talles-Magno-ergue-a-mao-para-o-ceu-apos-marcar-seu-primeiro-gol-pelo-Corinthians.webp","articleSection":["Corinthians"],"inLanguage":"pt-BR","potentialAction":[{"@type":"CommentAction","name":"Comment","target":["https:\/\/www.gaveanews.com\/index.php\/2025\/02\/19\/new-york-city-responde-de-forma-oficial-o-corinthians-sobre-talles-magno\/#respond"]}],"copyrightYear":"2025","copyrightHolder":{"@id":"https:\/\/www.gaveanews.com\/#organization"}},{"@type":"WebPage","@id":"https:\/\/www.gaveanews.com\/index.php\/2025\/02\/19\/new-york-city-responde-de-forma-oficial-o-corinthians-sobre-talles-magno\/","url":"https:\/\/www.gaveanews.com\/index.php\/2025\/02\/19\/new-york-city-responde-de-forma-oficial-o-corinthians-sobre-talles-magno\/","name":"New York City responde de forma oficial o Corinthians sobre Talles Magno","isPartOf":{"@id":"https:\/\/www.gaveanews.com\/#website"},"primaryImageOfPage":{"@id":"https:\/\/www.gaveanews.com\/index.php\/2025\/02\/19\/new-york-city-responde-de-forma-oficial-o-corinthians-sobre-talles-magno\/#primaryimage"},"image":{"@id":"https:\/\/www.gaveanews.com\/index.php\/2025\/02\/19\/new-york-city-responde-de-forma-oficial-o-corinthians-sobre-talles-magno\/#primaryimage"},"thumbnailUrl":"https:\/\/www.gaveanews.com\/wp-content\/uploads\/Talles-Magno-ergue-a-mao-para-o-ceu-apos-marcar-seu-primeiro-gol-pelo-Corinthians.webp","datePublished":"2025-02-20T01:50:00+00:00","author":{"@id":"https:\/\/www.gaveanews.com\/#\/schema\/person\/bd08f00534b403119b92741a6d469ef0"},"breadcrumb":{"@id":"https:\/\/www.gaveanews.com\/index.php\/2025\/02\/19\/new-york-city-responde-de-forma-oficial-o-corinthians-sobre-talles-magno\/#breadcrumb"},"inLanguage":"pt-BR","potentialAction":[{"@type":"ReadAction","target":["https:\/\/www.gaveanews.com\/index.php\/2025\/02\/19\/new-york-city-responde-de-forma-oficial-o-corinthians-sobre-talles-magno\/"]}]},{"@type":"ImageObject","inLanguage":"pt-BR","@id":"https:\/\/www.gaveanews.com\/index.php\/2025\/02\/19\/new-york-city-responde-de-forma-oficial-o-corinthians-sobre-talles-magno\/#primaryimage","url":"https:\/\/www.gaveanews.com\/wp-content\/uploads\/Talles-Magno-ergue-a-mao-para-o-ceu-apos-marcar-seu-primeiro-gol-pelo-Corinthians.webp","contentUrl":"https:\/\/www.gaveanews.com\/wp-content\/uploads\/Talles-Magno-ergue-a-mao-para-o-ceu-apos-marcar-seu-primeiro-gol-pelo-Corinthians.webp","width":1080,"height":1349,"caption":"Talles Magno ergue a m\u00e3o para o c\u00e9u ap\u00f3s marcar seu primeiro gol pelo Corinthians (Foto: Reprodu\u00e7\u00e3o\/Instagram)"},{"@type":"BreadcrumbList","@id":"https:\/\/www.gaveanews.com\/index.php\/2025\/02\/19\/new-york-city-responde-de-forma-oficial-o-corinthians-sobre-talles-magno\/#breadcrumb","itemListElement":[{"@type":"ListItem","position":1,"name":"Home","item":"https:\/\/www.gaveanews.com\/"},{"@type":"ListItem","position":2,"name":"New York City responde de forma oficial o Corinthians sobre Talles Magno"}]},{"@type":"WebSite","@id":"https:\/\/www.gaveanews.com\/#website","url":"https:\/\/www.gaveanews.com\/","name":"G\u00e1vea News","description":"Veja todas as not\u00edcias sobre o Flamengo: Contrata\u00e7\u00f5es, categorias de base, resultados das partidas, tabela de classifica\u00e7\u00e3o, pr\u00f3ximos jogos!","potentialAction":[{"@type":"SearchAction","target":{"@type":"EntryPoint","urlTemplate":"https:\/\/www.gaveanews.com\/?s={search_term_string}"},"query-input":{"@type":"PropertyValueSpecification","valueRequired":true,"valueName":"search_term_string"}}],"inLanguage":"pt-BR"},{"@type":"Person","@id":"https:\/\/www.gaveanews.com\/#\/schema\/person\/bd08f00534b403119b92741a6d469ef0","name":"Hudson Pereira","image":{"@type":"ImageObject","inLanguage":"pt-BR","@id":"https:\/\/www.gaveanews.com\/#\/schema\/person\/image\/","url":"https:\/\/secure.gravatar.com\/avatar\/ecc491b489e454e510efffc9b23c1052ce5fb4f2e05555768ba65819cd55f03e?s=96&d=mm&r=g","contentUrl":"https:\/\/secure.gravatar.com\/avatar\/ecc491b489e454e510efffc9b23c1052ce5fb4f2e05555768ba65819cd55f03e?s=96&d=mm&r=g","caption":"Hudson Pereira"}}]}},"_links":{"self":[{"href":"https:\/\/www.gaveanews.com\/index.php\/wp-json\/wp\/v2\/posts\/230354","targetHints":{"allow":["GET"]}}],"collection":[{"href":"https:\/\/www.gaveanews.com\/index.php\/wp-json\/wp\/v2\/posts"}],"about":[{"href":"https:\/\/www.gaveanews.com\/index.php\/wp-json\/wp\/v2\/types\/post"}],"author":[{"embeddable":true,"href":"https:\/\/www.gaveanews.com\/index.php\/wp-json\/wp\/v2\/users\/28"}],"replies":[{"embeddable":true,"href":"https:\/\/www.gaveanews.com\/index.php\/wp-json\/wp\/v2\/comments?post=230354"}],"version-history":[{"count":1,"href":"https:\/\/www.gaveanews.com\/index.php\/wp-json\/wp\/v2\/posts\/230354\/revisions"}],"predecessor-version":[{"id":230365,"href":"https:\/\/www.gaveanews.com\/index.php\/wp-json\/wp\/v2\/posts\/230354\/revisions\/230365"}],"wp:featuredmedia":[{"embeddable":true,"href":"https:\/\/www.gaveanews.com\/index.php\/wp-json\/wp\/v2\/media\/159236"}],"wp:attachment":[{"href":"https:\/\/www.gaveanews.com\/index.php\/wp-json\/wp\/v2\/media?parent=230354"}],"wp:term":[{"taxonomy":"category","embeddable":true,"href":"https:\/\/www.gaveanews.com\/index.php\/wp-json\/wp\/v2\/categories?post=230354"},{"taxonomy":"post_tag","embeddable":true,"href":"https:\/\/www.gaveanews.com\/index.php\/wp-json\/wp\/v2\/tags?post=230354"}],"curies":[{"name":"wp","href":"https:\/\/api.w.org\/{rel}","templated":true}]}}