{"id":23040,"date":"2019-07-13T08:33:07","date_gmt":"2019-07-13T11:33:07","guid":{"rendered":"http:\/\/www.gaveanews.com\/?p=23040"},"modified":"2019-07-13T08:33:07","modified_gmt":"2019-07-13T11:33:07","slug":"comentarista-atualiza-situacao-de-filipe-luis-com-o-flamengo","status":"publish","type":"post","link":"https:\/\/www.gaveanews.com\/index.php\/2019\/07\/13\/comentarista-atualiza-situacao-de-filipe-luis-com-o-flamengo\/","title":{"rendered":"Comentarista atualiza situa\u00e7\u00e3o de Filipe Lu\u00eds com o Flamengo"},"content":{"rendered":"\n<p>O Flamengo segue movimentando a janela de transfer\u00eancias, em busca de refor\u00e7ar o elenco para o segundo semestre desta temporada. O clube Rubro-Negro anunciou a contrata\u00e7\u00e3o de Pablo Mar\u00ed, zagueiro que pertencia ao Manchester City, e tamb\u00e9m assinou contrato com o volante Gerson, da Roma. <\/p>\n\n\n\n<p>A vinda destes jogadores ao Mais Querido faz parte dos planos de Bruno Spindel e Marcos Braz, que foram \u00e0 Europa com o objetivo de efetivar as contrata\u00e7\u00f5es. Entretanto, a c\u00fapula rubro-negra ainda espera a resposta de outro jogador.<\/p>\n\n\n\n<p>O Flamengo aguarda a resposta do lateral-esquerdo da sele\u00e7\u00e3o brasileira, Filipe Lu\u00eds. O jogador revelou que dever\u00e1 decidir seu futuro no futebol nesta ou na pr\u00f3xima semana, e comentou que a decis\u00e3o est\u00e1 entre vir ao Flamengo ou continuar na Europa. Em um v\u00eddeo para o seu canal do Youtube, o jornalista Mauro Cezar falou que o Mais Querido espera a resposta de Filipe Lu\u00eds, entretanto, n\u00e3o negocia com outros jogadores para a posi\u00e7\u00e3o.<\/p>\n\n\n\n<p>\u2014 Sobre o Filipe Lu\u00eds, ele continua com a proposta do Flamengo em m\u00e3os, resta saber se vai aceitar ou n\u00e3o. Se aceitar, ok, o Flamengo fecha com ele. Se n\u00e3o aceitar, fica por isso mesmo. O clube nesse momento n\u00e3o est\u00e1 negociando com outro lateral esquerdo. (O Flamengo) Ainda tenta um centroavante, e essa posi\u00e7\u00e3o parece estar bem complicada por enquanto. <\/p>\n\n\n\n<p>Filipe Lu\u00eds est\u00e1 no futebol europeu desde 2004, quando se transferiu para o PSV, da Holanda. Ap\u00f3s quatro anos atuando no Atl\u00e9tico de Madrid, o jogador encerrou seu v\u00ednculo com o clube neste m\u00eas, quando o tempo de seu contrato foi encerrado. O lateral-esquerdo pediu para dar a resposta ao Flamengo assim que a Copa Am\u00e9rica acabasse, no dia 7 de julho. Apesar de demonstrar interesse em atuar pelo Mais Querido, o jogador analisa outras propostas de clubes europeus.<\/p>\n\n\n\n\n\n<p>Retirado de: Coluna do Fla<\/p>\n","protected":false},"excerpt":{"rendered":"<p>O Flamengo segue movimentando a janela de transfer\u00eancias, em busca de refor\u00e7ar o elenco para o segundo semestre desta temporada. O clube Rubro-Negro anunciou a contrata\u00e7\u00e3o de Pablo Mar\u00ed, zagueiro que pertencia ao Manchester City, e tamb\u00e9m assinou contrato com o volante Gerson, da Roma. A vinda destes jogadores ao Mais Querido faz parte dos [&hellip;]<\/p>\n","protected":false},"author":1,"featured_media":17006,"comment_status":"open","ping_status":"open","sticky":false,"template":"","format":"standard","meta":{"footnotes":""},"categories":[48],"tags":[],"class_list":["post-23040","post","type-post","status-publish","format-standard","has-post-thumbnail","hentry","category-negociacoes"],"yoast_head":"<!-- This site is optimized with the Yoast SEO Premium plugin v24.2 (Yoast SEO v26.9) - https:\/\/yoast.com\/product\/yoast-seo-premium-wordpress\/ -->\n<title>Comentarista atualiza situa\u00e7\u00e3o de Filipe Lu\u00eds com o Flamengo<\/title>\n<meta name=\"robots\" content=\"index, follow, max-snippet:-1, max-image-preview:large, max-video-preview:-1\" \/>\n<link rel=\"canonical\" href=\"https:\/\/www.gaveanews.com\/index.php\/2019\/07\/13\/comentarista-atualiza-situacao-de-filipe-luis-com-o-flamengo\/\" \/>\n<meta property=\"og:locale\" content=\"pt_BR\" \/>\n<meta property=\"og:type\" content=\"article\" \/>\n<meta property=\"og:title\" content=\"Comentarista atualiza situa\u00e7\u00e3o de Filipe Lu\u00eds com o Flamengo\" \/>\n<meta property=\"og:description\" content=\"O Flamengo segue movimentando a janela de transfer\u00eancias, em busca de refor\u00e7ar o elenco para o segundo semestre desta temporada. O clube Rubro-Negro anunciou a contrata\u00e7\u00e3o de Pablo Mar\u00ed, zagueiro que pertencia ao Manchester City, e tamb\u00e9m assinou contrato com o volante Gerson, da Roma. A vinda destes jogadores ao Mais Querido faz parte dos [&hellip;]\" \/>\n<meta property=\"og:url\" content=\"https:\/\/www.gaveanews.com\/index.php\/2019\/07\/13\/comentarista-atualiza-situacao-de-filipe-luis-com-o-flamengo\/\" \/>\n<meta property=\"og:site_name\" content=\"G\u00e1vea News\" \/>\n<meta property=\"article:publisher\" content=\"https:\/\/facebook.com\/gaveaNews\/\" \/>\n<meta property=\"article:published_time\" content=\"2019-07-13T11:33:07+00:00\" \/>\n<meta property=\"og:image\" content=\"https:\/\/www.gaveanews.com\/wp-content\/uploads\/2019\/04\/Filipe-Luis-em-acao-pelo-Brasil.webp\" \/>\n\t<meta property=\"og:image:width\" content=\"1\" \/>\n\t<meta property=\"og:image:height\" content=\"1\" \/>\n\t<meta property=\"og:image:type\" content=\"image\/jpeg\" \/>\n<meta name=\"author\" content=\"Equipe G\u00e1vea News\" \/>\n<meta name=\"twitter:card\" content=\"summary_large_image\" \/>\n<meta name=\"twitter:label1\" content=\"Escrito por\" \/>\n\t<meta name=\"twitter:data1\" content=\"Equipe G\u00e1vea News\" \/>\n\t<meta name=\"twitter:label2\" content=\"Est. tempo de leitura\" \/>\n\t<meta name=\"twitter:data2\" content=\"2 minutos\" \/>\n<script type=\"application\/ld+json\" class=\"yoast-schema-graph\">{\"@context\":\"https:\/\/schema.org\",\"@graph\":[{\"@type\":\"NewsArticle\",\"@id\":\"https:\/\/www.gaveanews.com\/index.php\/2019\/07\/13\/comentarista-atualiza-situacao-de-filipe-luis-com-o-flamengo\/#article\",\"isPartOf\":{\"@id\":\"https:\/\/www.gaveanews.com\/index.php\/2019\/07\/13\/comentarista-atualiza-situacao-de-filipe-luis-com-o-flamengo\/\"},\"author\":{\"name\":\"Equipe G\u00e1vea News\",\"@id\":\"https:\/\/www.gaveanews.com\/#\/schema\/person\/2ec14f73fb96be2caf28f91afb14749d\"},\"headline\":\"Comentarista atualiza situa\u00e7\u00e3o de Filipe Lu\u00eds com o Flamengo\",\"datePublished\":\"2019-07-13T11:33:07+00:00\",\"mainEntityOfPage\":{\"@id\":\"https:\/\/www.gaveanews.com\/index.php\/2019\/07\/13\/comentarista-atualiza-situacao-de-filipe-luis-com-o-flamengo\/\"},\"wordCount\":337,\"commentCount\":0,\"image\":{\"@id\":\"https:\/\/www.gaveanews.com\/index.php\/2019\/07\/13\/comentarista-atualiza-situacao-de-filipe-luis-com-o-flamengo\/#primaryimage\"},\"thumbnailUrl\":\"https:\/\/www.gaveanews.com\/wp-content\/uploads\/2019\/04\/Filipe-Luis-em-acao-pelo-Brasil.webp\",\"articleSection\":[\"Negocia\u00e7\u00f5es\"],\"inLanguage\":\"pt-BR\",\"potentialAction\":[{\"@type\":\"CommentAction\",\"name\":\"Comment\",\"target\":[\"https:\/\/www.gaveanews.com\/index.php\/2019\/07\/13\/comentarista-atualiza-situacao-de-filipe-luis-com-o-flamengo\/#respond\"]}],\"copyrightYear\":\"2019\",\"copyrightHolder\":{\"@id\":\"https:\/\/www.gaveanews.com\/#organization\"}},{\"@type\":\"WebPage\",\"@id\":\"https:\/\/www.gaveanews.com\/index.php\/2019\/07\/13\/comentarista-atualiza-situacao-de-filipe-luis-com-o-flamengo\/\",\"url\":\"https:\/\/www.gaveanews.com\/index.php\/2019\/07\/13\/comentarista-atualiza-situacao-de-filipe-luis-com-o-flamengo\/\",\"name\":\"Comentarista atualiza situa\u00e7\u00e3o de Filipe Lu\u00eds com o Flamengo\",\"isPartOf\":{\"@id\":\"https:\/\/www.gaveanews.com\/#website\"},\"primaryImageOfPage\":{\"@id\":\"https:\/\/www.gaveanews.com\/index.php\/2019\/07\/13\/comentarista-atualiza-situacao-de-filipe-luis-com-o-flamengo\/#primaryimage\"},\"image\":{\"@id\":\"https:\/\/www.gaveanews.com\/index.php\/2019\/07\/13\/comentarista-atualiza-situacao-de-filipe-luis-com-o-flamengo\/#primaryimage\"},\"thumbnailUrl\":\"https:\/\/www.gaveanews.com\/wp-content\/uploads\/2019\/04\/Filipe-Luis-em-acao-pelo-Brasil.webp\",\"datePublished\":\"2019-07-13T11:33:07+00:00\",\"author\":{\"@id\":\"https:\/\/www.gaveanews.com\/#\/schema\/person\/2ec14f73fb96be2caf28f91afb14749d\"},\"breadcrumb\":{\"@id\":\"https:\/\/www.gaveanews.com\/index.php\/2019\/07\/13\/comentarista-atualiza-situacao-de-filipe-luis-com-o-flamengo\/#breadcrumb\"},\"inLanguage\":\"pt-BR\",\"potentialAction\":[{\"@type\":\"ReadAction\",\"target\":[\"https:\/\/www.gaveanews.com\/index.php\/2019\/07\/13\/comentarista-atualiza-situacao-de-filipe-luis-com-o-flamengo\/\"]}]},{\"@type\":\"ImageObject\",\"inLanguage\":\"pt-BR\",\"@id\":\"https:\/\/www.gaveanews.com\/index.php\/2019\/07\/13\/comentarista-atualiza-situacao-de-filipe-luis-com-o-flamengo\/#primaryimage\",\"url\":\"https:\/\/www.gaveanews.com\/wp-content\/uploads\/2019\/04\/Filipe-Luis-em-acao-pelo-Brasil.webp\",\"contentUrl\":\"https:\/\/www.gaveanews.com\/wp-content\/uploads\/2019\/04\/Filipe-Luis-em-acao-pelo-Brasil.webp\",\"caption\":\"Filipe Luis em a\u00e7\u00e3o pelo Brasil (Foto: Leo Correa\/MoWa Press)\"},{\"@type\":\"BreadcrumbList\",\"@id\":\"https:\/\/www.gaveanews.com\/index.php\/2019\/07\/13\/comentarista-atualiza-situacao-de-filipe-luis-com-o-flamengo\/#breadcrumb\",\"itemListElement\":[{\"@type\":\"ListItem\",\"position\":1,\"name\":\"Home\",\"item\":\"https:\/\/www.gaveanews.com\/\"},{\"@type\":\"ListItem\",\"position\":2,\"name\":\"Comentarista atualiza situa\u00e7\u00e3o de Filipe Lu\u00eds com o Flamengo\"}]},{\"@type\":\"WebSite\",\"@id\":\"https:\/\/www.gaveanews.com\/#website\",\"url\":\"https:\/\/www.gaveanews.com\/\",\"name\":\"G\u00e1vea News\",\"description\":\"Veja todas as not\u00edcias sobre o Flamengo: Contrata\u00e7\u00f5es, categorias de base, resultados das partidas, tabela de classifica\u00e7\u00e3o, pr\u00f3ximos jogos!\",\"potentialAction\":[{\"@type\":\"SearchAction\",\"target\":{\"@type\":\"EntryPoint\",\"urlTemplate\":\"https:\/\/www.gaveanews.com\/?s={search_term_string}\"},\"query-input\":{\"@type\":\"PropertyValueSpecification\",\"valueRequired\":true,\"valueName\":\"search_term_string\"}}],\"inLanguage\":\"pt-BR\"},{\"@type\":\"Person\",\"@id\":\"https:\/\/www.gaveanews.com\/#\/schema\/person\/2ec14f73fb96be2caf28f91afb14749d\",\"name\":\"Equipe G\u00e1vea News\",\"image\":{\"@type\":\"ImageObject\",\"inLanguage\":\"pt-BR\",\"@id\":\"https:\/\/www.gaveanews.com\/#\/schema\/person\/image\/\",\"url\":\"https:\/\/secure.gravatar.com\/avatar\/1e1956f1facbffd3f8fa53a326721950116b3b9dc9bd44939c01180fd4a745a9?s=96&d=mm&r=g\",\"contentUrl\":\"https:\/\/secure.gravatar.com\/avatar\/1e1956f1facbffd3f8fa53a326721950116b3b9dc9bd44939c01180fd4a745a9?s=96&d=mm&r=g\",\"caption\":\"Equipe G\u00e1vea News\"}}]}<\/script>\n<!-- \/ Yoast SEO Premium plugin. -->","yoast_head_json":{"title":"Comentarista atualiza situa\u00e7\u00e3o de Filipe Lu\u00eds com o Flamengo","robots":{"index":"index","follow":"follow","max-snippet":"max-snippet:-1","max-image-preview":"max-image-preview:large","max-video-preview":"max-video-preview:-1"},"canonical":"https:\/\/www.gaveanews.com\/index.php\/2019\/07\/13\/comentarista-atualiza-situacao-de-filipe-luis-com-o-flamengo\/","og_locale":"pt_BR","og_type":"article","og_title":"Comentarista atualiza situa\u00e7\u00e3o de Filipe Lu\u00eds com o Flamengo","og_description":"O Flamengo segue movimentando a janela de transfer\u00eancias, em busca de refor\u00e7ar o elenco para o segundo semestre desta temporada. O clube Rubro-Negro anunciou a contrata\u00e7\u00e3o de Pablo Mar\u00ed, zagueiro que pertencia ao Manchester City, e tamb\u00e9m assinou contrato com o volante Gerson, da Roma. A vinda destes jogadores ao Mais Querido faz parte dos [&hellip;]","og_url":"https:\/\/www.gaveanews.com\/index.php\/2019\/07\/13\/comentarista-atualiza-situacao-de-filipe-luis-com-o-flamengo\/","og_site_name":"G\u00e1vea News","article_publisher":"https:\/\/facebook.com\/gaveaNews\/","article_published_time":"2019-07-13T11:33:07+00:00","og_image":[{"url":"https:\/\/www.gaveanews.com\/wp-content\/uploads\/2019\/04\/Filipe-Luis-em-acao-pelo-Brasil.webp","width":1,"height":1,"type":"image\/jpeg"}],"author":"Equipe G\u00e1vea News","twitter_card":"summary_large_image","twitter_misc":{"Escrito por":"Equipe G\u00e1vea News","Est. tempo de leitura":"2 minutos"},"schema":{"@context":"https:\/\/schema.org","@graph":[{"@type":"NewsArticle","@id":"https:\/\/www.gaveanews.com\/index.php\/2019\/07\/13\/comentarista-atualiza-situacao-de-filipe-luis-com-o-flamengo\/#article","isPartOf":{"@id":"https:\/\/www.gaveanews.com\/index.php\/2019\/07\/13\/comentarista-atualiza-situacao-de-filipe-luis-com-o-flamengo\/"},"author":{"name":"Equipe G\u00e1vea News","@id":"https:\/\/www.gaveanews.com\/#\/schema\/person\/2ec14f73fb96be2caf28f91afb14749d"},"headline":"Comentarista atualiza situa\u00e7\u00e3o de Filipe Lu\u00eds com o Flamengo","datePublished":"2019-07-13T11:33:07+00:00","mainEntityOfPage":{"@id":"https:\/\/www.gaveanews.com\/index.php\/2019\/07\/13\/comentarista-atualiza-situacao-de-filipe-luis-com-o-flamengo\/"},"wordCount":337,"commentCount":0,"image":{"@id":"https:\/\/www.gaveanews.com\/index.php\/2019\/07\/13\/comentarista-atualiza-situacao-de-filipe-luis-com-o-flamengo\/#primaryimage"},"thumbnailUrl":"https:\/\/www.gaveanews.com\/wp-content\/uploads\/2019\/04\/Filipe-Luis-em-acao-pelo-Brasil.webp","articleSection":["Negocia\u00e7\u00f5es"],"inLanguage":"pt-BR","potentialAction":[{"@type":"CommentAction","name":"Comment","target":["https:\/\/www.gaveanews.com\/index.php\/2019\/07\/13\/comentarista-atualiza-situacao-de-filipe-luis-com-o-flamengo\/#respond"]}],"copyrightYear":"2019","copyrightHolder":{"@id":"https:\/\/www.gaveanews.com\/#organization"}},{"@type":"WebPage","@id":"https:\/\/www.gaveanews.com\/index.php\/2019\/07\/13\/comentarista-atualiza-situacao-de-filipe-luis-com-o-flamengo\/","url":"https:\/\/www.gaveanews.com\/index.php\/2019\/07\/13\/comentarista-atualiza-situacao-de-filipe-luis-com-o-flamengo\/","name":"Comentarista atualiza situa\u00e7\u00e3o de Filipe Lu\u00eds com o Flamengo","isPartOf":{"@id":"https:\/\/www.gaveanews.com\/#website"},"primaryImageOfPage":{"@id":"https:\/\/www.gaveanews.com\/index.php\/2019\/07\/13\/comentarista-atualiza-situacao-de-filipe-luis-com-o-flamengo\/#primaryimage"},"image":{"@id":"https:\/\/www.gaveanews.com\/index.php\/2019\/07\/13\/comentarista-atualiza-situacao-de-filipe-luis-com-o-flamengo\/#primaryimage"},"thumbnailUrl":"https:\/\/www.gaveanews.com\/wp-content\/uploads\/2019\/04\/Filipe-Luis-em-acao-pelo-Brasil.webp","datePublished":"2019-07-13T11:33:07+00:00","author":{"@id":"https:\/\/www.gaveanews.com\/#\/schema\/person\/2ec14f73fb96be2caf28f91afb14749d"},"breadcrumb":{"@id":"https:\/\/www.gaveanews.com\/index.php\/2019\/07\/13\/comentarista-atualiza-situacao-de-filipe-luis-com-o-flamengo\/#breadcrumb"},"inLanguage":"pt-BR","potentialAction":[{"@type":"ReadAction","target":["https:\/\/www.gaveanews.com\/index.php\/2019\/07\/13\/comentarista-atualiza-situacao-de-filipe-luis-com-o-flamengo\/"]}]},{"@type":"ImageObject","inLanguage":"pt-BR","@id":"https:\/\/www.gaveanews.com\/index.php\/2019\/07\/13\/comentarista-atualiza-situacao-de-filipe-luis-com-o-flamengo\/#primaryimage","url":"https:\/\/www.gaveanews.com\/wp-content\/uploads\/2019\/04\/Filipe-Luis-em-acao-pelo-Brasil.webp","contentUrl":"https:\/\/www.gaveanews.com\/wp-content\/uploads\/2019\/04\/Filipe-Luis-em-acao-pelo-Brasil.webp","caption":"Filipe Luis em a\u00e7\u00e3o pelo Brasil (Foto: Leo Correa\/MoWa Press)"},{"@type":"BreadcrumbList","@id":"https:\/\/www.gaveanews.com\/index.php\/2019\/07\/13\/comentarista-atualiza-situacao-de-filipe-luis-com-o-flamengo\/#breadcrumb","itemListElement":[{"@type":"ListItem","position":1,"name":"Home","item":"https:\/\/www.gaveanews.com\/"},{"@type":"ListItem","position":2,"name":"Comentarista atualiza situa\u00e7\u00e3o de Filipe Lu\u00eds com o Flamengo"}]},{"@type":"WebSite","@id":"https:\/\/www.gaveanews.com\/#website","url":"https:\/\/www.gaveanews.com\/","name":"G\u00e1vea News","description":"Veja todas as not\u00edcias sobre o Flamengo: Contrata\u00e7\u00f5es, categorias de base, resultados das partidas, tabela de classifica\u00e7\u00e3o, pr\u00f3ximos jogos!","potentialAction":[{"@type":"SearchAction","target":{"@type":"EntryPoint","urlTemplate":"https:\/\/www.gaveanews.com\/?s={search_term_string}"},"query-input":{"@type":"PropertyValueSpecification","valueRequired":true,"valueName":"search_term_string"}}],"inLanguage":"pt-BR"},{"@type":"Person","@id":"https:\/\/www.gaveanews.com\/#\/schema\/person\/2ec14f73fb96be2caf28f91afb14749d","name":"Equipe G\u00e1vea News","image":{"@type":"ImageObject","inLanguage":"pt-BR","@id":"https:\/\/www.gaveanews.com\/#\/schema\/person\/image\/","url":"https:\/\/secure.gravatar.com\/avatar\/1e1956f1facbffd3f8fa53a326721950116b3b9dc9bd44939c01180fd4a745a9?s=96&d=mm&r=g","contentUrl":"https:\/\/secure.gravatar.com\/avatar\/1e1956f1facbffd3f8fa53a326721950116b3b9dc9bd44939c01180fd4a745a9?s=96&d=mm&r=g","caption":"Equipe G\u00e1vea News"}}]}},"_links":{"self":[{"href":"https:\/\/www.gaveanews.com\/index.php\/wp-json\/wp\/v2\/posts\/23040","targetHints":{"allow":["GET"]}}],"collection":[{"href":"https:\/\/www.gaveanews.com\/index.php\/wp-json\/wp\/v2\/posts"}],"about":[{"href":"https:\/\/www.gaveanews.com\/index.php\/wp-json\/wp\/v2\/types\/post"}],"author":[{"embeddable":true,"href":"https:\/\/www.gaveanews.com\/index.php\/wp-json\/wp\/v2\/users\/1"}],"replies":[{"embeddable":true,"href":"https:\/\/www.gaveanews.com\/index.php\/wp-json\/wp\/v2\/comments?post=23040"}],"version-history":[{"count":0,"href":"https:\/\/www.gaveanews.com\/index.php\/wp-json\/wp\/v2\/posts\/23040\/revisions"}],"wp:featuredmedia":[{"embeddable":true,"href":"https:\/\/www.gaveanews.com\/index.php\/wp-json\/wp\/v2\/media\/17006"}],"wp:attachment":[{"href":"https:\/\/www.gaveanews.com\/index.php\/wp-json\/wp\/v2\/media?parent=23040"}],"wp:term":[{"taxonomy":"category","embeddable":true,"href":"https:\/\/www.gaveanews.com\/index.php\/wp-json\/wp\/v2\/categories?post=23040"},{"taxonomy":"post_tag","embeddable":true,"href":"https:\/\/www.gaveanews.com\/index.php\/wp-json\/wp\/v2\/tags?post=23040"}],"curies":[{"name":"wp","href":"https:\/\/api.w.org\/{rel}","templated":true}]}}