{"id":230466,"date":"2025-02-19T23:15:00","date_gmt":"2025-02-20T02:15:00","guid":{"rendered":"https:\/\/www.gaveanews.com\/?p=230466"},"modified":"2025-02-19T21:52:00","modified_gmt":"2025-02-20T00:52:00","slug":"apesar-da-vitoria-rony-faz-forte-reclamacao-apos-o-jogo-do-atletico-mg","status":"publish","type":"post","link":"https:\/\/www.gaveanews.com\/index.php\/2025\/02\/19\/apesar-da-vitoria-rony-faz-forte-reclamacao-apos-o-jogo-do-atletico-mg\/","title":{"rendered":"Apesar da vit\u00f3ria, Rony faz forte reclama\u00e7\u00e3o ap\u00f3s o jogo do Atl\u00e9tico-MG"},"content":{"rendered":"\n<p>Durante a partida entre Tocantin\u00f3polis e Atl\u00e9tico-MG, v\u00e1lida pela primeira fase da Copa do Brasil, o atacante Rony manifestou insatisfa\u00e7\u00e3o com as condi\u00e7\u00f5es do gramado do Est\u00e1dio Ribeir\u00e3o. Segundo o jogador, a grama alta e dura prejudicou a qualidade do jogo, dificultando a execu\u00e7\u00e3o de passes rasteiros e a dinamiza\u00e7\u00e3o da partida. &#8220;Com todo respeito, pe\u00e7o desculpas \u00e0 equipe advers\u00e1ria, mas n\u00e3o tem condi\u00e7\u00e3o de jogar em um campo desses&#8221;, afirmou Rony em entrevista no intervalo do confronto.<\/p>\n\n\n\n<p>O Tocantin\u00f3polis se pronunciou sobre a quest\u00e3o e informou que n\u00e3o houve tempo h\u00e1bil para a manuten\u00e7\u00e3o adequada do gramado antes da partida. Apesar das dificuldades apontadas pelo atacante, o Atl\u00e9tico-MG venceu o duelo por 2 a 0, com gols de Hulk e do pr\u00f3prio Rony, garantindo classifica\u00e7\u00e3o para a segunda fase da Copa do Brasil.<\/p>\n\n\n\n<p>A declara\u00e7\u00e3o do atacante ocorreu no mesmo dia em que um grupo de jogadores de diferentes clubes se posicionou contra a utiliza\u00e7\u00e3o de gramados sint\u00e9ticos no futebol brasileiro. O movimento, liderado por atletas como Neymar, Thiago Silva e Lucas Moura, defende que o futebol profissional deve ser disputado apenas em gramados naturais, ressaltando preocupa\u00e7\u00f5es com a seguran\u00e7a e a qualidade do jogo.<\/p>\n\n\n\n<p>A discuss\u00e3o ganhou for\u00e7a entre clubes da S\u00e9rie A, que articulam uma vota\u00e7\u00e3o no pr\u00f3ximo Conselho T\u00e9cnico da CBF para decidir sobre a proibi\u00e7\u00e3o de gramados sint\u00e9ticos. A pol\u00eamica tamb\u00e9m envolve o Atl\u00e9tico-MG e o Palmeiras, times que utilizam esse tipo de gramado em seus est\u00e1dios e que defendem a qualidade dos campos artificiais.<\/p>\n\n\n\n<p>O Atl\u00e9tico-MG afirmou em nota oficial que n\u00e3o h\u00e1 comprova\u00e7\u00e3o cient\u00edfica sobre um aumento no risco de les\u00f5es devido ao uso de grama sint\u00e9tica. O clube destacou que o gramado da Arena MRV possui certifica\u00e7\u00e3o da FIFA, garantindo padr\u00f5es de seguran\u00e7a e desempenho. Similarmente, o Palmeiras refor\u00e7ou que seu gramado tamb\u00e9m \u00e9 certificado e que estudos indicam que a incid\u00eancia de les\u00f5es em campos artificiais n\u00e3o \u00e9 superior \u00e0 de gramados naturais.<\/p>\n\n\n\n<p>A discuss\u00e3o sobre as condi\u00e7\u00f5es dos gramados no futebol brasileiro continua gerando debates entre jogadores, clubes e entidades esportivas. Enquanto atletas defendem melhorias estruturais e padroniza\u00e7\u00e3o da qualidade dos campos naturais, clubes com gramados sint\u00e9ticos argumentam que a moderniza\u00e7\u00e3o \u00e9 necess\u00e1ria para garantir boas condi\u00e7\u00f5es de jogo durante toda a temporada.<\/p>\n","protected":false},"excerpt":{"rendered":"<p>Durante a partida entre Tocantin\u00f3polis e Atl\u00e9tico-MG, v\u00e1lida pela primeira fase da Copa do Brasil, o atacante Rony manifestou insatisfa\u00e7\u00e3o com as condi\u00e7\u00f5es do gramado do Est\u00e1dio Ribeir\u00e3o. Segundo o jogador, a grama alta e dura prejudicou a qualidade do jogo, dificultando a execu\u00e7\u00e3o de passes rasteiros e a dinamiza\u00e7\u00e3o da partida. &#8220;Com todo respeito, [&hellip;]<\/p>\n","protected":false},"author":18,"featured_media":229586,"comment_status":"open","ping_status":"closed","sticky":false,"template":"","format":"standard","meta":{"footnotes":""},"categories":[136],"tags":[],"class_list":["post-230466","post","type-post","status-publish","format-standard","has-post-thumbnail","hentry","category-atletico-mg"],"yoast_head":"<!-- This site is optimized with the Yoast SEO Premium plugin v24.2 (Yoast SEO v26.9) - https:\/\/yoast.com\/product\/yoast-seo-premium-wordpress\/ -->\n<title>Apesar da vit\u00f3ria, Rony faz forte reclama\u00e7\u00e3o ap\u00f3s o jogo do Atl\u00e9tico-MG<\/title>\n<meta name=\"robots\" content=\"index, follow, max-snippet:-1, max-image-preview:large, max-video-preview:-1\" \/>\n<link rel=\"canonical\" href=\"https:\/\/www.gaveanews.com\/index.php\/2025\/02\/19\/apesar-da-vitoria-rony-faz-forte-reclamacao-apos-o-jogo-do-atletico-mg\/\" \/>\n<meta property=\"og:locale\" content=\"pt_BR\" \/>\n<meta property=\"og:type\" content=\"article\" \/>\n<meta property=\"og:title\" content=\"Apesar da vit\u00f3ria, Rony faz forte reclama\u00e7\u00e3o ap\u00f3s o jogo do Atl\u00e9tico-MG\" \/>\n<meta property=\"og:description\" content=\"Durante a partida entre Tocantin\u00f3polis e Atl\u00e9tico-MG, v\u00e1lida pela primeira fase da Copa do Brasil, o atacante Rony manifestou insatisfa\u00e7\u00e3o com as condi\u00e7\u00f5es do gramado do Est\u00e1dio Ribeir\u00e3o. Segundo o jogador, a grama alta e dura prejudicou a qualidade do jogo, dificultando a execu\u00e7\u00e3o de passes rasteiros e a dinamiza\u00e7\u00e3o da partida. &#8220;Com todo respeito, [&hellip;]\" \/>\n<meta property=\"og:url\" content=\"https:\/\/www.gaveanews.com\/index.php\/2025\/02\/19\/apesar-da-vitoria-rony-faz-forte-reclamacao-apos-o-jogo-do-atletico-mg\/\" \/>\n<meta property=\"og:site_name\" content=\"G\u00e1vea News\" \/>\n<meta property=\"article:publisher\" content=\"https:\/\/facebook.com\/gaveaNews\/\" \/>\n<meta property=\"article:published_time\" content=\"2025-02-20T02:15:00+00:00\" \/>\n<meta property=\"og:image\" content=\"https:\/\/www.gaveanews.com\/wp-content\/uploads\/Rony-em-acao-pelo-Atletico-MG.webp\" \/>\n\t<meta property=\"og:image:width\" content=\"742\" \/>\n\t<meta property=\"og:image:height\" content=\"493\" \/>\n\t<meta property=\"og:image:type\" content=\"image\/jpeg\" \/>\n<meta name=\"author\" content=\"Paula Silva\" \/>\n<meta name=\"twitter:card\" content=\"summary_large_image\" \/>\n<meta name=\"twitter:label1\" content=\"Escrito por\" \/>\n\t<meta name=\"twitter:data1\" content=\"Paula Silva\" \/>\n\t<meta name=\"twitter:label2\" content=\"Est. tempo de leitura\" \/>\n\t<meta name=\"twitter:data2\" content=\"3 minutos\" \/>\n<script type=\"application\/ld+json\" class=\"yoast-schema-graph\">{\"@context\":\"https:\/\/schema.org\",\"@graph\":[{\"@type\":\"NewsArticle\",\"@id\":\"https:\/\/www.gaveanews.com\/index.php\/2025\/02\/19\/apesar-da-vitoria-rony-faz-forte-reclamacao-apos-o-jogo-do-atletico-mg\/#article\",\"isPartOf\":{\"@id\":\"https:\/\/www.gaveanews.com\/index.php\/2025\/02\/19\/apesar-da-vitoria-rony-faz-forte-reclamacao-apos-o-jogo-do-atletico-mg\/\"},\"author\":{\"name\":\"Paula Silva\",\"@id\":\"https:\/\/www.gaveanews.com\/#\/schema\/person\/daf63eec72e1164eb13dc35096c2b8da\"},\"headline\":\"Apesar da vit\u00f3ria, Rony faz forte reclama\u00e7\u00e3o ap\u00f3s o jogo do Atl\u00e9tico-MG\",\"datePublished\":\"2025-02-20T02:15:00+00:00\",\"mainEntityOfPage\":{\"@id\":\"https:\/\/www.gaveanews.com\/index.php\/2025\/02\/19\/apesar-da-vitoria-rony-faz-forte-reclamacao-apos-o-jogo-do-atletico-mg\/\"},\"wordCount\":441,\"commentCount\":0,\"image\":{\"@id\":\"https:\/\/www.gaveanews.com\/index.php\/2025\/02\/19\/apesar-da-vitoria-rony-faz-forte-reclamacao-apos-o-jogo-do-atletico-mg\/#primaryimage\"},\"thumbnailUrl\":\"https:\/\/www.gaveanews.com\/wp-content\/uploads\/Rony-em-acao-pelo-Atletico-MG.webp\",\"articleSection\":[\"Atl\u00e9tico-MG\"],\"inLanguage\":\"pt-BR\",\"potentialAction\":[{\"@type\":\"CommentAction\",\"name\":\"Comment\",\"target\":[\"https:\/\/www.gaveanews.com\/index.php\/2025\/02\/19\/apesar-da-vitoria-rony-faz-forte-reclamacao-apos-o-jogo-do-atletico-mg\/#respond\"]}],\"copyrightYear\":\"2025\",\"copyrightHolder\":{\"@id\":\"https:\/\/www.gaveanews.com\/#organization\"}},{\"@type\":\"WebPage\",\"@id\":\"https:\/\/www.gaveanews.com\/index.php\/2025\/02\/19\/apesar-da-vitoria-rony-faz-forte-reclamacao-apos-o-jogo-do-atletico-mg\/\",\"url\":\"https:\/\/www.gaveanews.com\/index.php\/2025\/02\/19\/apesar-da-vitoria-rony-faz-forte-reclamacao-apos-o-jogo-do-atletico-mg\/\",\"name\":\"Apesar da vit\u00f3ria, Rony faz forte reclama\u00e7\u00e3o ap\u00f3s o jogo do Atl\u00e9tico-MG\",\"isPartOf\":{\"@id\":\"https:\/\/www.gaveanews.com\/#website\"},\"primaryImageOfPage\":{\"@id\":\"https:\/\/www.gaveanews.com\/index.php\/2025\/02\/19\/apesar-da-vitoria-rony-faz-forte-reclamacao-apos-o-jogo-do-atletico-mg\/#primaryimage\"},\"image\":{\"@id\":\"https:\/\/www.gaveanews.com\/index.php\/2025\/02\/19\/apesar-da-vitoria-rony-faz-forte-reclamacao-apos-o-jogo-do-atletico-mg\/#primaryimage\"},\"thumbnailUrl\":\"https:\/\/www.gaveanews.com\/wp-content\/uploads\/Rony-em-acao-pelo-Atletico-MG.webp\",\"datePublished\":\"2025-02-20T02:15:00+00:00\",\"author\":{\"@id\":\"https:\/\/www.gaveanews.com\/#\/schema\/person\/daf63eec72e1164eb13dc35096c2b8da\"},\"breadcrumb\":{\"@id\":\"https:\/\/www.gaveanews.com\/index.php\/2025\/02\/19\/apesar-da-vitoria-rony-faz-forte-reclamacao-apos-o-jogo-do-atletico-mg\/#breadcrumb\"},\"inLanguage\":\"pt-BR\",\"potentialAction\":[{\"@type\":\"ReadAction\",\"target\":[\"https:\/\/www.gaveanews.com\/index.php\/2025\/02\/19\/apesar-da-vitoria-rony-faz-forte-reclamacao-apos-o-jogo-do-atletico-mg\/\"]}]},{\"@type\":\"ImageObject\",\"inLanguage\":\"pt-BR\",\"@id\":\"https:\/\/www.gaveanews.com\/index.php\/2025\/02\/19\/apesar-da-vitoria-rony-faz-forte-reclamacao-apos-o-jogo-do-atletico-mg\/#primaryimage\",\"url\":\"https:\/\/www.gaveanews.com\/wp-content\/uploads\/Rony-em-acao-pelo-Atletico-MG.webp\",\"contentUrl\":\"https:\/\/www.gaveanews.com\/wp-content\/uploads\/Rony-em-acao-pelo-Atletico-MG.webp\",\"width\":742,\"height\":493,\"caption\":\"Rony em a\u00e7\u00e3o pelo Atl\u00e9tico-MG (Foto: Pedro Souza)\"},{\"@type\":\"BreadcrumbList\",\"@id\":\"https:\/\/www.gaveanews.com\/index.php\/2025\/02\/19\/apesar-da-vitoria-rony-faz-forte-reclamacao-apos-o-jogo-do-atletico-mg\/#breadcrumb\",\"itemListElement\":[{\"@type\":\"ListItem\",\"position\":1,\"name\":\"Home\",\"item\":\"https:\/\/www.gaveanews.com\/\"},{\"@type\":\"ListItem\",\"position\":2,\"name\":\"Apesar da vit\u00f3ria, Rony faz forte reclama\u00e7\u00e3o ap\u00f3s o jogo do Atl\u00e9tico-MG\"}]},{\"@type\":\"WebSite\",\"@id\":\"https:\/\/www.gaveanews.com\/#website\",\"url\":\"https:\/\/www.gaveanews.com\/\",\"name\":\"G\u00e1vea News\",\"description\":\"Veja todas as not\u00edcias sobre o Flamengo: Contrata\u00e7\u00f5es, categorias de base, resultados das partidas, tabela de classifica\u00e7\u00e3o, pr\u00f3ximos jogos!\",\"potentialAction\":[{\"@type\":\"SearchAction\",\"target\":{\"@type\":\"EntryPoint\",\"urlTemplate\":\"https:\/\/www.gaveanews.com\/?s={search_term_string}\"},\"query-input\":{\"@type\":\"PropertyValueSpecification\",\"valueRequired\":true,\"valueName\":\"search_term_string\"}}],\"inLanguage\":\"pt-BR\"},{\"@type\":\"Person\",\"@id\":\"https:\/\/www.gaveanews.com\/#\/schema\/person\/daf63eec72e1164eb13dc35096c2b8da\",\"name\":\"Paula Silva\",\"image\":{\"@type\":\"ImageObject\",\"inLanguage\":\"pt-BR\",\"@id\":\"https:\/\/www.gaveanews.com\/#\/schema\/person\/image\/\",\"url\":\"https:\/\/secure.gravatar.com\/avatar\/eda381c845527cc5d64c13b901833cda29d97500ba040d3e6461f76f51d163bb?s=96&d=mm&r=g\",\"contentUrl\":\"https:\/\/secure.gravatar.com\/avatar\/eda381c845527cc5d64c13b901833cda29d97500ba040d3e6461f76f51d163bb?s=96&d=mm&r=g\",\"caption\":\"Paula Silva\"}}]}<\/script>\n<!-- \/ Yoast SEO Premium plugin. -->","yoast_head_json":{"title":"Apesar da vit\u00f3ria, Rony faz forte reclama\u00e7\u00e3o ap\u00f3s o jogo do Atl\u00e9tico-MG","robots":{"index":"index","follow":"follow","max-snippet":"max-snippet:-1","max-image-preview":"max-image-preview:large","max-video-preview":"max-video-preview:-1"},"canonical":"https:\/\/www.gaveanews.com\/index.php\/2025\/02\/19\/apesar-da-vitoria-rony-faz-forte-reclamacao-apos-o-jogo-do-atletico-mg\/","og_locale":"pt_BR","og_type":"article","og_title":"Apesar da vit\u00f3ria, Rony faz forte reclama\u00e7\u00e3o ap\u00f3s o jogo do Atl\u00e9tico-MG","og_description":"Durante a partida entre Tocantin\u00f3polis e Atl\u00e9tico-MG, v\u00e1lida pela primeira fase da Copa do Brasil, o atacante Rony manifestou insatisfa\u00e7\u00e3o com as condi\u00e7\u00f5es do gramado do Est\u00e1dio Ribeir\u00e3o. Segundo o jogador, a grama alta e dura prejudicou a qualidade do jogo, dificultando a execu\u00e7\u00e3o de passes rasteiros e a dinamiza\u00e7\u00e3o da partida. &#8220;Com todo respeito, [&hellip;]","og_url":"https:\/\/www.gaveanews.com\/index.php\/2025\/02\/19\/apesar-da-vitoria-rony-faz-forte-reclamacao-apos-o-jogo-do-atletico-mg\/","og_site_name":"G\u00e1vea News","article_publisher":"https:\/\/facebook.com\/gaveaNews\/","article_published_time":"2025-02-20T02:15:00+00:00","og_image":[{"width":742,"height":493,"url":"https:\/\/www.gaveanews.com\/wp-content\/uploads\/Rony-em-acao-pelo-Atletico-MG.webp","type":"image\/jpeg"}],"author":"Paula Silva","twitter_card":"summary_large_image","twitter_misc":{"Escrito por":"Paula Silva","Est. tempo de leitura":"3 minutos"},"schema":{"@context":"https:\/\/schema.org","@graph":[{"@type":"NewsArticle","@id":"https:\/\/www.gaveanews.com\/index.php\/2025\/02\/19\/apesar-da-vitoria-rony-faz-forte-reclamacao-apos-o-jogo-do-atletico-mg\/#article","isPartOf":{"@id":"https:\/\/www.gaveanews.com\/index.php\/2025\/02\/19\/apesar-da-vitoria-rony-faz-forte-reclamacao-apos-o-jogo-do-atletico-mg\/"},"author":{"name":"Paula Silva","@id":"https:\/\/www.gaveanews.com\/#\/schema\/person\/daf63eec72e1164eb13dc35096c2b8da"},"headline":"Apesar da vit\u00f3ria, Rony faz forte reclama\u00e7\u00e3o ap\u00f3s o jogo do Atl\u00e9tico-MG","datePublished":"2025-02-20T02:15:00+00:00","mainEntityOfPage":{"@id":"https:\/\/www.gaveanews.com\/index.php\/2025\/02\/19\/apesar-da-vitoria-rony-faz-forte-reclamacao-apos-o-jogo-do-atletico-mg\/"},"wordCount":441,"commentCount":0,"image":{"@id":"https:\/\/www.gaveanews.com\/index.php\/2025\/02\/19\/apesar-da-vitoria-rony-faz-forte-reclamacao-apos-o-jogo-do-atletico-mg\/#primaryimage"},"thumbnailUrl":"https:\/\/www.gaveanews.com\/wp-content\/uploads\/Rony-em-acao-pelo-Atletico-MG.webp","articleSection":["Atl\u00e9tico-MG"],"inLanguage":"pt-BR","potentialAction":[{"@type":"CommentAction","name":"Comment","target":["https:\/\/www.gaveanews.com\/index.php\/2025\/02\/19\/apesar-da-vitoria-rony-faz-forte-reclamacao-apos-o-jogo-do-atletico-mg\/#respond"]}],"copyrightYear":"2025","copyrightHolder":{"@id":"https:\/\/www.gaveanews.com\/#organization"}},{"@type":"WebPage","@id":"https:\/\/www.gaveanews.com\/index.php\/2025\/02\/19\/apesar-da-vitoria-rony-faz-forte-reclamacao-apos-o-jogo-do-atletico-mg\/","url":"https:\/\/www.gaveanews.com\/index.php\/2025\/02\/19\/apesar-da-vitoria-rony-faz-forte-reclamacao-apos-o-jogo-do-atletico-mg\/","name":"Apesar da vit\u00f3ria, Rony faz forte reclama\u00e7\u00e3o ap\u00f3s o jogo do Atl\u00e9tico-MG","isPartOf":{"@id":"https:\/\/www.gaveanews.com\/#website"},"primaryImageOfPage":{"@id":"https:\/\/www.gaveanews.com\/index.php\/2025\/02\/19\/apesar-da-vitoria-rony-faz-forte-reclamacao-apos-o-jogo-do-atletico-mg\/#primaryimage"},"image":{"@id":"https:\/\/www.gaveanews.com\/index.php\/2025\/02\/19\/apesar-da-vitoria-rony-faz-forte-reclamacao-apos-o-jogo-do-atletico-mg\/#primaryimage"},"thumbnailUrl":"https:\/\/www.gaveanews.com\/wp-content\/uploads\/Rony-em-acao-pelo-Atletico-MG.webp","datePublished":"2025-02-20T02:15:00+00:00","author":{"@id":"https:\/\/www.gaveanews.com\/#\/schema\/person\/daf63eec72e1164eb13dc35096c2b8da"},"breadcrumb":{"@id":"https:\/\/www.gaveanews.com\/index.php\/2025\/02\/19\/apesar-da-vitoria-rony-faz-forte-reclamacao-apos-o-jogo-do-atletico-mg\/#breadcrumb"},"inLanguage":"pt-BR","potentialAction":[{"@type":"ReadAction","target":["https:\/\/www.gaveanews.com\/index.php\/2025\/02\/19\/apesar-da-vitoria-rony-faz-forte-reclamacao-apos-o-jogo-do-atletico-mg\/"]}]},{"@type":"ImageObject","inLanguage":"pt-BR","@id":"https:\/\/www.gaveanews.com\/index.php\/2025\/02\/19\/apesar-da-vitoria-rony-faz-forte-reclamacao-apos-o-jogo-do-atletico-mg\/#primaryimage","url":"https:\/\/www.gaveanews.com\/wp-content\/uploads\/Rony-em-acao-pelo-Atletico-MG.webp","contentUrl":"https:\/\/www.gaveanews.com\/wp-content\/uploads\/Rony-em-acao-pelo-Atletico-MG.webp","width":742,"height":493,"caption":"Rony em a\u00e7\u00e3o pelo Atl\u00e9tico-MG (Foto: Pedro Souza)"},{"@type":"BreadcrumbList","@id":"https:\/\/www.gaveanews.com\/index.php\/2025\/02\/19\/apesar-da-vitoria-rony-faz-forte-reclamacao-apos-o-jogo-do-atletico-mg\/#breadcrumb","itemListElement":[{"@type":"ListItem","position":1,"name":"Home","item":"https:\/\/www.gaveanews.com\/"},{"@type":"ListItem","position":2,"name":"Apesar da vit\u00f3ria, Rony faz forte reclama\u00e7\u00e3o ap\u00f3s o jogo do Atl\u00e9tico-MG"}]},{"@type":"WebSite","@id":"https:\/\/www.gaveanews.com\/#website","url":"https:\/\/www.gaveanews.com\/","name":"G\u00e1vea News","description":"Veja todas as not\u00edcias sobre o Flamengo: Contrata\u00e7\u00f5es, categorias de base, resultados das partidas, tabela de classifica\u00e7\u00e3o, pr\u00f3ximos jogos!","potentialAction":[{"@type":"SearchAction","target":{"@type":"EntryPoint","urlTemplate":"https:\/\/www.gaveanews.com\/?s={search_term_string}"},"query-input":{"@type":"PropertyValueSpecification","valueRequired":true,"valueName":"search_term_string"}}],"inLanguage":"pt-BR"},{"@type":"Person","@id":"https:\/\/www.gaveanews.com\/#\/schema\/person\/daf63eec72e1164eb13dc35096c2b8da","name":"Paula Silva","image":{"@type":"ImageObject","inLanguage":"pt-BR","@id":"https:\/\/www.gaveanews.com\/#\/schema\/person\/image\/","url":"https:\/\/secure.gravatar.com\/avatar\/eda381c845527cc5d64c13b901833cda29d97500ba040d3e6461f76f51d163bb?s=96&d=mm&r=g","contentUrl":"https:\/\/secure.gravatar.com\/avatar\/eda381c845527cc5d64c13b901833cda29d97500ba040d3e6461f76f51d163bb?s=96&d=mm&r=g","caption":"Paula Silva"}}]}},"_links":{"self":[{"href":"https:\/\/www.gaveanews.com\/index.php\/wp-json\/wp\/v2\/posts\/230466","targetHints":{"allow":["GET"]}}],"collection":[{"href":"https:\/\/www.gaveanews.com\/index.php\/wp-json\/wp\/v2\/posts"}],"about":[{"href":"https:\/\/www.gaveanews.com\/index.php\/wp-json\/wp\/v2\/types\/post"}],"author":[{"embeddable":true,"href":"https:\/\/www.gaveanews.com\/index.php\/wp-json\/wp\/v2\/users\/18"}],"replies":[{"embeddable":true,"href":"https:\/\/www.gaveanews.com\/index.php\/wp-json\/wp\/v2\/comments?post=230466"}],"version-history":[{"count":1,"href":"https:\/\/www.gaveanews.com\/index.php\/wp-json\/wp\/v2\/posts\/230466\/revisions"}],"predecessor-version":[{"id":230470,"href":"https:\/\/www.gaveanews.com\/index.php\/wp-json\/wp\/v2\/posts\/230466\/revisions\/230470"}],"wp:featuredmedia":[{"embeddable":true,"href":"https:\/\/www.gaveanews.com\/index.php\/wp-json\/wp\/v2\/media\/229586"}],"wp:attachment":[{"href":"https:\/\/www.gaveanews.com\/index.php\/wp-json\/wp\/v2\/media?parent=230466"}],"wp:term":[{"taxonomy":"category","embeddable":true,"href":"https:\/\/www.gaveanews.com\/index.php\/wp-json\/wp\/v2\/categories?post=230466"},{"taxonomy":"post_tag","embeddable":true,"href":"https:\/\/www.gaveanews.com\/index.php\/wp-json\/wp\/v2\/tags?post=230466"}],"curies":[{"name":"wp","href":"https:\/\/api.w.org\/{rel}","templated":true}]}}