{"id":230511,"date":"2025-02-19T22:27:14","date_gmt":"2025-02-20T01:27:14","guid":{"rendered":"https:\/\/www.gaveanews.com\/?p=230511"},"modified":"2025-02-19T22:27:17","modified_gmt":"2025-02-20T01:27:17","slug":"santos-x-noroeste-a-declaracao-de-pedro-caixinha-direcionada-a-gil","status":"publish","type":"post","link":"https:\/\/www.gaveanews.com\/index.php\/2025\/02\/19\/santos-x-noroeste-a-declaracao-de-pedro-caixinha-direcionada-a-gil\/","title":{"rendered":"Santos x Noroeste: A declara\u00e7\u00e3o de Pedro Caixinha direcionada a Gil"},"content":{"rendered":"\n<p>Pedro Caixinha pregou cautela para definir Gil como um dos zagueiros titulares do Santos. Em entrevista coletiva ap\u00f3s a vit\u00f3ria sobre o Noroeste, o t\u00e9cnico portugu\u00eas mostrou preocupa\u00e7\u00e3o com o condicionamento f\u00edsico do zagueiro. Mas ressaltou a qualidade do defensor e a mudan\u00e7a de comportamento dele dentro de campo.<\/p>\n\n\n\n<figure class=\"wp-block-image size-full\"><img loading=\"lazy\" decoding=\"async\" width=\"450\" height=\"450\" src=\"http:\/\/www.gaveanews.com\/wp-content\/uploads\/Gil-pelo-Santos.webp\" alt=\"\" class=\"wp-image-167623\" srcset=\"https:\/\/www.gaveanews.com\/wp-content\/uploads\/Gil-pelo-Santos.webp 450w, https:\/\/www.gaveanews.com\/wp-content\/uploads\/Gil-pelo-Santos-300x300.webp 300w, https:\/\/www.gaveanews.com\/wp-content\/uploads\/Gil-pelo-Santos-150x150.webp 150w, https:\/\/www.gaveanews.com\/wp-content\/uploads\/Gil-pelo-Santos-420x420.webp 420w, https:\/\/www.gaveanews.com\/wp-content\/uploads\/Gil-pelo-Santos-100x100.webp 100w\" sizes=\"auto, (max-width: 450px) 100vw, 450px\" \/><figcaption class=\"wp-element-caption\">Gil pelo Santos (Foto: Raul Baretta\/ Santos FC)<\/figcaption><\/figure>\n\n\n\n<p>Na reta final da partida, aos trinta minutos do segundo tempo, Gil precisou ser substitu\u00eddo por conta do desgaste f\u00edsico. Essa falta de condicionamento faz com que Pedro Caixinha tenha mais cuidado ao utiliz\u00e1-lo ou afirm\u00e1-lo como um dos zagueiros titulares do Santos.<\/p>\n\n\n\n<p>\u201cO Gil passa pelo mesmo processo (f\u00edsico de Tiquinho Soares). Ele ainda n\u00e3o teve muitos minutos e com esta sequ\u00eancia de jogos muito pr\u00f3xima, \u00e9 a segunda vez que tem que ser substitu\u00eddo no jogo. Ent\u00e3o vamos com calma. \u00c9 um jogador que n\u00f3s contamos, tal como com os outros zagueiros\u201d, disse.<\/p>\n\n\n\n<p>Ainda durante a coletiva, Pedro Caixinha se mostrou satisfeito com o desempenho geral dos zagueiros. Ele destacou a mudan\u00e7a posicionamento, principalmente de Gil.<\/p>\n\n\n\n<p>\u201cEst\u00e1 a ter um comportamento diferente em jogo. Era um Gil que voc\u00eas viam que jogava muito mais recuado e agora joga muito avan\u00e7ado, em termos daquilo que \u00e9 o acompanhamento da equipe. Hoje t\u00ednhamos a miss\u00e3o de que os nossos zagueiros controlassem a entrada de bola no primeiro passe. Ent\u00e3o gostei como nossos zagueiros puderam fazer isso\u201d, contou.<\/p>\n\n\n\n<h2 class=\"wp-block-heading\" id=\"h-como-foi-o-jogo\">Como foi o jogo<\/h2>\n\n\n\n<p>Nesta quarta-feira (19\/2), o Santos recebeu o Noroeste pela pen\u00faltima rodada do Campeonato Paulista, na Vila Belmiro, e venceu por 3 a 0, com gols de Guilherme, Tiquinho Soares e Thaciano. Com a vit\u00f3ria o Peixe chegou a 15 pontos e lidera o Grupo B.<\/p>\n\n\n\n<p>O primeiro gol saiu nos acr\u00e9scimos do primeiro tempo depois de um cruzamento de Jo\u00e3o Schmidt. Ele encontrou JP Chermont que bateu cruzado e a bola chegou em Guilherme. O camisa 11, cara a cara com o goleiro, n\u00e3o desperdi\u00e7ou e abriu o marcador.<\/p>\n\n\n\n<p>J\u00e1 no segundo tempo, o Peixe voltou com tudo. Aos 13 minutos, Soteldo recebeu na intermedi\u00e1ria, al\u00e7ou a bola na \u00e1rea e Tiquinho Soares finalizou em cima do zagueiro do Noroeste. Ela sobrou para o atacante, que n\u00e3o desperdi\u00e7ou a nova chance.<\/p>\n\n\n\n<p>Pouco tempo depois o Santos chegou ao terceiro. Soteldo recebeu a bola pelo lado direito de ataque. Cruzou para dentro da \u00e1rea e Tiquinho escorou para Thaciano ampliar o placar.<\/p>\n\n\n\n<p>Agora, o Peixe fica de olho no confronto do Bragantino contra o Mirassol, na pr\u00f3xima quinta-feira (20\/2), no est\u00e1dio Nabi Abi Chedid, em Bragan\u00e7a Paulista. O Alvinegro precisa que o Massa Bruta perca a partida para estar matematicamente classificado para as quartas de final do Paulist\u00e3o.<\/p>\n","protected":false},"excerpt":{"rendered":"<p>Pedro Caixinha pregou cautela para definir Gil como um dos zagueiros titulares do Santos. Em entrevista coletiva ap\u00f3s a vit\u00f3ria sobre o Noroeste, o t\u00e9cnico portugu\u00eas mostrou preocupa\u00e7\u00e3o com o condicionamento f\u00edsico do zagueiro. Mas ressaltou a qualidade do defensor e a mudan\u00e7a de comportamento dele dentro de campo. Na reta final da partida, aos [&hellip;]<\/p>\n","protected":false},"author":29,"featured_media":165619,"comment_status":"open","ping_status":"closed","sticky":false,"template":"","format":"standard","meta":{"footnotes":""},"categories":[139],"tags":[],"class_list":["post-230511","post","type-post","status-publish","format-standard","has-post-thumbnail","hentry","category-santos"],"yoast_head":"<!-- This site is optimized with the Yoast SEO Premium plugin v24.2 (Yoast SEO v26.9) - https:\/\/yoast.com\/product\/yoast-seo-premium-wordpress\/ -->\n<title>Santos x Noroeste: A declara\u00e7\u00e3o de Pedro Caixinha direcionada a Gil<\/title>\n<meta name=\"robots\" content=\"index, follow, max-snippet:-1, max-image-preview:large, max-video-preview:-1\" \/>\n<link rel=\"canonical\" href=\"https:\/\/www.gaveanews.com\/index.php\/2025\/02\/19\/santos-x-noroeste-a-declaracao-de-pedro-caixinha-direcionada-a-gil\/\" \/>\n<meta property=\"og:locale\" content=\"pt_BR\" \/>\n<meta property=\"og:type\" content=\"article\" \/>\n<meta property=\"og:title\" content=\"Santos x Noroeste: A declara\u00e7\u00e3o de Pedro Caixinha direcionada a Gil\" \/>\n<meta property=\"og:description\" content=\"Pedro Caixinha pregou cautela para definir Gil como um dos zagueiros titulares do Santos. Em entrevista coletiva ap\u00f3s a vit\u00f3ria sobre o Noroeste, o t\u00e9cnico portugu\u00eas mostrou preocupa\u00e7\u00e3o com o condicionamento f\u00edsico do zagueiro. Mas ressaltou a qualidade do defensor e a mudan\u00e7a de comportamento dele dentro de campo. Na reta final da partida, aos [&hellip;]\" \/>\n<meta property=\"og:url\" content=\"https:\/\/www.gaveanews.com\/index.php\/2025\/02\/19\/santos-x-noroeste-a-declaracao-de-pedro-caixinha-direcionada-a-gil\/\" \/>\n<meta property=\"og:site_name\" content=\"G\u00e1vea News\" \/>\n<meta property=\"article:publisher\" content=\"https:\/\/facebook.com\/gaveaNews\/\" \/>\n<meta property=\"article:published_time\" content=\"2025-02-20T01:27:14+00:00\" \/>\n<meta property=\"article:modified_time\" content=\"2025-02-20T01:27:17+00:00\" \/>\n<meta property=\"og:image\" content=\"http:\/\/www.gaveanews.com\/wp-content\/uploads\/Escudo-do-Santos-2.webp\" \/>\n\t<meta property=\"og:image:width\" content=\"1424\" \/>\n\t<meta property=\"og:image:height\" content=\"949\" \/>\n\t<meta property=\"og:image:type\" content=\"image\/webp\" \/>\n<meta name=\"author\" content=\"Marco Menezes\" \/>\n<meta name=\"twitter:card\" content=\"summary_large_image\" \/>\n<meta name=\"twitter:label1\" content=\"Escrito por\" \/>\n\t<meta name=\"twitter:data1\" content=\"Marco Menezes\" \/>\n\t<meta name=\"twitter:label2\" content=\"Est. tempo de leitura\" \/>\n\t<meta name=\"twitter:data2\" content=\"3 minutos\" \/>\n<script type=\"application\/ld+json\" class=\"yoast-schema-graph\">{\"@context\":\"https:\/\/schema.org\",\"@graph\":[{\"@type\":\"NewsArticle\",\"@id\":\"https:\/\/www.gaveanews.com\/index.php\/2025\/02\/19\/santos-x-noroeste-a-declaracao-de-pedro-caixinha-direcionada-a-gil\/#article\",\"isPartOf\":{\"@id\":\"https:\/\/www.gaveanews.com\/index.php\/2025\/02\/19\/santos-x-noroeste-a-declaracao-de-pedro-caixinha-direcionada-a-gil\/\"},\"author\":{\"name\":\"Marco Menezes\",\"@id\":\"https:\/\/www.gaveanews.com\/#\/schema\/person\/a9f62fe75380c6bada1b2fc49bc23d69\"},\"headline\":\"Santos x Noroeste: A declara\u00e7\u00e3o de Pedro Caixinha direcionada a Gil\",\"datePublished\":\"2025-02-20T01:27:14+00:00\",\"dateModified\":\"2025-02-20T01:27:17+00:00\",\"mainEntityOfPage\":{\"@id\":\"https:\/\/www.gaveanews.com\/index.php\/2025\/02\/19\/santos-x-noroeste-a-declaracao-de-pedro-caixinha-direcionada-a-gil\/\"},\"wordCount\":485,\"commentCount\":0,\"image\":{\"@id\":\"https:\/\/www.gaveanews.com\/index.php\/2025\/02\/19\/santos-x-noroeste-a-declaracao-de-pedro-caixinha-direcionada-a-gil\/#primaryimage\"},\"thumbnailUrl\":\"https:\/\/www.gaveanews.com\/wp-content\/uploads\/Escudo-do-Santos-2.webp\",\"articleSection\":[\"Santos\"],\"inLanguage\":\"pt-BR\",\"potentialAction\":[{\"@type\":\"CommentAction\",\"name\":\"Comment\",\"target\":[\"https:\/\/www.gaveanews.com\/index.php\/2025\/02\/19\/santos-x-noroeste-a-declaracao-de-pedro-caixinha-direcionada-a-gil\/#respond\"]}],\"copyrightYear\":\"2025\",\"copyrightHolder\":{\"@id\":\"https:\/\/www.gaveanews.com\/#organization\"}},{\"@type\":\"WebPage\",\"@id\":\"https:\/\/www.gaveanews.com\/index.php\/2025\/02\/19\/santos-x-noroeste-a-declaracao-de-pedro-caixinha-direcionada-a-gil\/\",\"url\":\"https:\/\/www.gaveanews.com\/index.php\/2025\/02\/19\/santos-x-noroeste-a-declaracao-de-pedro-caixinha-direcionada-a-gil\/\",\"name\":\"Santos x Noroeste: A declara\u00e7\u00e3o de Pedro Caixinha direcionada a Gil\",\"isPartOf\":{\"@id\":\"https:\/\/www.gaveanews.com\/#website\"},\"primaryImageOfPage\":{\"@id\":\"https:\/\/www.gaveanews.com\/index.php\/2025\/02\/19\/santos-x-noroeste-a-declaracao-de-pedro-caixinha-direcionada-a-gil\/#primaryimage\"},\"image\":{\"@id\":\"https:\/\/www.gaveanews.com\/index.php\/2025\/02\/19\/santos-x-noroeste-a-declaracao-de-pedro-caixinha-direcionada-a-gil\/#primaryimage\"},\"thumbnailUrl\":\"https:\/\/www.gaveanews.com\/wp-content\/uploads\/Escudo-do-Santos-2.webp\",\"datePublished\":\"2025-02-20T01:27:14+00:00\",\"dateModified\":\"2025-02-20T01:27:17+00:00\",\"author\":{\"@id\":\"https:\/\/www.gaveanews.com\/#\/schema\/person\/a9f62fe75380c6bada1b2fc49bc23d69\"},\"breadcrumb\":{\"@id\":\"https:\/\/www.gaveanews.com\/index.php\/2025\/02\/19\/santos-x-noroeste-a-declaracao-de-pedro-caixinha-direcionada-a-gil\/#breadcrumb\"},\"inLanguage\":\"pt-BR\",\"potentialAction\":[{\"@type\":\"ReadAction\",\"target\":[\"https:\/\/www.gaveanews.com\/index.php\/2025\/02\/19\/santos-x-noroeste-a-declaracao-de-pedro-caixinha-direcionada-a-gil\/\"]}]},{\"@type\":\"ImageObject\",\"inLanguage\":\"pt-BR\",\"@id\":\"https:\/\/www.gaveanews.com\/index.php\/2025\/02\/19\/santos-x-noroeste-a-declaracao-de-pedro-caixinha-direcionada-a-gil\/#primaryimage\",\"url\":\"https:\/\/www.gaveanews.com\/wp-content\/uploads\/Escudo-do-Santos-2.webp\",\"contentUrl\":\"https:\/\/www.gaveanews.com\/wp-content\/uploads\/Escudo-do-Santos-2.webp\",\"width\":1424,\"height\":949,\"caption\":\"Escudo do Santos (Foto: Raul Baretta\/Santos FC)\"},{\"@type\":\"BreadcrumbList\",\"@id\":\"https:\/\/www.gaveanews.com\/index.php\/2025\/02\/19\/santos-x-noroeste-a-declaracao-de-pedro-caixinha-direcionada-a-gil\/#breadcrumb\",\"itemListElement\":[{\"@type\":\"ListItem\",\"position\":1,\"name\":\"Home\",\"item\":\"https:\/\/www.gaveanews.com\/\"},{\"@type\":\"ListItem\",\"position\":2,\"name\":\"Santos x Noroeste: A declara\u00e7\u00e3o de Pedro Caixinha direcionada a Gil\"}]},{\"@type\":\"WebSite\",\"@id\":\"https:\/\/www.gaveanews.com\/#website\",\"url\":\"https:\/\/www.gaveanews.com\/\",\"name\":\"G\u00e1vea News\",\"description\":\"Veja todas as not\u00edcias sobre o Flamengo: Contrata\u00e7\u00f5es, categorias de base, resultados das partidas, tabela de classifica\u00e7\u00e3o, pr\u00f3ximos jogos!\",\"potentialAction\":[{\"@type\":\"SearchAction\",\"target\":{\"@type\":\"EntryPoint\",\"urlTemplate\":\"https:\/\/www.gaveanews.com\/?s={search_term_string}\"},\"query-input\":{\"@type\":\"PropertyValueSpecification\",\"valueRequired\":true,\"valueName\":\"search_term_string\"}}],\"inLanguage\":\"pt-BR\"},{\"@type\":\"Person\",\"@id\":\"https:\/\/www.gaveanews.com\/#\/schema\/person\/a9f62fe75380c6bada1b2fc49bc23d69\",\"name\":\"Marco Menezes\",\"image\":{\"@type\":\"ImageObject\",\"inLanguage\":\"pt-BR\",\"@id\":\"https:\/\/www.gaveanews.com\/#\/schema\/person\/image\/\",\"url\":\"https:\/\/secure.gravatar.com\/avatar\/a1d148ae17fc8bfc5dbccffd07979e8bd2c9ba494221779de86ec2c7907b71ec?s=96&d=mm&r=g\",\"contentUrl\":\"https:\/\/secure.gravatar.com\/avatar\/a1d148ae17fc8bfc5dbccffd07979e8bd2c9ba494221779de86ec2c7907b71ec?s=96&d=mm&r=g\",\"caption\":\"Marco Menezes\"}}]}<\/script>\n<!-- \/ Yoast SEO Premium plugin. -->","yoast_head_json":{"title":"Santos x Noroeste: A declara\u00e7\u00e3o de Pedro Caixinha direcionada a Gil","robots":{"index":"index","follow":"follow","max-snippet":"max-snippet:-1","max-image-preview":"max-image-preview:large","max-video-preview":"max-video-preview:-1"},"canonical":"https:\/\/www.gaveanews.com\/index.php\/2025\/02\/19\/santos-x-noroeste-a-declaracao-de-pedro-caixinha-direcionada-a-gil\/","og_locale":"pt_BR","og_type":"article","og_title":"Santos x Noroeste: A declara\u00e7\u00e3o de Pedro Caixinha direcionada a Gil","og_description":"Pedro Caixinha pregou cautela para definir Gil como um dos zagueiros titulares do Santos. Em entrevista coletiva ap\u00f3s a vit\u00f3ria sobre o Noroeste, o t\u00e9cnico portugu\u00eas mostrou preocupa\u00e7\u00e3o com o condicionamento f\u00edsico do zagueiro. Mas ressaltou a qualidade do defensor e a mudan\u00e7a de comportamento dele dentro de campo. Na reta final da partida, aos [&hellip;]","og_url":"https:\/\/www.gaveanews.com\/index.php\/2025\/02\/19\/santos-x-noroeste-a-declaracao-de-pedro-caixinha-direcionada-a-gil\/","og_site_name":"G\u00e1vea News","article_publisher":"https:\/\/facebook.com\/gaveaNews\/","article_published_time":"2025-02-20T01:27:14+00:00","article_modified_time":"2025-02-20T01:27:17+00:00","og_image":[{"width":1424,"height":949,"url":"http:\/\/www.gaveanews.com\/wp-content\/uploads\/Escudo-do-Santos-2.webp","type":"image\/webp"}],"author":"Marco Menezes","twitter_card":"summary_large_image","twitter_misc":{"Escrito por":"Marco Menezes","Est. tempo de leitura":"3 minutos"},"schema":{"@context":"https:\/\/schema.org","@graph":[{"@type":"NewsArticle","@id":"https:\/\/www.gaveanews.com\/index.php\/2025\/02\/19\/santos-x-noroeste-a-declaracao-de-pedro-caixinha-direcionada-a-gil\/#article","isPartOf":{"@id":"https:\/\/www.gaveanews.com\/index.php\/2025\/02\/19\/santos-x-noroeste-a-declaracao-de-pedro-caixinha-direcionada-a-gil\/"},"author":{"name":"Marco Menezes","@id":"https:\/\/www.gaveanews.com\/#\/schema\/person\/a9f62fe75380c6bada1b2fc49bc23d69"},"headline":"Santos x Noroeste: A declara\u00e7\u00e3o de Pedro Caixinha direcionada a Gil","datePublished":"2025-02-20T01:27:14+00:00","dateModified":"2025-02-20T01:27:17+00:00","mainEntityOfPage":{"@id":"https:\/\/www.gaveanews.com\/index.php\/2025\/02\/19\/santos-x-noroeste-a-declaracao-de-pedro-caixinha-direcionada-a-gil\/"},"wordCount":485,"commentCount":0,"image":{"@id":"https:\/\/www.gaveanews.com\/index.php\/2025\/02\/19\/santos-x-noroeste-a-declaracao-de-pedro-caixinha-direcionada-a-gil\/#primaryimage"},"thumbnailUrl":"https:\/\/www.gaveanews.com\/wp-content\/uploads\/Escudo-do-Santos-2.webp","articleSection":["Santos"],"inLanguage":"pt-BR","potentialAction":[{"@type":"CommentAction","name":"Comment","target":["https:\/\/www.gaveanews.com\/index.php\/2025\/02\/19\/santos-x-noroeste-a-declaracao-de-pedro-caixinha-direcionada-a-gil\/#respond"]}],"copyrightYear":"2025","copyrightHolder":{"@id":"https:\/\/www.gaveanews.com\/#organization"}},{"@type":"WebPage","@id":"https:\/\/www.gaveanews.com\/index.php\/2025\/02\/19\/santos-x-noroeste-a-declaracao-de-pedro-caixinha-direcionada-a-gil\/","url":"https:\/\/www.gaveanews.com\/index.php\/2025\/02\/19\/santos-x-noroeste-a-declaracao-de-pedro-caixinha-direcionada-a-gil\/","name":"Santos x Noroeste: A declara\u00e7\u00e3o de Pedro Caixinha direcionada a Gil","isPartOf":{"@id":"https:\/\/www.gaveanews.com\/#website"},"primaryImageOfPage":{"@id":"https:\/\/www.gaveanews.com\/index.php\/2025\/02\/19\/santos-x-noroeste-a-declaracao-de-pedro-caixinha-direcionada-a-gil\/#primaryimage"},"image":{"@id":"https:\/\/www.gaveanews.com\/index.php\/2025\/02\/19\/santos-x-noroeste-a-declaracao-de-pedro-caixinha-direcionada-a-gil\/#primaryimage"},"thumbnailUrl":"https:\/\/www.gaveanews.com\/wp-content\/uploads\/Escudo-do-Santos-2.webp","datePublished":"2025-02-20T01:27:14+00:00","dateModified":"2025-02-20T01:27:17+00:00","author":{"@id":"https:\/\/www.gaveanews.com\/#\/schema\/person\/a9f62fe75380c6bada1b2fc49bc23d69"},"breadcrumb":{"@id":"https:\/\/www.gaveanews.com\/index.php\/2025\/02\/19\/santos-x-noroeste-a-declaracao-de-pedro-caixinha-direcionada-a-gil\/#breadcrumb"},"inLanguage":"pt-BR","potentialAction":[{"@type":"ReadAction","target":["https:\/\/www.gaveanews.com\/index.php\/2025\/02\/19\/santos-x-noroeste-a-declaracao-de-pedro-caixinha-direcionada-a-gil\/"]}]},{"@type":"ImageObject","inLanguage":"pt-BR","@id":"https:\/\/www.gaveanews.com\/index.php\/2025\/02\/19\/santos-x-noroeste-a-declaracao-de-pedro-caixinha-direcionada-a-gil\/#primaryimage","url":"https:\/\/www.gaveanews.com\/wp-content\/uploads\/Escudo-do-Santos-2.webp","contentUrl":"https:\/\/www.gaveanews.com\/wp-content\/uploads\/Escudo-do-Santos-2.webp","width":1424,"height":949,"caption":"Escudo do Santos (Foto: Raul Baretta\/Santos FC)"},{"@type":"BreadcrumbList","@id":"https:\/\/www.gaveanews.com\/index.php\/2025\/02\/19\/santos-x-noroeste-a-declaracao-de-pedro-caixinha-direcionada-a-gil\/#breadcrumb","itemListElement":[{"@type":"ListItem","position":1,"name":"Home","item":"https:\/\/www.gaveanews.com\/"},{"@type":"ListItem","position":2,"name":"Santos x Noroeste: A declara\u00e7\u00e3o de Pedro Caixinha direcionada a Gil"}]},{"@type":"WebSite","@id":"https:\/\/www.gaveanews.com\/#website","url":"https:\/\/www.gaveanews.com\/","name":"G\u00e1vea News","description":"Veja todas as not\u00edcias sobre o Flamengo: Contrata\u00e7\u00f5es, categorias de base, resultados das partidas, tabela de classifica\u00e7\u00e3o, pr\u00f3ximos jogos!","potentialAction":[{"@type":"SearchAction","target":{"@type":"EntryPoint","urlTemplate":"https:\/\/www.gaveanews.com\/?s={search_term_string}"},"query-input":{"@type":"PropertyValueSpecification","valueRequired":true,"valueName":"search_term_string"}}],"inLanguage":"pt-BR"},{"@type":"Person","@id":"https:\/\/www.gaveanews.com\/#\/schema\/person\/a9f62fe75380c6bada1b2fc49bc23d69","name":"Marco Menezes","image":{"@type":"ImageObject","inLanguage":"pt-BR","@id":"https:\/\/www.gaveanews.com\/#\/schema\/person\/image\/","url":"https:\/\/secure.gravatar.com\/avatar\/a1d148ae17fc8bfc5dbccffd07979e8bd2c9ba494221779de86ec2c7907b71ec?s=96&d=mm&r=g","contentUrl":"https:\/\/secure.gravatar.com\/avatar\/a1d148ae17fc8bfc5dbccffd07979e8bd2c9ba494221779de86ec2c7907b71ec?s=96&d=mm&r=g","caption":"Marco Menezes"}}]}},"_links":{"self":[{"href":"https:\/\/www.gaveanews.com\/index.php\/wp-json\/wp\/v2\/posts\/230511","targetHints":{"allow":["GET"]}}],"collection":[{"href":"https:\/\/www.gaveanews.com\/index.php\/wp-json\/wp\/v2\/posts"}],"about":[{"href":"https:\/\/www.gaveanews.com\/index.php\/wp-json\/wp\/v2\/types\/post"}],"author":[{"embeddable":true,"href":"https:\/\/www.gaveanews.com\/index.php\/wp-json\/wp\/v2\/users\/29"}],"replies":[{"embeddable":true,"href":"https:\/\/www.gaveanews.com\/index.php\/wp-json\/wp\/v2\/comments?post=230511"}],"version-history":[{"count":1,"href":"https:\/\/www.gaveanews.com\/index.php\/wp-json\/wp\/v2\/posts\/230511\/revisions"}],"predecessor-version":[{"id":230512,"href":"https:\/\/www.gaveanews.com\/index.php\/wp-json\/wp\/v2\/posts\/230511\/revisions\/230512"}],"wp:featuredmedia":[{"embeddable":true,"href":"https:\/\/www.gaveanews.com\/index.php\/wp-json\/wp\/v2\/media\/165619"}],"wp:attachment":[{"href":"https:\/\/www.gaveanews.com\/index.php\/wp-json\/wp\/v2\/media?parent=230511"}],"wp:term":[{"taxonomy":"category","embeddable":true,"href":"https:\/\/www.gaveanews.com\/index.php\/wp-json\/wp\/v2\/categories?post=230511"},{"taxonomy":"post_tag","embeddable":true,"href":"https:\/\/www.gaveanews.com\/index.php\/wp-json\/wp\/v2\/tags?post=230511"}],"curies":[{"name":"wp","href":"https:\/\/api.w.org\/{rel}","templated":true}]}}