{"id":230697,"date":"2025-02-20T16:50:32","date_gmt":"2025-02-20T19:50:32","guid":{"rendered":"https:\/\/www.gaveanews.com\/?p=230697"},"modified":"2025-02-20T16:52:08","modified_gmt":"2025-02-20T19:52:08","slug":"real-madrid-a-declaracao-de-jude-bellingham-direcionada-a-rodrygo","status":"publish","type":"post","link":"https:\/\/www.gaveanews.com\/index.php\/2025\/02\/20\/real-madrid-a-declaracao-de-jude-bellingham-direcionada-a-rodrygo\/","title":{"rendered":"Real Madrid: a declara\u00e7\u00e3o de Jude Bellingham direcionada a Rodrygo"},"content":{"rendered":"\n<p>Ap\u00f3s a vit\u00f3ria sobre o Manchester City, Jude Bellingham rasgou elogios a Rodrygo. O meio-campista ingl\u00eas exaltou a import\u00e2ncia do companheiro e o elegeu como o \u201cmais talentoso\u201d do Real Madrid, acima de Vin\u00edcius J\u00fanior e tamb\u00e9m de Kylian Mbapp\u00e9.<\/p>\n\n\n\n<p>O Real Madrid recebeu o Manchester City pelo jogo de ida dos playoffs da Uefa Champions League e confirmou a classifica\u00e7\u00e3o para as oitavas de final. Diferente do que aconteceu na semana passada na Inglaterra, o time espanhol n\u00e3o tomou conhecimento do advers\u00e1rio e conquistou a vit\u00f3ria com certa tranquilidade.<\/p>\n\n\n\n<p>Em Manchester, os Citizens ficaram \u00e0 frente no placar por duas ocasi\u00f5es, at\u00e9 que, nos minutos finais, os merengues viraram. Na \u00faltima quarta-feira (19\/2), no Santiago Bernab\u00e9u, em Madrid, o time comandado por Carlo Ancelotti venceu por 3 a 1, sendo dominante desde os primeiros minutos do jogo.<\/p>\n\n\n\n<p>O grande nome da partida foi o franc\u00eas Kylian Mbapp\u00e9, que marcou os tr\u00eas gols para os donos da casa. Mas apesar da atua\u00e7\u00e3o, em entrevista \u00e0 CBS Sports na beira do gramado, Jude Bellingham destacou outro companheiro.<\/p>\n\n\n\n<p>Dentre todas as super estrelas do Real Madrid, o camisa 5 destacou Rodrygo. Para o meio-campista, o brasileiro \u00e9 quem tem mais talento no elenco madridista. Al\u00e9m da qualidade t\u00e9cnica, o atacante tamb\u00e9m foi elogiado pela postura dentro do coletivo, se prestando a contribuir n\u00e3o importando em qual posi\u00e7\u00e3o atue.<\/p>\n\n\n\n<p>\u201cRodrygo \u00e9 o mais talentoso do nosso elenco. E tamb\u00e9m o que mais se sacrifica, porque todos sabemos que sua melhor posi\u00e7\u00e3o \u00e9 na esquerda, e ele nunca reclama\u201d, explicou Bellingham, em entrevista \u00e0 CBS Sports.<\/p>\n\n\n\n<p>Depois de eliminar o Manchester City pela terceira vez nas \u00faltimas quatro temporadas em eliminat\u00f3rias da Liga dos Campe\u00f5es da Uefa, o Real Madrid agora aguarda o sorteio para conhecer o advers\u00e1rio nas oitavas de final da competi\u00e7\u00e3o.<\/p>\n\n\n\n<p>Enquanto isso n\u00e3o acontece, tenta retomar a ponta da La Liga no confronto contra o Girona no fim de semana. No pr\u00f3ximo domingo (23\/2), no Santiago Bernab\u00e9u, as equipes se enfrentar\u00e3o pela 25\u00aa rodada do torneio. O time de Madrid \u00e9 o segundo colocado com a mesma quantidade de pontos que o l\u00edder Barcelona, com 51.<\/p>\n","protected":false},"excerpt":{"rendered":"<p>Ap\u00f3s a vit\u00f3ria sobre o Manchester City, Jude Bellingham rasgou elogios a Rodrygo. O meio-campista ingl\u00eas exaltou a import\u00e2ncia do companheiro e o elegeu como o \u201cmais talentoso\u201d do Real Madrid, acima de Vin\u00edcius J\u00fanior e tamb\u00e9m de Kylian Mbapp\u00e9. O Real Madrid recebeu o Manchester City pelo jogo de ida dos playoffs da Uefa [&hellip;]<\/p>\n","protected":false},"author":29,"featured_media":108622,"comment_status":"open","ping_status":"closed","sticky":false,"template":"","format":"standard","meta":{"footnotes":""},"categories":[88],"tags":[],"class_list":["post-230697","post","type-post","status-publish","format-standard","has-post-thumbnail","hentry","category-real-madrid"],"yoast_head":"<!-- This site is optimized with the Yoast SEO Premium plugin v24.2 (Yoast SEO v26.9) - https:\/\/yoast.com\/product\/yoast-seo-premium-wordpress\/ -->\n<title>Real Madrid: a declara\u00e7\u00e3o de Jude Bellingham direcionada a Rodrygo<\/title>\n<meta name=\"robots\" content=\"index, follow, max-snippet:-1, max-image-preview:large, max-video-preview:-1\" \/>\n<link rel=\"canonical\" href=\"https:\/\/www.gaveanews.com\/index.php\/2025\/02\/20\/real-madrid-a-declaracao-de-jude-bellingham-direcionada-a-rodrygo\/\" \/>\n<meta property=\"og:locale\" content=\"pt_BR\" \/>\n<meta property=\"og:type\" content=\"article\" \/>\n<meta property=\"og:title\" content=\"Real Madrid: a declara\u00e7\u00e3o de Jude Bellingham direcionada a Rodrygo\" \/>\n<meta property=\"og:description\" content=\"Ap\u00f3s a vit\u00f3ria sobre o Manchester City, Jude Bellingham rasgou elogios a Rodrygo. O meio-campista ingl\u00eas exaltou a import\u00e2ncia do companheiro e o elegeu como o \u201cmais talentoso\u201d do Real Madrid, acima de Vin\u00edcius J\u00fanior e tamb\u00e9m de Kylian Mbapp\u00e9. O Real Madrid recebeu o Manchester City pelo jogo de ida dos playoffs da Uefa [&hellip;]\" \/>\n<meta property=\"og:url\" content=\"https:\/\/www.gaveanews.com\/index.php\/2025\/02\/20\/real-madrid-a-declaracao-de-jude-bellingham-direcionada-a-rodrygo\/\" \/>\n<meta property=\"og:site_name\" content=\"G\u00e1vea News\" \/>\n<meta property=\"article:publisher\" content=\"https:\/\/facebook.com\/gaveaNews\/\" \/>\n<meta property=\"article:published_time\" content=\"2025-02-20T19:50:32+00:00\" \/>\n<meta property=\"article:modified_time\" content=\"2025-02-20T19:52:08+00:00\" \/>\n<meta property=\"og:image\" content=\"http:\/\/www.gaveanews.com\/wp-content\/uploads\/Jude-Bellingham-comemora-apos-marcar-gol-pelo-Real-Madrid.webp\" \/>\n\t<meta property=\"og:image:width\" content=\"984\" \/>\n\t<meta property=\"og:image:height\" content=\"656\" \/>\n\t<meta property=\"og:image:type\" content=\"image\/webp\" \/>\n<meta name=\"author\" content=\"Marco Menezes\" \/>\n<meta name=\"twitter:card\" content=\"summary_large_image\" \/>\n<meta name=\"twitter:label1\" content=\"Escrito por\" \/>\n\t<meta name=\"twitter:data1\" content=\"Marco Menezes\" \/>\n\t<meta name=\"twitter:label2\" content=\"Est. tempo de leitura\" \/>\n\t<meta name=\"twitter:data2\" content=\"3 minutos\" \/>\n<script type=\"application\/ld+json\" class=\"yoast-schema-graph\">{\"@context\":\"https:\/\/schema.org\",\"@graph\":[{\"@type\":\"NewsArticle\",\"@id\":\"https:\/\/www.gaveanews.com\/index.php\/2025\/02\/20\/real-madrid-a-declaracao-de-jude-bellingham-direcionada-a-rodrygo\/#article\",\"isPartOf\":{\"@id\":\"https:\/\/www.gaveanews.com\/index.php\/2025\/02\/20\/real-madrid-a-declaracao-de-jude-bellingham-direcionada-a-rodrygo\/\"},\"author\":{\"name\":\"Marco Menezes\",\"@id\":\"https:\/\/www.gaveanews.com\/#\/schema\/person\/a9f62fe75380c6bada1b2fc49bc23d69\"},\"headline\":\"Real Madrid: a declara\u00e7\u00e3o de Jude Bellingham direcionada a Rodrygo\",\"datePublished\":\"2025-02-20T19:50:32+00:00\",\"dateModified\":\"2025-02-20T19:52:08+00:00\",\"mainEntityOfPage\":{\"@id\":\"https:\/\/www.gaveanews.com\/index.php\/2025\/02\/20\/real-madrid-a-declaracao-de-jude-bellingham-direcionada-a-rodrygo\/\"},\"wordCount\":385,\"commentCount\":0,\"image\":{\"@id\":\"https:\/\/www.gaveanews.com\/index.php\/2025\/02\/20\/real-madrid-a-declaracao-de-jude-bellingham-direcionada-a-rodrygo\/#primaryimage\"},\"thumbnailUrl\":\"https:\/\/www.gaveanews.com\/wp-content\/uploads\/Jude-Bellingham-comemora-apos-marcar-gol-pelo-Real-Madrid.webp\",\"articleSection\":[\"Real Madrid\"],\"inLanguage\":\"pt-BR\",\"potentialAction\":[{\"@type\":\"CommentAction\",\"name\":\"Comment\",\"target\":[\"https:\/\/www.gaveanews.com\/index.php\/2025\/02\/20\/real-madrid-a-declaracao-de-jude-bellingham-direcionada-a-rodrygo\/#respond\"]}],\"copyrightYear\":\"2025\",\"copyrightHolder\":{\"@id\":\"https:\/\/www.gaveanews.com\/#organization\"}},{\"@type\":\"WebPage\",\"@id\":\"https:\/\/www.gaveanews.com\/index.php\/2025\/02\/20\/real-madrid-a-declaracao-de-jude-bellingham-direcionada-a-rodrygo\/\",\"url\":\"https:\/\/www.gaveanews.com\/index.php\/2025\/02\/20\/real-madrid-a-declaracao-de-jude-bellingham-direcionada-a-rodrygo\/\",\"name\":\"Real Madrid: a declara\u00e7\u00e3o de Jude Bellingham direcionada a Rodrygo\",\"isPartOf\":{\"@id\":\"https:\/\/www.gaveanews.com\/#website\"},\"primaryImageOfPage\":{\"@id\":\"https:\/\/www.gaveanews.com\/index.php\/2025\/02\/20\/real-madrid-a-declaracao-de-jude-bellingham-direcionada-a-rodrygo\/#primaryimage\"},\"image\":{\"@id\":\"https:\/\/www.gaveanews.com\/index.php\/2025\/02\/20\/real-madrid-a-declaracao-de-jude-bellingham-direcionada-a-rodrygo\/#primaryimage\"},\"thumbnailUrl\":\"https:\/\/www.gaveanews.com\/wp-content\/uploads\/Jude-Bellingham-comemora-apos-marcar-gol-pelo-Real-Madrid.webp\",\"datePublished\":\"2025-02-20T19:50:32+00:00\",\"dateModified\":\"2025-02-20T19:52:08+00:00\",\"author\":{\"@id\":\"https:\/\/www.gaveanews.com\/#\/schema\/person\/a9f62fe75380c6bada1b2fc49bc23d69\"},\"breadcrumb\":{\"@id\":\"https:\/\/www.gaveanews.com\/index.php\/2025\/02\/20\/real-madrid-a-declaracao-de-jude-bellingham-direcionada-a-rodrygo\/#breadcrumb\"},\"inLanguage\":\"pt-BR\",\"potentialAction\":[{\"@type\":\"ReadAction\",\"target\":[\"https:\/\/www.gaveanews.com\/index.php\/2025\/02\/20\/real-madrid-a-declaracao-de-jude-bellingham-direcionada-a-rodrygo\/\"]}]},{\"@type\":\"ImageObject\",\"inLanguage\":\"pt-BR\",\"@id\":\"https:\/\/www.gaveanews.com\/index.php\/2025\/02\/20\/real-madrid-a-declaracao-de-jude-bellingham-direcionada-a-rodrygo\/#primaryimage\",\"url\":\"https:\/\/www.gaveanews.com\/wp-content\/uploads\/Jude-Bellingham-comemora-apos-marcar-gol-pelo-Real-Madrid.webp\",\"contentUrl\":\"https:\/\/www.gaveanews.com\/wp-content\/uploads\/Jude-Bellingham-comemora-apos-marcar-gol-pelo-Real-Madrid.webp\",\"width\":984,\"height\":656,\"caption\":\"Jude Bellingham comemora ap\u00f3s marcar gol pelo Real Madrid (Foto: Getty Images)\"},{\"@type\":\"BreadcrumbList\",\"@id\":\"https:\/\/www.gaveanews.com\/index.php\/2025\/02\/20\/real-madrid-a-declaracao-de-jude-bellingham-direcionada-a-rodrygo\/#breadcrumb\",\"itemListElement\":[{\"@type\":\"ListItem\",\"position\":1,\"name\":\"Home\",\"item\":\"https:\/\/www.gaveanews.com\/\"},{\"@type\":\"ListItem\",\"position\":2,\"name\":\"Real Madrid: a declara\u00e7\u00e3o de Jude Bellingham direcionada a Rodrygo\"}]},{\"@type\":\"WebSite\",\"@id\":\"https:\/\/www.gaveanews.com\/#website\",\"url\":\"https:\/\/www.gaveanews.com\/\",\"name\":\"G\u00e1vea News\",\"description\":\"Veja todas as not\u00edcias sobre o Flamengo: Contrata\u00e7\u00f5es, categorias de base, resultados das partidas, tabela de classifica\u00e7\u00e3o, pr\u00f3ximos jogos!\",\"potentialAction\":[{\"@type\":\"SearchAction\",\"target\":{\"@type\":\"EntryPoint\",\"urlTemplate\":\"https:\/\/www.gaveanews.com\/?s={search_term_string}\"},\"query-input\":{\"@type\":\"PropertyValueSpecification\",\"valueRequired\":true,\"valueName\":\"search_term_string\"}}],\"inLanguage\":\"pt-BR\"},{\"@type\":\"Person\",\"@id\":\"https:\/\/www.gaveanews.com\/#\/schema\/person\/a9f62fe75380c6bada1b2fc49bc23d69\",\"name\":\"Marco Menezes\",\"image\":{\"@type\":\"ImageObject\",\"inLanguage\":\"pt-BR\",\"@id\":\"https:\/\/www.gaveanews.com\/#\/schema\/person\/image\/\",\"url\":\"https:\/\/secure.gravatar.com\/avatar\/a1d148ae17fc8bfc5dbccffd07979e8bd2c9ba494221779de86ec2c7907b71ec?s=96&d=mm&r=g\",\"contentUrl\":\"https:\/\/secure.gravatar.com\/avatar\/a1d148ae17fc8bfc5dbccffd07979e8bd2c9ba494221779de86ec2c7907b71ec?s=96&d=mm&r=g\",\"caption\":\"Marco Menezes\"}}]}<\/script>\n<!-- \/ Yoast SEO Premium plugin. -->","yoast_head_json":{"title":"Real Madrid: a declara\u00e7\u00e3o de Jude Bellingham direcionada a Rodrygo","robots":{"index":"index","follow":"follow","max-snippet":"max-snippet:-1","max-image-preview":"max-image-preview:large","max-video-preview":"max-video-preview:-1"},"canonical":"https:\/\/www.gaveanews.com\/index.php\/2025\/02\/20\/real-madrid-a-declaracao-de-jude-bellingham-direcionada-a-rodrygo\/","og_locale":"pt_BR","og_type":"article","og_title":"Real Madrid: a declara\u00e7\u00e3o de Jude Bellingham direcionada a Rodrygo","og_description":"Ap\u00f3s a vit\u00f3ria sobre o Manchester City, Jude Bellingham rasgou elogios a Rodrygo. O meio-campista ingl\u00eas exaltou a import\u00e2ncia do companheiro e o elegeu como o \u201cmais talentoso\u201d do Real Madrid, acima de Vin\u00edcius J\u00fanior e tamb\u00e9m de Kylian Mbapp\u00e9. O Real Madrid recebeu o Manchester City pelo jogo de ida dos playoffs da Uefa [&hellip;]","og_url":"https:\/\/www.gaveanews.com\/index.php\/2025\/02\/20\/real-madrid-a-declaracao-de-jude-bellingham-direcionada-a-rodrygo\/","og_site_name":"G\u00e1vea News","article_publisher":"https:\/\/facebook.com\/gaveaNews\/","article_published_time":"2025-02-20T19:50:32+00:00","article_modified_time":"2025-02-20T19:52:08+00:00","og_image":[{"width":984,"height":656,"url":"http:\/\/www.gaveanews.com\/wp-content\/uploads\/Jude-Bellingham-comemora-apos-marcar-gol-pelo-Real-Madrid.webp","type":"image\/webp"}],"author":"Marco Menezes","twitter_card":"summary_large_image","twitter_misc":{"Escrito por":"Marco Menezes","Est. tempo de leitura":"3 minutos"},"schema":{"@context":"https:\/\/schema.org","@graph":[{"@type":"NewsArticle","@id":"https:\/\/www.gaveanews.com\/index.php\/2025\/02\/20\/real-madrid-a-declaracao-de-jude-bellingham-direcionada-a-rodrygo\/#article","isPartOf":{"@id":"https:\/\/www.gaveanews.com\/index.php\/2025\/02\/20\/real-madrid-a-declaracao-de-jude-bellingham-direcionada-a-rodrygo\/"},"author":{"name":"Marco Menezes","@id":"https:\/\/www.gaveanews.com\/#\/schema\/person\/a9f62fe75380c6bada1b2fc49bc23d69"},"headline":"Real Madrid: a declara\u00e7\u00e3o de Jude Bellingham direcionada a Rodrygo","datePublished":"2025-02-20T19:50:32+00:00","dateModified":"2025-02-20T19:52:08+00:00","mainEntityOfPage":{"@id":"https:\/\/www.gaveanews.com\/index.php\/2025\/02\/20\/real-madrid-a-declaracao-de-jude-bellingham-direcionada-a-rodrygo\/"},"wordCount":385,"commentCount":0,"image":{"@id":"https:\/\/www.gaveanews.com\/index.php\/2025\/02\/20\/real-madrid-a-declaracao-de-jude-bellingham-direcionada-a-rodrygo\/#primaryimage"},"thumbnailUrl":"https:\/\/www.gaveanews.com\/wp-content\/uploads\/Jude-Bellingham-comemora-apos-marcar-gol-pelo-Real-Madrid.webp","articleSection":["Real Madrid"],"inLanguage":"pt-BR","potentialAction":[{"@type":"CommentAction","name":"Comment","target":["https:\/\/www.gaveanews.com\/index.php\/2025\/02\/20\/real-madrid-a-declaracao-de-jude-bellingham-direcionada-a-rodrygo\/#respond"]}],"copyrightYear":"2025","copyrightHolder":{"@id":"https:\/\/www.gaveanews.com\/#organization"}},{"@type":"WebPage","@id":"https:\/\/www.gaveanews.com\/index.php\/2025\/02\/20\/real-madrid-a-declaracao-de-jude-bellingham-direcionada-a-rodrygo\/","url":"https:\/\/www.gaveanews.com\/index.php\/2025\/02\/20\/real-madrid-a-declaracao-de-jude-bellingham-direcionada-a-rodrygo\/","name":"Real Madrid: a declara\u00e7\u00e3o de Jude Bellingham direcionada a Rodrygo","isPartOf":{"@id":"https:\/\/www.gaveanews.com\/#website"},"primaryImageOfPage":{"@id":"https:\/\/www.gaveanews.com\/index.php\/2025\/02\/20\/real-madrid-a-declaracao-de-jude-bellingham-direcionada-a-rodrygo\/#primaryimage"},"image":{"@id":"https:\/\/www.gaveanews.com\/index.php\/2025\/02\/20\/real-madrid-a-declaracao-de-jude-bellingham-direcionada-a-rodrygo\/#primaryimage"},"thumbnailUrl":"https:\/\/www.gaveanews.com\/wp-content\/uploads\/Jude-Bellingham-comemora-apos-marcar-gol-pelo-Real-Madrid.webp","datePublished":"2025-02-20T19:50:32+00:00","dateModified":"2025-02-20T19:52:08+00:00","author":{"@id":"https:\/\/www.gaveanews.com\/#\/schema\/person\/a9f62fe75380c6bada1b2fc49bc23d69"},"breadcrumb":{"@id":"https:\/\/www.gaveanews.com\/index.php\/2025\/02\/20\/real-madrid-a-declaracao-de-jude-bellingham-direcionada-a-rodrygo\/#breadcrumb"},"inLanguage":"pt-BR","potentialAction":[{"@type":"ReadAction","target":["https:\/\/www.gaveanews.com\/index.php\/2025\/02\/20\/real-madrid-a-declaracao-de-jude-bellingham-direcionada-a-rodrygo\/"]}]},{"@type":"ImageObject","inLanguage":"pt-BR","@id":"https:\/\/www.gaveanews.com\/index.php\/2025\/02\/20\/real-madrid-a-declaracao-de-jude-bellingham-direcionada-a-rodrygo\/#primaryimage","url":"https:\/\/www.gaveanews.com\/wp-content\/uploads\/Jude-Bellingham-comemora-apos-marcar-gol-pelo-Real-Madrid.webp","contentUrl":"https:\/\/www.gaveanews.com\/wp-content\/uploads\/Jude-Bellingham-comemora-apos-marcar-gol-pelo-Real-Madrid.webp","width":984,"height":656,"caption":"Jude Bellingham comemora ap\u00f3s marcar gol pelo Real Madrid (Foto: Getty Images)"},{"@type":"BreadcrumbList","@id":"https:\/\/www.gaveanews.com\/index.php\/2025\/02\/20\/real-madrid-a-declaracao-de-jude-bellingham-direcionada-a-rodrygo\/#breadcrumb","itemListElement":[{"@type":"ListItem","position":1,"name":"Home","item":"https:\/\/www.gaveanews.com\/"},{"@type":"ListItem","position":2,"name":"Real Madrid: a declara\u00e7\u00e3o de Jude Bellingham direcionada a Rodrygo"}]},{"@type":"WebSite","@id":"https:\/\/www.gaveanews.com\/#website","url":"https:\/\/www.gaveanews.com\/","name":"G\u00e1vea News","description":"Veja todas as not\u00edcias sobre o Flamengo: Contrata\u00e7\u00f5es, categorias de base, resultados das partidas, tabela de classifica\u00e7\u00e3o, pr\u00f3ximos jogos!","potentialAction":[{"@type":"SearchAction","target":{"@type":"EntryPoint","urlTemplate":"https:\/\/www.gaveanews.com\/?s={search_term_string}"},"query-input":{"@type":"PropertyValueSpecification","valueRequired":true,"valueName":"search_term_string"}}],"inLanguage":"pt-BR"},{"@type":"Person","@id":"https:\/\/www.gaveanews.com\/#\/schema\/person\/a9f62fe75380c6bada1b2fc49bc23d69","name":"Marco Menezes","image":{"@type":"ImageObject","inLanguage":"pt-BR","@id":"https:\/\/www.gaveanews.com\/#\/schema\/person\/image\/","url":"https:\/\/secure.gravatar.com\/avatar\/a1d148ae17fc8bfc5dbccffd07979e8bd2c9ba494221779de86ec2c7907b71ec?s=96&d=mm&r=g","contentUrl":"https:\/\/secure.gravatar.com\/avatar\/a1d148ae17fc8bfc5dbccffd07979e8bd2c9ba494221779de86ec2c7907b71ec?s=96&d=mm&r=g","caption":"Marco Menezes"}}]}},"_links":{"self":[{"href":"https:\/\/www.gaveanews.com\/index.php\/wp-json\/wp\/v2\/posts\/230697","targetHints":{"allow":["GET"]}}],"collection":[{"href":"https:\/\/www.gaveanews.com\/index.php\/wp-json\/wp\/v2\/posts"}],"about":[{"href":"https:\/\/www.gaveanews.com\/index.php\/wp-json\/wp\/v2\/types\/post"}],"author":[{"embeddable":true,"href":"https:\/\/www.gaveanews.com\/index.php\/wp-json\/wp\/v2\/users\/29"}],"replies":[{"embeddable":true,"href":"https:\/\/www.gaveanews.com\/index.php\/wp-json\/wp\/v2\/comments?post=230697"}],"version-history":[{"count":3,"href":"https:\/\/www.gaveanews.com\/index.php\/wp-json\/wp\/v2\/posts\/230697\/revisions"}],"predecessor-version":[{"id":230827,"href":"https:\/\/www.gaveanews.com\/index.php\/wp-json\/wp\/v2\/posts\/230697\/revisions\/230827"}],"wp:featuredmedia":[{"embeddable":true,"href":"https:\/\/www.gaveanews.com\/index.php\/wp-json\/wp\/v2\/media\/108622"}],"wp:attachment":[{"href":"https:\/\/www.gaveanews.com\/index.php\/wp-json\/wp\/v2\/media?parent=230697"}],"wp:term":[{"taxonomy":"category","embeddable":true,"href":"https:\/\/www.gaveanews.com\/index.php\/wp-json\/wp\/v2\/categories?post=230697"},{"taxonomy":"post_tag","embeddable":true,"href":"https:\/\/www.gaveanews.com\/index.php\/wp-json\/wp\/v2\/tags?post=230697"}],"curies":[{"name":"wp","href":"https:\/\/api.w.org\/{rel}","templated":true}]}}