{"id":230738,"date":"2025-02-20T17:30:08","date_gmt":"2025-02-20T20:30:08","guid":{"rendered":"https:\/\/www.gaveanews.com\/?p=230738"},"modified":"2025-02-20T16:55:11","modified_gmt":"2025-02-20T19:55:11","slug":"leo-ortiz-faz-comparacao-entre-tite-e-filipe-luis","status":"publish","type":"post","link":"https:\/\/www.gaveanews.com\/index.php\/2025\/02\/20\/leo-ortiz-faz-comparacao-entre-tite-e-filipe-luis\/","title":{"rendered":"L\u00e9o Ortiz faz compara\u00e7\u00e3o entre Tite e Filipe Lu\u00eds"},"content":{"rendered":"\n<p>L\u00e9o Ortiz vive um \u00f3timo momento no Flamengo e, ap\u00f3s conquistar a titularidade no sistema de Filipe Lu\u00eds, o jogador conversou sobre as mudan\u00e7as que aconteceram em sua posi\u00e7\u00e3o dentro da equipe.&nbsp;<\/p>\n\n\n\n<p>Al\u00e9m disso, o zagueiro fez uma compara\u00e7\u00e3o interessante entre o estilo de jogo de Tite, seu ex-treinador, e o do atual comandante, Filipe Lu\u00eds, destacando as diferen\u00e7as nas orienta\u00e7\u00f5es de cada um.<\/p>\n\n\n\n<h2 class=\"wp-block-heading\" id=\"h-o-modelo-de-jogo-de-tite-e-a-adaptacao-de-ortiz\">O modelo de jogo de Tite e a adapta\u00e7\u00e3o de Ortiz<\/h2>\n\n\n\n<p>Com a sa\u00edda de Tite e a chegada de Filipe Lu\u00eds, Ortiz precisou se adaptar a novas fun\u00e7\u00f5es. Sob o comando do ex-t\u00e9cnico, o jogador foi utilizado, principalmente, como volante, o que ajudou no seu desenvolvimento na constru\u00e7\u00e3o de jogo, uma caracter\u00edstica que j\u00e1 fazia parte de seu estilo.&nbsp;<\/p>\n\n\n\n<p>&#8220;Com o Tite eu tamb\u00e9m tinha um papel de cria\u00e7\u00e3o como zagueiro. Acho que nunca vou perder isso, independentemente do treinador, porque \u00e9 uma coisa minha&#8221;, afirmou Ortiz.<\/p>\n\n\n\n<p>Ortiz ressaltou que, sob o comando de Tite, os volantes eram orientados a recuar e buscar a bola para dar sequ\u00eancia ao jogo. Essa mudan\u00e7a no posicionamento ajudou o zagueiro a aprimorar ainda mais seu papel no Flamengo.<\/p>\n\n\n\n<h2 class=\"wp-block-heading\" id=\"h-a-abordagem-de-filipe-luis\">A abordagem de Filipe Lu\u00eds<\/h2>\n\n\n\n<p>Com a chegada de Filipe Lu\u00eds, no entanto, Ortiz voltou \u00e0 sua posi\u00e7\u00e3o original de zagueiro, o que facilitou o seu estilo de jogo. Vale destacar que, para o novo t\u00e9cnico, a ideia \u00e9 que os jogadores permane\u00e7am em suas fun\u00e7\u00f5es e n\u00e3o busquem o jogo fora da sua posi\u00e7\u00e3o.&nbsp;<\/p>\n\n\n\n<p>Ortiz explicou que, para Filipe Lu\u00eds, os zagueiros devem iniciar a constru\u00e7\u00e3o do jogo e os volantes devem ser os respons\u00e1veis pela sequ\u00eancia da jogada, sem a necessidade de descer tanto para buscar a bola.<\/p>\n\n\n\n<p>Sendo assim, L\u00e9o Ortiz tem se destacado em sua posi\u00e7\u00e3o de origem, realizando boas atua\u00e7\u00f5es e ajudando o time a implementar o jogo coletivo.&nbsp;<\/p>\n\n\n\n<p>&#8220;Normalmente, ele gosta que os zagueiros comecem a constru\u00e7\u00e3o e que isso passe pelos volantes, de uma forma mais posicional mesmo&#8221;, disse Ortiz, destacando que esse retorno \u00e0 sua posi\u00e7\u00e3o facilitou o seu desempenho no campo.<\/p>\n\n\n\n<p>Veja o trecho da entrevista, a seguir:<\/p>\n\n\n\n<blockquote class=\"twitter-tweet\" data-media-max-width=\"560\"><p lang=\"pt\" dir=\"ltr\">L\u00e9o Ortiz explica diferen\u00e7as t\u00e1ticas de Filipe para Tite e relaciona melhora com a chegada do ex-lateral. <a href=\"https:\/\/twitter.com\/hashtag\/MundoBolaFlamengo?src=hash&amp;ref_src=twsrc%5Etfw\">#MundoBolaFlamengo<\/a> <a href=\"https:\/\/t.co\/rzTR1fsj5i\">pic.twitter.com\/rzTR1fsj5i<\/a><\/p>&mdash; MundoBola Flamengo (@MundoBolaFla) <a href=\"https:\/\/twitter.com\/MundoBolaFla\/status\/1892600756064211319?ref_src=twsrc%5Etfw\">February 20, 2025<\/a><\/blockquote> <script async src=\"https:\/\/platform.twitter.com\/widgets.js\" charset=\"utf-8\"><\/script>\n","protected":false},"excerpt":{"rendered":"<p>L\u00e9o Ortiz vive um \u00f3timo momento no Flamengo e, ap\u00f3s conquistar a titularidade no sistema de Filipe Lu\u00eds, o jogador conversou sobre as mudan\u00e7as que aconteceram em sua posi\u00e7\u00e3o dentro da equipe.&nbsp; Al\u00e9m disso, o zagueiro fez uma compara\u00e7\u00e3o interessante entre o estilo de jogo de Tite, seu ex-treinador, e o do atual comandante, Filipe [&hellip;]<\/p>\n","protected":false},"author":25,"featured_media":130723,"comment_status":"open","ping_status":"closed","sticky":false,"template":"","format":"standard","meta":{"footnotes":""},"categories":[1],"tags":[],"class_list":["post-230738","post","type-post","status-publish","format-standard","has-post-thumbnail","hentry","category-flamengo"],"yoast_head":"<!-- This site is optimized with the Yoast SEO Premium plugin v24.2 (Yoast SEO v26.9) - https:\/\/yoast.com\/product\/yoast-seo-premium-wordpress\/ -->\n<title>L\u00e9o Ortiz faz compara\u00e7\u00e3o entre Tite e Filipe Lu\u00eds<\/title>\n<meta name=\"robots\" content=\"index, follow, max-snippet:-1, max-image-preview:large, max-video-preview:-1\" \/>\n<link rel=\"canonical\" href=\"https:\/\/www.gaveanews.com\/index.php\/2025\/02\/20\/leo-ortiz-faz-comparacao-entre-tite-e-filipe-luis\/\" \/>\n<meta property=\"og:locale\" content=\"pt_BR\" \/>\n<meta property=\"og:type\" content=\"article\" \/>\n<meta property=\"og:title\" content=\"L\u00e9o Ortiz faz compara\u00e7\u00e3o entre Tite e Filipe Lu\u00eds\" \/>\n<meta property=\"og:description\" content=\"L\u00e9o Ortiz vive um \u00f3timo momento no Flamengo e, ap\u00f3s conquistar a titularidade no sistema de Filipe Lu\u00eds, o jogador conversou sobre as mudan\u00e7as que aconteceram em sua posi\u00e7\u00e3o dentro da equipe.&nbsp; Al\u00e9m disso, o zagueiro fez uma compara\u00e7\u00e3o interessante entre o estilo de jogo de Tite, seu ex-treinador, e o do atual comandante, Filipe [&hellip;]\" \/>\n<meta property=\"og:url\" content=\"https:\/\/www.gaveanews.com\/index.php\/2025\/02\/20\/leo-ortiz-faz-comparacao-entre-tite-e-filipe-luis\/\" \/>\n<meta property=\"og:site_name\" content=\"G\u00e1vea News\" \/>\n<meta property=\"article:publisher\" content=\"https:\/\/facebook.com\/gaveaNews\/\" \/>\n<meta property=\"article:published_time\" content=\"2025-02-20T20:30:08+00:00\" \/>\n<meta property=\"og:image\" content=\"https:\/\/www.gaveanews.com\/wp-content\/uploads\/Leo-Ortiz-em-coletiva-de-apresentacao-no-Flamengo.webp\" \/>\n\t<meta property=\"og:image:width\" content=\"1480\" \/>\n\t<meta property=\"og:image:height\" content=\"929\" \/>\n\t<meta property=\"og:image:type\" content=\"image\/png\" \/>\n<meta name=\"author\" content=\"Rafaela Ladeira\" \/>\n<meta name=\"twitter:card\" content=\"summary_large_image\" \/>\n<meta name=\"twitter:label1\" content=\"Escrito por\" \/>\n\t<meta name=\"twitter:data1\" content=\"Rafaela Ladeira\" \/>\n\t<meta name=\"twitter:label2\" content=\"Est. tempo de leitura\" \/>\n\t<meta name=\"twitter:data2\" content=\"3 minutos\" \/>\n<script type=\"application\/ld+json\" class=\"yoast-schema-graph\">{\"@context\":\"https:\/\/schema.org\",\"@graph\":[{\"@type\":\"NewsArticle\",\"@id\":\"https:\/\/www.gaveanews.com\/index.php\/2025\/02\/20\/leo-ortiz-faz-comparacao-entre-tite-e-filipe-luis\/#article\",\"isPartOf\":{\"@id\":\"https:\/\/www.gaveanews.com\/index.php\/2025\/02\/20\/leo-ortiz-faz-comparacao-entre-tite-e-filipe-luis\/\"},\"author\":{\"name\":\"Rafaela Ladeira\",\"@id\":\"https:\/\/www.gaveanews.com\/#\/schema\/person\/0eb3e3fe1754f0205218538adbe8f5ed\"},\"headline\":\"L\u00e9o Ortiz faz compara\u00e7\u00e3o entre Tite e Filipe Lu\u00eds\",\"datePublished\":\"2025-02-20T20:30:08+00:00\",\"mainEntityOfPage\":{\"@id\":\"https:\/\/www.gaveanews.com\/index.php\/2025\/02\/20\/leo-ortiz-faz-comparacao-entre-tite-e-filipe-luis\/\"},\"wordCount\":429,\"commentCount\":0,\"image\":{\"@id\":\"https:\/\/www.gaveanews.com\/index.php\/2025\/02\/20\/leo-ortiz-faz-comparacao-entre-tite-e-filipe-luis\/#primaryimage\"},\"thumbnailUrl\":\"https:\/\/www.gaveanews.com\/wp-content\/uploads\/Leo-Ortiz-em-coletiva-de-apresentacao-no-Flamengo.webp\",\"articleSection\":[\"Flamengo\"],\"inLanguage\":\"pt-BR\",\"potentialAction\":[{\"@type\":\"CommentAction\",\"name\":\"Comment\",\"target\":[\"https:\/\/www.gaveanews.com\/index.php\/2025\/02\/20\/leo-ortiz-faz-comparacao-entre-tite-e-filipe-luis\/#respond\"]}],\"copyrightYear\":\"2025\",\"copyrightHolder\":{\"@id\":\"https:\/\/www.gaveanews.com\/#organization\"}},{\"@type\":\"WebPage\",\"@id\":\"https:\/\/www.gaveanews.com\/index.php\/2025\/02\/20\/leo-ortiz-faz-comparacao-entre-tite-e-filipe-luis\/\",\"url\":\"https:\/\/www.gaveanews.com\/index.php\/2025\/02\/20\/leo-ortiz-faz-comparacao-entre-tite-e-filipe-luis\/\",\"name\":\"L\u00e9o Ortiz faz compara\u00e7\u00e3o entre Tite e Filipe Lu\u00eds\",\"isPartOf\":{\"@id\":\"https:\/\/www.gaveanews.com\/#website\"},\"primaryImageOfPage\":{\"@id\":\"https:\/\/www.gaveanews.com\/index.php\/2025\/02\/20\/leo-ortiz-faz-comparacao-entre-tite-e-filipe-luis\/#primaryimage\"},\"image\":{\"@id\":\"https:\/\/www.gaveanews.com\/index.php\/2025\/02\/20\/leo-ortiz-faz-comparacao-entre-tite-e-filipe-luis\/#primaryimage\"},\"thumbnailUrl\":\"https:\/\/www.gaveanews.com\/wp-content\/uploads\/Leo-Ortiz-em-coletiva-de-apresentacao-no-Flamengo.webp\",\"datePublished\":\"2025-02-20T20:30:08+00:00\",\"author\":{\"@id\":\"https:\/\/www.gaveanews.com\/#\/schema\/person\/0eb3e3fe1754f0205218538adbe8f5ed\"},\"breadcrumb\":{\"@id\":\"https:\/\/www.gaveanews.com\/index.php\/2025\/02\/20\/leo-ortiz-faz-comparacao-entre-tite-e-filipe-luis\/#breadcrumb\"},\"inLanguage\":\"pt-BR\",\"potentialAction\":[{\"@type\":\"ReadAction\",\"target\":[\"https:\/\/www.gaveanews.com\/index.php\/2025\/02\/20\/leo-ortiz-faz-comparacao-entre-tite-e-filipe-luis\/\"]}]},{\"@type\":\"ImageObject\",\"inLanguage\":\"pt-BR\",\"@id\":\"https:\/\/www.gaveanews.com\/index.php\/2025\/02\/20\/leo-ortiz-faz-comparacao-entre-tite-e-filipe-luis\/#primaryimage\",\"url\":\"https:\/\/www.gaveanews.com\/wp-content\/uploads\/Leo-Ortiz-em-coletiva-de-apresentacao-no-Flamengo.webp\",\"contentUrl\":\"https:\/\/www.gaveanews.com\/wp-content\/uploads\/Leo-Ortiz-em-coletiva-de-apresentacao-no-Flamengo.webp\",\"width\":1480,\"height\":929,\"caption\":\"Leo Ortiz em coletiva de apresenta\u00e7\u00e3o no Flamengo - Foto: reprodu\u00e7\u00e3o FlaTV\"},{\"@type\":\"BreadcrumbList\",\"@id\":\"https:\/\/www.gaveanews.com\/index.php\/2025\/02\/20\/leo-ortiz-faz-comparacao-entre-tite-e-filipe-luis\/#breadcrumb\",\"itemListElement\":[{\"@type\":\"ListItem\",\"position\":1,\"name\":\"Home\",\"item\":\"https:\/\/www.gaveanews.com\/\"},{\"@type\":\"ListItem\",\"position\":2,\"name\":\"L\u00e9o Ortiz faz compara\u00e7\u00e3o entre Tite e Filipe Lu\u00eds\"}]},{\"@type\":\"WebSite\",\"@id\":\"https:\/\/www.gaveanews.com\/#website\",\"url\":\"https:\/\/www.gaveanews.com\/\",\"name\":\"G\u00e1vea News\",\"description\":\"Veja todas as not\u00edcias sobre o Flamengo: Contrata\u00e7\u00f5es, categorias de base, resultados das partidas, tabela de classifica\u00e7\u00e3o, pr\u00f3ximos jogos!\",\"potentialAction\":[{\"@type\":\"SearchAction\",\"target\":{\"@type\":\"EntryPoint\",\"urlTemplate\":\"https:\/\/www.gaveanews.com\/?s={search_term_string}\"},\"query-input\":{\"@type\":\"PropertyValueSpecification\",\"valueRequired\":true,\"valueName\":\"search_term_string\"}}],\"inLanguage\":\"pt-BR\"},{\"@type\":\"Person\",\"@id\":\"https:\/\/www.gaveanews.com\/#\/schema\/person\/0eb3e3fe1754f0205218538adbe8f5ed\",\"name\":\"Rafaela Ladeira\",\"image\":{\"@type\":\"ImageObject\",\"inLanguage\":\"pt-BR\",\"@id\":\"https:\/\/www.gaveanews.com\/#\/schema\/person\/image\/\",\"url\":\"https:\/\/secure.gravatar.com\/avatar\/c31f513acffd85eacab5730cbdfdbbf59f21ba5aeada8cd890acea879fbb2455?s=96&d=mm&r=g\",\"contentUrl\":\"https:\/\/secure.gravatar.com\/avatar\/c31f513acffd85eacab5730cbdfdbbf59f21ba5aeada8cd890acea879fbb2455?s=96&d=mm&r=g\",\"caption\":\"Rafaela Ladeira\"}}]}<\/script>\n<!-- \/ Yoast SEO Premium plugin. -->","yoast_head_json":{"title":"L\u00e9o Ortiz faz compara\u00e7\u00e3o entre Tite e Filipe Lu\u00eds","robots":{"index":"index","follow":"follow","max-snippet":"max-snippet:-1","max-image-preview":"max-image-preview:large","max-video-preview":"max-video-preview:-1"},"canonical":"https:\/\/www.gaveanews.com\/index.php\/2025\/02\/20\/leo-ortiz-faz-comparacao-entre-tite-e-filipe-luis\/","og_locale":"pt_BR","og_type":"article","og_title":"L\u00e9o Ortiz faz compara\u00e7\u00e3o entre Tite e Filipe Lu\u00eds","og_description":"L\u00e9o Ortiz vive um \u00f3timo momento no Flamengo e, ap\u00f3s conquistar a titularidade no sistema de Filipe Lu\u00eds, o jogador conversou sobre as mudan\u00e7as que aconteceram em sua posi\u00e7\u00e3o dentro da equipe.&nbsp; Al\u00e9m disso, o zagueiro fez uma compara\u00e7\u00e3o interessante entre o estilo de jogo de Tite, seu ex-treinador, e o do atual comandante, Filipe [&hellip;]","og_url":"https:\/\/www.gaveanews.com\/index.php\/2025\/02\/20\/leo-ortiz-faz-comparacao-entre-tite-e-filipe-luis\/","og_site_name":"G\u00e1vea News","article_publisher":"https:\/\/facebook.com\/gaveaNews\/","article_published_time":"2025-02-20T20:30:08+00:00","og_image":[{"width":1480,"height":929,"url":"https:\/\/www.gaveanews.com\/wp-content\/uploads\/Leo-Ortiz-em-coletiva-de-apresentacao-no-Flamengo.webp","type":"image\/png"}],"author":"Rafaela Ladeira","twitter_card":"summary_large_image","twitter_misc":{"Escrito por":"Rafaela Ladeira","Est. tempo de leitura":"3 minutos"},"schema":{"@context":"https:\/\/schema.org","@graph":[{"@type":"NewsArticle","@id":"https:\/\/www.gaveanews.com\/index.php\/2025\/02\/20\/leo-ortiz-faz-comparacao-entre-tite-e-filipe-luis\/#article","isPartOf":{"@id":"https:\/\/www.gaveanews.com\/index.php\/2025\/02\/20\/leo-ortiz-faz-comparacao-entre-tite-e-filipe-luis\/"},"author":{"name":"Rafaela Ladeira","@id":"https:\/\/www.gaveanews.com\/#\/schema\/person\/0eb3e3fe1754f0205218538adbe8f5ed"},"headline":"L\u00e9o Ortiz faz compara\u00e7\u00e3o entre Tite e Filipe Lu\u00eds","datePublished":"2025-02-20T20:30:08+00:00","mainEntityOfPage":{"@id":"https:\/\/www.gaveanews.com\/index.php\/2025\/02\/20\/leo-ortiz-faz-comparacao-entre-tite-e-filipe-luis\/"},"wordCount":429,"commentCount":0,"image":{"@id":"https:\/\/www.gaveanews.com\/index.php\/2025\/02\/20\/leo-ortiz-faz-comparacao-entre-tite-e-filipe-luis\/#primaryimage"},"thumbnailUrl":"https:\/\/www.gaveanews.com\/wp-content\/uploads\/Leo-Ortiz-em-coletiva-de-apresentacao-no-Flamengo.webp","articleSection":["Flamengo"],"inLanguage":"pt-BR","potentialAction":[{"@type":"CommentAction","name":"Comment","target":["https:\/\/www.gaveanews.com\/index.php\/2025\/02\/20\/leo-ortiz-faz-comparacao-entre-tite-e-filipe-luis\/#respond"]}],"copyrightYear":"2025","copyrightHolder":{"@id":"https:\/\/www.gaveanews.com\/#organization"}},{"@type":"WebPage","@id":"https:\/\/www.gaveanews.com\/index.php\/2025\/02\/20\/leo-ortiz-faz-comparacao-entre-tite-e-filipe-luis\/","url":"https:\/\/www.gaveanews.com\/index.php\/2025\/02\/20\/leo-ortiz-faz-comparacao-entre-tite-e-filipe-luis\/","name":"L\u00e9o Ortiz faz compara\u00e7\u00e3o entre Tite e Filipe Lu\u00eds","isPartOf":{"@id":"https:\/\/www.gaveanews.com\/#website"},"primaryImageOfPage":{"@id":"https:\/\/www.gaveanews.com\/index.php\/2025\/02\/20\/leo-ortiz-faz-comparacao-entre-tite-e-filipe-luis\/#primaryimage"},"image":{"@id":"https:\/\/www.gaveanews.com\/index.php\/2025\/02\/20\/leo-ortiz-faz-comparacao-entre-tite-e-filipe-luis\/#primaryimage"},"thumbnailUrl":"https:\/\/www.gaveanews.com\/wp-content\/uploads\/Leo-Ortiz-em-coletiva-de-apresentacao-no-Flamengo.webp","datePublished":"2025-02-20T20:30:08+00:00","author":{"@id":"https:\/\/www.gaveanews.com\/#\/schema\/person\/0eb3e3fe1754f0205218538adbe8f5ed"},"breadcrumb":{"@id":"https:\/\/www.gaveanews.com\/index.php\/2025\/02\/20\/leo-ortiz-faz-comparacao-entre-tite-e-filipe-luis\/#breadcrumb"},"inLanguage":"pt-BR","potentialAction":[{"@type":"ReadAction","target":["https:\/\/www.gaveanews.com\/index.php\/2025\/02\/20\/leo-ortiz-faz-comparacao-entre-tite-e-filipe-luis\/"]}]},{"@type":"ImageObject","inLanguage":"pt-BR","@id":"https:\/\/www.gaveanews.com\/index.php\/2025\/02\/20\/leo-ortiz-faz-comparacao-entre-tite-e-filipe-luis\/#primaryimage","url":"https:\/\/www.gaveanews.com\/wp-content\/uploads\/Leo-Ortiz-em-coletiva-de-apresentacao-no-Flamengo.webp","contentUrl":"https:\/\/www.gaveanews.com\/wp-content\/uploads\/Leo-Ortiz-em-coletiva-de-apresentacao-no-Flamengo.webp","width":1480,"height":929,"caption":"Leo Ortiz em coletiva de apresenta\u00e7\u00e3o no Flamengo - Foto: reprodu\u00e7\u00e3o FlaTV"},{"@type":"BreadcrumbList","@id":"https:\/\/www.gaveanews.com\/index.php\/2025\/02\/20\/leo-ortiz-faz-comparacao-entre-tite-e-filipe-luis\/#breadcrumb","itemListElement":[{"@type":"ListItem","position":1,"name":"Home","item":"https:\/\/www.gaveanews.com\/"},{"@type":"ListItem","position":2,"name":"L\u00e9o Ortiz faz compara\u00e7\u00e3o entre Tite e Filipe Lu\u00eds"}]},{"@type":"WebSite","@id":"https:\/\/www.gaveanews.com\/#website","url":"https:\/\/www.gaveanews.com\/","name":"G\u00e1vea News","description":"Veja todas as not\u00edcias sobre o Flamengo: Contrata\u00e7\u00f5es, categorias de base, resultados das partidas, tabela de classifica\u00e7\u00e3o, pr\u00f3ximos jogos!","potentialAction":[{"@type":"SearchAction","target":{"@type":"EntryPoint","urlTemplate":"https:\/\/www.gaveanews.com\/?s={search_term_string}"},"query-input":{"@type":"PropertyValueSpecification","valueRequired":true,"valueName":"search_term_string"}}],"inLanguage":"pt-BR"},{"@type":"Person","@id":"https:\/\/www.gaveanews.com\/#\/schema\/person\/0eb3e3fe1754f0205218538adbe8f5ed","name":"Rafaela Ladeira","image":{"@type":"ImageObject","inLanguage":"pt-BR","@id":"https:\/\/www.gaveanews.com\/#\/schema\/person\/image\/","url":"https:\/\/secure.gravatar.com\/avatar\/c31f513acffd85eacab5730cbdfdbbf59f21ba5aeada8cd890acea879fbb2455?s=96&d=mm&r=g","contentUrl":"https:\/\/secure.gravatar.com\/avatar\/c31f513acffd85eacab5730cbdfdbbf59f21ba5aeada8cd890acea879fbb2455?s=96&d=mm&r=g","caption":"Rafaela Ladeira"}}]}},"_links":{"self":[{"href":"https:\/\/www.gaveanews.com\/index.php\/wp-json\/wp\/v2\/posts\/230738","targetHints":{"allow":["GET"]}}],"collection":[{"href":"https:\/\/www.gaveanews.com\/index.php\/wp-json\/wp\/v2\/posts"}],"about":[{"href":"https:\/\/www.gaveanews.com\/index.php\/wp-json\/wp\/v2\/types\/post"}],"author":[{"embeddable":true,"href":"https:\/\/www.gaveanews.com\/index.php\/wp-json\/wp\/v2\/users\/25"}],"replies":[{"embeddable":true,"href":"https:\/\/www.gaveanews.com\/index.php\/wp-json\/wp\/v2\/comments?post=230738"}],"version-history":[{"count":1,"href":"https:\/\/www.gaveanews.com\/index.php\/wp-json\/wp\/v2\/posts\/230738\/revisions"}],"predecessor-version":[{"id":230739,"href":"https:\/\/www.gaveanews.com\/index.php\/wp-json\/wp\/v2\/posts\/230738\/revisions\/230739"}],"wp:featuredmedia":[{"embeddable":true,"href":"https:\/\/www.gaveanews.com\/index.php\/wp-json\/wp\/v2\/media\/130723"}],"wp:attachment":[{"href":"https:\/\/www.gaveanews.com\/index.php\/wp-json\/wp\/v2\/media?parent=230738"}],"wp:term":[{"taxonomy":"category","embeddable":true,"href":"https:\/\/www.gaveanews.com\/index.php\/wp-json\/wp\/v2\/categories?post=230738"},{"taxonomy":"post_tag","embeddable":true,"href":"https:\/\/www.gaveanews.com\/index.php\/wp-json\/wp\/v2\/tags?post=230738"}],"curies":[{"name":"wp","href":"https:\/\/api.w.org\/{rel}","templated":true}]}}