{"id":230757,"date":"2025-02-20T18:00:50","date_gmt":"2025-02-20T21:00:50","guid":{"rendered":"https:\/\/www.gaveanews.com\/?p=230757"},"modified":"2025-02-20T16:55:14","modified_gmt":"2025-02-20T19:55:14","slug":"fora-dos-planos-jose-boto-quer-vender-meia-do-flamengo","status":"publish","type":"post","link":"https:\/\/www.gaveanews.com\/index.php\/2025\/02\/20\/fora-dos-planos-jose-boto-quer-vender-meia-do-flamengo\/","title":{"rendered":"Fora dos planos! Jos\u00e9 Boto quer vender meia do Flamengo"},"content":{"rendered":"\n<p>O Flamengo volta a campo neste s\u00e1bado (22) para encarar o Maric\u00e1, no Maracan\u00e3, em jogo v\u00e1lido pela \u00faltima rodada da Ta\u00e7a Guanabara. Inicialmente marcada para as 16h30 (hor\u00e1rio de Bras\u00edlia), a partida foi remarcada para as 19h (hor\u00e1rio de Bras\u00edlia) devido ao forte calor no Rio de Janeiro. A mudan\u00e7a ocorreu ap\u00f3s um pedido do elenco rubro-negro, com Gerson, capit\u00e3o da equipe, solicitando apoio ao Sindicato dos Atletas para a altera\u00e7\u00e3o.<\/p>\n\n\n\n<p>O Rubro-Negro precisa apenas de uma vit\u00f3ria simples para garantir o t\u00edtulo da Ta\u00e7a Guanabara sem depender de outros resultados. Em caso de empate ou derrota, o time ter\u00e1 que torcer por um trope\u00e7o do Volta Redonda. A equipe comandada por Tite j\u00e1 conquistou um t\u00edtulo nesta temporada, a Supercopa do Brasil, e busca ampliar sua cole\u00e7\u00e3o de trof\u00e9us em 2025.<\/p>\n\n\n\n<h2 class=\"wp-block-heading\" id=\"h-matheus-goncalves-pode-estar-de-saida\">Matheus Gon\u00e7alves pode estar de sa\u00edda<\/h2>\n\n\n\n<p>Enquanto se prepara para a decis\u00e3o do Campeonato Carioca, o Flamengo tamb\u00e9m lida com movimenta\u00e7\u00f5es no mercado da bola. O meia-atacante Matheus Gon\u00e7alves pode estar de sa\u00edda do clube. O dirigente Jos\u00e9 Boto analisa a possibilidade de vender o jogador na pr\u00f3xima janela de transfer\u00eancias, e o Brighton, da Inglaterra, j\u00e1 demonstrou interesse.<\/p>\n\n\n\n<figure class=\"wp-block-image size-large\"><img loading=\"lazy\" decoding=\"async\" width=\"1024\" height=\"682\" src=\"http:\/\/www.gaveanews.com\/wp-content\/uploads\/Matheus-Goncalves-com-a-camisa-do-Flamengo-em-2024-1024x682.webp\" alt=\"\" class=\"wp-image-151956\" srcset=\"https:\/\/www.gaveanews.com\/wp-content\/uploads\/Matheus-Goncalves-com-a-camisa-do-Flamengo-em-2024-1024x682.webp 1024w, https:\/\/www.gaveanews.com\/wp-content\/uploads\/Matheus-Goncalves-com-a-camisa-do-Flamengo-em-2024-300x200.webp 300w, https:\/\/www.gaveanews.com\/wp-content\/uploads\/Matheus-Goncalves-com-a-camisa-do-Flamengo-em-2024-768x512.webp 768w, https:\/\/www.gaveanews.com\/wp-content\/uploads\/Matheus-Goncalves-com-a-camisa-do-Flamengo-em-2024-630x420.webp 630w, https:\/\/www.gaveanews.com\/wp-content\/uploads\/Matheus-Goncalves-com-a-camisa-do-Flamengo-em-2024-640x426.webp 640w, https:\/\/www.gaveanews.com\/wp-content\/uploads\/Matheus-Goncalves-com-a-camisa-do-Flamengo-em-2024-681x454.webp 681w, https:\/\/www.gaveanews.com\/wp-content\/uploads\/Matheus-Goncalves-com-a-camisa-do-Flamengo-em-2024-100x67.webp 100w, https:\/\/www.gaveanews.com\/wp-content\/uploads\/Matheus-Goncalves-com-a-camisa-do-Flamengo-em-2024.webp 1100w\" sizes=\"auto, (max-width: 1024px) 100vw, 1024px\" \/><figcaption class=\"wp-element-caption\">Matheus Gon\u00e7alves com a camisa do Flamengo em 2024 (Foto: Reprodu\u00e7\u00e3o\/Instagram)<\/figcaption><\/figure>\n\n\n\n<p>O empres\u00e1rio do atleta, Giuliano Bertolucci, esteve reunido com representantes do clube ingl\u00eas para discutir uma poss\u00edvel transfer\u00eancia. O Flamengo considera a negocia\u00e7\u00e3o vi\u00e1vel, pois enxerga a oportunidade de arrecadar uma quantia significativa. Contudo, Matheus deseja garantias de que ser\u00e1 utilizado pelo Brighton e n\u00e3o emprestado para adquirir experi\u00eancia em outro clube europeu.<\/p>\n\n\n\n<h2 class=\"wp-block-heading\" id=\"h-contrato-e-futuro-indefinido\">Contrato e futuro indefinido<\/h2>\n\n\n\n<p>Matheus Gon\u00e7alves tem contrato com o Flamengo at\u00e9 dezembro de 2027, com uma multa rescis\u00f3ria estipulada em 100 milh\u00f5es de euros (cerca de R$ 637 milh\u00f5es na cota\u00e7\u00e3o atual). Apesar do forte interesse europeu, o meia \u00e9 visto como uma pe\u00e7a importante pelo t\u00e9cnico Filipe Lu\u00eds, que acredita no seu potencial para ser titular em 2025.<\/p>\n\n\n\n<p>A diretoria rubro-negra avalia a melhor decis\u00e3o para o clube, considerando tanto o retorno financeiro quanto o impacto esportivo da sa\u00edda do jogador. O Brighton, por sua vez, planeja fazer um investimento significativo, mas ainda precisa formalizar uma proposta oficial para avan\u00e7ar nas negocia\u00e7\u00f5es.<\/p>\n","protected":false},"excerpt":{"rendered":"<p>O Flamengo volta a campo neste s\u00e1bado (22) para encarar o Maric\u00e1, no Maracan\u00e3, em jogo v\u00e1lido pela \u00faltima rodada da Ta\u00e7a Guanabara. Inicialmente marcada para as 16h30 (hor\u00e1rio de Bras\u00edlia), a partida foi remarcada para as 19h (hor\u00e1rio de Bras\u00edlia) devido ao forte calor no Rio de Janeiro. A mudan\u00e7a ocorreu ap\u00f3s um pedido [&hellip;]<\/p>\n","protected":false},"author":15,"featured_media":205636,"comment_status":"open","ping_status":"closed","sticky":false,"template":"","format":"standard","meta":{"footnotes":""},"categories":[1],"tags":[],"class_list":["post-230757","post","type-post","status-publish","format-standard","has-post-thumbnail","hentry","category-flamengo"],"yoast_head":"<!-- This site is optimized with the Yoast SEO Premium plugin v24.2 (Yoast SEO v26.9) - https:\/\/yoast.com\/product\/yoast-seo-premium-wordpress\/ -->\n<title>Fora dos planos! Jos\u00e9 Boto quer vender meia do Flamengo<\/title>\n<meta name=\"robots\" content=\"index, follow, max-snippet:-1, max-image-preview:large, max-video-preview:-1\" \/>\n<link rel=\"canonical\" href=\"https:\/\/www.gaveanews.com\/index.php\/2025\/02\/20\/fora-dos-planos-jose-boto-quer-vender-meia-do-flamengo\/\" \/>\n<meta property=\"og:locale\" content=\"pt_BR\" \/>\n<meta property=\"og:type\" content=\"article\" \/>\n<meta property=\"og:title\" content=\"Fora dos planos! Jos\u00e9 Boto quer vender meia do Flamengo\" \/>\n<meta property=\"og:description\" content=\"O Flamengo volta a campo neste s\u00e1bado (22) para encarar o Maric\u00e1, no Maracan\u00e3, em jogo v\u00e1lido pela \u00faltima rodada da Ta\u00e7a Guanabara. Inicialmente marcada para as 16h30 (hor\u00e1rio de Bras\u00edlia), a partida foi remarcada para as 19h (hor\u00e1rio de Bras\u00edlia) devido ao forte calor no Rio de Janeiro. A mudan\u00e7a ocorreu ap\u00f3s um pedido [&hellip;]\" \/>\n<meta property=\"og:url\" content=\"https:\/\/www.gaveanews.com\/index.php\/2025\/02\/20\/fora-dos-planos-jose-boto-quer-vender-meia-do-flamengo\/\" \/>\n<meta property=\"og:site_name\" content=\"G\u00e1vea News\" \/>\n<meta property=\"article:publisher\" content=\"https:\/\/facebook.com\/gaveaNews\/\" \/>\n<meta property=\"article:published_time\" content=\"2025-02-20T21:00:50+00:00\" \/>\n<meta property=\"og:image\" content=\"https:\/\/www.gaveanews.com\/wp-content\/uploads\/Apresentacao-de-Jose-Boto-no-Flamengo-Foto_-Marcelo-Cortes-_-CRF.webp\" \/>\n\t<meta property=\"og:image:width\" content=\"2048\" \/>\n\t<meta property=\"og:image:height\" content=\"1364\" \/>\n\t<meta property=\"og:image:type\" content=\"image\/webp\" \/>\n<meta name=\"author\" content=\"Henrique Machado\" \/>\n<meta name=\"twitter:card\" content=\"summary_large_image\" \/>\n<meta name=\"twitter:label1\" content=\"Escrito por\" \/>\n\t<meta name=\"twitter:data1\" content=\"Henrique Machado\" \/>\n\t<meta name=\"twitter:label2\" content=\"Est. tempo de leitura\" \/>\n\t<meta name=\"twitter:data2\" content=\"3 minutos\" \/>\n<script type=\"application\/ld+json\" class=\"yoast-schema-graph\">{\"@context\":\"https:\/\/schema.org\",\"@graph\":[{\"@type\":\"NewsArticle\",\"@id\":\"https:\/\/www.gaveanews.com\/index.php\/2025\/02\/20\/fora-dos-planos-jose-boto-quer-vender-meia-do-flamengo\/#article\",\"isPartOf\":{\"@id\":\"https:\/\/www.gaveanews.com\/index.php\/2025\/02\/20\/fora-dos-planos-jose-boto-quer-vender-meia-do-flamengo\/\"},\"author\":{\"name\":\"Henrique Machado\",\"@id\":\"https:\/\/www.gaveanews.com\/#\/schema\/person\/fd07635ec039ec3ba74ad18ec8a6dbd6\"},\"headline\":\"Fora dos planos! Jos\u00e9 Boto quer vender meia do Flamengo\",\"datePublished\":\"2025-02-20T21:00:50+00:00\",\"mainEntityOfPage\":{\"@id\":\"https:\/\/www.gaveanews.com\/index.php\/2025\/02\/20\/fora-dos-planos-jose-boto-quer-vender-meia-do-flamengo\/\"},\"wordCount\":412,\"commentCount\":0,\"image\":{\"@id\":\"https:\/\/www.gaveanews.com\/index.php\/2025\/02\/20\/fora-dos-planos-jose-boto-quer-vender-meia-do-flamengo\/#primaryimage\"},\"thumbnailUrl\":\"https:\/\/www.gaveanews.com\/wp-content\/uploads\/Apresentacao-de-Jose-Boto-no-Flamengo-Foto_-Marcelo-Cortes-_-CRF.webp\",\"articleSection\":[\"Flamengo\"],\"inLanguage\":\"pt-BR\",\"potentialAction\":[{\"@type\":\"CommentAction\",\"name\":\"Comment\",\"target\":[\"https:\/\/www.gaveanews.com\/index.php\/2025\/02\/20\/fora-dos-planos-jose-boto-quer-vender-meia-do-flamengo\/#respond\"]}],\"copyrightYear\":\"2025\",\"copyrightHolder\":{\"@id\":\"https:\/\/www.gaveanews.com\/#organization\"}},{\"@type\":\"WebPage\",\"@id\":\"https:\/\/www.gaveanews.com\/index.php\/2025\/02\/20\/fora-dos-planos-jose-boto-quer-vender-meia-do-flamengo\/\",\"url\":\"https:\/\/www.gaveanews.com\/index.php\/2025\/02\/20\/fora-dos-planos-jose-boto-quer-vender-meia-do-flamengo\/\",\"name\":\"Fora dos planos! Jos\u00e9 Boto quer vender meia do Flamengo\",\"isPartOf\":{\"@id\":\"https:\/\/www.gaveanews.com\/#website\"},\"primaryImageOfPage\":{\"@id\":\"https:\/\/www.gaveanews.com\/index.php\/2025\/02\/20\/fora-dos-planos-jose-boto-quer-vender-meia-do-flamengo\/#primaryimage\"},\"image\":{\"@id\":\"https:\/\/www.gaveanews.com\/index.php\/2025\/02\/20\/fora-dos-planos-jose-boto-quer-vender-meia-do-flamengo\/#primaryimage\"},\"thumbnailUrl\":\"https:\/\/www.gaveanews.com\/wp-content\/uploads\/Apresentacao-de-Jose-Boto-no-Flamengo-Foto_-Marcelo-Cortes-_-CRF.webp\",\"datePublished\":\"2025-02-20T21:00:50+00:00\",\"author\":{\"@id\":\"https:\/\/www.gaveanews.com\/#\/schema\/person\/fd07635ec039ec3ba74ad18ec8a6dbd6\"},\"breadcrumb\":{\"@id\":\"https:\/\/www.gaveanews.com\/index.php\/2025\/02\/20\/fora-dos-planos-jose-boto-quer-vender-meia-do-flamengo\/#breadcrumb\"},\"inLanguage\":\"pt-BR\",\"potentialAction\":[{\"@type\":\"ReadAction\",\"target\":[\"https:\/\/www.gaveanews.com\/index.php\/2025\/02\/20\/fora-dos-planos-jose-boto-quer-vender-meia-do-flamengo\/\"]}]},{\"@type\":\"ImageObject\",\"inLanguage\":\"pt-BR\",\"@id\":\"https:\/\/www.gaveanews.com\/index.php\/2025\/02\/20\/fora-dos-planos-jose-boto-quer-vender-meia-do-flamengo\/#primaryimage\",\"url\":\"https:\/\/www.gaveanews.com\/wp-content\/uploads\/Apresentacao-de-Jose-Boto-no-Flamengo-Foto_-Marcelo-Cortes-_-CRF.webp\",\"contentUrl\":\"https:\/\/www.gaveanews.com\/wp-content\/uploads\/Apresentacao-de-Jose-Boto-no-Flamengo-Foto_-Marcelo-Cortes-_-CRF.webp\",\"width\":2048,\"height\":1364},{\"@type\":\"BreadcrumbList\",\"@id\":\"https:\/\/www.gaveanews.com\/index.php\/2025\/02\/20\/fora-dos-planos-jose-boto-quer-vender-meia-do-flamengo\/#breadcrumb\",\"itemListElement\":[{\"@type\":\"ListItem\",\"position\":1,\"name\":\"Home\",\"item\":\"https:\/\/www.gaveanews.com\/\"},{\"@type\":\"ListItem\",\"position\":2,\"name\":\"Fora dos planos! Jos\u00e9 Boto quer vender meia do Flamengo\"}]},{\"@type\":\"WebSite\",\"@id\":\"https:\/\/www.gaveanews.com\/#website\",\"url\":\"https:\/\/www.gaveanews.com\/\",\"name\":\"G\u00e1vea News\",\"description\":\"Veja todas as not\u00edcias sobre o Flamengo: Contrata\u00e7\u00f5es, categorias de base, resultados das partidas, tabela de classifica\u00e7\u00e3o, pr\u00f3ximos jogos!\",\"potentialAction\":[{\"@type\":\"SearchAction\",\"target\":{\"@type\":\"EntryPoint\",\"urlTemplate\":\"https:\/\/www.gaveanews.com\/?s={search_term_string}\"},\"query-input\":{\"@type\":\"PropertyValueSpecification\",\"valueRequired\":true,\"valueName\":\"search_term_string\"}}],\"inLanguage\":\"pt-BR\"},{\"@type\":\"Person\",\"@id\":\"https:\/\/www.gaveanews.com\/#\/schema\/person\/fd07635ec039ec3ba74ad18ec8a6dbd6\",\"name\":\"Henrique Machado\",\"image\":{\"@type\":\"ImageObject\",\"inLanguage\":\"pt-BR\",\"@id\":\"https:\/\/www.gaveanews.com\/#\/schema\/person\/image\/\",\"url\":\"https:\/\/secure.gravatar.com\/avatar\/b95e35997e01d9800c1b6184bd79d4d898d370a3fce2584f5c77b907d5c7d9e9?s=96&d=mm&r=g\",\"contentUrl\":\"https:\/\/secure.gravatar.com\/avatar\/b95e35997e01d9800c1b6184bd79d4d898d370a3fce2584f5c77b907d5c7d9e9?s=96&d=mm&r=g\",\"caption\":\"Henrique Machado\"}}]}<\/script>\n<!-- \/ Yoast SEO Premium plugin. -->","yoast_head_json":{"title":"Fora dos planos! Jos\u00e9 Boto quer vender meia do Flamengo","robots":{"index":"index","follow":"follow","max-snippet":"max-snippet:-1","max-image-preview":"max-image-preview:large","max-video-preview":"max-video-preview:-1"},"canonical":"https:\/\/www.gaveanews.com\/index.php\/2025\/02\/20\/fora-dos-planos-jose-boto-quer-vender-meia-do-flamengo\/","og_locale":"pt_BR","og_type":"article","og_title":"Fora dos planos! Jos\u00e9 Boto quer vender meia do Flamengo","og_description":"O Flamengo volta a campo neste s\u00e1bado (22) para encarar o Maric\u00e1, no Maracan\u00e3, em jogo v\u00e1lido pela \u00faltima rodada da Ta\u00e7a Guanabara. Inicialmente marcada para as 16h30 (hor\u00e1rio de Bras\u00edlia), a partida foi remarcada para as 19h (hor\u00e1rio de Bras\u00edlia) devido ao forte calor no Rio de Janeiro. A mudan\u00e7a ocorreu ap\u00f3s um pedido [&hellip;]","og_url":"https:\/\/www.gaveanews.com\/index.php\/2025\/02\/20\/fora-dos-planos-jose-boto-quer-vender-meia-do-flamengo\/","og_site_name":"G\u00e1vea News","article_publisher":"https:\/\/facebook.com\/gaveaNews\/","article_published_time":"2025-02-20T21:00:50+00:00","og_image":[{"width":2048,"height":1364,"url":"https:\/\/www.gaveanews.com\/wp-content\/uploads\/Apresentacao-de-Jose-Boto-no-Flamengo-Foto_-Marcelo-Cortes-_-CRF.webp","type":"image\/webp"}],"author":"Henrique Machado","twitter_card":"summary_large_image","twitter_misc":{"Escrito por":"Henrique Machado","Est. tempo de leitura":"3 minutos"},"schema":{"@context":"https:\/\/schema.org","@graph":[{"@type":"NewsArticle","@id":"https:\/\/www.gaveanews.com\/index.php\/2025\/02\/20\/fora-dos-planos-jose-boto-quer-vender-meia-do-flamengo\/#article","isPartOf":{"@id":"https:\/\/www.gaveanews.com\/index.php\/2025\/02\/20\/fora-dos-planos-jose-boto-quer-vender-meia-do-flamengo\/"},"author":{"name":"Henrique Machado","@id":"https:\/\/www.gaveanews.com\/#\/schema\/person\/fd07635ec039ec3ba74ad18ec8a6dbd6"},"headline":"Fora dos planos! Jos\u00e9 Boto quer vender meia do Flamengo","datePublished":"2025-02-20T21:00:50+00:00","mainEntityOfPage":{"@id":"https:\/\/www.gaveanews.com\/index.php\/2025\/02\/20\/fora-dos-planos-jose-boto-quer-vender-meia-do-flamengo\/"},"wordCount":412,"commentCount":0,"image":{"@id":"https:\/\/www.gaveanews.com\/index.php\/2025\/02\/20\/fora-dos-planos-jose-boto-quer-vender-meia-do-flamengo\/#primaryimage"},"thumbnailUrl":"https:\/\/www.gaveanews.com\/wp-content\/uploads\/Apresentacao-de-Jose-Boto-no-Flamengo-Foto_-Marcelo-Cortes-_-CRF.webp","articleSection":["Flamengo"],"inLanguage":"pt-BR","potentialAction":[{"@type":"CommentAction","name":"Comment","target":["https:\/\/www.gaveanews.com\/index.php\/2025\/02\/20\/fora-dos-planos-jose-boto-quer-vender-meia-do-flamengo\/#respond"]}],"copyrightYear":"2025","copyrightHolder":{"@id":"https:\/\/www.gaveanews.com\/#organization"}},{"@type":"WebPage","@id":"https:\/\/www.gaveanews.com\/index.php\/2025\/02\/20\/fora-dos-planos-jose-boto-quer-vender-meia-do-flamengo\/","url":"https:\/\/www.gaveanews.com\/index.php\/2025\/02\/20\/fora-dos-planos-jose-boto-quer-vender-meia-do-flamengo\/","name":"Fora dos planos! Jos\u00e9 Boto quer vender meia do Flamengo","isPartOf":{"@id":"https:\/\/www.gaveanews.com\/#website"},"primaryImageOfPage":{"@id":"https:\/\/www.gaveanews.com\/index.php\/2025\/02\/20\/fora-dos-planos-jose-boto-quer-vender-meia-do-flamengo\/#primaryimage"},"image":{"@id":"https:\/\/www.gaveanews.com\/index.php\/2025\/02\/20\/fora-dos-planos-jose-boto-quer-vender-meia-do-flamengo\/#primaryimage"},"thumbnailUrl":"https:\/\/www.gaveanews.com\/wp-content\/uploads\/Apresentacao-de-Jose-Boto-no-Flamengo-Foto_-Marcelo-Cortes-_-CRF.webp","datePublished":"2025-02-20T21:00:50+00:00","author":{"@id":"https:\/\/www.gaveanews.com\/#\/schema\/person\/fd07635ec039ec3ba74ad18ec8a6dbd6"},"breadcrumb":{"@id":"https:\/\/www.gaveanews.com\/index.php\/2025\/02\/20\/fora-dos-planos-jose-boto-quer-vender-meia-do-flamengo\/#breadcrumb"},"inLanguage":"pt-BR","potentialAction":[{"@type":"ReadAction","target":["https:\/\/www.gaveanews.com\/index.php\/2025\/02\/20\/fora-dos-planos-jose-boto-quer-vender-meia-do-flamengo\/"]}]},{"@type":"ImageObject","inLanguage":"pt-BR","@id":"https:\/\/www.gaveanews.com\/index.php\/2025\/02\/20\/fora-dos-planos-jose-boto-quer-vender-meia-do-flamengo\/#primaryimage","url":"https:\/\/www.gaveanews.com\/wp-content\/uploads\/Apresentacao-de-Jose-Boto-no-Flamengo-Foto_-Marcelo-Cortes-_-CRF.webp","contentUrl":"https:\/\/www.gaveanews.com\/wp-content\/uploads\/Apresentacao-de-Jose-Boto-no-Flamengo-Foto_-Marcelo-Cortes-_-CRF.webp","width":2048,"height":1364},{"@type":"BreadcrumbList","@id":"https:\/\/www.gaveanews.com\/index.php\/2025\/02\/20\/fora-dos-planos-jose-boto-quer-vender-meia-do-flamengo\/#breadcrumb","itemListElement":[{"@type":"ListItem","position":1,"name":"Home","item":"https:\/\/www.gaveanews.com\/"},{"@type":"ListItem","position":2,"name":"Fora dos planos! Jos\u00e9 Boto quer vender meia do Flamengo"}]},{"@type":"WebSite","@id":"https:\/\/www.gaveanews.com\/#website","url":"https:\/\/www.gaveanews.com\/","name":"G\u00e1vea News","description":"Veja todas as not\u00edcias sobre o Flamengo: Contrata\u00e7\u00f5es, categorias de base, resultados das partidas, tabela de classifica\u00e7\u00e3o, pr\u00f3ximos jogos!","potentialAction":[{"@type":"SearchAction","target":{"@type":"EntryPoint","urlTemplate":"https:\/\/www.gaveanews.com\/?s={search_term_string}"},"query-input":{"@type":"PropertyValueSpecification","valueRequired":true,"valueName":"search_term_string"}}],"inLanguage":"pt-BR"},{"@type":"Person","@id":"https:\/\/www.gaveanews.com\/#\/schema\/person\/fd07635ec039ec3ba74ad18ec8a6dbd6","name":"Henrique Machado","image":{"@type":"ImageObject","inLanguage":"pt-BR","@id":"https:\/\/www.gaveanews.com\/#\/schema\/person\/image\/","url":"https:\/\/secure.gravatar.com\/avatar\/b95e35997e01d9800c1b6184bd79d4d898d370a3fce2584f5c77b907d5c7d9e9?s=96&d=mm&r=g","contentUrl":"https:\/\/secure.gravatar.com\/avatar\/b95e35997e01d9800c1b6184bd79d4d898d370a3fce2584f5c77b907d5c7d9e9?s=96&d=mm&r=g","caption":"Henrique Machado"}}]}},"_links":{"self":[{"href":"https:\/\/www.gaveanews.com\/index.php\/wp-json\/wp\/v2\/posts\/230757","targetHints":{"allow":["GET"]}}],"collection":[{"href":"https:\/\/www.gaveanews.com\/index.php\/wp-json\/wp\/v2\/posts"}],"about":[{"href":"https:\/\/www.gaveanews.com\/index.php\/wp-json\/wp\/v2\/types\/post"}],"author":[{"embeddable":true,"href":"https:\/\/www.gaveanews.com\/index.php\/wp-json\/wp\/v2\/users\/15"}],"replies":[{"embeddable":true,"href":"https:\/\/www.gaveanews.com\/index.php\/wp-json\/wp\/v2\/comments?post=230757"}],"version-history":[{"count":2,"href":"https:\/\/www.gaveanews.com\/index.php\/wp-json\/wp\/v2\/posts\/230757\/revisions"}],"predecessor-version":[{"id":230775,"href":"https:\/\/www.gaveanews.com\/index.php\/wp-json\/wp\/v2\/posts\/230757\/revisions\/230775"}],"wp:featuredmedia":[{"embeddable":true,"href":"https:\/\/www.gaveanews.com\/index.php\/wp-json\/wp\/v2\/media\/205636"}],"wp:attachment":[{"href":"https:\/\/www.gaveanews.com\/index.php\/wp-json\/wp\/v2\/media?parent=230757"}],"wp:term":[{"taxonomy":"category","embeddable":true,"href":"https:\/\/www.gaveanews.com\/index.php\/wp-json\/wp\/v2\/categories?post=230757"},{"taxonomy":"post_tag","embeddable":true,"href":"https:\/\/www.gaveanews.com\/index.php\/wp-json\/wp\/v2\/tags?post=230757"}],"curies":[{"name":"wp","href":"https:\/\/api.w.org\/{rel}","templated":true}]}}