{"id":230769,"date":"2025-02-20T17:50:39","date_gmt":"2025-02-20T20:50:39","guid":{"rendered":"https:\/\/www.gaveanews.com\/?p=230769"},"modified":"2025-02-20T16:51:55","modified_gmt":"2025-02-20T19:51:55","slug":"a-declaracao-de-gaules-sobre-o-convite-de-neymar-para-kelvin-jogar-no-santos","status":"publish","type":"post","link":"https:\/\/www.gaveanews.com\/index.php\/2025\/02\/20\/a-declaracao-de-gaules-sobre-o-convite-de-neymar-para-kelvin-jogar-no-santos\/","title":{"rendered":"A declara\u00e7\u00e3o de Gaules sobre o convite de Neymar para Kelvin jogar no Santos"},"content":{"rendered":"\n<p>A recente revela\u00e7\u00e3o de Gaules sobre o contato entre Neymar Jr. e Kelvin agitou o mundo do futebol. O atacante do Paris Saint-Germain demonstrou interesse em ter o jogador da Kings League ao seu lado no Santos, algo que gerou grande repercuss\u00e3o, mas ainda sem qualquer confirma\u00e7\u00e3o oficial do clube paulista.&nbsp;<\/p>\n\n\n\n<p>Gaules, presidente do G3X, time onde Kelvin brilha na competi\u00e7\u00e3o de Gerard Piqu\u00e9, foi o respons\u00e1vel por divulgar a conversa entre os dois atletas, deixando no ar a possibilidade de uma nova fase na carreira de Kelvin.<\/p>\n\n\n\n<h2 class=\"wp-block-heading\" id=\"h-o-convite-de-neymar-e-a-reacao-de-kelvin\">O convite de Neymar e a rea\u00e7\u00e3o de Kelvin<\/h2>\n\n\n\n<p>De acordo com Gaules, Neymar expressou seu desejo de contar com Kelvin no Santos, algo que foi bem recebido pelo jogador.&nbsp;<\/p>\n\n\n\n<p>&#8220;Neymar Jr. entrou em contato com o Kelvin, j\u00e1 faz um tempo. Ele est\u00e1 com desejo de jogar com ele, ter o Kelvin no Santos&#8221;, revelou o streamer.&nbsp;<\/p>\n\n\n\n<p>Por\u00e9m, mesmo sendo seduzido pela ideia de atuar ao lado de um \u00eddolo de sua gera\u00e7\u00e3o, Kelvin foi prudente e pediu que Neymar seguisse os tr\u00e2mites contratuais com seu empres\u00e1rio.&nbsp;<\/p>\n\n\n\n<p>&#8220;Quem n\u00e3o tem o sonho de jogar do lado do Neymar, o \u00eddolo dessa gera\u00e7\u00e3o? Mas pediu para o Ney conversar com o Gau, \u00e9 com ele meu contrato&#8221;, contou Gaules sobre a postura cautelosa do jogador.<\/p>\n\n\n\n<blockquote class=\"twitter-tweet\"><p lang=\"pt\" dir=\"ltr\">O GRANDE PEDIDO DE NEYMAR: KELVIN OLIVEIRA NO SANTOS!<br><br> \ud83d\udd17Link nos coment\u00e1rios  \u2b07 <a href=\"https:\/\/t.co\/Go2ZHVjcPd\">pic.twitter.com\/Go2ZHVjcPd<\/a><\/p>&mdash; VelhoVamp1 (@VelhoVamp1) <a href=\"https:\/\/twitter.com\/VelhoVamp1\/status\/1892607080965492902?ref_src=twsrc%5Etfw\">February 20, 2025<\/a><\/blockquote> <script async src=\"https:\/\/platform.twitter.com\/widgets.js\" charset=\"utf-8\"><\/script>\n\n\n\n<h2 class=\"wp-block-heading\" id=\"h-a-trajetoria-de-kelvin-no-futebol-de-7-e-a-possibilidade-de-retorno-ao-campo\">A trajet\u00f3ria de Kelvin no futebol de 7 e a possibilidade de retorno ao campo<\/h2>\n\n\n\n<p>Kelvin tem uma longa trajet\u00f3ria no futebol de campo, onde j\u00e1 passou por clubes como Gr\u00eamio e S\u00e3o Jos\u00e9. No entanto, nos \u00faltimos anos, se destacou no futebol de 7, onde se sente realizado.&nbsp;<\/p>\n\n\n\n<p>&#8220;J\u00e1 joguei campo a minha vida toda, fui para o futebol de sete h\u00e1 cinco anos, joguei quatro anos, tive pausa em 2023, fui no Gr\u00eamio, tive a passagem, acabou n\u00e3o dando certo&#8221;, explicou Kelvin.&nbsp;<\/p>\n\n\n\n<p>Embora o convite de Neymar tenha sido tentador, ele refor\u00e7ou que est\u00e1 feliz com sua carreira no futebol de 7.&nbsp;<\/p>\n\n\n\n<p>&#8220;N\u00e3o me vejo mais no futebol de campo. N\u00e3o tenho que provar para ningu\u00e9m que sou bom no campo, tenho que mostrar aqui no futebol de sete&#8221;, completou o jogador.<\/p>\n\n\n\n<h2 class=\"wp-block-heading\" id=\"h-o-futuro-de-kelvin-santos-kings-league-ou-estados-unidos\">O futuro de Kelvin: Santos, Kings League ou Estados Unidos?<\/h2>\n\n\n\n<p>Com isso, Kelvin se encontra em uma encruzilhada importante. Al\u00e9m da proposta do Santos, ele tamb\u00e9m tem uma oferta bilion\u00e1ria de Jake Paul para atuar na edi\u00e7\u00e3o norte-americana da Kings League.&nbsp;<\/p>\n\n\n\n<p>&#8220;A situa\u00e7\u00e3o de Kelvin est\u00e1 entre permanecer no G3X, ir jogar no Santos no futebol profissional ao lado de um \u00eddolo de uma gera\u00e7\u00e3o ou ir ganhar, como Messi, Luis Su\u00e1rez, uma fortuna nos Estados Unidos. \u00c9 33% para cada&#8221;, disse Gaules, deixando claro que o futuro do jogador est\u00e1 repleto de alternativas.<\/p>\n\n\n\n<h2 class=\"wp-block-heading\" id=\"h-neymar-e-a-furia-na-kings-league\">Neymar e a F\u00faria na Kings League<\/h2>\n\n\n\n<p>Cabe ressaltar que a Kings League ser\u00e1 realizada no Brasil em breve, e Kelvin ser\u00e1 a principal atra\u00e7\u00e3o do G3X. Neymar, por sua vez, tamb\u00e9m est\u00e1 envolvido com a competi\u00e7\u00e3o, comandando a F\u00faria.&nbsp;<\/p>\n\n\n\n<p>No entanto, a equipe de Neymar j\u00e1 confirmou suas estrelas, o que parece diminuir a possibilidade de uma colabora\u00e7\u00e3o direta com Kelvin na Kings League. Dessa maneira, a decis\u00e3o do jogador se torna ainda mais delicada, considerando suas v\u00e1rias op\u00e7\u00f5es para o futuro.<\/p>\n","protected":false},"excerpt":{"rendered":"<p>A recente revela\u00e7\u00e3o de Gaules sobre o contato entre Neymar Jr. e Kelvin agitou o mundo do futebol. O atacante do Paris Saint-Germain demonstrou interesse em ter o jogador da Kings League ao seu lado no Santos, algo que gerou grande repercuss\u00e3o, mas ainda sem qualquer confirma\u00e7\u00e3o oficial do clube paulista.&nbsp; Gaules, presidente do G3X, [&hellip;]<\/p>\n","protected":false},"author":25,"featured_media":220190,"comment_status":"open","ping_status":"closed","sticky":false,"template":"","format":"standard","meta":{"footnotes":""},"categories":[139],"tags":[],"class_list":["post-230769","post","type-post","status-publish","format-standard","has-post-thumbnail","hentry","category-santos"],"yoast_head":"<!-- This site is optimized with the Yoast SEO Premium plugin v24.2 (Yoast SEO v26.9) - https:\/\/yoast.com\/product\/yoast-seo-premium-wordpress\/ -->\n<title>A declara\u00e7\u00e3o de Gaules sobre o convite de Neymar para Kelvin jogar no Santos<\/title>\n<meta name=\"robots\" content=\"index, follow, max-snippet:-1, max-image-preview:large, max-video-preview:-1\" \/>\n<link rel=\"canonical\" href=\"https:\/\/www.gaveanews.com\/index.php\/2025\/02\/20\/a-declaracao-de-gaules-sobre-o-convite-de-neymar-para-kelvin-jogar-no-santos\/\" \/>\n<meta property=\"og:locale\" content=\"pt_BR\" \/>\n<meta property=\"og:type\" content=\"article\" \/>\n<meta property=\"og:title\" content=\"A declara\u00e7\u00e3o de Gaules sobre o convite de Neymar para Kelvin jogar no Santos\" \/>\n<meta property=\"og:description\" content=\"A recente revela\u00e7\u00e3o de Gaules sobre o contato entre Neymar Jr. e Kelvin agitou o mundo do futebol. O atacante do Paris Saint-Germain demonstrou interesse em ter o jogador da Kings League ao seu lado no Santos, algo que gerou grande repercuss\u00e3o, mas ainda sem qualquer confirma\u00e7\u00e3o oficial do clube paulista.&nbsp; Gaules, presidente do G3X, [&hellip;]\" \/>\n<meta property=\"og:url\" content=\"https:\/\/www.gaveanews.com\/index.php\/2025\/02\/20\/a-declaracao-de-gaules-sobre-o-convite-de-neymar-para-kelvin-jogar-no-santos\/\" \/>\n<meta property=\"og:site_name\" content=\"G\u00e1vea News\" \/>\n<meta property=\"article:publisher\" content=\"https:\/\/facebook.com\/gaveaNews\/\" \/>\n<meta property=\"article:published_time\" content=\"2025-02-20T20:50:39+00:00\" \/>\n<meta property=\"og:image\" content=\"https:\/\/www.gaveanews.com\/wp-content\/uploads\/image-28.webp\" \/>\n\t<meta property=\"og:image:width\" content=\"984\" \/>\n\t<meta property=\"og:image:height\" content=\"709\" \/>\n\t<meta property=\"og:image:type\" content=\"image\/png\" \/>\n<meta name=\"author\" content=\"Rafaela Ladeira\" \/>\n<meta name=\"twitter:card\" content=\"summary_large_image\" \/>\n<meta name=\"twitter:label1\" content=\"Escrito por\" \/>\n\t<meta name=\"twitter:data1\" content=\"Rafaela Ladeira\" \/>\n\t<meta name=\"twitter:label2\" content=\"Est. tempo de leitura\" \/>\n\t<meta name=\"twitter:data2\" content=\"4 minutos\" \/>\n<script type=\"application\/ld+json\" class=\"yoast-schema-graph\">{\"@context\":\"https:\/\/schema.org\",\"@graph\":[{\"@type\":\"NewsArticle\",\"@id\":\"https:\/\/www.gaveanews.com\/index.php\/2025\/02\/20\/a-declaracao-de-gaules-sobre-o-convite-de-neymar-para-kelvin-jogar-no-santos\/#article\",\"isPartOf\":{\"@id\":\"https:\/\/www.gaveanews.com\/index.php\/2025\/02\/20\/a-declaracao-de-gaules-sobre-o-convite-de-neymar-para-kelvin-jogar-no-santos\/\"},\"author\":{\"name\":\"Rafaela Ladeira\",\"@id\":\"https:\/\/www.gaveanews.com\/#\/schema\/person\/0eb3e3fe1754f0205218538adbe8f5ed\"},\"headline\":\"A declara\u00e7\u00e3o de Gaules sobre o convite de Neymar para Kelvin jogar no Santos\",\"datePublished\":\"2025-02-20T20:50:39+00:00\",\"mainEntityOfPage\":{\"@id\":\"https:\/\/www.gaveanews.com\/index.php\/2025\/02\/20\/a-declaracao-de-gaules-sobre-o-convite-de-neymar-para-kelvin-jogar-no-santos\/\"},\"wordCount\":604,\"commentCount\":0,\"image\":{\"@id\":\"https:\/\/www.gaveanews.com\/index.php\/2025\/02\/20\/a-declaracao-de-gaules-sobre-o-convite-de-neymar-para-kelvin-jogar-no-santos\/#primaryimage\"},\"thumbnailUrl\":\"https:\/\/www.gaveanews.com\/wp-content\/uploads\/image-28.webp\",\"articleSection\":[\"Santos\"],\"inLanguage\":\"pt-BR\",\"potentialAction\":[{\"@type\":\"CommentAction\",\"name\":\"Comment\",\"target\":[\"https:\/\/www.gaveanews.com\/index.php\/2025\/02\/20\/a-declaracao-de-gaules-sobre-o-convite-de-neymar-para-kelvin-jogar-no-santos\/#respond\"]}],\"copyrightYear\":\"2025\",\"copyrightHolder\":{\"@id\":\"https:\/\/www.gaveanews.com\/#organization\"}},{\"@type\":\"WebPage\",\"@id\":\"https:\/\/www.gaveanews.com\/index.php\/2025\/02\/20\/a-declaracao-de-gaules-sobre-o-convite-de-neymar-para-kelvin-jogar-no-santos\/\",\"url\":\"https:\/\/www.gaveanews.com\/index.php\/2025\/02\/20\/a-declaracao-de-gaules-sobre-o-convite-de-neymar-para-kelvin-jogar-no-santos\/\",\"name\":\"A declara\u00e7\u00e3o de Gaules sobre o convite de Neymar para Kelvin jogar no Santos\",\"isPartOf\":{\"@id\":\"https:\/\/www.gaveanews.com\/#website\"},\"primaryImageOfPage\":{\"@id\":\"https:\/\/www.gaveanews.com\/index.php\/2025\/02\/20\/a-declaracao-de-gaules-sobre-o-convite-de-neymar-para-kelvin-jogar-no-santos\/#primaryimage\"},\"image\":{\"@id\":\"https:\/\/www.gaveanews.com\/index.php\/2025\/02\/20\/a-declaracao-de-gaules-sobre-o-convite-de-neymar-para-kelvin-jogar-no-santos\/#primaryimage\"},\"thumbnailUrl\":\"https:\/\/www.gaveanews.com\/wp-content\/uploads\/image-28.webp\",\"datePublished\":\"2025-02-20T20:50:39+00:00\",\"author\":{\"@id\":\"https:\/\/www.gaveanews.com\/#\/schema\/person\/0eb3e3fe1754f0205218538adbe8f5ed\"},\"breadcrumb\":{\"@id\":\"https:\/\/www.gaveanews.com\/index.php\/2025\/02\/20\/a-declaracao-de-gaules-sobre-o-convite-de-neymar-para-kelvin-jogar-no-santos\/#breadcrumb\"},\"inLanguage\":\"pt-BR\",\"potentialAction\":[{\"@type\":\"ReadAction\",\"target\":[\"https:\/\/www.gaveanews.com\/index.php\/2025\/02\/20\/a-declaracao-de-gaules-sobre-o-convite-de-neymar-para-kelvin-jogar-no-santos\/\"]}]},{\"@type\":\"ImageObject\",\"inLanguage\":\"pt-BR\",\"@id\":\"https:\/\/www.gaveanews.com\/index.php\/2025\/02\/20\/a-declaracao-de-gaules-sobre-o-convite-de-neymar-para-kelvin-jogar-no-santos\/#primaryimage\",\"url\":\"https:\/\/www.gaveanews.com\/wp-content\/uploads\/image-28.webp\",\"contentUrl\":\"https:\/\/www.gaveanews.com\/wp-content\/uploads\/image-28.webp\",\"width\":984,\"height\":709,\"caption\":\"Neymar no Santos - Foto: Divulga\u00e7\u00e3o\/SFC\"},{\"@type\":\"BreadcrumbList\",\"@id\":\"https:\/\/www.gaveanews.com\/index.php\/2025\/02\/20\/a-declaracao-de-gaules-sobre-o-convite-de-neymar-para-kelvin-jogar-no-santos\/#breadcrumb\",\"itemListElement\":[{\"@type\":\"ListItem\",\"position\":1,\"name\":\"Home\",\"item\":\"https:\/\/www.gaveanews.com\/\"},{\"@type\":\"ListItem\",\"position\":2,\"name\":\"A declara\u00e7\u00e3o de Gaules sobre o convite de Neymar para Kelvin jogar no Santos\"}]},{\"@type\":\"WebSite\",\"@id\":\"https:\/\/www.gaveanews.com\/#website\",\"url\":\"https:\/\/www.gaveanews.com\/\",\"name\":\"G\u00e1vea News\",\"description\":\"Veja todas as not\u00edcias sobre o Flamengo: Contrata\u00e7\u00f5es, categorias de base, resultados das partidas, tabela de classifica\u00e7\u00e3o, pr\u00f3ximos jogos!\",\"potentialAction\":[{\"@type\":\"SearchAction\",\"target\":{\"@type\":\"EntryPoint\",\"urlTemplate\":\"https:\/\/www.gaveanews.com\/?s={search_term_string}\"},\"query-input\":{\"@type\":\"PropertyValueSpecification\",\"valueRequired\":true,\"valueName\":\"search_term_string\"}}],\"inLanguage\":\"pt-BR\"},{\"@type\":\"Person\",\"@id\":\"https:\/\/www.gaveanews.com\/#\/schema\/person\/0eb3e3fe1754f0205218538adbe8f5ed\",\"name\":\"Rafaela Ladeira\",\"image\":{\"@type\":\"ImageObject\",\"inLanguage\":\"pt-BR\",\"@id\":\"https:\/\/www.gaveanews.com\/#\/schema\/person\/image\/\",\"url\":\"https:\/\/secure.gravatar.com\/avatar\/c31f513acffd85eacab5730cbdfdbbf59f21ba5aeada8cd890acea879fbb2455?s=96&d=mm&r=g\",\"contentUrl\":\"https:\/\/secure.gravatar.com\/avatar\/c31f513acffd85eacab5730cbdfdbbf59f21ba5aeada8cd890acea879fbb2455?s=96&d=mm&r=g\",\"caption\":\"Rafaela Ladeira\"}}]}<\/script>\n<!-- \/ Yoast SEO Premium plugin. -->","yoast_head_json":{"title":"A declara\u00e7\u00e3o de Gaules sobre o convite de Neymar para Kelvin jogar no Santos","robots":{"index":"index","follow":"follow","max-snippet":"max-snippet:-1","max-image-preview":"max-image-preview:large","max-video-preview":"max-video-preview:-1"},"canonical":"https:\/\/www.gaveanews.com\/index.php\/2025\/02\/20\/a-declaracao-de-gaules-sobre-o-convite-de-neymar-para-kelvin-jogar-no-santos\/","og_locale":"pt_BR","og_type":"article","og_title":"A declara\u00e7\u00e3o de Gaules sobre o convite de Neymar para Kelvin jogar no Santos","og_description":"A recente revela\u00e7\u00e3o de Gaules sobre o contato entre Neymar Jr. e Kelvin agitou o mundo do futebol. O atacante do Paris Saint-Germain demonstrou interesse em ter o jogador da Kings League ao seu lado no Santos, algo que gerou grande repercuss\u00e3o, mas ainda sem qualquer confirma\u00e7\u00e3o oficial do clube paulista.&nbsp; Gaules, presidente do G3X, [&hellip;]","og_url":"https:\/\/www.gaveanews.com\/index.php\/2025\/02\/20\/a-declaracao-de-gaules-sobre-o-convite-de-neymar-para-kelvin-jogar-no-santos\/","og_site_name":"G\u00e1vea News","article_publisher":"https:\/\/facebook.com\/gaveaNews\/","article_published_time":"2025-02-20T20:50:39+00:00","og_image":[{"width":984,"height":709,"url":"https:\/\/www.gaveanews.com\/wp-content\/uploads\/image-28.webp","type":"image\/png"}],"author":"Rafaela Ladeira","twitter_card":"summary_large_image","twitter_misc":{"Escrito por":"Rafaela Ladeira","Est. tempo de leitura":"4 minutos"},"schema":{"@context":"https:\/\/schema.org","@graph":[{"@type":"NewsArticle","@id":"https:\/\/www.gaveanews.com\/index.php\/2025\/02\/20\/a-declaracao-de-gaules-sobre-o-convite-de-neymar-para-kelvin-jogar-no-santos\/#article","isPartOf":{"@id":"https:\/\/www.gaveanews.com\/index.php\/2025\/02\/20\/a-declaracao-de-gaules-sobre-o-convite-de-neymar-para-kelvin-jogar-no-santos\/"},"author":{"name":"Rafaela Ladeira","@id":"https:\/\/www.gaveanews.com\/#\/schema\/person\/0eb3e3fe1754f0205218538adbe8f5ed"},"headline":"A declara\u00e7\u00e3o de Gaules sobre o convite de Neymar para Kelvin jogar no Santos","datePublished":"2025-02-20T20:50:39+00:00","mainEntityOfPage":{"@id":"https:\/\/www.gaveanews.com\/index.php\/2025\/02\/20\/a-declaracao-de-gaules-sobre-o-convite-de-neymar-para-kelvin-jogar-no-santos\/"},"wordCount":604,"commentCount":0,"image":{"@id":"https:\/\/www.gaveanews.com\/index.php\/2025\/02\/20\/a-declaracao-de-gaules-sobre-o-convite-de-neymar-para-kelvin-jogar-no-santos\/#primaryimage"},"thumbnailUrl":"https:\/\/www.gaveanews.com\/wp-content\/uploads\/image-28.webp","articleSection":["Santos"],"inLanguage":"pt-BR","potentialAction":[{"@type":"CommentAction","name":"Comment","target":["https:\/\/www.gaveanews.com\/index.php\/2025\/02\/20\/a-declaracao-de-gaules-sobre-o-convite-de-neymar-para-kelvin-jogar-no-santos\/#respond"]}],"copyrightYear":"2025","copyrightHolder":{"@id":"https:\/\/www.gaveanews.com\/#organization"}},{"@type":"WebPage","@id":"https:\/\/www.gaveanews.com\/index.php\/2025\/02\/20\/a-declaracao-de-gaules-sobre-o-convite-de-neymar-para-kelvin-jogar-no-santos\/","url":"https:\/\/www.gaveanews.com\/index.php\/2025\/02\/20\/a-declaracao-de-gaules-sobre-o-convite-de-neymar-para-kelvin-jogar-no-santos\/","name":"A declara\u00e7\u00e3o de Gaules sobre o convite de Neymar para Kelvin jogar no Santos","isPartOf":{"@id":"https:\/\/www.gaveanews.com\/#website"},"primaryImageOfPage":{"@id":"https:\/\/www.gaveanews.com\/index.php\/2025\/02\/20\/a-declaracao-de-gaules-sobre-o-convite-de-neymar-para-kelvin-jogar-no-santos\/#primaryimage"},"image":{"@id":"https:\/\/www.gaveanews.com\/index.php\/2025\/02\/20\/a-declaracao-de-gaules-sobre-o-convite-de-neymar-para-kelvin-jogar-no-santos\/#primaryimage"},"thumbnailUrl":"https:\/\/www.gaveanews.com\/wp-content\/uploads\/image-28.webp","datePublished":"2025-02-20T20:50:39+00:00","author":{"@id":"https:\/\/www.gaveanews.com\/#\/schema\/person\/0eb3e3fe1754f0205218538adbe8f5ed"},"breadcrumb":{"@id":"https:\/\/www.gaveanews.com\/index.php\/2025\/02\/20\/a-declaracao-de-gaules-sobre-o-convite-de-neymar-para-kelvin-jogar-no-santos\/#breadcrumb"},"inLanguage":"pt-BR","potentialAction":[{"@type":"ReadAction","target":["https:\/\/www.gaveanews.com\/index.php\/2025\/02\/20\/a-declaracao-de-gaules-sobre-o-convite-de-neymar-para-kelvin-jogar-no-santos\/"]}]},{"@type":"ImageObject","inLanguage":"pt-BR","@id":"https:\/\/www.gaveanews.com\/index.php\/2025\/02\/20\/a-declaracao-de-gaules-sobre-o-convite-de-neymar-para-kelvin-jogar-no-santos\/#primaryimage","url":"https:\/\/www.gaveanews.com\/wp-content\/uploads\/image-28.webp","contentUrl":"https:\/\/www.gaveanews.com\/wp-content\/uploads\/image-28.webp","width":984,"height":709,"caption":"Neymar no Santos - Foto: Divulga\u00e7\u00e3o\/SFC"},{"@type":"BreadcrumbList","@id":"https:\/\/www.gaveanews.com\/index.php\/2025\/02\/20\/a-declaracao-de-gaules-sobre-o-convite-de-neymar-para-kelvin-jogar-no-santos\/#breadcrumb","itemListElement":[{"@type":"ListItem","position":1,"name":"Home","item":"https:\/\/www.gaveanews.com\/"},{"@type":"ListItem","position":2,"name":"A declara\u00e7\u00e3o de Gaules sobre o convite de Neymar para Kelvin jogar no Santos"}]},{"@type":"WebSite","@id":"https:\/\/www.gaveanews.com\/#website","url":"https:\/\/www.gaveanews.com\/","name":"G\u00e1vea News","description":"Veja todas as not\u00edcias sobre o Flamengo: Contrata\u00e7\u00f5es, categorias de base, resultados das partidas, tabela de classifica\u00e7\u00e3o, pr\u00f3ximos jogos!","potentialAction":[{"@type":"SearchAction","target":{"@type":"EntryPoint","urlTemplate":"https:\/\/www.gaveanews.com\/?s={search_term_string}"},"query-input":{"@type":"PropertyValueSpecification","valueRequired":true,"valueName":"search_term_string"}}],"inLanguage":"pt-BR"},{"@type":"Person","@id":"https:\/\/www.gaveanews.com\/#\/schema\/person\/0eb3e3fe1754f0205218538adbe8f5ed","name":"Rafaela Ladeira","image":{"@type":"ImageObject","inLanguage":"pt-BR","@id":"https:\/\/www.gaveanews.com\/#\/schema\/person\/image\/","url":"https:\/\/secure.gravatar.com\/avatar\/c31f513acffd85eacab5730cbdfdbbf59f21ba5aeada8cd890acea879fbb2455?s=96&d=mm&r=g","contentUrl":"https:\/\/secure.gravatar.com\/avatar\/c31f513acffd85eacab5730cbdfdbbf59f21ba5aeada8cd890acea879fbb2455?s=96&d=mm&r=g","caption":"Rafaela Ladeira"}}]}},"_links":{"self":[{"href":"https:\/\/www.gaveanews.com\/index.php\/wp-json\/wp\/v2\/posts\/230769","targetHints":{"allow":["GET"]}}],"collection":[{"href":"https:\/\/www.gaveanews.com\/index.php\/wp-json\/wp\/v2\/posts"}],"about":[{"href":"https:\/\/www.gaveanews.com\/index.php\/wp-json\/wp\/v2\/types\/post"}],"author":[{"embeddable":true,"href":"https:\/\/www.gaveanews.com\/index.php\/wp-json\/wp\/v2\/users\/25"}],"replies":[{"embeddable":true,"href":"https:\/\/www.gaveanews.com\/index.php\/wp-json\/wp\/v2\/comments?post=230769"}],"version-history":[{"count":1,"href":"https:\/\/www.gaveanews.com\/index.php\/wp-json\/wp\/v2\/posts\/230769\/revisions"}],"predecessor-version":[{"id":230773,"href":"https:\/\/www.gaveanews.com\/index.php\/wp-json\/wp\/v2\/posts\/230769\/revisions\/230773"}],"wp:featuredmedia":[{"embeddable":true,"href":"https:\/\/www.gaveanews.com\/index.php\/wp-json\/wp\/v2\/media\/220190"}],"wp:attachment":[{"href":"https:\/\/www.gaveanews.com\/index.php\/wp-json\/wp\/v2\/media?parent=230769"}],"wp:term":[{"taxonomy":"category","embeddable":true,"href":"https:\/\/www.gaveanews.com\/index.php\/wp-json\/wp\/v2\/categories?post=230769"},{"taxonomy":"post_tag","embeddable":true,"href":"https:\/\/www.gaveanews.com\/index.php\/wp-json\/wp\/v2\/tags?post=230769"}],"curies":[{"name":"wp","href":"https:\/\/api.w.org\/{rel}","templated":true}]}}