{"id":230786,"date":"2025-02-20T16:45:00","date_gmt":"2025-02-20T19:45:00","guid":{"rendered":"https:\/\/www.gaveanews.com\/?p=230786"},"modified":"2025-02-20T16:28:37","modified_gmt":"2025-02-20T19:28:37","slug":"craque-neto-concorda-com-declaracao-de-fabio-sormani-direcionada-ao-corinthians","status":"publish","type":"post","link":"https:\/\/www.gaveanews.com\/index.php\/2025\/02\/20\/craque-neto-concorda-com-declaracao-de-fabio-sormani-direcionada-ao-corinthians\/","title":{"rendered":"Craque Neto concorda com declara\u00e7\u00e3o de F\u00e1bio Sormani direcionada ao Corinthians"},"content":{"rendered":"\n<p>O Corinthians estreou na Copa Libertadores com um resultado abaixo do esperado. Em jogo realizado na Venezuela, a equipe enfrentou o Universidad Central e empatou por 1 a 1. O Tim\u00e3o abriu o placar com Carrillo, mas viu o advers\u00e1rio empatar ap\u00f3s um gol contra de Jo\u00e3o Pedro Tchoca.<\/p>\n\n\n\n<p>Durante a partida, o time brasileiro teve o controle das a\u00e7\u00f5es na primeira etapa, criando diversas oportunidades. No entanto, a equipe perdeu intensidade no segundo tempo e permitiu que o Universidad Central crescesse no jogo.<\/p>\n\n\n\n<p>O confronto de volta ser\u00e1 realizado na pr\u00f3xima quarta-feira (26), \u00e0s 21h30 (hor\u00e1rio de Bras\u00edlia), na Neo Qu\u00edmica Arena. O resultado aumentou a press\u00e3o sobre o t\u00e9cnico Ram\u00f3n D\u00edaz, que busca encontrar solu\u00e7\u00f5es para melhorar o desempenho da equipe na competi\u00e7\u00e3o.<\/p>\n\n\n\n<p>Apesar da posse de bola superior e das boas chances criadas, o Corinthians n\u00e3o conseguiu ser eficiente nas finaliza\u00e7\u00f5es. Memphis Depay e Yuri Alberto tiveram oportunidades claras, mas falharam na hora da conclus\u00e3o. A perda de Raniele por les\u00e3o no primeiro tempo tamb\u00e9m afetou a estrutura da equipe, obrigando Breno Bidon a entrar precocemente na partida.<\/p>\n\n\n\n<h2 class=\"wp-block-heading\" id=\"h-criticas-ao-desempenho-internacional-do-corinthians\">Cr\u00edticas ao desempenho internacional do Corinthians<\/h2>\n\n\n\n<p>Diante do empate na Venezuela e do hist\u00f3rico recente do Corinthians em competi\u00e7\u00f5es continentais, Craque Neto fez duras cr\u00edticas ao clube e concordou com a opini\u00e3o do comentarista F\u00e1bio Sormani. Para o apresentador, o Alvinegro n\u00e3o tem uma postura competitiva na Libertadores.<\/p>\n\n\n\n<p>\u201cO time do Corinthians n\u00e3o \u00e9 de Libertadores, n\u00e9? Essa \u00e9 a verdade. \u00c9 um time que n\u00e3o busca a Libertadores. O Corinthians n\u00e3o \u00e9 refer\u00eancia, o Sormani tem raz\u00e3o\u201d, declarou Craque Neto durante o programa &#8220;Os Donos da Bola&#8221;.<\/p>\n\n\n\n<p>Sormani tamb\u00e9m refor\u00e7ou sua vis\u00e3o de que o Corinthians carece de tradi\u00e7\u00e3o internacional. Segundo ele, a equipe possui apenas um t\u00edtulo da Libertadores e poucas campanhas de destaque.<\/p>\n\n\n\n<p>\u201cCorinthians \u00e9 muito forte no Brasil. S\u00f3 que em campeonatos internacionais, n\u00e3o tem retrospecto e nem hist\u00f3ria. Chegou em uma final. \u00c9 aquela brincadeira que eu sempre fa\u00e7o. Chega l\u00e1 na Conmebol, mete o dedo na catraca e d\u00e1 acesso negado. Ningu\u00e9m sabe quem \u00e9\u201d, disse o jornalista.<\/p>\n\n\n\n<p>O desempenho do Corinthians na Libertadores \u00e9 frequentemente questionado devido \u00e0s dificuldades do clube em avan\u00e7ar para fases decisivas. Desde a conquista de 2012, a equipe tem tido participa\u00e7\u00f5es modestas e elimina\u00e7\u00f5es precoces, o que refor\u00e7a as cr\u00edticas sobre a falta de protagonismo internacional.<\/p>\n","protected":false},"excerpt":{"rendered":"<p>O Corinthians estreou na Copa Libertadores com um resultado abaixo do esperado. Em jogo realizado na Venezuela, a equipe enfrentou o Universidad Central e empatou por 1 a 1. O Tim\u00e3o abriu o placar com Carrillo, mas viu o advers\u00e1rio empatar ap\u00f3s um gol contra de Jo\u00e3o Pedro Tchoca. Durante a partida, o time brasileiro [&hellip;]<\/p>\n","protected":false},"author":15,"featured_media":71983,"comment_status":"open","ping_status":"closed","sticky":false,"template":"","format":"standard","meta":{"footnotes":""},"categories":[141],"tags":[],"class_list":["post-230786","post","type-post","status-publish","format-standard","has-post-thumbnail","hentry","category-corinthians"],"yoast_head":"<!-- This site is optimized with the Yoast SEO Premium plugin v24.2 (Yoast SEO v26.9) - https:\/\/yoast.com\/product\/yoast-seo-premium-wordpress\/ -->\n<title>Craque Neto concorda com declara\u00e7\u00e3o de F\u00e1bio Sormani direcionada ao Corinthians<\/title>\n<meta name=\"robots\" content=\"index, follow, max-snippet:-1, max-image-preview:large, max-video-preview:-1\" \/>\n<link rel=\"canonical\" href=\"https:\/\/www.gaveanews.com\/index.php\/2025\/02\/20\/craque-neto-concorda-com-declaracao-de-fabio-sormani-direcionada-ao-corinthians\/\" \/>\n<meta property=\"og:locale\" content=\"pt_BR\" \/>\n<meta property=\"og:type\" content=\"article\" \/>\n<meta property=\"og:title\" content=\"Craque Neto concorda com declara\u00e7\u00e3o de F\u00e1bio Sormani direcionada ao Corinthians\" \/>\n<meta property=\"og:description\" content=\"O Corinthians estreou na Copa Libertadores com um resultado abaixo do esperado. Em jogo realizado na Venezuela, a equipe enfrentou o Universidad Central e empatou por 1 a 1. O Tim\u00e3o abriu o placar com Carrillo, mas viu o advers\u00e1rio empatar ap\u00f3s um gol contra de Jo\u00e3o Pedro Tchoca. Durante a partida, o time brasileiro [&hellip;]\" \/>\n<meta property=\"og:url\" content=\"https:\/\/www.gaveanews.com\/index.php\/2025\/02\/20\/craque-neto-concorda-com-declaracao-de-fabio-sormani-direcionada-ao-corinthians\/\" \/>\n<meta property=\"og:site_name\" content=\"G\u00e1vea News\" \/>\n<meta property=\"article:publisher\" content=\"https:\/\/facebook.com\/gaveaNews\/\" \/>\n<meta property=\"article:published_time\" content=\"2025-02-20T19:45:00+00:00\" \/>\n<meta property=\"og:image\" content=\"https:\/\/www.gaveanews.com\/wp-content\/uploads\/Comentarista-Neto-em-programa-da-Band.webp\" \/>\n\t<meta property=\"og:image:width\" content=\"846\" \/>\n\t<meta property=\"og:image:height\" content=\"476\" \/>\n\t<meta property=\"og:image:type\" content=\"image\/jpeg\" \/>\n<meta name=\"author\" content=\"Henrique Machado\" \/>\n<meta name=\"twitter:card\" content=\"summary_large_image\" \/>\n<meta name=\"twitter:label1\" content=\"Escrito por\" \/>\n\t<meta name=\"twitter:data1\" content=\"Henrique Machado\" \/>\n\t<meta name=\"twitter:label2\" content=\"Est. tempo de leitura\" \/>\n\t<meta name=\"twitter:data2\" content=\"3 minutos\" \/>\n<script type=\"application\/ld+json\" class=\"yoast-schema-graph\">{\"@context\":\"https:\/\/schema.org\",\"@graph\":[{\"@type\":\"NewsArticle\",\"@id\":\"https:\/\/www.gaveanews.com\/index.php\/2025\/02\/20\/craque-neto-concorda-com-declaracao-de-fabio-sormani-direcionada-ao-corinthians\/#article\",\"isPartOf\":{\"@id\":\"https:\/\/www.gaveanews.com\/index.php\/2025\/02\/20\/craque-neto-concorda-com-declaracao-de-fabio-sormani-direcionada-ao-corinthians\/\"},\"author\":{\"name\":\"Henrique Machado\",\"@id\":\"https:\/\/www.gaveanews.com\/#\/schema\/person\/fd07635ec039ec3ba74ad18ec8a6dbd6\"},\"headline\":\"Craque Neto concorda com declara\u00e7\u00e3o de F\u00e1bio Sormani direcionada ao Corinthians\",\"datePublished\":\"2025-02-20T19:45:00+00:00\",\"mainEntityOfPage\":{\"@id\":\"https:\/\/www.gaveanews.com\/index.php\/2025\/02\/20\/craque-neto-concorda-com-declaracao-de-fabio-sormani-direcionada-ao-corinthians\/\"},\"wordCount\":436,\"commentCount\":0,\"image\":{\"@id\":\"https:\/\/www.gaveanews.com\/index.php\/2025\/02\/20\/craque-neto-concorda-com-declaracao-de-fabio-sormani-direcionada-ao-corinthians\/#primaryimage\"},\"thumbnailUrl\":\"https:\/\/www.gaveanews.com\/wp-content\/uploads\/Comentarista-Neto-em-programa-da-Band.webp\",\"articleSection\":[\"Corinthians\"],\"inLanguage\":\"pt-BR\",\"potentialAction\":[{\"@type\":\"CommentAction\",\"name\":\"Comment\",\"target\":[\"https:\/\/www.gaveanews.com\/index.php\/2025\/02\/20\/craque-neto-concorda-com-declaracao-de-fabio-sormani-direcionada-ao-corinthians\/#respond\"]}],\"copyrightYear\":\"2025\",\"copyrightHolder\":{\"@id\":\"https:\/\/www.gaveanews.com\/#organization\"}},{\"@type\":\"WebPage\",\"@id\":\"https:\/\/www.gaveanews.com\/index.php\/2025\/02\/20\/craque-neto-concorda-com-declaracao-de-fabio-sormani-direcionada-ao-corinthians\/\",\"url\":\"https:\/\/www.gaveanews.com\/index.php\/2025\/02\/20\/craque-neto-concorda-com-declaracao-de-fabio-sormani-direcionada-ao-corinthians\/\",\"name\":\"Craque Neto concorda com declara\u00e7\u00e3o de F\u00e1bio Sormani direcionada ao Corinthians\",\"isPartOf\":{\"@id\":\"https:\/\/www.gaveanews.com\/#website\"},\"primaryImageOfPage\":{\"@id\":\"https:\/\/www.gaveanews.com\/index.php\/2025\/02\/20\/craque-neto-concorda-com-declaracao-de-fabio-sormani-direcionada-ao-corinthians\/#primaryimage\"},\"image\":{\"@id\":\"https:\/\/www.gaveanews.com\/index.php\/2025\/02\/20\/craque-neto-concorda-com-declaracao-de-fabio-sormani-direcionada-ao-corinthians\/#primaryimage\"},\"thumbnailUrl\":\"https:\/\/www.gaveanews.com\/wp-content\/uploads\/Comentarista-Neto-em-programa-da-Band.webp\",\"datePublished\":\"2025-02-20T19:45:00+00:00\",\"author\":{\"@id\":\"https:\/\/www.gaveanews.com\/#\/schema\/person\/fd07635ec039ec3ba74ad18ec8a6dbd6\"},\"breadcrumb\":{\"@id\":\"https:\/\/www.gaveanews.com\/index.php\/2025\/02\/20\/craque-neto-concorda-com-declaracao-de-fabio-sormani-direcionada-ao-corinthians\/#breadcrumb\"},\"inLanguage\":\"pt-BR\",\"potentialAction\":[{\"@type\":\"ReadAction\",\"target\":[\"https:\/\/www.gaveanews.com\/index.php\/2025\/02\/20\/craque-neto-concorda-com-declaracao-de-fabio-sormani-direcionada-ao-corinthians\/\"]}]},{\"@type\":\"ImageObject\",\"inLanguage\":\"pt-BR\",\"@id\":\"https:\/\/www.gaveanews.com\/index.php\/2025\/02\/20\/craque-neto-concorda-com-declaracao-de-fabio-sormani-direcionada-ao-corinthians\/#primaryimage\",\"url\":\"https:\/\/www.gaveanews.com\/wp-content\/uploads\/Comentarista-Neto-em-programa-da-Band.webp\",\"contentUrl\":\"https:\/\/www.gaveanews.com\/wp-content\/uploads\/Comentarista-Neto-em-programa-da-Band.webp\",\"width\":846,\"height\":476,\"caption\":\"Comentarista Neto em programa da Band (Foto: Reprodu\u00e7\u00e3o\/Band)\"},{\"@type\":\"BreadcrumbList\",\"@id\":\"https:\/\/www.gaveanews.com\/index.php\/2025\/02\/20\/craque-neto-concorda-com-declaracao-de-fabio-sormani-direcionada-ao-corinthians\/#breadcrumb\",\"itemListElement\":[{\"@type\":\"ListItem\",\"position\":1,\"name\":\"Home\",\"item\":\"https:\/\/www.gaveanews.com\/\"},{\"@type\":\"ListItem\",\"position\":2,\"name\":\"Craque Neto concorda com declara\u00e7\u00e3o de F\u00e1bio Sormani direcionada ao Corinthians\"}]},{\"@type\":\"WebSite\",\"@id\":\"https:\/\/www.gaveanews.com\/#website\",\"url\":\"https:\/\/www.gaveanews.com\/\",\"name\":\"G\u00e1vea News\",\"description\":\"Veja todas as not\u00edcias sobre o Flamengo: Contrata\u00e7\u00f5es, categorias de base, resultados das partidas, tabela de classifica\u00e7\u00e3o, pr\u00f3ximos jogos!\",\"potentialAction\":[{\"@type\":\"SearchAction\",\"target\":{\"@type\":\"EntryPoint\",\"urlTemplate\":\"https:\/\/www.gaveanews.com\/?s={search_term_string}\"},\"query-input\":{\"@type\":\"PropertyValueSpecification\",\"valueRequired\":true,\"valueName\":\"search_term_string\"}}],\"inLanguage\":\"pt-BR\"},{\"@type\":\"Person\",\"@id\":\"https:\/\/www.gaveanews.com\/#\/schema\/person\/fd07635ec039ec3ba74ad18ec8a6dbd6\",\"name\":\"Henrique Machado\",\"image\":{\"@type\":\"ImageObject\",\"inLanguage\":\"pt-BR\",\"@id\":\"https:\/\/www.gaveanews.com\/#\/schema\/person\/image\/\",\"url\":\"https:\/\/secure.gravatar.com\/avatar\/b95e35997e01d9800c1b6184bd79d4d898d370a3fce2584f5c77b907d5c7d9e9?s=96&d=mm&r=g\",\"contentUrl\":\"https:\/\/secure.gravatar.com\/avatar\/b95e35997e01d9800c1b6184bd79d4d898d370a3fce2584f5c77b907d5c7d9e9?s=96&d=mm&r=g\",\"caption\":\"Henrique Machado\"}}]}<\/script>\n<!-- \/ Yoast SEO Premium plugin. -->","yoast_head_json":{"title":"Craque Neto concorda com declara\u00e7\u00e3o de F\u00e1bio Sormani direcionada ao Corinthians","robots":{"index":"index","follow":"follow","max-snippet":"max-snippet:-1","max-image-preview":"max-image-preview:large","max-video-preview":"max-video-preview:-1"},"canonical":"https:\/\/www.gaveanews.com\/index.php\/2025\/02\/20\/craque-neto-concorda-com-declaracao-de-fabio-sormani-direcionada-ao-corinthians\/","og_locale":"pt_BR","og_type":"article","og_title":"Craque Neto concorda com declara\u00e7\u00e3o de F\u00e1bio Sormani direcionada ao Corinthians","og_description":"O Corinthians estreou na Copa Libertadores com um resultado abaixo do esperado. Em jogo realizado na Venezuela, a equipe enfrentou o Universidad Central e empatou por 1 a 1. O Tim\u00e3o abriu o placar com Carrillo, mas viu o advers\u00e1rio empatar ap\u00f3s um gol contra de Jo\u00e3o Pedro Tchoca. Durante a partida, o time brasileiro [&hellip;]","og_url":"https:\/\/www.gaveanews.com\/index.php\/2025\/02\/20\/craque-neto-concorda-com-declaracao-de-fabio-sormani-direcionada-ao-corinthians\/","og_site_name":"G\u00e1vea News","article_publisher":"https:\/\/facebook.com\/gaveaNews\/","article_published_time":"2025-02-20T19:45:00+00:00","og_image":[{"width":846,"height":476,"url":"https:\/\/www.gaveanews.com\/wp-content\/uploads\/Comentarista-Neto-em-programa-da-Band.webp","type":"image\/jpeg"}],"author":"Henrique Machado","twitter_card":"summary_large_image","twitter_misc":{"Escrito por":"Henrique Machado","Est. tempo de leitura":"3 minutos"},"schema":{"@context":"https:\/\/schema.org","@graph":[{"@type":"NewsArticle","@id":"https:\/\/www.gaveanews.com\/index.php\/2025\/02\/20\/craque-neto-concorda-com-declaracao-de-fabio-sormani-direcionada-ao-corinthians\/#article","isPartOf":{"@id":"https:\/\/www.gaveanews.com\/index.php\/2025\/02\/20\/craque-neto-concorda-com-declaracao-de-fabio-sormani-direcionada-ao-corinthians\/"},"author":{"name":"Henrique Machado","@id":"https:\/\/www.gaveanews.com\/#\/schema\/person\/fd07635ec039ec3ba74ad18ec8a6dbd6"},"headline":"Craque Neto concorda com declara\u00e7\u00e3o de F\u00e1bio Sormani direcionada ao Corinthians","datePublished":"2025-02-20T19:45:00+00:00","mainEntityOfPage":{"@id":"https:\/\/www.gaveanews.com\/index.php\/2025\/02\/20\/craque-neto-concorda-com-declaracao-de-fabio-sormani-direcionada-ao-corinthians\/"},"wordCount":436,"commentCount":0,"image":{"@id":"https:\/\/www.gaveanews.com\/index.php\/2025\/02\/20\/craque-neto-concorda-com-declaracao-de-fabio-sormani-direcionada-ao-corinthians\/#primaryimage"},"thumbnailUrl":"https:\/\/www.gaveanews.com\/wp-content\/uploads\/Comentarista-Neto-em-programa-da-Band.webp","articleSection":["Corinthians"],"inLanguage":"pt-BR","potentialAction":[{"@type":"CommentAction","name":"Comment","target":["https:\/\/www.gaveanews.com\/index.php\/2025\/02\/20\/craque-neto-concorda-com-declaracao-de-fabio-sormani-direcionada-ao-corinthians\/#respond"]}],"copyrightYear":"2025","copyrightHolder":{"@id":"https:\/\/www.gaveanews.com\/#organization"}},{"@type":"WebPage","@id":"https:\/\/www.gaveanews.com\/index.php\/2025\/02\/20\/craque-neto-concorda-com-declaracao-de-fabio-sormani-direcionada-ao-corinthians\/","url":"https:\/\/www.gaveanews.com\/index.php\/2025\/02\/20\/craque-neto-concorda-com-declaracao-de-fabio-sormani-direcionada-ao-corinthians\/","name":"Craque Neto concorda com declara\u00e7\u00e3o de F\u00e1bio Sormani direcionada ao Corinthians","isPartOf":{"@id":"https:\/\/www.gaveanews.com\/#website"},"primaryImageOfPage":{"@id":"https:\/\/www.gaveanews.com\/index.php\/2025\/02\/20\/craque-neto-concorda-com-declaracao-de-fabio-sormani-direcionada-ao-corinthians\/#primaryimage"},"image":{"@id":"https:\/\/www.gaveanews.com\/index.php\/2025\/02\/20\/craque-neto-concorda-com-declaracao-de-fabio-sormani-direcionada-ao-corinthians\/#primaryimage"},"thumbnailUrl":"https:\/\/www.gaveanews.com\/wp-content\/uploads\/Comentarista-Neto-em-programa-da-Band.webp","datePublished":"2025-02-20T19:45:00+00:00","author":{"@id":"https:\/\/www.gaveanews.com\/#\/schema\/person\/fd07635ec039ec3ba74ad18ec8a6dbd6"},"breadcrumb":{"@id":"https:\/\/www.gaveanews.com\/index.php\/2025\/02\/20\/craque-neto-concorda-com-declaracao-de-fabio-sormani-direcionada-ao-corinthians\/#breadcrumb"},"inLanguage":"pt-BR","potentialAction":[{"@type":"ReadAction","target":["https:\/\/www.gaveanews.com\/index.php\/2025\/02\/20\/craque-neto-concorda-com-declaracao-de-fabio-sormani-direcionada-ao-corinthians\/"]}]},{"@type":"ImageObject","inLanguage":"pt-BR","@id":"https:\/\/www.gaveanews.com\/index.php\/2025\/02\/20\/craque-neto-concorda-com-declaracao-de-fabio-sormani-direcionada-ao-corinthians\/#primaryimage","url":"https:\/\/www.gaveanews.com\/wp-content\/uploads\/Comentarista-Neto-em-programa-da-Band.webp","contentUrl":"https:\/\/www.gaveanews.com\/wp-content\/uploads\/Comentarista-Neto-em-programa-da-Band.webp","width":846,"height":476,"caption":"Comentarista Neto em programa da Band (Foto: Reprodu\u00e7\u00e3o\/Band)"},{"@type":"BreadcrumbList","@id":"https:\/\/www.gaveanews.com\/index.php\/2025\/02\/20\/craque-neto-concorda-com-declaracao-de-fabio-sormani-direcionada-ao-corinthians\/#breadcrumb","itemListElement":[{"@type":"ListItem","position":1,"name":"Home","item":"https:\/\/www.gaveanews.com\/"},{"@type":"ListItem","position":2,"name":"Craque Neto concorda com declara\u00e7\u00e3o de F\u00e1bio Sormani direcionada ao Corinthians"}]},{"@type":"WebSite","@id":"https:\/\/www.gaveanews.com\/#website","url":"https:\/\/www.gaveanews.com\/","name":"G\u00e1vea News","description":"Veja todas as not\u00edcias sobre o Flamengo: Contrata\u00e7\u00f5es, categorias de base, resultados das partidas, tabela de classifica\u00e7\u00e3o, pr\u00f3ximos jogos!","potentialAction":[{"@type":"SearchAction","target":{"@type":"EntryPoint","urlTemplate":"https:\/\/www.gaveanews.com\/?s={search_term_string}"},"query-input":{"@type":"PropertyValueSpecification","valueRequired":true,"valueName":"search_term_string"}}],"inLanguage":"pt-BR"},{"@type":"Person","@id":"https:\/\/www.gaveanews.com\/#\/schema\/person\/fd07635ec039ec3ba74ad18ec8a6dbd6","name":"Henrique Machado","image":{"@type":"ImageObject","inLanguage":"pt-BR","@id":"https:\/\/www.gaveanews.com\/#\/schema\/person\/image\/","url":"https:\/\/secure.gravatar.com\/avatar\/b95e35997e01d9800c1b6184bd79d4d898d370a3fce2584f5c77b907d5c7d9e9?s=96&d=mm&r=g","contentUrl":"https:\/\/secure.gravatar.com\/avatar\/b95e35997e01d9800c1b6184bd79d4d898d370a3fce2584f5c77b907d5c7d9e9?s=96&d=mm&r=g","caption":"Henrique Machado"}}]}},"_links":{"self":[{"href":"https:\/\/www.gaveanews.com\/index.php\/wp-json\/wp\/v2\/posts\/230786","targetHints":{"allow":["GET"]}}],"collection":[{"href":"https:\/\/www.gaveanews.com\/index.php\/wp-json\/wp\/v2\/posts"}],"about":[{"href":"https:\/\/www.gaveanews.com\/index.php\/wp-json\/wp\/v2\/types\/post"}],"author":[{"embeddable":true,"href":"https:\/\/www.gaveanews.com\/index.php\/wp-json\/wp\/v2\/users\/15"}],"replies":[{"embeddable":true,"href":"https:\/\/www.gaveanews.com\/index.php\/wp-json\/wp\/v2\/comments?post=230786"}],"version-history":[{"count":1,"href":"https:\/\/www.gaveanews.com\/index.php\/wp-json\/wp\/v2\/posts\/230786\/revisions"}],"predecessor-version":[{"id":230805,"href":"https:\/\/www.gaveanews.com\/index.php\/wp-json\/wp\/v2\/posts\/230786\/revisions\/230805"}],"wp:featuredmedia":[{"embeddable":true,"href":"https:\/\/www.gaveanews.com\/index.php\/wp-json\/wp\/v2\/media\/71983"}],"wp:attachment":[{"href":"https:\/\/www.gaveanews.com\/index.php\/wp-json\/wp\/v2\/media?parent=230786"}],"wp:term":[{"taxonomy":"category","embeddable":true,"href":"https:\/\/www.gaveanews.com\/index.php\/wp-json\/wp\/v2\/categories?post=230786"},{"taxonomy":"post_tag","embeddable":true,"href":"https:\/\/www.gaveanews.com\/index.php\/wp-json\/wp\/v2\/tags?post=230786"}],"curies":[{"name":"wp","href":"https:\/\/api.w.org\/{rel}","templated":true}]}}