{"id":230787,"date":"2025-02-20T17:40:00","date_gmt":"2025-02-20T20:40:00","guid":{"rendered":"https:\/\/www.gaveanews.com\/?p=230787"},"modified":"2025-02-20T16:51:16","modified_gmt":"2025-02-20T19:51:16","slug":"a-declaracao-de-calleri-direcionada-ao-elenco-do-sao-paulo","status":"publish","type":"post","link":"https:\/\/www.gaveanews.com\/index.php\/2025\/02\/20\/a-declaracao-de-calleri-direcionada-ao-elenco-do-sao-paulo\/","title":{"rendered":"A declara\u00e7\u00e3o de Calleri direcionada ao elenco do S\u00e3o Paulo"},"content":{"rendered":"\n<p>O S\u00e3o Paulo atravessa um momento delicado na temporada. A equipe sofreu uma derrota por 2 a 1 para a Ponte Preta, em pleno Morumbis, resultado que encerrou um tabu de mais de dez anos sem perder para o advers\u00e1rio em casa. O rev\u00e9s impediu o Tricolor de garantir de forma antecipada o mando de campo nas quartas de final do Campeonato Paulista.<\/p>\n\n\n\n<p>Al\u00e9m dos problemas dentro de campo, surgiram informa\u00e7\u00f5es sobre atrasos em pagamentos a alguns jogadores, incluindo premia\u00e7\u00f5es, direitos de imagem e luvas. Diante desse cen\u00e1rio, Jonathan Calleri se manifestou, enfatizando a necessidade de foco e compromisso do elenco.<\/p>\n\n\n\n<h2 class=\"wp-block-heading\" id=\"h-calleri-pede-compromisso-total\">Calleri pede compromisso total<\/h2>\n\n\n\n<p>Ap\u00f3s a derrota para a Ponte Preta, Calleri n\u00e3o se esquivou das quest\u00f5es sobre os atrasos salariais e a fase conturbada do clube. O atacante evitou dar detalhes, mas destacou que todas as quest\u00f5es devem ser resolvidas internamente e refor\u00e7ou a cobran\u00e7a sobre os jogadores.<\/p>\n\n\n\n<p>\u201cEssas coisas eu n\u00e3o gosto de falar para fora. Todas as coisas que h\u00e1 para resolver acho sempre melhor resolver internamente. N\u00e3o sei quem falou e o que falou, mas seguramente todos t\u00eam coisas para melhorar dentro do clube. N\u00f3s, jogadores, a comiss\u00e3o, todos que representam essa camisa t\u00eam coisas para melhorar\u201d, afirmou o atacante.<\/p>\n\n\n\n<h2 class=\"wp-block-heading\" id=\"h-criticas-ao-desempenho-e-necessidade-de-evolucao\">Cr\u00edticas ao desempenho e necessidade de evolu\u00e7\u00e3o<\/h2>\n\n\n\n<p>A fase do S\u00e3o Paulo tamb\u00e9m preocupa pelos resultados recentes. O time acumula cinco partidas sem vit\u00f3ria, o maior jejum desde a chegada do t\u00e9cnico Zubeld\u00eda. Calleri admitiu a queda de rendimento da equipe e cobrou mais dedica\u00e7\u00e3o dos companheiros.<\/p>\n\n\n\n<p>\u201c\u00c9 claro que n\u00e3o estamos bem. Nos \u00faltimos sete jogos, o S\u00e3o Paulo s\u00f3 ganhou um. Obviamente que temos uma queda de rendimento. Eu vou primeiro, seguramente tenho muitas coisas para melhorar. Pior do que jogamos hoje n\u00e3o podemos jogar. Todos que v\u00eam jogando nos \u00faltimos jogos t\u00eam que olhar para dentro e ver o que podem melhorar\u201d, declarou o camisa 9.<\/p>\n\n\n\n<h2 class=\"wp-block-heading\" id=\"h-proxima-rodada-e-reta-final-do-paulistao\">Pr\u00f3xima rodada e reta final do Paulist\u00e3o<\/h2>\n\n\n\n<p>Apesar da fase inst\u00e1vel, o Tricolor j\u00e1 est\u00e1 classificado para as quartas de final do estadual, mas ainda pode perder a lideran\u00e7a do Grupo C para o Novorizontino. Por isso, o duelo contra o S\u00e3o Bernardo, no domingo, tornou-se essencial para a equipe garantir o mando de campo na pr\u00f3xima fase da competi\u00e7\u00e3o.<\/p>\n","protected":false},"excerpt":{"rendered":"<p>O S\u00e3o Paulo atravessa um momento delicado na temporada. A equipe sofreu uma derrota por 2 a 1 para a Ponte Preta, em pleno Morumbis, resultado que encerrou um tabu de mais de dez anos sem perder para o advers\u00e1rio em casa. O rev\u00e9s impediu o Tricolor de garantir de forma antecipada o mando de [&hellip;]<\/p>\n","protected":false},"author":15,"featured_media":148324,"comment_status":"open","ping_status":"closed","sticky":false,"template":"","format":"standard","meta":{"footnotes":""},"categories":[151],"tags":[],"class_list":["post-230787","post","type-post","status-publish","format-standard","has-post-thumbnail","hentry","category-sao-paulo"],"yoast_head":"<!-- This site is optimized with the Yoast SEO Premium plugin v24.2 (Yoast SEO v26.9) - https:\/\/yoast.com\/product\/yoast-seo-premium-wordpress\/ -->\n<title>A declara\u00e7\u00e3o de Calleri direcionada ao elenco do S\u00e3o Paulo<\/title>\n<meta name=\"robots\" content=\"index, follow, max-snippet:-1, max-image-preview:large, max-video-preview:-1\" \/>\n<link rel=\"canonical\" href=\"https:\/\/www.gaveanews.com\/index.php\/2025\/02\/20\/a-declaracao-de-calleri-direcionada-ao-elenco-do-sao-paulo\/\" \/>\n<meta property=\"og:locale\" content=\"pt_BR\" \/>\n<meta property=\"og:type\" content=\"article\" \/>\n<meta property=\"og:title\" content=\"A declara\u00e7\u00e3o de Calleri direcionada ao elenco do S\u00e3o Paulo\" \/>\n<meta property=\"og:description\" content=\"O S\u00e3o Paulo atravessa um momento delicado na temporada. A equipe sofreu uma derrota por 2 a 1 para a Ponte Preta, em pleno Morumbis, resultado que encerrou um tabu de mais de dez anos sem perder para o advers\u00e1rio em casa. O rev\u00e9s impediu o Tricolor de garantir de forma antecipada o mando de [&hellip;]\" \/>\n<meta property=\"og:url\" content=\"https:\/\/www.gaveanews.com\/index.php\/2025\/02\/20\/a-declaracao-de-calleri-direcionada-ao-elenco-do-sao-paulo\/\" \/>\n<meta property=\"og:site_name\" content=\"G\u00e1vea News\" \/>\n<meta property=\"article:publisher\" content=\"https:\/\/facebook.com\/gaveaNews\/\" \/>\n<meta property=\"article:published_time\" content=\"2025-02-20T20:40:00+00:00\" \/>\n<meta property=\"og:image\" content=\"https:\/\/www.gaveanews.com\/wp-content\/uploads\/Jonathan-Calleri-em-acao-pelo-Sao-Paulo.webp\" \/>\n\t<meta property=\"og:image:width\" content=\"1080\" \/>\n\t<meta property=\"og:image:height\" content=\"1346\" \/>\n\t<meta property=\"og:image:type\" content=\"image\/jpeg\" \/>\n<meta name=\"author\" content=\"Henrique Machado\" \/>\n<meta name=\"twitter:card\" content=\"summary_large_image\" \/>\n<meta name=\"twitter:label1\" content=\"Escrito por\" \/>\n\t<meta name=\"twitter:data1\" content=\"Henrique Machado\" \/>\n\t<meta name=\"twitter:label2\" content=\"Est. tempo de leitura\" \/>\n\t<meta name=\"twitter:data2\" content=\"3 minutos\" \/>\n<script type=\"application\/ld+json\" class=\"yoast-schema-graph\">{\"@context\":\"https:\/\/schema.org\",\"@graph\":[{\"@type\":\"NewsArticle\",\"@id\":\"https:\/\/www.gaveanews.com\/index.php\/2025\/02\/20\/a-declaracao-de-calleri-direcionada-ao-elenco-do-sao-paulo\/#article\",\"isPartOf\":{\"@id\":\"https:\/\/www.gaveanews.com\/index.php\/2025\/02\/20\/a-declaracao-de-calleri-direcionada-ao-elenco-do-sao-paulo\/\"},\"author\":{\"name\":\"Henrique Machado\",\"@id\":\"https:\/\/www.gaveanews.com\/#\/schema\/person\/fd07635ec039ec3ba74ad18ec8a6dbd6\"},\"headline\":\"A declara\u00e7\u00e3o de Calleri direcionada ao elenco do S\u00e3o Paulo\",\"datePublished\":\"2025-02-20T20:40:00+00:00\",\"mainEntityOfPage\":{\"@id\":\"https:\/\/www.gaveanews.com\/index.php\/2025\/02\/20\/a-declaracao-de-calleri-direcionada-ao-elenco-do-sao-paulo\/\"},\"wordCount\":421,\"commentCount\":0,\"image\":{\"@id\":\"https:\/\/www.gaveanews.com\/index.php\/2025\/02\/20\/a-declaracao-de-calleri-direcionada-ao-elenco-do-sao-paulo\/#primaryimage\"},\"thumbnailUrl\":\"https:\/\/www.gaveanews.com\/wp-content\/uploads\/Jonathan-Calleri-em-acao-pelo-Sao-Paulo.webp\",\"articleSection\":[\"S\u00e3o Paulo\"],\"inLanguage\":\"pt-BR\",\"potentialAction\":[{\"@type\":\"CommentAction\",\"name\":\"Comment\",\"target\":[\"https:\/\/www.gaveanews.com\/index.php\/2025\/02\/20\/a-declaracao-de-calleri-direcionada-ao-elenco-do-sao-paulo\/#respond\"]}],\"copyrightYear\":\"2025\",\"copyrightHolder\":{\"@id\":\"https:\/\/www.gaveanews.com\/#organization\"}},{\"@type\":\"WebPage\",\"@id\":\"https:\/\/www.gaveanews.com\/index.php\/2025\/02\/20\/a-declaracao-de-calleri-direcionada-ao-elenco-do-sao-paulo\/\",\"url\":\"https:\/\/www.gaveanews.com\/index.php\/2025\/02\/20\/a-declaracao-de-calleri-direcionada-ao-elenco-do-sao-paulo\/\",\"name\":\"A declara\u00e7\u00e3o de Calleri direcionada ao elenco do S\u00e3o Paulo\",\"isPartOf\":{\"@id\":\"https:\/\/www.gaveanews.com\/#website\"},\"primaryImageOfPage\":{\"@id\":\"https:\/\/www.gaveanews.com\/index.php\/2025\/02\/20\/a-declaracao-de-calleri-direcionada-ao-elenco-do-sao-paulo\/#primaryimage\"},\"image\":{\"@id\":\"https:\/\/www.gaveanews.com\/index.php\/2025\/02\/20\/a-declaracao-de-calleri-direcionada-ao-elenco-do-sao-paulo\/#primaryimage\"},\"thumbnailUrl\":\"https:\/\/www.gaveanews.com\/wp-content\/uploads\/Jonathan-Calleri-em-acao-pelo-Sao-Paulo.webp\",\"datePublished\":\"2025-02-20T20:40:00+00:00\",\"author\":{\"@id\":\"https:\/\/www.gaveanews.com\/#\/schema\/person\/fd07635ec039ec3ba74ad18ec8a6dbd6\"},\"breadcrumb\":{\"@id\":\"https:\/\/www.gaveanews.com\/index.php\/2025\/02\/20\/a-declaracao-de-calleri-direcionada-ao-elenco-do-sao-paulo\/#breadcrumb\"},\"inLanguage\":\"pt-BR\",\"potentialAction\":[{\"@type\":\"ReadAction\",\"target\":[\"https:\/\/www.gaveanews.com\/index.php\/2025\/02\/20\/a-declaracao-de-calleri-direcionada-ao-elenco-do-sao-paulo\/\"]}]},{\"@type\":\"ImageObject\",\"inLanguage\":\"pt-BR\",\"@id\":\"https:\/\/www.gaveanews.com\/index.php\/2025\/02\/20\/a-declaracao-de-calleri-direcionada-ao-elenco-do-sao-paulo\/#primaryimage\",\"url\":\"https:\/\/www.gaveanews.com\/wp-content\/uploads\/Jonathan-Calleri-em-acao-pelo-Sao-Paulo.webp\",\"contentUrl\":\"https:\/\/www.gaveanews.com\/wp-content\/uploads\/Jonathan-Calleri-em-acao-pelo-Sao-Paulo.webp\",\"width\":1080,\"height\":1346,\"caption\":\"Jonathan Calleri em a\u00e7\u00e3o pelo S\u00e3o Paulo (Foto: Reprodu\u00e7\u00e3o\/Instagram)\"},{\"@type\":\"BreadcrumbList\",\"@id\":\"https:\/\/www.gaveanews.com\/index.php\/2025\/02\/20\/a-declaracao-de-calleri-direcionada-ao-elenco-do-sao-paulo\/#breadcrumb\",\"itemListElement\":[{\"@type\":\"ListItem\",\"position\":1,\"name\":\"Home\",\"item\":\"https:\/\/www.gaveanews.com\/\"},{\"@type\":\"ListItem\",\"position\":2,\"name\":\"A declara\u00e7\u00e3o de Calleri direcionada ao elenco do S\u00e3o Paulo\"}]},{\"@type\":\"WebSite\",\"@id\":\"https:\/\/www.gaveanews.com\/#website\",\"url\":\"https:\/\/www.gaveanews.com\/\",\"name\":\"G\u00e1vea News\",\"description\":\"Veja todas as not\u00edcias sobre o Flamengo: Contrata\u00e7\u00f5es, categorias de base, resultados das partidas, tabela de classifica\u00e7\u00e3o, pr\u00f3ximos jogos!\",\"potentialAction\":[{\"@type\":\"SearchAction\",\"target\":{\"@type\":\"EntryPoint\",\"urlTemplate\":\"https:\/\/www.gaveanews.com\/?s={search_term_string}\"},\"query-input\":{\"@type\":\"PropertyValueSpecification\",\"valueRequired\":true,\"valueName\":\"search_term_string\"}}],\"inLanguage\":\"pt-BR\"},{\"@type\":\"Person\",\"@id\":\"https:\/\/www.gaveanews.com\/#\/schema\/person\/fd07635ec039ec3ba74ad18ec8a6dbd6\",\"name\":\"Henrique Machado\",\"image\":{\"@type\":\"ImageObject\",\"inLanguage\":\"pt-BR\",\"@id\":\"https:\/\/www.gaveanews.com\/#\/schema\/person\/image\/\",\"url\":\"https:\/\/secure.gravatar.com\/avatar\/b95e35997e01d9800c1b6184bd79d4d898d370a3fce2584f5c77b907d5c7d9e9?s=96&d=mm&r=g\",\"contentUrl\":\"https:\/\/secure.gravatar.com\/avatar\/b95e35997e01d9800c1b6184bd79d4d898d370a3fce2584f5c77b907d5c7d9e9?s=96&d=mm&r=g\",\"caption\":\"Henrique Machado\"}}]}<\/script>\n<!-- \/ Yoast SEO Premium plugin. -->","yoast_head_json":{"title":"A declara\u00e7\u00e3o de Calleri direcionada ao elenco do S\u00e3o Paulo","robots":{"index":"index","follow":"follow","max-snippet":"max-snippet:-1","max-image-preview":"max-image-preview:large","max-video-preview":"max-video-preview:-1"},"canonical":"https:\/\/www.gaveanews.com\/index.php\/2025\/02\/20\/a-declaracao-de-calleri-direcionada-ao-elenco-do-sao-paulo\/","og_locale":"pt_BR","og_type":"article","og_title":"A declara\u00e7\u00e3o de Calleri direcionada ao elenco do S\u00e3o Paulo","og_description":"O S\u00e3o Paulo atravessa um momento delicado na temporada. A equipe sofreu uma derrota por 2 a 1 para a Ponte Preta, em pleno Morumbis, resultado que encerrou um tabu de mais de dez anos sem perder para o advers\u00e1rio em casa. O rev\u00e9s impediu o Tricolor de garantir de forma antecipada o mando de [&hellip;]","og_url":"https:\/\/www.gaveanews.com\/index.php\/2025\/02\/20\/a-declaracao-de-calleri-direcionada-ao-elenco-do-sao-paulo\/","og_site_name":"G\u00e1vea News","article_publisher":"https:\/\/facebook.com\/gaveaNews\/","article_published_time":"2025-02-20T20:40:00+00:00","og_image":[{"width":1080,"height":1346,"url":"https:\/\/www.gaveanews.com\/wp-content\/uploads\/Jonathan-Calleri-em-acao-pelo-Sao-Paulo.webp","type":"image\/jpeg"}],"author":"Henrique Machado","twitter_card":"summary_large_image","twitter_misc":{"Escrito por":"Henrique Machado","Est. tempo de leitura":"3 minutos"},"schema":{"@context":"https:\/\/schema.org","@graph":[{"@type":"NewsArticle","@id":"https:\/\/www.gaveanews.com\/index.php\/2025\/02\/20\/a-declaracao-de-calleri-direcionada-ao-elenco-do-sao-paulo\/#article","isPartOf":{"@id":"https:\/\/www.gaveanews.com\/index.php\/2025\/02\/20\/a-declaracao-de-calleri-direcionada-ao-elenco-do-sao-paulo\/"},"author":{"name":"Henrique Machado","@id":"https:\/\/www.gaveanews.com\/#\/schema\/person\/fd07635ec039ec3ba74ad18ec8a6dbd6"},"headline":"A declara\u00e7\u00e3o de Calleri direcionada ao elenco do S\u00e3o Paulo","datePublished":"2025-02-20T20:40:00+00:00","mainEntityOfPage":{"@id":"https:\/\/www.gaveanews.com\/index.php\/2025\/02\/20\/a-declaracao-de-calleri-direcionada-ao-elenco-do-sao-paulo\/"},"wordCount":421,"commentCount":0,"image":{"@id":"https:\/\/www.gaveanews.com\/index.php\/2025\/02\/20\/a-declaracao-de-calleri-direcionada-ao-elenco-do-sao-paulo\/#primaryimage"},"thumbnailUrl":"https:\/\/www.gaveanews.com\/wp-content\/uploads\/Jonathan-Calleri-em-acao-pelo-Sao-Paulo.webp","articleSection":["S\u00e3o Paulo"],"inLanguage":"pt-BR","potentialAction":[{"@type":"CommentAction","name":"Comment","target":["https:\/\/www.gaveanews.com\/index.php\/2025\/02\/20\/a-declaracao-de-calleri-direcionada-ao-elenco-do-sao-paulo\/#respond"]}],"copyrightYear":"2025","copyrightHolder":{"@id":"https:\/\/www.gaveanews.com\/#organization"}},{"@type":"WebPage","@id":"https:\/\/www.gaveanews.com\/index.php\/2025\/02\/20\/a-declaracao-de-calleri-direcionada-ao-elenco-do-sao-paulo\/","url":"https:\/\/www.gaveanews.com\/index.php\/2025\/02\/20\/a-declaracao-de-calleri-direcionada-ao-elenco-do-sao-paulo\/","name":"A declara\u00e7\u00e3o de Calleri direcionada ao elenco do S\u00e3o Paulo","isPartOf":{"@id":"https:\/\/www.gaveanews.com\/#website"},"primaryImageOfPage":{"@id":"https:\/\/www.gaveanews.com\/index.php\/2025\/02\/20\/a-declaracao-de-calleri-direcionada-ao-elenco-do-sao-paulo\/#primaryimage"},"image":{"@id":"https:\/\/www.gaveanews.com\/index.php\/2025\/02\/20\/a-declaracao-de-calleri-direcionada-ao-elenco-do-sao-paulo\/#primaryimage"},"thumbnailUrl":"https:\/\/www.gaveanews.com\/wp-content\/uploads\/Jonathan-Calleri-em-acao-pelo-Sao-Paulo.webp","datePublished":"2025-02-20T20:40:00+00:00","author":{"@id":"https:\/\/www.gaveanews.com\/#\/schema\/person\/fd07635ec039ec3ba74ad18ec8a6dbd6"},"breadcrumb":{"@id":"https:\/\/www.gaveanews.com\/index.php\/2025\/02\/20\/a-declaracao-de-calleri-direcionada-ao-elenco-do-sao-paulo\/#breadcrumb"},"inLanguage":"pt-BR","potentialAction":[{"@type":"ReadAction","target":["https:\/\/www.gaveanews.com\/index.php\/2025\/02\/20\/a-declaracao-de-calleri-direcionada-ao-elenco-do-sao-paulo\/"]}]},{"@type":"ImageObject","inLanguage":"pt-BR","@id":"https:\/\/www.gaveanews.com\/index.php\/2025\/02\/20\/a-declaracao-de-calleri-direcionada-ao-elenco-do-sao-paulo\/#primaryimage","url":"https:\/\/www.gaveanews.com\/wp-content\/uploads\/Jonathan-Calleri-em-acao-pelo-Sao-Paulo.webp","contentUrl":"https:\/\/www.gaveanews.com\/wp-content\/uploads\/Jonathan-Calleri-em-acao-pelo-Sao-Paulo.webp","width":1080,"height":1346,"caption":"Jonathan Calleri em a\u00e7\u00e3o pelo S\u00e3o Paulo (Foto: Reprodu\u00e7\u00e3o\/Instagram)"},{"@type":"BreadcrumbList","@id":"https:\/\/www.gaveanews.com\/index.php\/2025\/02\/20\/a-declaracao-de-calleri-direcionada-ao-elenco-do-sao-paulo\/#breadcrumb","itemListElement":[{"@type":"ListItem","position":1,"name":"Home","item":"https:\/\/www.gaveanews.com\/"},{"@type":"ListItem","position":2,"name":"A declara\u00e7\u00e3o de Calleri direcionada ao elenco do S\u00e3o Paulo"}]},{"@type":"WebSite","@id":"https:\/\/www.gaveanews.com\/#website","url":"https:\/\/www.gaveanews.com\/","name":"G\u00e1vea News","description":"Veja todas as not\u00edcias sobre o Flamengo: Contrata\u00e7\u00f5es, categorias de base, resultados das partidas, tabela de classifica\u00e7\u00e3o, pr\u00f3ximos jogos!","potentialAction":[{"@type":"SearchAction","target":{"@type":"EntryPoint","urlTemplate":"https:\/\/www.gaveanews.com\/?s={search_term_string}"},"query-input":{"@type":"PropertyValueSpecification","valueRequired":true,"valueName":"search_term_string"}}],"inLanguage":"pt-BR"},{"@type":"Person","@id":"https:\/\/www.gaveanews.com\/#\/schema\/person\/fd07635ec039ec3ba74ad18ec8a6dbd6","name":"Henrique Machado","image":{"@type":"ImageObject","inLanguage":"pt-BR","@id":"https:\/\/www.gaveanews.com\/#\/schema\/person\/image\/","url":"https:\/\/secure.gravatar.com\/avatar\/b95e35997e01d9800c1b6184bd79d4d898d370a3fce2584f5c77b907d5c7d9e9?s=96&d=mm&r=g","contentUrl":"https:\/\/secure.gravatar.com\/avatar\/b95e35997e01d9800c1b6184bd79d4d898d370a3fce2584f5c77b907d5c7d9e9?s=96&d=mm&r=g","caption":"Henrique Machado"}}]}},"_links":{"self":[{"href":"https:\/\/www.gaveanews.com\/index.php\/wp-json\/wp\/v2\/posts\/230787","targetHints":{"allow":["GET"]}}],"collection":[{"href":"https:\/\/www.gaveanews.com\/index.php\/wp-json\/wp\/v2\/posts"}],"about":[{"href":"https:\/\/www.gaveanews.com\/index.php\/wp-json\/wp\/v2\/types\/post"}],"author":[{"embeddable":true,"href":"https:\/\/www.gaveanews.com\/index.php\/wp-json\/wp\/v2\/users\/15"}],"replies":[{"embeddable":true,"href":"https:\/\/www.gaveanews.com\/index.php\/wp-json\/wp\/v2\/comments?post=230787"}],"version-history":[{"count":1,"href":"https:\/\/www.gaveanews.com\/index.php\/wp-json\/wp\/v2\/posts\/230787\/revisions"}],"predecessor-version":[{"id":230806,"href":"https:\/\/www.gaveanews.com\/index.php\/wp-json\/wp\/v2\/posts\/230787\/revisions\/230806"}],"wp:featuredmedia":[{"embeddable":true,"href":"https:\/\/www.gaveanews.com\/index.php\/wp-json\/wp\/v2\/media\/148324"}],"wp:attachment":[{"href":"https:\/\/www.gaveanews.com\/index.php\/wp-json\/wp\/v2\/media?parent=230787"}],"wp:term":[{"taxonomy":"category","embeddable":true,"href":"https:\/\/www.gaveanews.com\/index.php\/wp-json\/wp\/v2\/categories?post=230787"},{"taxonomy":"post_tag","embeddable":true,"href":"https:\/\/www.gaveanews.com\/index.php\/wp-json\/wp\/v2\/tags?post=230787"}],"curies":[{"name":"wp","href":"https:\/\/api.w.org\/{rel}","templated":true}]}}