{"id":231555,"date":"2025-02-22T20:40:00","date_gmt":"2025-02-22T23:40:00","guid":{"rendered":"https:\/\/www.gaveanews.com\/?p=231555"},"modified":"2025-02-22T20:00:24","modified_gmt":"2025-02-22T23:00:24","slug":"champions-league-a-declaracao-do-tecnico-do-benfica-direcionada-ao-barcelona","status":"publish","type":"post","link":"https:\/\/www.gaveanews.com\/index.php\/2025\/02\/22\/champions-league-a-declaracao-do-tecnico-do-benfica-direcionada-ao-barcelona\/","title":{"rendered":"Champions League: a declara\u00e7\u00e3o do t\u00e9cnico do Benfica direcionada ao Barcelona"},"content":{"rendered":"\n<h2 class=\"wp-block-heading\" id=\"h-nao-pensamos-em-vinganca-diz-bruno-lage\">&#8220;N\u00e3o pensamos em vingan\u00e7a&#8221;, diz Bruno Lage <\/h2>\n\n\n\n<p>Na \u00faltima sexta-feira (21), a Uefa realizou o sorteio dos confrontos das oitavas de final da Champions League e Benfica e Barcelona ir\u00e3o se encontrar novamente nesta edi\u00e7\u00e3o. Ap\u00f3s o conhecimento do duelo, o t\u00e9cnico Bruno Lage, do Benfica, comentou sobre o jogo. <\/p>\n\n\n\n<p>Para esta edi\u00e7\u00e3o, a Uefa promoveu mudan\u00e7as no regulamento da Champions League. Agora, temos uma fase de liga que conta com 36 times e oito jogos, que s\u00e3o definidos atrav\u00e9s de um sorteio. Um desses jogos foi justamente Benfica e Barcelona, na qual o time catal\u00e3o venceu por 5 a 4 em uma virada hist\u00f3rica no \u00faltimo lance em Portugal. <\/p>\n\n\n\n<p>Sabendo do confronto das oitavas de final, o t\u00e9cnico Bruno Lage, do Benfica relembrou a virada \u00e9pica do Barcelona, e disse que a equipe &#8220;n\u00e3o pensa em vingan\u00e7a&#8221;, mas afirmou que a equipe precisa ter ambi\u00e7\u00e3o para passar de fase. <\/p>\n\n\n\n<p>&#8220;Temos mais um reencontro. Foi um grande jogo e uma grande noite contra o Barcelona, mas, infelizmente, com um resultado desfavor\u00e1vel. A equipe soube dar uma boa resposta contra a Juventus, e \u00e9 isso que vamos tentar fazer novamente. Temos dois jogos diante do Barcelona e precisamos ter ambi\u00e7\u00e3o para seguir em frente&#8221;, iniciou. <\/p>\n\n\n\n<p>&#8220;Qualquer advers\u00e1rio seria um grande desafio. Assim como foi interessante preparar o jogo contra o Barcelona, tamb\u00e9m seria contra o Liverpool. Mas o \u00faltimo jogo ficou para tr\u00e1s. O que aconteceu, aconteceu. Agora, temos que olhar para esta eliminat\u00f3ria e pensar em como nos preparar para superar o Barcelona em dois jogos&#8221;, finalizou Bruno Lage.<\/p>\n\n\n\n<p>Com o regulamento atualizado, os oito primeiros colocados na fase de liga se classificam diretamente para as oitavas, enquanto os times do nono ao 24\u00b0 lugar disputam a rodada dos playoffs, que foi o caso do Benfica. <\/p>\n\n\n\n<p>O Benfica encerrou a fase de liga com 13 pontos na 16\u00b0 posi\u00e7\u00e3o e enfrentou o Monaco nos playoffs. Na Fran\u00e7a, vit\u00f3ria do time de Bruno Lage por 1 a 0. Na volta no Est\u00e1dio do Luz, um empate por 3 a 3 em um jogo completamente emocionante e assim vaga conquistada para as oitavas de final. <\/p>\n\n\n\n<p>Benfica e Barcelona se enfrentam no Est\u00e1dio da Luz no dia 5 de mar\u00e7o, \u00e0s 17h (hor\u00e1rio de Bras\u00edlia). A volta est\u00e1 marcada para 11 de mar\u00e7o, no Est\u00e1dio Olimpico Lluis Companys, \u00e0s 14h45 (hor\u00e1rio de Bras\u00edlia). <\/p>\n","protected":false},"excerpt":{"rendered":"<p>&#8220;N\u00e3o pensamos em vingan\u00e7a&#8221;, diz Bruno Lage Na \u00faltima sexta-feira (21), a Uefa realizou o sorteio dos confrontos das oitavas de final da Champions League e Benfica e Barcelona ir\u00e3o se encontrar novamente nesta edi\u00e7\u00e3o. Ap\u00f3s o conhecimento do duelo, o t\u00e9cnico Bruno Lage, do Benfica, comentou sobre o jogo. Para esta edi\u00e7\u00e3o, a Uefa [&hellip;]<\/p>\n","protected":false},"author":21,"featured_media":122108,"comment_status":"open","ping_status":"closed","sticky":false,"template":"","format":"standard","meta":{"footnotes":""},"categories":[87,98],"tags":[],"class_list":["post-231555","post","type-post","status-publish","format-standard","has-post-thumbnail","hentry","category-barcelona","category-benfica"],"yoast_head":"<!-- This site is optimized with the Yoast SEO Premium plugin v24.2 (Yoast SEO v26.9) - https:\/\/yoast.com\/product\/yoast-seo-premium-wordpress\/ -->\n<title>Champions League: a declara\u00e7\u00e3o do t\u00e9cnico do Benfica direcionada ao Barcelona<\/title>\n<meta name=\"robots\" content=\"index, follow, max-snippet:-1, max-image-preview:large, max-video-preview:-1\" \/>\n<link rel=\"canonical\" href=\"https:\/\/www.gaveanews.com\/index.php\/2025\/02\/22\/champions-league-a-declaracao-do-tecnico-do-benfica-direcionada-ao-barcelona\/\" \/>\n<meta property=\"og:locale\" content=\"pt_BR\" \/>\n<meta property=\"og:type\" content=\"article\" \/>\n<meta property=\"og:title\" content=\"Champions League: a declara\u00e7\u00e3o do t\u00e9cnico do Benfica direcionada ao Barcelona\" \/>\n<meta property=\"og:description\" content=\"&#8220;N\u00e3o pensamos em vingan\u00e7a&#8221;, diz Bruno Lage Na \u00faltima sexta-feira (21), a Uefa realizou o sorteio dos confrontos das oitavas de final da Champions League e Benfica e Barcelona ir\u00e3o se encontrar novamente nesta edi\u00e7\u00e3o. Ap\u00f3s o conhecimento do duelo, o t\u00e9cnico Bruno Lage, do Benfica, comentou sobre o jogo. Para esta edi\u00e7\u00e3o, a Uefa [&hellip;]\" \/>\n<meta property=\"og:url\" content=\"https:\/\/www.gaveanews.com\/index.php\/2025\/02\/22\/champions-league-a-declaracao-do-tecnico-do-benfica-direcionada-ao-barcelona\/\" \/>\n<meta property=\"og:site_name\" content=\"G\u00e1vea News\" \/>\n<meta property=\"article:publisher\" content=\"https:\/\/facebook.com\/gaveaNews\/\" \/>\n<meta property=\"article:published_time\" content=\"2025-02-22T23:40:00+00:00\" \/>\n<meta property=\"og:image\" content=\"https:\/\/www.gaveanews.com\/wp-content\/uploads\/barca.webp\" \/>\n\t<meta property=\"og:image:width\" content=\"1000\" \/>\n\t<meta property=\"og:image:height\" content=\"658\" \/>\n\t<meta property=\"og:image:type\" content=\"image\/webp\" \/>\n<meta name=\"author\" content=\"Andr\u00e9 Serra\" \/>\n<meta name=\"twitter:card\" content=\"summary_large_image\" \/>\n<meta name=\"twitter:label1\" content=\"Escrito por\" \/>\n\t<meta name=\"twitter:data1\" content=\"Andr\u00e9 Serra\" \/>\n\t<meta name=\"twitter:label2\" content=\"Est. tempo de leitura\" \/>\n\t<meta name=\"twitter:data2\" content=\"3 minutos\" \/>\n<script type=\"application\/ld+json\" class=\"yoast-schema-graph\">{\"@context\":\"https:\/\/schema.org\",\"@graph\":[{\"@type\":\"NewsArticle\",\"@id\":\"https:\/\/www.gaveanews.com\/index.php\/2025\/02\/22\/champions-league-a-declaracao-do-tecnico-do-benfica-direcionada-ao-barcelona\/#article\",\"isPartOf\":{\"@id\":\"https:\/\/www.gaveanews.com\/index.php\/2025\/02\/22\/champions-league-a-declaracao-do-tecnico-do-benfica-direcionada-ao-barcelona\/\"},\"author\":{\"name\":\"Andr\u00e9 Serra\",\"@id\":\"https:\/\/www.gaveanews.com\/#\/schema\/person\/0277a79a1289c451c281ec0411d84f0c\"},\"headline\":\"Champions League: a declara\u00e7\u00e3o do t\u00e9cnico do Benfica direcionada ao Barcelona\",\"datePublished\":\"2025-02-22T23:40:00+00:00\",\"mainEntityOfPage\":{\"@id\":\"https:\/\/www.gaveanews.com\/index.php\/2025\/02\/22\/champions-league-a-declaracao-do-tecnico-do-benfica-direcionada-ao-barcelona\/\"},\"wordCount\":423,\"commentCount\":0,\"image\":{\"@id\":\"https:\/\/www.gaveanews.com\/index.php\/2025\/02\/22\/champions-league-a-declaracao-do-tecnico-do-benfica-direcionada-ao-barcelona\/#primaryimage\"},\"thumbnailUrl\":\"https:\/\/www.gaveanews.com\/wp-content\/uploads\/barca.webp\",\"articleSection\":[\"Barcelona\",\"Benfica\"],\"inLanguage\":\"pt-BR\",\"potentialAction\":[{\"@type\":\"CommentAction\",\"name\":\"Comment\",\"target\":[\"https:\/\/www.gaveanews.com\/index.php\/2025\/02\/22\/champions-league-a-declaracao-do-tecnico-do-benfica-direcionada-ao-barcelona\/#respond\"]}],\"copyrightYear\":\"2025\",\"copyrightHolder\":{\"@id\":\"https:\/\/www.gaveanews.com\/#organization\"}},{\"@type\":\"WebPage\",\"@id\":\"https:\/\/www.gaveanews.com\/index.php\/2025\/02\/22\/champions-league-a-declaracao-do-tecnico-do-benfica-direcionada-ao-barcelona\/\",\"url\":\"https:\/\/www.gaveanews.com\/index.php\/2025\/02\/22\/champions-league-a-declaracao-do-tecnico-do-benfica-direcionada-ao-barcelona\/\",\"name\":\"Champions League: a declara\u00e7\u00e3o do t\u00e9cnico do Benfica direcionada ao Barcelona\",\"isPartOf\":{\"@id\":\"https:\/\/www.gaveanews.com\/#website\"},\"primaryImageOfPage\":{\"@id\":\"https:\/\/www.gaveanews.com\/index.php\/2025\/02\/22\/champions-league-a-declaracao-do-tecnico-do-benfica-direcionada-ao-barcelona\/#primaryimage\"},\"image\":{\"@id\":\"https:\/\/www.gaveanews.com\/index.php\/2025\/02\/22\/champions-league-a-declaracao-do-tecnico-do-benfica-direcionada-ao-barcelona\/#primaryimage\"},\"thumbnailUrl\":\"https:\/\/www.gaveanews.com\/wp-content\/uploads\/barca.webp\",\"datePublished\":\"2025-02-22T23:40:00+00:00\",\"author\":{\"@id\":\"https:\/\/www.gaveanews.com\/#\/schema\/person\/0277a79a1289c451c281ec0411d84f0c\"},\"breadcrumb\":{\"@id\":\"https:\/\/www.gaveanews.com\/index.php\/2025\/02\/22\/champions-league-a-declaracao-do-tecnico-do-benfica-direcionada-ao-barcelona\/#breadcrumb\"},\"inLanguage\":\"pt-BR\",\"potentialAction\":[{\"@type\":\"ReadAction\",\"target\":[\"https:\/\/www.gaveanews.com\/index.php\/2025\/02\/22\/champions-league-a-declaracao-do-tecnico-do-benfica-direcionada-ao-barcelona\/\"]}]},{\"@type\":\"ImageObject\",\"inLanguage\":\"pt-BR\",\"@id\":\"https:\/\/www.gaveanews.com\/index.php\/2025\/02\/22\/champions-league-a-declaracao-do-tecnico-do-benfica-direcionada-ao-barcelona\/#primaryimage\",\"url\":\"https:\/\/www.gaveanews.com\/wp-content\/uploads\/barca.webp\",\"contentUrl\":\"https:\/\/www.gaveanews.com\/wp-content\/uploads\/barca.webp\",\"width\":1000,\"height\":658,\"caption\":\"Escudo do Barcelona (Foto: Reprodu\u00e7\u00e3o)\"},{\"@type\":\"BreadcrumbList\",\"@id\":\"https:\/\/www.gaveanews.com\/index.php\/2025\/02\/22\/champions-league-a-declaracao-do-tecnico-do-benfica-direcionada-ao-barcelona\/#breadcrumb\",\"itemListElement\":[{\"@type\":\"ListItem\",\"position\":1,\"name\":\"Home\",\"item\":\"https:\/\/www.gaveanews.com\/\"},{\"@type\":\"ListItem\",\"position\":2,\"name\":\"Champions League: a declara\u00e7\u00e3o do t\u00e9cnico do Benfica direcionada ao Barcelona\"}]},{\"@type\":\"WebSite\",\"@id\":\"https:\/\/www.gaveanews.com\/#website\",\"url\":\"https:\/\/www.gaveanews.com\/\",\"name\":\"G\u00e1vea News\",\"description\":\"Veja todas as not\u00edcias sobre o Flamengo: Contrata\u00e7\u00f5es, categorias de base, resultados das partidas, tabela de classifica\u00e7\u00e3o, pr\u00f3ximos jogos!\",\"potentialAction\":[{\"@type\":\"SearchAction\",\"target\":{\"@type\":\"EntryPoint\",\"urlTemplate\":\"https:\/\/www.gaveanews.com\/?s={search_term_string}\"},\"query-input\":{\"@type\":\"PropertyValueSpecification\",\"valueRequired\":true,\"valueName\":\"search_term_string\"}}],\"inLanguage\":\"pt-BR\"},{\"@type\":\"Person\",\"@id\":\"https:\/\/www.gaveanews.com\/#\/schema\/person\/0277a79a1289c451c281ec0411d84f0c\",\"name\":\"Andr\u00e9 Serra\",\"image\":{\"@type\":\"ImageObject\",\"inLanguage\":\"pt-BR\",\"@id\":\"https:\/\/www.gaveanews.com\/#\/schema\/person\/image\/\",\"url\":\"https:\/\/secure.gravatar.com\/avatar\/d7231369fe48db93292b3e88eb2162dbd9a34a47a8437d9ef3bcaca2a86a83d7?s=96&d=mm&r=g\",\"contentUrl\":\"https:\/\/secure.gravatar.com\/avatar\/d7231369fe48db93292b3e88eb2162dbd9a34a47a8437d9ef3bcaca2a86a83d7?s=96&d=mm&r=g\",\"caption\":\"Andr\u00e9 Serra\"}}]}<\/script>\n<!-- \/ Yoast SEO Premium plugin. -->","yoast_head_json":{"title":"Champions League: a declara\u00e7\u00e3o do t\u00e9cnico do Benfica direcionada ao Barcelona","robots":{"index":"index","follow":"follow","max-snippet":"max-snippet:-1","max-image-preview":"max-image-preview:large","max-video-preview":"max-video-preview:-1"},"canonical":"https:\/\/www.gaveanews.com\/index.php\/2025\/02\/22\/champions-league-a-declaracao-do-tecnico-do-benfica-direcionada-ao-barcelona\/","og_locale":"pt_BR","og_type":"article","og_title":"Champions League: a declara\u00e7\u00e3o do t\u00e9cnico do Benfica direcionada ao Barcelona","og_description":"&#8220;N\u00e3o pensamos em vingan\u00e7a&#8221;, diz Bruno Lage Na \u00faltima sexta-feira (21), a Uefa realizou o sorteio dos confrontos das oitavas de final da Champions League e Benfica e Barcelona ir\u00e3o se encontrar novamente nesta edi\u00e7\u00e3o. Ap\u00f3s o conhecimento do duelo, o t\u00e9cnico Bruno Lage, do Benfica, comentou sobre o jogo. Para esta edi\u00e7\u00e3o, a Uefa [&hellip;]","og_url":"https:\/\/www.gaveanews.com\/index.php\/2025\/02\/22\/champions-league-a-declaracao-do-tecnico-do-benfica-direcionada-ao-barcelona\/","og_site_name":"G\u00e1vea News","article_publisher":"https:\/\/facebook.com\/gaveaNews\/","article_published_time":"2025-02-22T23:40:00+00:00","og_image":[{"width":1000,"height":658,"url":"https:\/\/www.gaveanews.com\/wp-content\/uploads\/barca.webp","type":"image\/webp"}],"author":"Andr\u00e9 Serra","twitter_card":"summary_large_image","twitter_misc":{"Escrito por":"Andr\u00e9 Serra","Est. tempo de leitura":"3 minutos"},"schema":{"@context":"https:\/\/schema.org","@graph":[{"@type":"NewsArticle","@id":"https:\/\/www.gaveanews.com\/index.php\/2025\/02\/22\/champions-league-a-declaracao-do-tecnico-do-benfica-direcionada-ao-barcelona\/#article","isPartOf":{"@id":"https:\/\/www.gaveanews.com\/index.php\/2025\/02\/22\/champions-league-a-declaracao-do-tecnico-do-benfica-direcionada-ao-barcelona\/"},"author":{"name":"Andr\u00e9 Serra","@id":"https:\/\/www.gaveanews.com\/#\/schema\/person\/0277a79a1289c451c281ec0411d84f0c"},"headline":"Champions League: a declara\u00e7\u00e3o do t\u00e9cnico do Benfica direcionada ao Barcelona","datePublished":"2025-02-22T23:40:00+00:00","mainEntityOfPage":{"@id":"https:\/\/www.gaveanews.com\/index.php\/2025\/02\/22\/champions-league-a-declaracao-do-tecnico-do-benfica-direcionada-ao-barcelona\/"},"wordCount":423,"commentCount":0,"image":{"@id":"https:\/\/www.gaveanews.com\/index.php\/2025\/02\/22\/champions-league-a-declaracao-do-tecnico-do-benfica-direcionada-ao-barcelona\/#primaryimage"},"thumbnailUrl":"https:\/\/www.gaveanews.com\/wp-content\/uploads\/barca.webp","articleSection":["Barcelona","Benfica"],"inLanguage":"pt-BR","potentialAction":[{"@type":"CommentAction","name":"Comment","target":["https:\/\/www.gaveanews.com\/index.php\/2025\/02\/22\/champions-league-a-declaracao-do-tecnico-do-benfica-direcionada-ao-barcelona\/#respond"]}],"copyrightYear":"2025","copyrightHolder":{"@id":"https:\/\/www.gaveanews.com\/#organization"}},{"@type":"WebPage","@id":"https:\/\/www.gaveanews.com\/index.php\/2025\/02\/22\/champions-league-a-declaracao-do-tecnico-do-benfica-direcionada-ao-barcelona\/","url":"https:\/\/www.gaveanews.com\/index.php\/2025\/02\/22\/champions-league-a-declaracao-do-tecnico-do-benfica-direcionada-ao-barcelona\/","name":"Champions League: a declara\u00e7\u00e3o do t\u00e9cnico do Benfica direcionada ao Barcelona","isPartOf":{"@id":"https:\/\/www.gaveanews.com\/#website"},"primaryImageOfPage":{"@id":"https:\/\/www.gaveanews.com\/index.php\/2025\/02\/22\/champions-league-a-declaracao-do-tecnico-do-benfica-direcionada-ao-barcelona\/#primaryimage"},"image":{"@id":"https:\/\/www.gaveanews.com\/index.php\/2025\/02\/22\/champions-league-a-declaracao-do-tecnico-do-benfica-direcionada-ao-barcelona\/#primaryimage"},"thumbnailUrl":"https:\/\/www.gaveanews.com\/wp-content\/uploads\/barca.webp","datePublished":"2025-02-22T23:40:00+00:00","author":{"@id":"https:\/\/www.gaveanews.com\/#\/schema\/person\/0277a79a1289c451c281ec0411d84f0c"},"breadcrumb":{"@id":"https:\/\/www.gaveanews.com\/index.php\/2025\/02\/22\/champions-league-a-declaracao-do-tecnico-do-benfica-direcionada-ao-barcelona\/#breadcrumb"},"inLanguage":"pt-BR","potentialAction":[{"@type":"ReadAction","target":["https:\/\/www.gaveanews.com\/index.php\/2025\/02\/22\/champions-league-a-declaracao-do-tecnico-do-benfica-direcionada-ao-barcelona\/"]}]},{"@type":"ImageObject","inLanguage":"pt-BR","@id":"https:\/\/www.gaveanews.com\/index.php\/2025\/02\/22\/champions-league-a-declaracao-do-tecnico-do-benfica-direcionada-ao-barcelona\/#primaryimage","url":"https:\/\/www.gaveanews.com\/wp-content\/uploads\/barca.webp","contentUrl":"https:\/\/www.gaveanews.com\/wp-content\/uploads\/barca.webp","width":1000,"height":658,"caption":"Escudo do Barcelona (Foto: Reprodu\u00e7\u00e3o)"},{"@type":"BreadcrumbList","@id":"https:\/\/www.gaveanews.com\/index.php\/2025\/02\/22\/champions-league-a-declaracao-do-tecnico-do-benfica-direcionada-ao-barcelona\/#breadcrumb","itemListElement":[{"@type":"ListItem","position":1,"name":"Home","item":"https:\/\/www.gaveanews.com\/"},{"@type":"ListItem","position":2,"name":"Champions League: a declara\u00e7\u00e3o do t\u00e9cnico do Benfica direcionada ao Barcelona"}]},{"@type":"WebSite","@id":"https:\/\/www.gaveanews.com\/#website","url":"https:\/\/www.gaveanews.com\/","name":"G\u00e1vea News","description":"Veja todas as not\u00edcias sobre o Flamengo: Contrata\u00e7\u00f5es, categorias de base, resultados das partidas, tabela de classifica\u00e7\u00e3o, pr\u00f3ximos jogos!","potentialAction":[{"@type":"SearchAction","target":{"@type":"EntryPoint","urlTemplate":"https:\/\/www.gaveanews.com\/?s={search_term_string}"},"query-input":{"@type":"PropertyValueSpecification","valueRequired":true,"valueName":"search_term_string"}}],"inLanguage":"pt-BR"},{"@type":"Person","@id":"https:\/\/www.gaveanews.com\/#\/schema\/person\/0277a79a1289c451c281ec0411d84f0c","name":"Andr\u00e9 Serra","image":{"@type":"ImageObject","inLanguage":"pt-BR","@id":"https:\/\/www.gaveanews.com\/#\/schema\/person\/image\/","url":"https:\/\/secure.gravatar.com\/avatar\/d7231369fe48db93292b3e88eb2162dbd9a34a47a8437d9ef3bcaca2a86a83d7?s=96&d=mm&r=g","contentUrl":"https:\/\/secure.gravatar.com\/avatar\/d7231369fe48db93292b3e88eb2162dbd9a34a47a8437d9ef3bcaca2a86a83d7?s=96&d=mm&r=g","caption":"Andr\u00e9 Serra"}}]}},"_links":{"self":[{"href":"https:\/\/www.gaveanews.com\/index.php\/wp-json\/wp\/v2\/posts\/231555","targetHints":{"allow":["GET"]}}],"collection":[{"href":"https:\/\/www.gaveanews.com\/index.php\/wp-json\/wp\/v2\/posts"}],"about":[{"href":"https:\/\/www.gaveanews.com\/index.php\/wp-json\/wp\/v2\/types\/post"}],"author":[{"embeddable":true,"href":"https:\/\/www.gaveanews.com\/index.php\/wp-json\/wp\/v2\/users\/21"}],"replies":[{"embeddable":true,"href":"https:\/\/www.gaveanews.com\/index.php\/wp-json\/wp\/v2\/comments?post=231555"}],"version-history":[{"count":1,"href":"https:\/\/www.gaveanews.com\/index.php\/wp-json\/wp\/v2\/posts\/231555\/revisions"}],"predecessor-version":[{"id":231556,"href":"https:\/\/www.gaveanews.com\/index.php\/wp-json\/wp\/v2\/posts\/231555\/revisions\/231556"}],"wp:featuredmedia":[{"embeddable":true,"href":"https:\/\/www.gaveanews.com\/index.php\/wp-json\/wp\/v2\/media\/122108"}],"wp:attachment":[{"href":"https:\/\/www.gaveanews.com\/index.php\/wp-json\/wp\/v2\/media?parent=231555"}],"wp:term":[{"taxonomy":"category","embeddable":true,"href":"https:\/\/www.gaveanews.com\/index.php\/wp-json\/wp\/v2\/categories?post=231555"},{"taxonomy":"post_tag","embeddable":true,"href":"https:\/\/www.gaveanews.com\/index.php\/wp-json\/wp\/v2\/tags?post=231555"}],"curies":[{"name":"wp","href":"https:\/\/api.w.org\/{rel}","templated":true}]}}