{"id":231559,"date":"2025-02-22T20:55:00","date_gmt":"2025-02-22T23:55:00","guid":{"rendered":"https:\/\/www.gaveanews.com\/?p=231559"},"modified":"2025-02-22T20:03:21","modified_gmt":"2025-02-22T23:03:21","slug":"a-declaracao-de-mascherano-sobre-o-super-mundial-de-clubes","status":"publish","type":"post","link":"https:\/\/www.gaveanews.com\/index.php\/2025\/02\/22\/a-declaracao-de-mascherano-sobre-o-super-mundial-de-clubes\/","title":{"rendered":"A declara\u00e7\u00e3o de Mascherano sobre o Super Mundial de Clubes"},"content":{"rendered":"\n<h2 class=\"wp-block-heading\" id=\"h-temos-conhecimento-maior-sobre-porto-e-palmeiras-disse-o-treinador\">&#8220;Temos conhecimento maior sobre Porto e Palmeiras&#8221;, disse o treinador<\/h2>\n\n\n\n<p>Este ano estreia o Novo Mundial de Clubes, com 32 equipes em oito grupos e um m\u00eas de competi\u00e7\u00e3o, como uma esp\u00e9cie de Copa do Mundo. Faltando pouco menos de quatro meses para o in\u00edcio da competi\u00e7\u00e3o, o t\u00e9cnico do Inter Miami, Javier Mascherano, admitiu conhecer apenas Palmeiras e Porto, das equipes que est\u00e3o em seu grupo. Al-Ahly, do Egito, fecha o grupo.  <\/p>\n\n\n\n<p>&#8220;Eu vi o Al-Ahly na Copa Intercontinental e vi o que fizeram n\u00e3o somente nas semifinais com Pachuca, mas tamb\u00e9m em outros jogos. De Porto e Palmeiras temos um conhecimento muito maior por poder v\u00ea-los com maior frequ\u00eancia. Esperamos chegar em boa forma na competi\u00e7\u00e3o e fazer tudo da melhor maneira&#8221;, iniciou. <\/p>\n\n\n\n<p>&#8220;Claramente que \u00e9 um Mundial de Clubes, e num Mundial de Clubes voc\u00ea tem que duelar com as melhores equipes do mundo. Aconteceu de entrar num grupo que talvez, por nomes, n\u00e3o d\u00ea tantos sustos como outros, mas te digo que por rendimento \u00e9 um grupo duro&#8221; afirmou o argentino, em entrevista \u00e0 Fifa.<\/p>\n\n\n\n<p>O Inter Miami \u00e9 um clube novo, sendo fundado em janeiro de 2018. Assim, para Mascherano existem dois lados. Um de maior dificuldade, justamente por ser um clube novo e sem experi\u00eancia em competi\u00e7\u00f5es grandes e importantes. Mas, por outro lado, essa \u00e9 mais uma chance das pessoas acompanharem e conhecerem o Inter Miami, muito gra\u00e7as a Lionel Messi. <\/p>\n\n\n\n<p>&#8220;Poder participar da competi\u00e7\u00e3o em que est\u00e3o os melhores clubes do mundo e com toda a hist\u00f3ria que t\u00eam cada um desses clubes \u00e9 um desafio enorme para n\u00f3s, sobretudo para um clube como o Inter Miami, que tem t\u00e3o pouco tempo de vida&#8221;, disse, continuando:<\/p>\n\n\n\n<p>&#8220;\u00c9 gigante (a influ\u00eancia de Messi no crescimento do Inter Miami), como tudo que ele toca. Cada passo que deu em sua carreira gerou um impacto porque ele \u00e9 o melhor. E claramente a MLS se beneficiou enormemente. A cada rinc\u00e3o do mundo conhecem nosso clube e a nossa liga. E em grande medida, n\u00e3o tudo, L\u00e9o (Messi) tem muito que haver&#8221;, finalizou Javier Mascherano. <\/p>\n\n\n\n<p>O Super Mundial de Clubes acontecer\u00e1 entre 15 de junho e 13 de julho, nos Estados Unidos. O MetLife Stadium, localizado em Nova York, ser\u00e1 o palco da grande final. <\/p>\n","protected":false},"excerpt":{"rendered":"<p>&#8220;Temos conhecimento maior sobre Porto e Palmeiras&#8221;, disse o treinador Este ano estreia o Novo Mundial de Clubes, com 32 equipes em oito grupos e um m\u00eas de competi\u00e7\u00e3o, como uma esp\u00e9cie de Copa do Mundo. Faltando pouco menos de quatro meses para o in\u00edcio da competi\u00e7\u00e3o, o t\u00e9cnico do Inter Miami, Javier Mascherano, admitiu [&hellip;]<\/p>\n","protected":false},"author":21,"featured_media":185794,"comment_status":"open","ping_status":"closed","sticky":false,"template":"","format":"standard","meta":{"footnotes":""},"categories":[473,150,100],"tags":[],"class_list":["post-231559","post","type-post","status-publish","format-standard","has-post-thumbnail","hentry","category-inter-miami","category-palmeiras","category-porto"],"yoast_head":"<!-- This site is optimized with the Yoast SEO Premium plugin v24.2 (Yoast SEO v26.9) - https:\/\/yoast.com\/product\/yoast-seo-premium-wordpress\/ -->\n<title>A declara\u00e7\u00e3o de Mascherano sobre o Super Mundial de Clubes<\/title>\n<meta name=\"robots\" content=\"index, follow, max-snippet:-1, max-image-preview:large, max-video-preview:-1\" \/>\n<link rel=\"canonical\" href=\"https:\/\/www.gaveanews.com\/index.php\/2025\/02\/22\/a-declaracao-de-mascherano-sobre-o-super-mundial-de-clubes\/\" \/>\n<meta property=\"og:locale\" content=\"pt_BR\" \/>\n<meta property=\"og:type\" content=\"article\" \/>\n<meta property=\"og:title\" content=\"A declara\u00e7\u00e3o de Mascherano sobre o Super Mundial de Clubes\" \/>\n<meta property=\"og:description\" content=\"&#8220;Temos conhecimento maior sobre Porto e Palmeiras&#8221;, disse o treinador Este ano estreia o Novo Mundial de Clubes, com 32 equipes em oito grupos e um m\u00eas de competi\u00e7\u00e3o, como uma esp\u00e9cie de Copa do Mundo. Faltando pouco menos de quatro meses para o in\u00edcio da competi\u00e7\u00e3o, o t\u00e9cnico do Inter Miami, Javier Mascherano, admitiu [&hellip;]\" \/>\n<meta property=\"og:url\" content=\"https:\/\/www.gaveanews.com\/index.php\/2025\/02\/22\/a-declaracao-de-mascherano-sobre-o-super-mundial-de-clubes\/\" \/>\n<meta property=\"og:site_name\" content=\"G\u00e1vea News\" \/>\n<meta property=\"article:publisher\" content=\"https:\/\/facebook.com\/gaveaNews\/\" \/>\n<meta property=\"article:published_time\" content=\"2025-02-22T23:55:00+00:00\" \/>\n<meta property=\"og:image\" content=\"https:\/\/www.gaveanews.com\/wp-content\/uploads\/trofeu-do-super-mundial-de-clubes-da-fifa-1731601569969_v2_450x450.png.webp\" \/>\n\t<meta property=\"og:image:width\" content=\"450\" \/>\n\t<meta property=\"og:image:height\" content=\"450\" \/>\n\t<meta property=\"og:image:type\" content=\"image\/webp\" \/>\n<meta name=\"author\" content=\"Andr\u00e9 Serra\" \/>\n<meta name=\"twitter:card\" content=\"summary_large_image\" \/>\n<meta name=\"twitter:label1\" content=\"Escrito por\" \/>\n\t<meta name=\"twitter:data1\" content=\"Andr\u00e9 Serra\" \/>\n\t<meta name=\"twitter:label2\" content=\"Est. tempo de leitura\" \/>\n\t<meta name=\"twitter:data2\" content=\"3 minutos\" \/>\n<script type=\"application\/ld+json\" class=\"yoast-schema-graph\">{\"@context\":\"https:\/\/schema.org\",\"@graph\":[{\"@type\":\"NewsArticle\",\"@id\":\"https:\/\/www.gaveanews.com\/index.php\/2025\/02\/22\/a-declaracao-de-mascherano-sobre-o-super-mundial-de-clubes\/#article\",\"isPartOf\":{\"@id\":\"https:\/\/www.gaveanews.com\/index.php\/2025\/02\/22\/a-declaracao-de-mascherano-sobre-o-super-mundial-de-clubes\/\"},\"author\":{\"name\":\"Andr\u00e9 Serra\",\"@id\":\"https:\/\/www.gaveanews.com\/#\/schema\/person\/0277a79a1289c451c281ec0411d84f0c\"},\"headline\":\"A declara\u00e7\u00e3o de Mascherano sobre o Super Mundial de Clubes\",\"datePublished\":\"2025-02-22T23:55:00+00:00\",\"mainEntityOfPage\":{\"@id\":\"https:\/\/www.gaveanews.com\/index.php\/2025\/02\/22\/a-declaracao-de-mascherano-sobre-o-super-mundial-de-clubes\/\"},\"wordCount\":404,\"commentCount\":0,\"image\":{\"@id\":\"https:\/\/www.gaveanews.com\/index.php\/2025\/02\/22\/a-declaracao-de-mascherano-sobre-o-super-mundial-de-clubes\/#primaryimage\"},\"thumbnailUrl\":\"https:\/\/www.gaveanews.com\/wp-content\/uploads\/trofeu-do-super-mundial-de-clubes-da-fifa-1731601569969_v2_450x450.png.webp\",\"articleSection\":[\"Inter Miami\",\"Palmeiras\",\"Porto\"],\"inLanguage\":\"pt-BR\",\"potentialAction\":[{\"@type\":\"CommentAction\",\"name\":\"Comment\",\"target\":[\"https:\/\/www.gaveanews.com\/index.php\/2025\/02\/22\/a-declaracao-de-mascherano-sobre-o-super-mundial-de-clubes\/#respond\"]}],\"copyrightYear\":\"2025\",\"copyrightHolder\":{\"@id\":\"https:\/\/www.gaveanews.com\/#organization\"}},{\"@type\":\"WebPage\",\"@id\":\"https:\/\/www.gaveanews.com\/index.php\/2025\/02\/22\/a-declaracao-de-mascherano-sobre-o-super-mundial-de-clubes\/\",\"url\":\"https:\/\/www.gaveanews.com\/index.php\/2025\/02\/22\/a-declaracao-de-mascherano-sobre-o-super-mundial-de-clubes\/\",\"name\":\"A declara\u00e7\u00e3o de Mascherano sobre o Super Mundial de Clubes\",\"isPartOf\":{\"@id\":\"https:\/\/www.gaveanews.com\/#website\"},\"primaryImageOfPage\":{\"@id\":\"https:\/\/www.gaveanews.com\/index.php\/2025\/02\/22\/a-declaracao-de-mascherano-sobre-o-super-mundial-de-clubes\/#primaryimage\"},\"image\":{\"@id\":\"https:\/\/www.gaveanews.com\/index.php\/2025\/02\/22\/a-declaracao-de-mascherano-sobre-o-super-mundial-de-clubes\/#primaryimage\"},\"thumbnailUrl\":\"https:\/\/www.gaveanews.com\/wp-content\/uploads\/trofeu-do-super-mundial-de-clubes-da-fifa-1731601569969_v2_450x450.png.webp\",\"datePublished\":\"2025-02-22T23:55:00+00:00\",\"author\":{\"@id\":\"https:\/\/www.gaveanews.com\/#\/schema\/person\/0277a79a1289c451c281ec0411d84f0c\"},\"breadcrumb\":{\"@id\":\"https:\/\/www.gaveanews.com\/index.php\/2025\/02\/22\/a-declaracao-de-mascherano-sobre-o-super-mundial-de-clubes\/#breadcrumb\"},\"inLanguage\":\"pt-BR\",\"potentialAction\":[{\"@type\":\"ReadAction\",\"target\":[\"https:\/\/www.gaveanews.com\/index.php\/2025\/02\/22\/a-declaracao-de-mascherano-sobre-o-super-mundial-de-clubes\/\"]}]},{\"@type\":\"ImageObject\",\"inLanguage\":\"pt-BR\",\"@id\":\"https:\/\/www.gaveanews.com\/index.php\/2025\/02\/22\/a-declaracao-de-mascherano-sobre-o-super-mundial-de-clubes\/#primaryimage\",\"url\":\"https:\/\/www.gaveanews.com\/wp-content\/uploads\/trofeu-do-super-mundial-de-clubes-da-fifa-1731601569969_v2_450x450.png.webp\",\"contentUrl\":\"https:\/\/www.gaveanews.com\/wp-content\/uploads\/trofeu-do-super-mundial-de-clubes-da-fifa-1731601569969_v2_450x450.png.webp\",\"width\":450,\"height\":450,\"caption\":\"Trof\u00e9u do Super Mundial de Clubes da Fifa Imagem: Divulga\u00e7\u00e3o\/Fifa\"},{\"@type\":\"BreadcrumbList\",\"@id\":\"https:\/\/www.gaveanews.com\/index.php\/2025\/02\/22\/a-declaracao-de-mascherano-sobre-o-super-mundial-de-clubes\/#breadcrumb\",\"itemListElement\":[{\"@type\":\"ListItem\",\"position\":1,\"name\":\"Home\",\"item\":\"https:\/\/www.gaveanews.com\/\"},{\"@type\":\"ListItem\",\"position\":2,\"name\":\"A declara\u00e7\u00e3o de Mascherano sobre o Super Mundial de Clubes\"}]},{\"@type\":\"WebSite\",\"@id\":\"https:\/\/www.gaveanews.com\/#website\",\"url\":\"https:\/\/www.gaveanews.com\/\",\"name\":\"G\u00e1vea News\",\"description\":\"Veja todas as not\u00edcias sobre o Flamengo: Contrata\u00e7\u00f5es, categorias de base, resultados das partidas, tabela de classifica\u00e7\u00e3o, pr\u00f3ximos jogos!\",\"potentialAction\":[{\"@type\":\"SearchAction\",\"target\":{\"@type\":\"EntryPoint\",\"urlTemplate\":\"https:\/\/www.gaveanews.com\/?s={search_term_string}\"},\"query-input\":{\"@type\":\"PropertyValueSpecification\",\"valueRequired\":true,\"valueName\":\"search_term_string\"}}],\"inLanguage\":\"pt-BR\"},{\"@type\":\"Person\",\"@id\":\"https:\/\/www.gaveanews.com\/#\/schema\/person\/0277a79a1289c451c281ec0411d84f0c\",\"name\":\"Andr\u00e9 Serra\",\"image\":{\"@type\":\"ImageObject\",\"inLanguage\":\"pt-BR\",\"@id\":\"https:\/\/www.gaveanews.com\/#\/schema\/person\/image\/\",\"url\":\"https:\/\/secure.gravatar.com\/avatar\/d7231369fe48db93292b3e88eb2162dbd9a34a47a8437d9ef3bcaca2a86a83d7?s=96&d=mm&r=g\",\"contentUrl\":\"https:\/\/secure.gravatar.com\/avatar\/d7231369fe48db93292b3e88eb2162dbd9a34a47a8437d9ef3bcaca2a86a83d7?s=96&d=mm&r=g\",\"caption\":\"Andr\u00e9 Serra\"}}]}<\/script>\n<!-- \/ Yoast SEO Premium plugin. -->","yoast_head_json":{"title":"A declara\u00e7\u00e3o de Mascherano sobre o Super Mundial de Clubes","robots":{"index":"index","follow":"follow","max-snippet":"max-snippet:-1","max-image-preview":"max-image-preview:large","max-video-preview":"max-video-preview:-1"},"canonical":"https:\/\/www.gaveanews.com\/index.php\/2025\/02\/22\/a-declaracao-de-mascherano-sobre-o-super-mundial-de-clubes\/","og_locale":"pt_BR","og_type":"article","og_title":"A declara\u00e7\u00e3o de Mascherano sobre o Super Mundial de Clubes","og_description":"&#8220;Temos conhecimento maior sobre Porto e Palmeiras&#8221;, disse o treinador Este ano estreia o Novo Mundial de Clubes, com 32 equipes em oito grupos e um m\u00eas de competi\u00e7\u00e3o, como uma esp\u00e9cie de Copa do Mundo. Faltando pouco menos de quatro meses para o in\u00edcio da competi\u00e7\u00e3o, o t\u00e9cnico do Inter Miami, Javier Mascherano, admitiu [&hellip;]","og_url":"https:\/\/www.gaveanews.com\/index.php\/2025\/02\/22\/a-declaracao-de-mascherano-sobre-o-super-mundial-de-clubes\/","og_site_name":"G\u00e1vea News","article_publisher":"https:\/\/facebook.com\/gaveaNews\/","article_published_time":"2025-02-22T23:55:00+00:00","og_image":[{"width":450,"height":450,"url":"https:\/\/www.gaveanews.com\/wp-content\/uploads\/trofeu-do-super-mundial-de-clubes-da-fifa-1731601569969_v2_450x450.png.webp","type":"image\/webp"}],"author":"Andr\u00e9 Serra","twitter_card":"summary_large_image","twitter_misc":{"Escrito por":"Andr\u00e9 Serra","Est. tempo de leitura":"3 minutos"},"schema":{"@context":"https:\/\/schema.org","@graph":[{"@type":"NewsArticle","@id":"https:\/\/www.gaveanews.com\/index.php\/2025\/02\/22\/a-declaracao-de-mascherano-sobre-o-super-mundial-de-clubes\/#article","isPartOf":{"@id":"https:\/\/www.gaveanews.com\/index.php\/2025\/02\/22\/a-declaracao-de-mascherano-sobre-o-super-mundial-de-clubes\/"},"author":{"name":"Andr\u00e9 Serra","@id":"https:\/\/www.gaveanews.com\/#\/schema\/person\/0277a79a1289c451c281ec0411d84f0c"},"headline":"A declara\u00e7\u00e3o de Mascherano sobre o Super Mundial de Clubes","datePublished":"2025-02-22T23:55:00+00:00","mainEntityOfPage":{"@id":"https:\/\/www.gaveanews.com\/index.php\/2025\/02\/22\/a-declaracao-de-mascherano-sobre-o-super-mundial-de-clubes\/"},"wordCount":404,"commentCount":0,"image":{"@id":"https:\/\/www.gaveanews.com\/index.php\/2025\/02\/22\/a-declaracao-de-mascherano-sobre-o-super-mundial-de-clubes\/#primaryimage"},"thumbnailUrl":"https:\/\/www.gaveanews.com\/wp-content\/uploads\/trofeu-do-super-mundial-de-clubes-da-fifa-1731601569969_v2_450x450.png.webp","articleSection":["Inter Miami","Palmeiras","Porto"],"inLanguage":"pt-BR","potentialAction":[{"@type":"CommentAction","name":"Comment","target":["https:\/\/www.gaveanews.com\/index.php\/2025\/02\/22\/a-declaracao-de-mascherano-sobre-o-super-mundial-de-clubes\/#respond"]}],"copyrightYear":"2025","copyrightHolder":{"@id":"https:\/\/www.gaveanews.com\/#organization"}},{"@type":"WebPage","@id":"https:\/\/www.gaveanews.com\/index.php\/2025\/02\/22\/a-declaracao-de-mascherano-sobre-o-super-mundial-de-clubes\/","url":"https:\/\/www.gaveanews.com\/index.php\/2025\/02\/22\/a-declaracao-de-mascherano-sobre-o-super-mundial-de-clubes\/","name":"A declara\u00e7\u00e3o de Mascherano sobre o Super Mundial de Clubes","isPartOf":{"@id":"https:\/\/www.gaveanews.com\/#website"},"primaryImageOfPage":{"@id":"https:\/\/www.gaveanews.com\/index.php\/2025\/02\/22\/a-declaracao-de-mascherano-sobre-o-super-mundial-de-clubes\/#primaryimage"},"image":{"@id":"https:\/\/www.gaveanews.com\/index.php\/2025\/02\/22\/a-declaracao-de-mascherano-sobre-o-super-mundial-de-clubes\/#primaryimage"},"thumbnailUrl":"https:\/\/www.gaveanews.com\/wp-content\/uploads\/trofeu-do-super-mundial-de-clubes-da-fifa-1731601569969_v2_450x450.png.webp","datePublished":"2025-02-22T23:55:00+00:00","author":{"@id":"https:\/\/www.gaveanews.com\/#\/schema\/person\/0277a79a1289c451c281ec0411d84f0c"},"breadcrumb":{"@id":"https:\/\/www.gaveanews.com\/index.php\/2025\/02\/22\/a-declaracao-de-mascherano-sobre-o-super-mundial-de-clubes\/#breadcrumb"},"inLanguage":"pt-BR","potentialAction":[{"@type":"ReadAction","target":["https:\/\/www.gaveanews.com\/index.php\/2025\/02\/22\/a-declaracao-de-mascherano-sobre-o-super-mundial-de-clubes\/"]}]},{"@type":"ImageObject","inLanguage":"pt-BR","@id":"https:\/\/www.gaveanews.com\/index.php\/2025\/02\/22\/a-declaracao-de-mascherano-sobre-o-super-mundial-de-clubes\/#primaryimage","url":"https:\/\/www.gaveanews.com\/wp-content\/uploads\/trofeu-do-super-mundial-de-clubes-da-fifa-1731601569969_v2_450x450.png.webp","contentUrl":"https:\/\/www.gaveanews.com\/wp-content\/uploads\/trofeu-do-super-mundial-de-clubes-da-fifa-1731601569969_v2_450x450.png.webp","width":450,"height":450,"caption":"Trof\u00e9u do Super Mundial de Clubes da Fifa Imagem: Divulga\u00e7\u00e3o\/Fifa"},{"@type":"BreadcrumbList","@id":"https:\/\/www.gaveanews.com\/index.php\/2025\/02\/22\/a-declaracao-de-mascherano-sobre-o-super-mundial-de-clubes\/#breadcrumb","itemListElement":[{"@type":"ListItem","position":1,"name":"Home","item":"https:\/\/www.gaveanews.com\/"},{"@type":"ListItem","position":2,"name":"A declara\u00e7\u00e3o de Mascherano sobre o Super Mundial de Clubes"}]},{"@type":"WebSite","@id":"https:\/\/www.gaveanews.com\/#website","url":"https:\/\/www.gaveanews.com\/","name":"G\u00e1vea News","description":"Veja todas as not\u00edcias sobre o Flamengo: Contrata\u00e7\u00f5es, categorias de base, resultados das partidas, tabela de classifica\u00e7\u00e3o, pr\u00f3ximos jogos!","potentialAction":[{"@type":"SearchAction","target":{"@type":"EntryPoint","urlTemplate":"https:\/\/www.gaveanews.com\/?s={search_term_string}"},"query-input":{"@type":"PropertyValueSpecification","valueRequired":true,"valueName":"search_term_string"}}],"inLanguage":"pt-BR"},{"@type":"Person","@id":"https:\/\/www.gaveanews.com\/#\/schema\/person\/0277a79a1289c451c281ec0411d84f0c","name":"Andr\u00e9 Serra","image":{"@type":"ImageObject","inLanguage":"pt-BR","@id":"https:\/\/www.gaveanews.com\/#\/schema\/person\/image\/","url":"https:\/\/secure.gravatar.com\/avatar\/d7231369fe48db93292b3e88eb2162dbd9a34a47a8437d9ef3bcaca2a86a83d7?s=96&d=mm&r=g","contentUrl":"https:\/\/secure.gravatar.com\/avatar\/d7231369fe48db93292b3e88eb2162dbd9a34a47a8437d9ef3bcaca2a86a83d7?s=96&d=mm&r=g","caption":"Andr\u00e9 Serra"}}]}},"_links":{"self":[{"href":"https:\/\/www.gaveanews.com\/index.php\/wp-json\/wp\/v2\/posts\/231559","targetHints":{"allow":["GET"]}}],"collection":[{"href":"https:\/\/www.gaveanews.com\/index.php\/wp-json\/wp\/v2\/posts"}],"about":[{"href":"https:\/\/www.gaveanews.com\/index.php\/wp-json\/wp\/v2\/types\/post"}],"author":[{"embeddable":true,"href":"https:\/\/www.gaveanews.com\/index.php\/wp-json\/wp\/v2\/users\/21"}],"replies":[{"embeddable":true,"href":"https:\/\/www.gaveanews.com\/index.php\/wp-json\/wp\/v2\/comments?post=231559"}],"version-history":[{"count":1,"href":"https:\/\/www.gaveanews.com\/index.php\/wp-json\/wp\/v2\/posts\/231559\/revisions"}],"predecessor-version":[{"id":231562,"href":"https:\/\/www.gaveanews.com\/index.php\/wp-json\/wp\/v2\/posts\/231559\/revisions\/231562"}],"wp:featuredmedia":[{"embeddable":true,"href":"https:\/\/www.gaveanews.com\/index.php\/wp-json\/wp\/v2\/media\/185794"}],"wp:attachment":[{"href":"https:\/\/www.gaveanews.com\/index.php\/wp-json\/wp\/v2\/media?parent=231559"}],"wp:term":[{"taxonomy":"category","embeddable":true,"href":"https:\/\/www.gaveanews.com\/index.php\/wp-json\/wp\/v2\/categories?post=231559"},{"taxonomy":"post_tag","embeddable":true,"href":"https:\/\/www.gaveanews.com\/index.php\/wp-json\/wp\/v2\/tags?post=231559"}],"curies":[{"name":"wp","href":"https:\/\/api.w.org\/{rel}","templated":true}]}}