{"id":231791,"date":"2025-02-25T11:05:48","date_gmt":"2025-02-25T14:05:48","guid":{"rendered":"https:\/\/www.gaveanews.com\/?p=231791"},"modified":"2025-02-25T11:04:34","modified_gmt":"2025-02-25T14:04:34","slug":"america-mg-goleiro-deve-registrar-boletim-de-ocorrencia-contra-torcedor","status":"publish","type":"post","link":"https:\/\/www.gaveanews.com\/index.php\/2025\/02\/25\/america-mg-goleiro-deve-registrar-boletim-de-ocorrencia-contra-torcedor\/","title":{"rendered":"Am\u00e9rica-MG: goleiro deve registrar Boletim de Ocorr\u00eancia contra torcedor"},"content":{"rendered":"\n<p>O goleiro Matheus Mendes vivenciou da euforia \u00e0 ang\u00fastia ap\u00f3s ser um dos her\u00f3is da classifica\u00e7\u00e3o do Am\u00e9rica-MG \u00e0 final do Campeonato Mineiro, no \u00faltimo s\u00e1bado, 22. Isso porque ele e sua fam\u00edlia sofreram ofensas criminosas de torcedores nas redes sociais, em caso que deve ser denunciado pelo mesmo nesta segunda-feira, 24.<\/p>\n\n\n\n<p>As tentativas de intimida\u00e7\u00e3o foram expostas pela esposa do atleta, Jaqueline Freitas, tamb\u00e9m atrav\u00e9s das redes sociais. Entre todas barbaridades ditas, o usu\u00e1rio desejou que os parentes mais pr\u00f3ximos a Matheus fossem assassinados, almejando o mesmo para uma futura filha do jogador. Al\u00e9m disso, o homem mencionou a morte recente da m\u00e3e do goleiro, v\u00edtima de c\u00e2ncer, como &#8220;um castigo&#8221; por ser quem ele \u00e9.<\/p>\n\n\n\n<p>&#8220;Bem feito para sua m\u00e3e, uma vagabun** da ra\u00e7a dela tinha que morrer mesmo. Tinha que ser estupr* e<strong> <\/strong>morrido muito antes. Que o diabo tenha a alma da vaca da sua m\u00e3e. O c\u00e2ncer da puda sua m\u00e3e foi um castigo por voc\u00ea ser quem \u00e9&#8221;, dizia uma das mensagens.<\/p>\n\n\n\n<p>Matheus perdeu a m\u00e3e no ano passado, quando ainda pertencia ao Atl\u00e9tico-MG. O perfil recebeu uma s\u00e9rie de den\u00fancias ap\u00f3s a exposi\u00e7\u00e3o de Jaqueline e foi deletado horas depois.<\/p>\n\n\n\n<figure class=\"wp-block-image size-full\"><img loading=\"lazy\" decoding=\"async\" width=\"984\" height=\"1560\" src=\"https:\/\/www.gaveanews.com\/wp-content\/uploads\/image-44.webp\" alt=\"\" class=\"wp-image-231793\"\/><\/figure>\n\n\n\n<h2 class=\"wp-block-heading\" id=\"h-america-mg-emite-nota-de-repudio\">Am\u00e9rica-MG emite nota de rep\u00fadio<\/h2>\n\n\n\n<p>O Coelho repudiou os atos logo ap\u00f3s a divulga\u00e7\u00e3o do caso e demonstrou apoio irrestrito ao goleiro. O profissional tamb\u00e9m recebeu mensagens amorosas de companheiros e outros torcedores nas redes sociais.<\/p>\n\n\n\n<p>&#8220;O Am\u00e9rica Futebol Clube expressa seu rep\u00fadio e indigna\u00e7\u00e3o diante das ofensas criminosas direcionadas ao nosso goleiro Matheus Mendes nas redes sociais. A rivalidade no futebol deve se limitar ao campo, e jamais extrapolar para ataques pessoais. Acreditamos que as autoridades competentes tomar\u00e3o as medidas cab\u00edveis para identificar e punir o(s) respons\u00e1vel(eis) por essa barbaridade&#8221;.<\/p>\n\n\n\n<h2 class=\"wp-block-heading\" id=\"h-matheus-mendes-se-manifesta\">Matheus Mendes se manifesta<\/h2>\n\n\n\n<p>Destaque nas disputas de p\u00eanaltis que classificaram o Am\u00e9rica-MG diante do Cruzeiro \u00e0 final do Campeonato Mineiro, Matheus garantiu que ir\u00e1 tomar as medidas cab\u00edveis contra o usu\u00e1rio respons\u00e1vel pelas mensagens.<\/p>\n\n\n\n<p>&#8220;\u00c9 uma pena que uma pessoa v\u00e1 ao meu Instagram e falar o que quer. Atr\u00e1s do celular, todo mundo tem coragem. N\u00e3o tem problema nenhum vir me cobrar, todos t\u00eam direito \u00e0 cobran\u00e7a saud\u00e1vel, mas falar da minha m\u00e3e, que perdi h\u00e1 pouco tempo, falar da minha filha, vira um ataque criminoso\u201d, e completou:<\/p>\n\n\n\n<figure class=\"wp-block-image size-full\"><img loading=\"lazy\" decoding=\"async\" width=\"984\" height=\"438\" src=\"https:\/\/www.gaveanews.com\/wp-content\/uploads\/image-45.webp\" alt=\"\" class=\"wp-image-231794\"\/><\/figure>\n\n\n\n<p>&#8220;\u00c9 um absurdo o que voc\u00eas viram nas mensagens, mas as provid\u00eancias j\u00e1 est\u00e3o sendo tomadas e vai se resolver, porque a internet n\u00e3o \u00e9 terra sem lei. Independentemente de idade, se \u00e9 uma crian\u00e7a, adolescente ou adulto, tem que pagar pelo que fala. N\u00e3o tem que ficar por isso&#8221;, garantiu \u00e0 Itatiaia.<\/p>\n\n\n\n<p>Quando ainda estava no clima da classifica\u00e7\u00e3o, pouco depois de ter defendido um p\u00eanalti, Mendes provocou o Cruzeiro: &#8220;Muita gente colocou que teria torcida dividida no Mineir\u00e3o dia 15, mas dia 15 vai ser aqui no Independ\u00eancia&#8221;. O Am\u00e9rica-MG avan\u00e7ou \u00e0 final do Estadual pelo placar de 4 a 2 nas penalidades m\u00e1ximas.<\/p>\n\n\n\n<p>&#8220;\u00c9 f\u00e1cil poder falar sentado numa cadeira, com ar-condicionado, e falar que o Cruzeiro vai passar da gente. Mas \u00e9 totalmente diferente. Futebol \u00e9 jogado e est\u00e1 a\u00ed o resultado: dia 15 estamos aqui&#8221;.<\/p>\n","protected":false},"excerpt":{"rendered":"<p>O goleiro Matheus Mendes vivenciou da euforia \u00e0 ang\u00fastia ap\u00f3s ser um dos her\u00f3is da classifica\u00e7\u00e3o do Am\u00e9rica-MG \u00e0 final do Campeonato Mineiro, no \u00faltimo s\u00e1bado, 22. Isso porque ele e sua fam\u00edlia sofreram ofensas criminosas de torcedores nas redes sociais, em caso que deve ser denunciado pelo mesmo nesta segunda-feira, 24. As tentativas de [&hellip;]<\/p>\n","protected":false},"author":30,"featured_media":231792,"comment_status":"open","ping_status":"closed","sticky":false,"template":"","format":"standard","meta":{"footnotes":""},"categories":[160,143],"tags":[],"class_list":["post-231791","post","type-post","status-publish","format-standard","has-post-thumbnail","hentry","category-america-mg","category-cruzeiro"],"yoast_head":"<!-- This site is optimized with the Yoast SEO Premium plugin v24.2 (Yoast SEO v26.9) - https:\/\/yoast.com\/product\/yoast-seo-premium-wordpress\/ -->\n<title>Am\u00e9rica-MG: goleiro deve registrar Boletim de Ocorr\u00eancia contra torcedor<\/title>\n<meta name=\"robots\" content=\"index, follow, max-snippet:-1, max-image-preview:large, max-video-preview:-1\" \/>\n<link rel=\"canonical\" href=\"https:\/\/www.gaveanews.com\/index.php\/2025\/02\/25\/america-mg-goleiro-deve-registrar-boletim-de-ocorrencia-contra-torcedor\/\" \/>\n<meta property=\"og:locale\" content=\"pt_BR\" \/>\n<meta property=\"og:type\" content=\"article\" \/>\n<meta property=\"og:title\" content=\"Am\u00e9rica-MG: goleiro deve registrar Boletim de Ocorr\u00eancia contra torcedor\" \/>\n<meta property=\"og:description\" content=\"O goleiro Matheus Mendes vivenciou da euforia \u00e0 ang\u00fastia ap\u00f3s ser um dos her\u00f3is da classifica\u00e7\u00e3o do Am\u00e9rica-MG \u00e0 final do Campeonato Mineiro, no \u00faltimo s\u00e1bado, 22. Isso porque ele e sua fam\u00edlia sofreram ofensas criminosas de torcedores nas redes sociais, em caso que deve ser denunciado pelo mesmo nesta segunda-feira, 24. As tentativas de [&hellip;]\" \/>\n<meta property=\"og:url\" content=\"https:\/\/www.gaveanews.com\/index.php\/2025\/02\/25\/america-mg-goleiro-deve-registrar-boletim-de-ocorrencia-contra-torcedor\/\" \/>\n<meta property=\"og:site_name\" content=\"G\u00e1vea News\" \/>\n<meta property=\"article:publisher\" content=\"https:\/\/facebook.com\/gaveaNews\/\" \/>\n<meta property=\"article:published_time\" content=\"2025-02-25T14:05:48+00:00\" \/>\n<meta property=\"og:image\" content=\"https:\/\/www.gaveanews.com\/wp-content\/uploads\/image-43.webp\" \/>\n\t<meta property=\"og:image:width\" content=\"554\" \/>\n\t<meta property=\"og:image:height\" content=\"269\" \/>\n\t<meta property=\"og:image:type\" content=\"image\/png\" \/>\n<meta name=\"author\" content=\"Ana Teixeira\" \/>\n<meta name=\"twitter:card\" content=\"summary_large_image\" \/>\n<meta name=\"twitter:label1\" content=\"Escrito por\" \/>\n\t<meta name=\"twitter:data1\" content=\"Ana Teixeira\" \/>\n\t<meta name=\"twitter:label2\" content=\"Est. tempo de leitura\" \/>\n\t<meta name=\"twitter:data2\" content=\"4 minutos\" \/>\n<script type=\"application\/ld+json\" class=\"yoast-schema-graph\">{\"@context\":\"https:\/\/schema.org\",\"@graph\":[{\"@type\":\"NewsArticle\",\"@id\":\"https:\/\/www.gaveanews.com\/index.php\/2025\/02\/25\/america-mg-goleiro-deve-registrar-boletim-de-ocorrencia-contra-torcedor\/#article\",\"isPartOf\":{\"@id\":\"https:\/\/www.gaveanews.com\/index.php\/2025\/02\/25\/america-mg-goleiro-deve-registrar-boletim-de-ocorrencia-contra-torcedor\/\"},\"author\":{\"name\":\"Ana Teixeira\",\"@id\":\"https:\/\/www.gaveanews.com\/#\/schema\/person\/3b19f7288b0ce20372991275e4f2e6c2\"},\"headline\":\"Am\u00e9rica-MG: goleiro deve registrar Boletim de Ocorr\u00eancia contra torcedor\",\"datePublished\":\"2025-02-25T14:05:48+00:00\",\"mainEntityOfPage\":{\"@id\":\"https:\/\/www.gaveanews.com\/index.php\/2025\/02\/25\/america-mg-goleiro-deve-registrar-boletim-de-ocorrencia-contra-torcedor\/\"},\"wordCount\":572,\"commentCount\":0,\"image\":{\"@id\":\"https:\/\/www.gaveanews.com\/index.php\/2025\/02\/25\/america-mg-goleiro-deve-registrar-boletim-de-ocorrencia-contra-torcedor\/#primaryimage\"},\"thumbnailUrl\":\"https:\/\/www.gaveanews.com\/wp-content\/uploads\/image-43.webp\",\"articleSection\":[\"Am\u00e9rica-MG\",\"Cruzeiro\"],\"inLanguage\":\"pt-BR\",\"potentialAction\":[{\"@type\":\"CommentAction\",\"name\":\"Comment\",\"target\":[\"https:\/\/www.gaveanews.com\/index.php\/2025\/02\/25\/america-mg-goleiro-deve-registrar-boletim-de-ocorrencia-contra-torcedor\/#respond\"]}],\"copyrightYear\":\"2025\",\"copyrightHolder\":{\"@id\":\"https:\/\/www.gaveanews.com\/#organization\"}},{\"@type\":\"WebPage\",\"@id\":\"https:\/\/www.gaveanews.com\/index.php\/2025\/02\/25\/america-mg-goleiro-deve-registrar-boletim-de-ocorrencia-contra-torcedor\/\",\"url\":\"https:\/\/www.gaveanews.com\/index.php\/2025\/02\/25\/america-mg-goleiro-deve-registrar-boletim-de-ocorrencia-contra-torcedor\/\",\"name\":\"Am\u00e9rica-MG: goleiro deve registrar Boletim de Ocorr\u00eancia contra torcedor\",\"isPartOf\":{\"@id\":\"https:\/\/www.gaveanews.com\/#website\"},\"primaryImageOfPage\":{\"@id\":\"https:\/\/www.gaveanews.com\/index.php\/2025\/02\/25\/america-mg-goleiro-deve-registrar-boletim-de-ocorrencia-contra-torcedor\/#primaryimage\"},\"image\":{\"@id\":\"https:\/\/www.gaveanews.com\/index.php\/2025\/02\/25\/america-mg-goleiro-deve-registrar-boletim-de-ocorrencia-contra-torcedor\/#primaryimage\"},\"thumbnailUrl\":\"https:\/\/www.gaveanews.com\/wp-content\/uploads\/image-43.webp\",\"datePublished\":\"2025-02-25T14:05:48+00:00\",\"author\":{\"@id\":\"https:\/\/www.gaveanews.com\/#\/schema\/person\/3b19f7288b0ce20372991275e4f2e6c2\"},\"breadcrumb\":{\"@id\":\"https:\/\/www.gaveanews.com\/index.php\/2025\/02\/25\/america-mg-goleiro-deve-registrar-boletim-de-ocorrencia-contra-torcedor\/#breadcrumb\"},\"inLanguage\":\"pt-BR\",\"potentialAction\":[{\"@type\":\"ReadAction\",\"target\":[\"https:\/\/www.gaveanews.com\/index.php\/2025\/02\/25\/america-mg-goleiro-deve-registrar-boletim-de-ocorrencia-contra-torcedor\/\"]}]},{\"@type\":\"ImageObject\",\"inLanguage\":\"pt-BR\",\"@id\":\"https:\/\/www.gaveanews.com\/index.php\/2025\/02\/25\/america-mg-goleiro-deve-registrar-boletim-de-ocorrencia-contra-torcedor\/#primaryimage\",\"url\":\"https:\/\/www.gaveanews.com\/wp-content\/uploads\/image-43.webp\",\"contentUrl\":\"https:\/\/www.gaveanews.com\/wp-content\/uploads\/image-43.webp\",\"width\":554,\"height\":269},{\"@type\":\"BreadcrumbList\",\"@id\":\"https:\/\/www.gaveanews.com\/index.php\/2025\/02\/25\/america-mg-goleiro-deve-registrar-boletim-de-ocorrencia-contra-torcedor\/#breadcrumb\",\"itemListElement\":[{\"@type\":\"ListItem\",\"position\":1,\"name\":\"Home\",\"item\":\"https:\/\/www.gaveanews.com\/\"},{\"@type\":\"ListItem\",\"position\":2,\"name\":\"Am\u00e9rica-MG: goleiro deve registrar Boletim de Ocorr\u00eancia contra torcedor\"}]},{\"@type\":\"WebSite\",\"@id\":\"https:\/\/www.gaveanews.com\/#website\",\"url\":\"https:\/\/www.gaveanews.com\/\",\"name\":\"G\u00e1vea News\",\"description\":\"Veja todas as not\u00edcias sobre o Flamengo: Contrata\u00e7\u00f5es, categorias de base, resultados das partidas, tabela de classifica\u00e7\u00e3o, pr\u00f3ximos jogos!\",\"potentialAction\":[{\"@type\":\"SearchAction\",\"target\":{\"@type\":\"EntryPoint\",\"urlTemplate\":\"https:\/\/www.gaveanews.com\/?s={search_term_string}\"},\"query-input\":{\"@type\":\"PropertyValueSpecification\",\"valueRequired\":true,\"valueName\":\"search_term_string\"}}],\"inLanguage\":\"pt-BR\"},{\"@type\":\"Person\",\"@id\":\"https:\/\/www.gaveanews.com\/#\/schema\/person\/3b19f7288b0ce20372991275e4f2e6c2\",\"name\":\"Ana Teixeira\",\"image\":{\"@type\":\"ImageObject\",\"inLanguage\":\"pt-BR\",\"@id\":\"https:\/\/www.gaveanews.com\/#\/schema\/person\/image\/\",\"url\":\"https:\/\/secure.gravatar.com\/avatar\/0a73f5a5258f3fed37fc2fa641892f3f7a4748456d4d4792f9bc550e6c19e06c?s=96&d=mm&r=g\",\"contentUrl\":\"https:\/\/secure.gravatar.com\/avatar\/0a73f5a5258f3fed37fc2fa641892f3f7a4748456d4d4792f9bc550e6c19e06c?s=96&d=mm&r=g\",\"caption\":\"Ana Teixeira\"}}]}<\/script>\n<!-- \/ Yoast SEO Premium plugin. -->","yoast_head_json":{"title":"Am\u00e9rica-MG: goleiro deve registrar Boletim de Ocorr\u00eancia contra torcedor","robots":{"index":"index","follow":"follow","max-snippet":"max-snippet:-1","max-image-preview":"max-image-preview:large","max-video-preview":"max-video-preview:-1"},"canonical":"https:\/\/www.gaveanews.com\/index.php\/2025\/02\/25\/america-mg-goleiro-deve-registrar-boletim-de-ocorrencia-contra-torcedor\/","og_locale":"pt_BR","og_type":"article","og_title":"Am\u00e9rica-MG: goleiro deve registrar Boletim de Ocorr\u00eancia contra torcedor","og_description":"O goleiro Matheus Mendes vivenciou da euforia \u00e0 ang\u00fastia ap\u00f3s ser um dos her\u00f3is da classifica\u00e7\u00e3o do Am\u00e9rica-MG \u00e0 final do Campeonato Mineiro, no \u00faltimo s\u00e1bado, 22. Isso porque ele e sua fam\u00edlia sofreram ofensas criminosas de torcedores nas redes sociais, em caso que deve ser denunciado pelo mesmo nesta segunda-feira, 24. As tentativas de [&hellip;]","og_url":"https:\/\/www.gaveanews.com\/index.php\/2025\/02\/25\/america-mg-goleiro-deve-registrar-boletim-de-ocorrencia-contra-torcedor\/","og_site_name":"G\u00e1vea News","article_publisher":"https:\/\/facebook.com\/gaveaNews\/","article_published_time":"2025-02-25T14:05:48+00:00","og_image":[{"width":554,"height":269,"url":"https:\/\/www.gaveanews.com\/wp-content\/uploads\/image-43.webp","type":"image\/png"}],"author":"Ana Teixeira","twitter_card":"summary_large_image","twitter_misc":{"Escrito por":"Ana Teixeira","Est. tempo de leitura":"4 minutos"},"schema":{"@context":"https:\/\/schema.org","@graph":[{"@type":"NewsArticle","@id":"https:\/\/www.gaveanews.com\/index.php\/2025\/02\/25\/america-mg-goleiro-deve-registrar-boletim-de-ocorrencia-contra-torcedor\/#article","isPartOf":{"@id":"https:\/\/www.gaveanews.com\/index.php\/2025\/02\/25\/america-mg-goleiro-deve-registrar-boletim-de-ocorrencia-contra-torcedor\/"},"author":{"name":"Ana Teixeira","@id":"https:\/\/www.gaveanews.com\/#\/schema\/person\/3b19f7288b0ce20372991275e4f2e6c2"},"headline":"Am\u00e9rica-MG: goleiro deve registrar Boletim de Ocorr\u00eancia contra torcedor","datePublished":"2025-02-25T14:05:48+00:00","mainEntityOfPage":{"@id":"https:\/\/www.gaveanews.com\/index.php\/2025\/02\/25\/america-mg-goleiro-deve-registrar-boletim-de-ocorrencia-contra-torcedor\/"},"wordCount":572,"commentCount":0,"image":{"@id":"https:\/\/www.gaveanews.com\/index.php\/2025\/02\/25\/america-mg-goleiro-deve-registrar-boletim-de-ocorrencia-contra-torcedor\/#primaryimage"},"thumbnailUrl":"https:\/\/www.gaveanews.com\/wp-content\/uploads\/image-43.webp","articleSection":["Am\u00e9rica-MG","Cruzeiro"],"inLanguage":"pt-BR","potentialAction":[{"@type":"CommentAction","name":"Comment","target":["https:\/\/www.gaveanews.com\/index.php\/2025\/02\/25\/america-mg-goleiro-deve-registrar-boletim-de-ocorrencia-contra-torcedor\/#respond"]}],"copyrightYear":"2025","copyrightHolder":{"@id":"https:\/\/www.gaveanews.com\/#organization"}},{"@type":"WebPage","@id":"https:\/\/www.gaveanews.com\/index.php\/2025\/02\/25\/america-mg-goleiro-deve-registrar-boletim-de-ocorrencia-contra-torcedor\/","url":"https:\/\/www.gaveanews.com\/index.php\/2025\/02\/25\/america-mg-goleiro-deve-registrar-boletim-de-ocorrencia-contra-torcedor\/","name":"Am\u00e9rica-MG: goleiro deve registrar Boletim de Ocorr\u00eancia contra torcedor","isPartOf":{"@id":"https:\/\/www.gaveanews.com\/#website"},"primaryImageOfPage":{"@id":"https:\/\/www.gaveanews.com\/index.php\/2025\/02\/25\/america-mg-goleiro-deve-registrar-boletim-de-ocorrencia-contra-torcedor\/#primaryimage"},"image":{"@id":"https:\/\/www.gaveanews.com\/index.php\/2025\/02\/25\/america-mg-goleiro-deve-registrar-boletim-de-ocorrencia-contra-torcedor\/#primaryimage"},"thumbnailUrl":"https:\/\/www.gaveanews.com\/wp-content\/uploads\/image-43.webp","datePublished":"2025-02-25T14:05:48+00:00","author":{"@id":"https:\/\/www.gaveanews.com\/#\/schema\/person\/3b19f7288b0ce20372991275e4f2e6c2"},"breadcrumb":{"@id":"https:\/\/www.gaveanews.com\/index.php\/2025\/02\/25\/america-mg-goleiro-deve-registrar-boletim-de-ocorrencia-contra-torcedor\/#breadcrumb"},"inLanguage":"pt-BR","potentialAction":[{"@type":"ReadAction","target":["https:\/\/www.gaveanews.com\/index.php\/2025\/02\/25\/america-mg-goleiro-deve-registrar-boletim-de-ocorrencia-contra-torcedor\/"]}]},{"@type":"ImageObject","inLanguage":"pt-BR","@id":"https:\/\/www.gaveanews.com\/index.php\/2025\/02\/25\/america-mg-goleiro-deve-registrar-boletim-de-ocorrencia-contra-torcedor\/#primaryimage","url":"https:\/\/www.gaveanews.com\/wp-content\/uploads\/image-43.webp","contentUrl":"https:\/\/www.gaveanews.com\/wp-content\/uploads\/image-43.webp","width":554,"height":269},{"@type":"BreadcrumbList","@id":"https:\/\/www.gaveanews.com\/index.php\/2025\/02\/25\/america-mg-goleiro-deve-registrar-boletim-de-ocorrencia-contra-torcedor\/#breadcrumb","itemListElement":[{"@type":"ListItem","position":1,"name":"Home","item":"https:\/\/www.gaveanews.com\/"},{"@type":"ListItem","position":2,"name":"Am\u00e9rica-MG: goleiro deve registrar Boletim de Ocorr\u00eancia contra torcedor"}]},{"@type":"WebSite","@id":"https:\/\/www.gaveanews.com\/#website","url":"https:\/\/www.gaveanews.com\/","name":"G\u00e1vea News","description":"Veja todas as not\u00edcias sobre o Flamengo: Contrata\u00e7\u00f5es, categorias de base, resultados das partidas, tabela de classifica\u00e7\u00e3o, pr\u00f3ximos jogos!","potentialAction":[{"@type":"SearchAction","target":{"@type":"EntryPoint","urlTemplate":"https:\/\/www.gaveanews.com\/?s={search_term_string}"},"query-input":{"@type":"PropertyValueSpecification","valueRequired":true,"valueName":"search_term_string"}}],"inLanguage":"pt-BR"},{"@type":"Person","@id":"https:\/\/www.gaveanews.com\/#\/schema\/person\/3b19f7288b0ce20372991275e4f2e6c2","name":"Ana Teixeira","image":{"@type":"ImageObject","inLanguage":"pt-BR","@id":"https:\/\/www.gaveanews.com\/#\/schema\/person\/image\/","url":"https:\/\/secure.gravatar.com\/avatar\/0a73f5a5258f3fed37fc2fa641892f3f7a4748456d4d4792f9bc550e6c19e06c?s=96&d=mm&r=g","contentUrl":"https:\/\/secure.gravatar.com\/avatar\/0a73f5a5258f3fed37fc2fa641892f3f7a4748456d4d4792f9bc550e6c19e06c?s=96&d=mm&r=g","caption":"Ana Teixeira"}}]}},"_links":{"self":[{"href":"https:\/\/www.gaveanews.com\/index.php\/wp-json\/wp\/v2\/posts\/231791","targetHints":{"allow":["GET"]}}],"collection":[{"href":"https:\/\/www.gaveanews.com\/index.php\/wp-json\/wp\/v2\/posts"}],"about":[{"href":"https:\/\/www.gaveanews.com\/index.php\/wp-json\/wp\/v2\/types\/post"}],"author":[{"embeddable":true,"href":"https:\/\/www.gaveanews.com\/index.php\/wp-json\/wp\/v2\/users\/30"}],"replies":[{"embeddable":true,"href":"https:\/\/www.gaveanews.com\/index.php\/wp-json\/wp\/v2\/comments?post=231791"}],"version-history":[{"count":1,"href":"https:\/\/www.gaveanews.com\/index.php\/wp-json\/wp\/v2\/posts\/231791\/revisions"}],"predecessor-version":[{"id":231795,"href":"https:\/\/www.gaveanews.com\/index.php\/wp-json\/wp\/v2\/posts\/231791\/revisions\/231795"}],"wp:featuredmedia":[{"embeddable":true,"href":"https:\/\/www.gaveanews.com\/index.php\/wp-json\/wp\/v2\/media\/231792"}],"wp:attachment":[{"href":"https:\/\/www.gaveanews.com\/index.php\/wp-json\/wp\/v2\/media?parent=231791"}],"wp:term":[{"taxonomy":"category","embeddable":true,"href":"https:\/\/www.gaveanews.com\/index.php\/wp-json\/wp\/v2\/categories?post=231791"},{"taxonomy":"post_tag","embeddable":true,"href":"https:\/\/www.gaveanews.com\/index.php\/wp-json\/wp\/v2\/tags?post=231791"}],"curies":[{"name":"wp","href":"https:\/\/api.w.org\/{rel}","templated":true}]}}