{"id":231842,"date":"2025-02-24T07:20:00","date_gmt":"2025-02-24T10:20:00","guid":{"rendered":"https:\/\/www.gaveanews.com\/?p=231842"},"modified":"2025-02-24T02:20:15","modified_gmt":"2025-02-24T05:20:15","slug":"exigencia-de-bidu-saida-de-talles-magno-e-polemica-dos-gramados-as-ultimas-noticias-do-corinthians","status":"publish","type":"post","link":"https:\/\/www.gaveanews.com\/index.php\/2025\/02\/24\/exigencia-de-bidu-saida-de-talles-magno-e-polemica-dos-gramados-as-ultimas-noticias-do-corinthians\/","title":{"rendered":"Exig\u00eancia de Bidu, sa\u00edda de Talles Magno e pol\u00eamica dos gramados: as \u00faltimas not\u00edcias do Corinthians"},"content":{"rendered":"\n<p>Nas \u00faltimas horas, o foco das not\u00edcias sobre o Corinthians se concentram nos bastidores do clube, com destaques do dia a dia do time.<\/p>\n\n\n\n<p>Por conta deste contexto, leia abaixo um resumo preparado pela equipe do portal G\u00e1vea News para lhe manter muito bem informado!<\/p>\n\n\n\n<h2 class=\"wp-block-heading\" id=\"h-polemicas-dos-gramados\">Pol\u00eamicas dos gramados<\/h2>\n\n\n\n<p>O elenco do Corinthians aderiu ao movimento contra o uso de gramados sint\u00e9ticos no futebol brasileiro, manifestando preocupa\u00e7\u00e3o com o aumento do risco de les\u00f5es. Jogadores como Memphis Depay, Rodrigo Garro e Yuri Alberto destacaram que esse tipo de piso tem sido tema frequente de debates nos vesti\u00e1rios. A campanha, intitulada \u201cfutebol profissional n\u00e3o se joga em gramado sint\u00e9tico\u201d, vem ganhando apoio de atletas de diferentes clubes e busca pressionar para mudan\u00e7as nos est\u00e1dios do pa\u00eds <strong><a href=\"https:\/\/www.gaveanews.com\/index.php\/2025\/02\/19\/a-reacao-do-elenco-do-corinthians-sobre-os-gramados-sinteticos-no-brasil\/\">(leia a mat\u00e9ria completa).<\/a><\/strong><\/p>\n\n\n\n<figure class=\"wp-block-image size-large\"><img loading=\"lazy\" decoding=\"async\" width=\"1024\" height=\"813\" src=\"http:\/\/www.gaveanews.com\/wp-content\/uploads\/Elenco-do-Corinthians-durante-partida-do-Brasileirao-2024-1024x813.webp\" alt=\"\" class=\"wp-image-155584\" srcset=\"https:\/\/www.gaveanews.com\/wp-content\/uploads\/Elenco-do-Corinthians-durante-partida-do-Brasileirao-2024-1024x813.webp 1024w, https:\/\/www.gaveanews.com\/wp-content\/uploads\/Elenco-do-Corinthians-durante-partida-do-Brasileirao-2024-300x238.webp 300w, https:\/\/www.gaveanews.com\/wp-content\/uploads\/Elenco-do-Corinthians-durante-partida-do-Brasileirao-2024-768x610.webp 768w, https:\/\/www.gaveanews.com\/wp-content\/uploads\/Elenco-do-Corinthians-durante-partida-do-Brasileirao-2024-1536x1219.webp 1536w, https:\/\/www.gaveanews.com\/wp-content\/uploads\/Elenco-do-Corinthians-durante-partida-do-Brasileirao-2024-529x420.webp 529w, https:\/\/www.gaveanews.com\/wp-content\/uploads\/Elenco-do-Corinthians-durante-partida-do-Brasileirao-2024-1058x840.webp 1058w, https:\/\/www.gaveanews.com\/wp-content\/uploads\/Elenco-do-Corinthians-durante-partida-do-Brasileirao-2024-640x508.webp 640w, https:\/\/www.gaveanews.com\/wp-content\/uploads\/Elenco-do-Corinthians-durante-partida-do-Brasileirao-2024-1280x1016.webp 1280w, https:\/\/www.gaveanews.com\/wp-content\/uploads\/Elenco-do-Corinthians-durante-partida-do-Brasileirao-2024-681x541.webp 681w, https:\/\/www.gaveanews.com\/wp-content\/uploads\/Elenco-do-Corinthians-durante-partida-do-Brasileirao-2024-1362x1081.webp 1362w, https:\/\/www.gaveanews.com\/wp-content\/uploads\/Elenco-do-Corinthians-durante-partida-do-Brasileirao-2024-100x79.webp 100w, https:\/\/www.gaveanews.com\/wp-content\/uploads\/Elenco-do-Corinthians-durante-partida-do-Brasileirao-2024.webp 1814w\" sizes=\"auto, (max-width: 1024px) 100vw, 1024px\" \/><figcaption class=\"wp-element-caption\">Elenco do Corinthians durante partida do Brasileir\u00e3o 2024 (Foto: Reprodu\u00e7\u00e3o\/Instagram)<\/figcaption><\/figure>\n\n\n\n<p>Apesar da ades\u00e3o ao protesto, o Corinthians n\u00e3o tem enfrentado grandes problemas f\u00edsicos relacionados aos gramados artificiais. <\/p>\n\n\n\n<p>A comiss\u00e3o t\u00e9cnica do clube adota um controle rigoroso da carga de trabalho dos jogadores, minimizando impactos e prevenindo les\u00f5es. Al\u00e9m disso, os fisioterapeutas trabalham constantemente para garantir que os atletas estejam em boas condi\u00e7\u00f5es mesmo atuando nesse tipo de superf\u00edcie.<\/p>\n\n\n\n<p>Entre os campos sint\u00e9ticos do Brasil, os jogadores do Corinthians elogiaram a qualidade do gramado do Pacaembu, utilizado no empate contra a Portuguesa pelo Campeonato Paulista. Talles Magno, atacante da equipe, afirmou que o campo era bom para jogar, mas refor\u00e7ou que qualquer piso sint\u00e9tico ainda representa um risco maior de les\u00f5es. O tema segue em discuss\u00e3o entre atletas, dirigentes e torcedores, levantando questionamentos sobre a infraestrutura do futebol brasileiro.<\/p>\n\n\n\n<h2 class=\"wp-block-heading\" id=\"h-saida-de-talles-magno\">Sa\u00edda de Talles Magno<\/h2>\n\n\n\n<p>O atacante Talles Magno est\u00e1 pr\u00f3ximo de deixar o Corinthians, j\u00e1 que o New York City, clube detentor de seus direitos, n\u00e3o pretende renovar o empr\u00e9stimo. A diretoria corintiana tentou estender o v\u00ednculo at\u00e9 dezembro de 2025 ou junho de 2026, mas a equipe norte-americana recusou a proposta, argumentando que esperava que o jogador fosse titular absoluto, o que n\u00e3o aconteceu<strong><a href=\"https:\/\/www.gaveanews.com\/index.php\/2025\/02\/19\/adeus-jorge-nicola-crava-mais-uma-saida-do-corinthians\/\"> (leia a mat\u00e9ria completa).<\/a><\/strong><\/p>\n\n\n\n<figure class=\"wp-block-image size-large\"><img loading=\"lazy\" decoding=\"async\" width=\"823\" height=\"1024\" src=\"http:\/\/www.gaveanews.com\/wp-content\/uploads\/Talles-Magno-em-acao-pelo-Corinthians-823x1024.webp\" alt=\"\" class=\"wp-image-159232\" srcset=\"https:\/\/www.gaveanews.com\/wp-content\/uploads\/Talles-Magno-em-acao-pelo-Corinthians-823x1024.webp 823w, https:\/\/www.gaveanews.com\/wp-content\/uploads\/Talles-Magno-em-acao-pelo-Corinthians-241x300.webp 241w, https:\/\/www.gaveanews.com\/wp-content\/uploads\/Talles-Magno-em-acao-pelo-Corinthians-768x955.webp 768w, https:\/\/www.gaveanews.com\/wp-content\/uploads\/Talles-Magno-em-acao-pelo-Corinthians-338x420.webp 338w, https:\/\/www.gaveanews.com\/wp-content\/uploads\/Talles-Magno-em-acao-pelo-Corinthians-676x840.webp 676w, https:\/\/www.gaveanews.com\/wp-content\/uploads\/Talles-Magno-em-acao-pelo-Corinthians-640x796.webp 640w, https:\/\/www.gaveanews.com\/wp-content\/uploads\/Talles-Magno-em-acao-pelo-Corinthians-681x847.webp 681w, https:\/\/www.gaveanews.com\/wp-content\/uploads\/Talles-Magno-em-acao-pelo-Corinthians-100x124.webp 100w, https:\/\/www.gaveanews.com\/wp-content\/uploads\/Talles-Magno-em-acao-pelo-Corinthians.webp 1080w\" sizes=\"auto, (max-width: 823px) 100vw, 823px\" \/><figcaption class=\"wp-element-caption\">Talles Magno em a\u00e7\u00e3o pelo Corinthians (Foto: Reprodu\u00e7\u00e3o\/Instagram)<\/figcaption><\/figure>\n\n\n\n<p>O passe de Talles Magno est\u00e1 fixado em 13,5 milh\u00f5es de d\u00f3lares (aproximadamente R$ 78 milh\u00f5es), um valor considerado invi\u00e1vel pelo Corinthians no momento. Caso n\u00e3o concretize a compra, o clube brasileiro ainda ter\u00e1 que pagar 1 milh\u00e3o de d\u00f3lares (cerca de R$ 5,7 milh\u00f5es) pelo per\u00edodo do empr\u00e9stimo. Desde que chegou ao Tim\u00e3o, o atacante disputou 24 partidas, marcou 8 gols e deu 3 assist\u00eancias, sendo um dos destaques do Campeonato Paulista de 2025, com 5 gols em 9 jogos.<\/p>\n\n\n\n<p>Com o contrato de empr\u00e9stimo se encerrando em julho, a tend\u00eancia \u00e9 que Talles Magno se despe\u00e7a do Corinthians no meio do ano. Sem um acordo de renova\u00e7\u00e3o e com a compra fora da realidade financeira do clube, sua sa\u00edda parece inevit\u00e1vel, o que pode obrigar a diretoria a buscar alternativas no mercado para repor a perda do jogador.<\/p>\n\n\n\n<h2 class=\"wp-block-heading\" id=\"h-exigencia-de-bidu\">Exig\u00eancia de Bidu<\/h2>\n\n\n\n<p>Matheus Bidu busca uma renova\u00e7\u00e3o contratual com o Corinthians, exigindo um aumento salarial significativo. Atualmente recebendo cerca de R$ 120 mil mensais, o lateral-esquerdo quer mais que o dobro desse valor para permanecer no clube. No entanto, a diretoria corintiana ainda avalia se vale a pena atender \u00e0 demanda do jogador, especialmente considerando seu desempenho recente e a concorr\u00eancia na posi\u00e7\u00e3o <strong><a href=\"https:\/\/www.gaveanews.com\/index.php\/2025\/02\/19\/a-exigencia-de-matheus-bidu-para-renovar-com-o-corinthians\/\">(leia a mat\u00e9ria completa).<\/a><\/strong><\/p>\n\n\n\n<figure class=\"wp-block-image size-large\"><img loading=\"lazy\" decoding=\"async\" width=\"929\" height=\"1024\" src=\"http:\/\/www.gaveanews.com\/wp-content\/uploads\/Matheus-Bidu-em-acao-pelo-Corinthians-929x1024.webp\" alt=\"\" class=\"wp-image-158697\" srcset=\"https:\/\/www.gaveanews.com\/wp-content\/uploads\/Matheus-Bidu-em-acao-pelo-Corinthians-929x1024.webp 929w, https:\/\/www.gaveanews.com\/wp-content\/uploads\/Matheus-Bidu-em-acao-pelo-Corinthians-272x300.webp 272w, https:\/\/www.gaveanews.com\/wp-content\/uploads\/Matheus-Bidu-em-acao-pelo-Corinthians-768x846.webp 768w, https:\/\/www.gaveanews.com\/wp-content\/uploads\/Matheus-Bidu-em-acao-pelo-Corinthians-381x420.webp 381w, https:\/\/www.gaveanews.com\/wp-content\/uploads\/Matheus-Bidu-em-acao-pelo-Corinthians-762x840.webp 762w, https:\/\/www.gaveanews.com\/wp-content\/uploads\/Matheus-Bidu-em-acao-pelo-Corinthians-640x705.webp 640w, https:\/\/www.gaveanews.com\/wp-content\/uploads\/Matheus-Bidu-em-acao-pelo-Corinthians-681x750.webp 681w, https:\/\/www.gaveanews.com\/wp-content\/uploads\/Matheus-Bidu-em-acao-pelo-Corinthians-100x110.webp 100w, https:\/\/www.gaveanews.com\/wp-content\/uploads\/Matheus-Bidu-em-acao-pelo-Corinthians.webp 1080w\" sizes=\"auto, (max-width: 929px) 100vw, 929px\" \/><figcaption class=\"wp-element-caption\">Matheus Bidu em a\u00e7\u00e3o pelo Corinthians (Foto: Reprodu\u00e7\u00e3o\/Instagram)<\/figcaption><\/figure>\n\n\n\n<p>A situa\u00e7\u00e3o de Bidu complicou-se ainda mais depois que perdeu espa\u00e7o no time titular. Nos cl\u00e1ssicos contra Palmeiras e Santos, o t\u00e9cnico Ram\u00f3n D\u00edaz optou por escalar Hugo como titular, levantando d\u00favidas sobre a import\u00e2ncia do lateral no elenco. Al\u00e9m disso, o Corinthians est\u00e1 negociando com Fabrizio Angileri, lateral argentino que, caso seja contratado, pode assumir a titularidade e reduzir ainda mais as chances de renova\u00e7\u00e3o de Bidu.<\/p>\n\n\n\n<p>Com essas incertezas, a perman\u00eancia de Matheus Bidu no clube est\u00e1 indefinida. O desfecho da negocia\u00e7\u00e3o depender\u00e1 da avalia\u00e7\u00e3o do custo-benef\u00edcio por parte da diretoria e da capacidade do jogador de reconquistar a confian\u00e7a do treinador para se manter como pe\u00e7a importante no elenco corintiano.<\/p>\n\n\n\n<p><\/p>\n","protected":false},"excerpt":{"rendered":"<p>Nas \u00faltimas horas, o foco das not\u00edcias sobre o Corinthians se concentram nos bastidores do clube, com destaques do dia a dia do time. Por conta deste contexto, leia abaixo um resumo preparado pela equipe do portal G\u00e1vea News para lhe manter muito bem informado! Pol\u00eamicas dos gramados O elenco do Corinthians aderiu ao movimento [&hellip;]<\/p>\n","protected":false},"author":27,"featured_media":146953,"comment_status":"open","ping_status":"closed","sticky":false,"template":"","format":"standard","meta":{"footnotes":""},"categories":[141],"tags":[],"class_list":["post-231842","post","type-post","status-publish","format-standard","has-post-thumbnail","hentry","category-corinthians"],"yoast_head":"<!-- This site is optimized with the Yoast SEO Premium plugin v24.2 (Yoast SEO v26.9) - https:\/\/yoast.com\/product\/yoast-seo-premium-wordpress\/ -->\n<title>Exig\u00eancia de Bidu, sa\u00edda de Talles Magno e pol\u00eamica dos gramados: as \u00faltimas not\u00edcias do Corinthians<\/title>\n<meta name=\"robots\" content=\"index, follow, max-snippet:-1, max-image-preview:large, max-video-preview:-1\" \/>\n<link rel=\"canonical\" href=\"https:\/\/www.gaveanews.com\/index.php\/2025\/02\/24\/exigencia-de-bidu-saida-de-talles-magno-e-polemica-dos-gramados-as-ultimas-noticias-do-corinthians\/\" \/>\n<meta property=\"og:locale\" content=\"pt_BR\" \/>\n<meta property=\"og:type\" content=\"article\" \/>\n<meta property=\"og:title\" content=\"Exig\u00eancia de Bidu, sa\u00edda de Talles Magno e pol\u00eamica dos gramados: as \u00faltimas not\u00edcias do Corinthians\" \/>\n<meta property=\"og:description\" content=\"Nas \u00faltimas horas, o foco das not\u00edcias sobre o Corinthians se concentram nos bastidores do clube, com destaques do dia a dia do time. Por conta deste contexto, leia abaixo um resumo preparado pela equipe do portal G\u00e1vea News para lhe manter muito bem informado! Pol\u00eamicas dos gramados O elenco do Corinthians aderiu ao movimento [&hellip;]\" \/>\n<meta property=\"og:url\" content=\"https:\/\/www.gaveanews.com\/index.php\/2025\/02\/24\/exigencia-de-bidu-saida-de-talles-magno-e-polemica-dos-gramados-as-ultimas-noticias-do-corinthians\/\" \/>\n<meta property=\"og:site_name\" content=\"G\u00e1vea News\" \/>\n<meta property=\"article:publisher\" content=\"https:\/\/facebook.com\/gaveaNews\/\" \/>\n<meta property=\"article:published_time\" content=\"2025-02-24T10:20:00+00:00\" \/>\n<meta property=\"og:image\" content=\"https:\/\/www.gaveanews.com\/wp-content\/uploads\/Torcida-do-Corinthians.webp\" \/>\n\t<meta property=\"og:image:width\" content=\"1000\" \/>\n\t<meta property=\"og:image:height\" content=\"667\" \/>\n\t<meta property=\"og:image:type\" content=\"image\/webp\" \/>\n<meta name=\"author\" content=\"Matheus Felipe\" \/>\n<meta name=\"twitter:card\" content=\"summary_large_image\" \/>\n<meta name=\"twitter:label1\" content=\"Escrito por\" \/>\n\t<meta name=\"twitter:data1\" content=\"Matheus Felipe\" \/>\n\t<meta name=\"twitter:label2\" content=\"Est. tempo de leitura\" \/>\n\t<meta name=\"twitter:data2\" content=\"5 minutos\" \/>\n<script type=\"application\/ld+json\" class=\"yoast-schema-graph\">{\"@context\":\"https:\/\/schema.org\",\"@graph\":[{\"@type\":\"NewsArticle\",\"@id\":\"https:\/\/www.gaveanews.com\/index.php\/2025\/02\/24\/exigencia-de-bidu-saida-de-talles-magno-e-polemica-dos-gramados-as-ultimas-noticias-do-corinthians\/#article\",\"isPartOf\":{\"@id\":\"https:\/\/www.gaveanews.com\/index.php\/2025\/02\/24\/exigencia-de-bidu-saida-de-talles-magno-e-polemica-dos-gramados-as-ultimas-noticias-do-corinthians\/\"},\"author\":{\"name\":\"Matheus Felipe\",\"@id\":\"https:\/\/www.gaveanews.com\/#\/schema\/person\/8207cd4627f56151707418bfc835b2fb\"},\"headline\":\"Exig\u00eancia de Bidu, sa\u00edda de Talles Magno e pol\u00eamica dos gramados: as \u00faltimas not\u00edcias do Corinthians\",\"datePublished\":\"2025-02-24T10:20:00+00:00\",\"mainEntityOfPage\":{\"@id\":\"https:\/\/www.gaveanews.com\/index.php\/2025\/02\/24\/exigencia-de-bidu-saida-de-talles-magno-e-polemica-dos-gramados-as-ultimas-noticias-do-corinthians\/\"},\"wordCount\":758,\"commentCount\":0,\"image\":{\"@id\":\"https:\/\/www.gaveanews.com\/index.php\/2025\/02\/24\/exigencia-de-bidu-saida-de-talles-magno-e-polemica-dos-gramados-as-ultimas-noticias-do-corinthians\/#primaryimage\"},\"thumbnailUrl\":\"https:\/\/www.gaveanews.com\/wp-content\/uploads\/Torcida-do-Corinthians.webp\",\"articleSection\":[\"Corinthians\"],\"inLanguage\":\"pt-BR\",\"potentialAction\":[{\"@type\":\"CommentAction\",\"name\":\"Comment\",\"target\":[\"https:\/\/www.gaveanews.com\/index.php\/2025\/02\/24\/exigencia-de-bidu-saida-de-talles-magno-e-polemica-dos-gramados-as-ultimas-noticias-do-corinthians\/#respond\"]}],\"copyrightYear\":\"2025\",\"copyrightHolder\":{\"@id\":\"https:\/\/www.gaveanews.com\/#organization\"}},{\"@type\":\"WebPage\",\"@id\":\"https:\/\/www.gaveanews.com\/index.php\/2025\/02\/24\/exigencia-de-bidu-saida-de-talles-magno-e-polemica-dos-gramados-as-ultimas-noticias-do-corinthians\/\",\"url\":\"https:\/\/www.gaveanews.com\/index.php\/2025\/02\/24\/exigencia-de-bidu-saida-de-talles-magno-e-polemica-dos-gramados-as-ultimas-noticias-do-corinthians\/\",\"name\":\"Exig\u00eancia de Bidu, sa\u00edda de Talles Magno e pol\u00eamica dos gramados: as \u00faltimas not\u00edcias do Corinthians\",\"isPartOf\":{\"@id\":\"https:\/\/www.gaveanews.com\/#website\"},\"primaryImageOfPage\":{\"@id\":\"https:\/\/www.gaveanews.com\/index.php\/2025\/02\/24\/exigencia-de-bidu-saida-de-talles-magno-e-polemica-dos-gramados-as-ultimas-noticias-do-corinthians\/#primaryimage\"},\"image\":{\"@id\":\"https:\/\/www.gaveanews.com\/index.php\/2025\/02\/24\/exigencia-de-bidu-saida-de-talles-magno-e-polemica-dos-gramados-as-ultimas-noticias-do-corinthians\/#primaryimage\"},\"thumbnailUrl\":\"https:\/\/www.gaveanews.com\/wp-content\/uploads\/Torcida-do-Corinthians.webp\",\"datePublished\":\"2025-02-24T10:20:00+00:00\",\"author\":{\"@id\":\"https:\/\/www.gaveanews.com\/#\/schema\/person\/8207cd4627f56151707418bfc835b2fb\"},\"breadcrumb\":{\"@id\":\"https:\/\/www.gaveanews.com\/index.php\/2025\/02\/24\/exigencia-de-bidu-saida-de-talles-magno-e-polemica-dos-gramados-as-ultimas-noticias-do-corinthians\/#breadcrumb\"},\"inLanguage\":\"pt-BR\",\"potentialAction\":[{\"@type\":\"ReadAction\",\"target\":[\"https:\/\/www.gaveanews.com\/index.php\/2025\/02\/24\/exigencia-de-bidu-saida-de-talles-magno-e-polemica-dos-gramados-as-ultimas-noticias-do-corinthians\/\"]}]},{\"@type\":\"ImageObject\",\"inLanguage\":\"pt-BR\",\"@id\":\"https:\/\/www.gaveanews.com\/index.php\/2025\/02\/24\/exigencia-de-bidu-saida-de-talles-magno-e-polemica-dos-gramados-as-ultimas-noticias-do-corinthians\/#primaryimage\",\"url\":\"https:\/\/www.gaveanews.com\/wp-content\/uploads\/Torcida-do-Corinthians.webp\",\"contentUrl\":\"https:\/\/www.gaveanews.com\/wp-content\/uploads\/Torcida-do-Corinthians.webp\",\"width\":1000,\"height\":667,\"caption\":\"Torcida do Corinthians (Foto Reprodu\u00e7\u00e3o\/Instagram)\"},{\"@type\":\"BreadcrumbList\",\"@id\":\"https:\/\/www.gaveanews.com\/index.php\/2025\/02\/24\/exigencia-de-bidu-saida-de-talles-magno-e-polemica-dos-gramados-as-ultimas-noticias-do-corinthians\/#breadcrumb\",\"itemListElement\":[{\"@type\":\"ListItem\",\"position\":1,\"name\":\"Home\",\"item\":\"https:\/\/www.gaveanews.com\/\"},{\"@type\":\"ListItem\",\"position\":2,\"name\":\"Exig\u00eancia de Bidu, sa\u00edda de Talles Magno e pol\u00eamica dos gramados: as \u00faltimas not\u00edcias do Corinthians\"}]},{\"@type\":\"WebSite\",\"@id\":\"https:\/\/www.gaveanews.com\/#website\",\"url\":\"https:\/\/www.gaveanews.com\/\",\"name\":\"G\u00e1vea News\",\"description\":\"Veja todas as not\u00edcias sobre o Flamengo: Contrata\u00e7\u00f5es, categorias de base, resultados das partidas, tabela de classifica\u00e7\u00e3o, pr\u00f3ximos jogos!\",\"potentialAction\":[{\"@type\":\"SearchAction\",\"target\":{\"@type\":\"EntryPoint\",\"urlTemplate\":\"https:\/\/www.gaveanews.com\/?s={search_term_string}\"},\"query-input\":{\"@type\":\"PropertyValueSpecification\",\"valueRequired\":true,\"valueName\":\"search_term_string\"}}],\"inLanguage\":\"pt-BR\"},{\"@type\":\"Person\",\"@id\":\"https:\/\/www.gaveanews.com\/#\/schema\/person\/8207cd4627f56151707418bfc835b2fb\",\"name\":\"Matheus Felipe\",\"image\":{\"@type\":\"ImageObject\",\"inLanguage\":\"pt-BR\",\"@id\":\"https:\/\/www.gaveanews.com\/#\/schema\/person\/image\/\",\"url\":\"https:\/\/secure.gravatar.com\/avatar\/a452ffbed9130f726358b298bb3a99ce4bd3c5338411f8440e87e14d74c7c087?s=96&d=mm&r=g\",\"contentUrl\":\"https:\/\/secure.gravatar.com\/avatar\/a452ffbed9130f726358b298bb3a99ce4bd3c5338411f8440e87e14d74c7c087?s=96&d=mm&r=g\",\"caption\":\"Matheus Felipe\"}}]}<\/script>\n<!-- \/ Yoast SEO Premium plugin. -->","yoast_head_json":{"title":"Exig\u00eancia de Bidu, sa\u00edda de Talles Magno e pol\u00eamica dos gramados: as \u00faltimas not\u00edcias do Corinthians","robots":{"index":"index","follow":"follow","max-snippet":"max-snippet:-1","max-image-preview":"max-image-preview:large","max-video-preview":"max-video-preview:-1"},"canonical":"https:\/\/www.gaveanews.com\/index.php\/2025\/02\/24\/exigencia-de-bidu-saida-de-talles-magno-e-polemica-dos-gramados-as-ultimas-noticias-do-corinthians\/","og_locale":"pt_BR","og_type":"article","og_title":"Exig\u00eancia de Bidu, sa\u00edda de Talles Magno e pol\u00eamica dos gramados: as \u00faltimas not\u00edcias do Corinthians","og_description":"Nas \u00faltimas horas, o foco das not\u00edcias sobre o Corinthians se concentram nos bastidores do clube, com destaques do dia a dia do time. Por conta deste contexto, leia abaixo um resumo preparado pela equipe do portal G\u00e1vea News para lhe manter muito bem informado! Pol\u00eamicas dos gramados O elenco do Corinthians aderiu ao movimento [&hellip;]","og_url":"https:\/\/www.gaveanews.com\/index.php\/2025\/02\/24\/exigencia-de-bidu-saida-de-talles-magno-e-polemica-dos-gramados-as-ultimas-noticias-do-corinthians\/","og_site_name":"G\u00e1vea News","article_publisher":"https:\/\/facebook.com\/gaveaNews\/","article_published_time":"2025-02-24T10:20:00+00:00","og_image":[{"width":1000,"height":667,"url":"https:\/\/www.gaveanews.com\/wp-content\/uploads\/Torcida-do-Corinthians.webp","type":"image\/webp"}],"author":"Matheus Felipe","twitter_card":"summary_large_image","twitter_misc":{"Escrito por":"Matheus Felipe","Est. tempo de leitura":"5 minutos"},"schema":{"@context":"https:\/\/schema.org","@graph":[{"@type":"NewsArticle","@id":"https:\/\/www.gaveanews.com\/index.php\/2025\/02\/24\/exigencia-de-bidu-saida-de-talles-magno-e-polemica-dos-gramados-as-ultimas-noticias-do-corinthians\/#article","isPartOf":{"@id":"https:\/\/www.gaveanews.com\/index.php\/2025\/02\/24\/exigencia-de-bidu-saida-de-talles-magno-e-polemica-dos-gramados-as-ultimas-noticias-do-corinthians\/"},"author":{"name":"Matheus Felipe","@id":"https:\/\/www.gaveanews.com\/#\/schema\/person\/8207cd4627f56151707418bfc835b2fb"},"headline":"Exig\u00eancia de Bidu, sa\u00edda de Talles Magno e pol\u00eamica dos gramados: as \u00faltimas not\u00edcias do Corinthians","datePublished":"2025-02-24T10:20:00+00:00","mainEntityOfPage":{"@id":"https:\/\/www.gaveanews.com\/index.php\/2025\/02\/24\/exigencia-de-bidu-saida-de-talles-magno-e-polemica-dos-gramados-as-ultimas-noticias-do-corinthians\/"},"wordCount":758,"commentCount":0,"image":{"@id":"https:\/\/www.gaveanews.com\/index.php\/2025\/02\/24\/exigencia-de-bidu-saida-de-talles-magno-e-polemica-dos-gramados-as-ultimas-noticias-do-corinthians\/#primaryimage"},"thumbnailUrl":"https:\/\/www.gaveanews.com\/wp-content\/uploads\/Torcida-do-Corinthians.webp","articleSection":["Corinthians"],"inLanguage":"pt-BR","potentialAction":[{"@type":"CommentAction","name":"Comment","target":["https:\/\/www.gaveanews.com\/index.php\/2025\/02\/24\/exigencia-de-bidu-saida-de-talles-magno-e-polemica-dos-gramados-as-ultimas-noticias-do-corinthians\/#respond"]}],"copyrightYear":"2025","copyrightHolder":{"@id":"https:\/\/www.gaveanews.com\/#organization"}},{"@type":"WebPage","@id":"https:\/\/www.gaveanews.com\/index.php\/2025\/02\/24\/exigencia-de-bidu-saida-de-talles-magno-e-polemica-dos-gramados-as-ultimas-noticias-do-corinthians\/","url":"https:\/\/www.gaveanews.com\/index.php\/2025\/02\/24\/exigencia-de-bidu-saida-de-talles-magno-e-polemica-dos-gramados-as-ultimas-noticias-do-corinthians\/","name":"Exig\u00eancia de Bidu, sa\u00edda de Talles Magno e pol\u00eamica dos gramados: as \u00faltimas not\u00edcias do Corinthians","isPartOf":{"@id":"https:\/\/www.gaveanews.com\/#website"},"primaryImageOfPage":{"@id":"https:\/\/www.gaveanews.com\/index.php\/2025\/02\/24\/exigencia-de-bidu-saida-de-talles-magno-e-polemica-dos-gramados-as-ultimas-noticias-do-corinthians\/#primaryimage"},"image":{"@id":"https:\/\/www.gaveanews.com\/index.php\/2025\/02\/24\/exigencia-de-bidu-saida-de-talles-magno-e-polemica-dos-gramados-as-ultimas-noticias-do-corinthians\/#primaryimage"},"thumbnailUrl":"https:\/\/www.gaveanews.com\/wp-content\/uploads\/Torcida-do-Corinthians.webp","datePublished":"2025-02-24T10:20:00+00:00","author":{"@id":"https:\/\/www.gaveanews.com\/#\/schema\/person\/8207cd4627f56151707418bfc835b2fb"},"breadcrumb":{"@id":"https:\/\/www.gaveanews.com\/index.php\/2025\/02\/24\/exigencia-de-bidu-saida-de-talles-magno-e-polemica-dos-gramados-as-ultimas-noticias-do-corinthians\/#breadcrumb"},"inLanguage":"pt-BR","potentialAction":[{"@type":"ReadAction","target":["https:\/\/www.gaveanews.com\/index.php\/2025\/02\/24\/exigencia-de-bidu-saida-de-talles-magno-e-polemica-dos-gramados-as-ultimas-noticias-do-corinthians\/"]}]},{"@type":"ImageObject","inLanguage":"pt-BR","@id":"https:\/\/www.gaveanews.com\/index.php\/2025\/02\/24\/exigencia-de-bidu-saida-de-talles-magno-e-polemica-dos-gramados-as-ultimas-noticias-do-corinthians\/#primaryimage","url":"https:\/\/www.gaveanews.com\/wp-content\/uploads\/Torcida-do-Corinthians.webp","contentUrl":"https:\/\/www.gaveanews.com\/wp-content\/uploads\/Torcida-do-Corinthians.webp","width":1000,"height":667,"caption":"Torcida do Corinthians (Foto Reprodu\u00e7\u00e3o\/Instagram)"},{"@type":"BreadcrumbList","@id":"https:\/\/www.gaveanews.com\/index.php\/2025\/02\/24\/exigencia-de-bidu-saida-de-talles-magno-e-polemica-dos-gramados-as-ultimas-noticias-do-corinthians\/#breadcrumb","itemListElement":[{"@type":"ListItem","position":1,"name":"Home","item":"https:\/\/www.gaveanews.com\/"},{"@type":"ListItem","position":2,"name":"Exig\u00eancia de Bidu, sa\u00edda de Talles Magno e pol\u00eamica dos gramados: as \u00faltimas not\u00edcias do Corinthians"}]},{"@type":"WebSite","@id":"https:\/\/www.gaveanews.com\/#website","url":"https:\/\/www.gaveanews.com\/","name":"G\u00e1vea News","description":"Veja todas as not\u00edcias sobre o Flamengo: Contrata\u00e7\u00f5es, categorias de base, resultados das partidas, tabela de classifica\u00e7\u00e3o, pr\u00f3ximos jogos!","potentialAction":[{"@type":"SearchAction","target":{"@type":"EntryPoint","urlTemplate":"https:\/\/www.gaveanews.com\/?s={search_term_string}"},"query-input":{"@type":"PropertyValueSpecification","valueRequired":true,"valueName":"search_term_string"}}],"inLanguage":"pt-BR"},{"@type":"Person","@id":"https:\/\/www.gaveanews.com\/#\/schema\/person\/8207cd4627f56151707418bfc835b2fb","name":"Matheus Felipe","image":{"@type":"ImageObject","inLanguage":"pt-BR","@id":"https:\/\/www.gaveanews.com\/#\/schema\/person\/image\/","url":"https:\/\/secure.gravatar.com\/avatar\/a452ffbed9130f726358b298bb3a99ce4bd3c5338411f8440e87e14d74c7c087?s=96&d=mm&r=g","contentUrl":"https:\/\/secure.gravatar.com\/avatar\/a452ffbed9130f726358b298bb3a99ce4bd3c5338411f8440e87e14d74c7c087?s=96&d=mm&r=g","caption":"Matheus Felipe"}}]}},"_links":{"self":[{"href":"https:\/\/www.gaveanews.com\/index.php\/wp-json\/wp\/v2\/posts\/231842","targetHints":{"allow":["GET"]}}],"collection":[{"href":"https:\/\/www.gaveanews.com\/index.php\/wp-json\/wp\/v2\/posts"}],"about":[{"href":"https:\/\/www.gaveanews.com\/index.php\/wp-json\/wp\/v2\/types\/post"}],"author":[{"embeddable":true,"href":"https:\/\/www.gaveanews.com\/index.php\/wp-json\/wp\/v2\/users\/27"}],"replies":[{"embeddable":true,"href":"https:\/\/www.gaveanews.com\/index.php\/wp-json\/wp\/v2\/comments?post=231842"}],"version-history":[{"count":1,"href":"https:\/\/www.gaveanews.com\/index.php\/wp-json\/wp\/v2\/posts\/231842\/revisions"}],"predecessor-version":[{"id":231844,"href":"https:\/\/www.gaveanews.com\/index.php\/wp-json\/wp\/v2\/posts\/231842\/revisions\/231844"}],"wp:featuredmedia":[{"embeddable":true,"href":"https:\/\/www.gaveanews.com\/index.php\/wp-json\/wp\/v2\/media\/146953"}],"wp:attachment":[{"href":"https:\/\/www.gaveanews.com\/index.php\/wp-json\/wp\/v2\/media?parent=231842"}],"wp:term":[{"taxonomy":"category","embeddable":true,"href":"https:\/\/www.gaveanews.com\/index.php\/wp-json\/wp\/v2\/categories?post=231842"},{"taxonomy":"post_tag","embeddable":true,"href":"https:\/\/www.gaveanews.com\/index.php\/wp-json\/wp\/v2\/tags?post=231842"}],"curies":[{"name":"wp","href":"https:\/\/api.w.org\/{rel}","templated":true}]}}