{"id":232046,"date":"2025-02-24T19:50:00","date_gmt":"2025-02-24T22:50:00","guid":{"rendered":"https:\/\/www.gaveanews.com\/?p=232046"},"modified":"2025-02-24T18:15:49","modified_gmt":"2025-02-24T21:15:49","slug":"libertadores-ramon-diaz-prepara-novidade-na-escalacao-do-corinthians","status":"publish","type":"post","link":"https:\/\/www.gaveanews.com\/index.php\/2025\/02\/24\/libertadores-ramon-diaz-prepara-novidade-na-escalacao-do-corinthians\/","title":{"rendered":"Libertadores: Ram\u00f3n D\u00edaz prepara novidade na escala\u00e7\u00e3o do Corinthians"},"content":{"rendered":"\n<h2 class=\"wp-block-heading\" id=\"h-corinthians-avalia-formacao-ofensiva-para-decisao-contra-universidad-central-na-libertadores\">Corinthians avalia forma\u00e7\u00e3o ofensiva para decis\u00e3o contra Universidad Central na Libertadores<\/h2>\n\n\n\n<p>O Corinthians pode entrar em campo com uma postura mais ofensiva na partida decisiva contra a Universidad Central, da Venezuela, nesta quarta-feira, pela segunda fase preliminar da Copa Libertadores. A comiss\u00e3o t\u00e9cnica liderada por Ram\u00f3n D\u00edaz testou um esquema com tr\u00eas atacantes no empate por 2 a 2 com o Guarani, no \u00faltimo domingo, e avalia essa possibilidade para o confronto que definir\u00e1 a classifica\u00e7\u00e3o para a pr\u00f3xima fase.<\/p>\n\n\n\n<p>A mudan\u00e7a t\u00e1tica foi mencionada pelo auxiliar t\u00e9cnico Emiliano D\u00edaz, que destacou a flexibilidade da equipe em adotar diferentes forma\u00e7\u00f5es.<\/p>\n\n\n\n<p>&#8220;N\u00f3s temos essa varia\u00e7\u00e3o, que j\u00e1 tentamos fazer em um par de jogos. Estamos abertos a jogar com os tr\u00eas pontas, como tentamos hoje&#8221;, afirmou. Desde a temporada passada, o Corinthians vem atuando no esquema 4-4-2 com um losango no meio de campo, que tem como principal caracter\u00edstica a troca constante de posi\u00e7\u00e3o entre Memphis Depay e Yuri Alberto. Essa movimenta\u00e7\u00e3o permite que o argentino Rodrigo Garro tenha liberdade para criar jogadas e acumular assist\u00eancias.<\/p>\n\n\n\n<p>Diante da necessidade de vencer para garantir a classifica\u00e7\u00e3o e do fato de enfrentar um advers\u00e1rio considerado tecnicamente inferior, o Corinthians estuda iniciar o duelo com uma forma\u00e7\u00e3o mais ofensiva. Caso opte pelo esquema 4-3-3, a tend\u00eancia \u00e9 que Talles Magno ganhe uma vaga no time titular, formando o trio de ataque ao lado de Memphis Depay e Yuri Alberto. Nesse cen\u00e1rio, um dos meio-campistas seria sacado, e a equipe atuaria com Jos\u00e9 Mart\u00ednez, Andr\u00e9 Carrillo e Rodrigo Garro na faixa central do gramado.<\/p>\n\n\n\n<p>A partida contra a Universidad Central \u00e9 decisiva para o planejamento da temporada corintiana. No jogo de ida, disputado na Venezuela, o Corinthians empatou por 1 a 1, resultado que mant\u00e9m a necessidade de uma vit\u00f3ria simples para avan\u00e7ar \u00e0 terceira fase preliminar da Libertadores. Qualquer empate levar\u00e1 a decis\u00e3o para os p\u00eanaltis, enquanto a derrota significaria a elimina\u00e7\u00e3o precoce da equipe alvinegra no torneio continental.<\/p>\n\n\n\n<p>O confronto desta quarta-feira, na Neo Qu\u00edmica Arena, ser\u00e1 um dos mais importantes do ano para o Corinthians. Al\u00e9m da classifica\u00e7\u00e3o para a pr\u00f3xima fase, a equipe busca reafirmar sua for\u00e7a na competi\u00e7\u00e3o e manter vivo o sonho de disputar a fase de grupos da Libertadores, objetivo considerado fundamental pela diretoria e pela comiss\u00e3o t\u00e9cnica. <\/p>\n","protected":false},"excerpt":{"rendered":"<p>Corinthians avalia forma\u00e7\u00e3o ofensiva para decis\u00e3o contra Universidad Central na Libertadores O Corinthians pode entrar em campo com uma postura mais ofensiva na partida decisiva contra a Universidad Central, da Venezuela, nesta quarta-feira, pela segunda fase preliminar da Copa Libertadores. A comiss\u00e3o t\u00e9cnica liderada por Ram\u00f3n D\u00edaz testou um esquema com tr\u00eas atacantes no empate [&hellip;]<\/p>\n","protected":false},"author":17,"featured_media":152536,"comment_status":"open","ping_status":"closed","sticky":false,"template":"","format":"standard","meta":{"footnotes":""},"categories":[141],"tags":[],"class_list":["post-232046","post","type-post","status-publish","format-standard","has-post-thumbnail","hentry","category-corinthians"],"yoast_head":"<!-- This site is optimized with the Yoast SEO Premium plugin v24.2 (Yoast SEO v26.9) - https:\/\/yoast.com\/product\/yoast-seo-premium-wordpress\/ -->\n<title>Libertadores: Ram\u00f3n D\u00edaz prepara novidade na escala\u00e7\u00e3o do Corinthians<\/title>\n<meta name=\"robots\" content=\"index, follow, max-snippet:-1, max-image-preview:large, max-video-preview:-1\" \/>\n<link rel=\"canonical\" href=\"https:\/\/www.gaveanews.com\/index.php\/2025\/02\/24\/libertadores-ramon-diaz-prepara-novidade-na-escalacao-do-corinthians\/\" \/>\n<meta property=\"og:locale\" content=\"pt_BR\" \/>\n<meta property=\"og:type\" content=\"article\" \/>\n<meta property=\"og:title\" content=\"Libertadores: Ram\u00f3n D\u00edaz prepara novidade na escala\u00e7\u00e3o do Corinthians\" \/>\n<meta property=\"og:description\" content=\"Corinthians avalia forma\u00e7\u00e3o ofensiva para decis\u00e3o contra Universidad Central na Libertadores O Corinthians pode entrar em campo com uma postura mais ofensiva na partida decisiva contra a Universidad Central, da Venezuela, nesta quarta-feira, pela segunda fase preliminar da Copa Libertadores. A comiss\u00e3o t\u00e9cnica liderada por Ram\u00f3n D\u00edaz testou um esquema com tr\u00eas atacantes no empate [&hellip;]\" \/>\n<meta property=\"og:url\" content=\"https:\/\/www.gaveanews.com\/index.php\/2025\/02\/24\/libertadores-ramon-diaz-prepara-novidade-na-escalacao-do-corinthians\/\" \/>\n<meta property=\"og:site_name\" content=\"G\u00e1vea News\" \/>\n<meta property=\"article:publisher\" content=\"https:\/\/facebook.com\/gaveaNews\/\" \/>\n<meta property=\"article:published_time\" content=\"2025-02-24T22:50:00+00:00\" \/>\n<meta property=\"og:image\" content=\"https:\/\/www.gaveanews.com\/wp-content\/uploads\/Ramon-Diaz-pelo-Corinthians-em-2024.webp\" \/>\n\t<meta property=\"og:image:width\" content=\"1346\" \/>\n\t<meta property=\"og:image:height\" content=\"1009\" \/>\n\t<meta property=\"og:image:type\" content=\"image\/webp\" \/>\n<meta name=\"author\" content=\"Geovanna Thomaz\" \/>\n<meta name=\"twitter:card\" content=\"summary_large_image\" \/>\n<meta name=\"twitter:label1\" content=\"Escrito por\" \/>\n\t<meta name=\"twitter:data1\" content=\"Geovanna Thomaz\" \/>\n\t<meta name=\"twitter:label2\" content=\"Est. tempo de leitura\" \/>\n\t<meta name=\"twitter:data2\" content=\"3 minutos\" \/>\n<script type=\"application\/ld+json\" class=\"yoast-schema-graph\">{\"@context\":\"https:\/\/schema.org\",\"@graph\":[{\"@type\":\"NewsArticle\",\"@id\":\"https:\/\/www.gaveanews.com\/index.php\/2025\/02\/24\/libertadores-ramon-diaz-prepara-novidade-na-escalacao-do-corinthians\/#article\",\"isPartOf\":{\"@id\":\"https:\/\/www.gaveanews.com\/index.php\/2025\/02\/24\/libertadores-ramon-diaz-prepara-novidade-na-escalacao-do-corinthians\/\"},\"author\":{\"name\":\"Geovanna Thomaz\",\"@id\":\"https:\/\/www.gaveanews.com\/#\/schema\/person\/f42654babcd2b2014a1a65af82b081f1\"},\"headline\":\"Libertadores: Ram\u00f3n D\u00edaz prepara novidade na escala\u00e7\u00e3o do Corinthians\",\"datePublished\":\"2025-02-24T22:50:00+00:00\",\"mainEntityOfPage\":{\"@id\":\"https:\/\/www.gaveanews.com\/index.php\/2025\/02\/24\/libertadores-ramon-diaz-prepara-novidade-na-escalacao-do-corinthians\/\"},\"wordCount\":428,\"commentCount\":0,\"image\":{\"@id\":\"https:\/\/www.gaveanews.com\/index.php\/2025\/02\/24\/libertadores-ramon-diaz-prepara-novidade-na-escalacao-do-corinthians\/#primaryimage\"},\"thumbnailUrl\":\"https:\/\/www.gaveanews.com\/wp-content\/uploads\/Ramon-Diaz-pelo-Corinthians-em-2024.webp\",\"articleSection\":[\"Corinthians\"],\"inLanguage\":\"pt-BR\",\"potentialAction\":[{\"@type\":\"CommentAction\",\"name\":\"Comment\",\"target\":[\"https:\/\/www.gaveanews.com\/index.php\/2025\/02\/24\/libertadores-ramon-diaz-prepara-novidade-na-escalacao-do-corinthians\/#respond\"]}],\"copyrightYear\":\"2025\",\"copyrightHolder\":{\"@id\":\"https:\/\/www.gaveanews.com\/#organization\"}},{\"@type\":\"WebPage\",\"@id\":\"https:\/\/www.gaveanews.com\/index.php\/2025\/02\/24\/libertadores-ramon-diaz-prepara-novidade-na-escalacao-do-corinthians\/\",\"url\":\"https:\/\/www.gaveanews.com\/index.php\/2025\/02\/24\/libertadores-ramon-diaz-prepara-novidade-na-escalacao-do-corinthians\/\",\"name\":\"Libertadores: Ram\u00f3n D\u00edaz prepara novidade na escala\u00e7\u00e3o do Corinthians\",\"isPartOf\":{\"@id\":\"https:\/\/www.gaveanews.com\/#website\"},\"primaryImageOfPage\":{\"@id\":\"https:\/\/www.gaveanews.com\/index.php\/2025\/02\/24\/libertadores-ramon-diaz-prepara-novidade-na-escalacao-do-corinthians\/#primaryimage\"},\"image\":{\"@id\":\"https:\/\/www.gaveanews.com\/index.php\/2025\/02\/24\/libertadores-ramon-diaz-prepara-novidade-na-escalacao-do-corinthians\/#primaryimage\"},\"thumbnailUrl\":\"https:\/\/www.gaveanews.com\/wp-content\/uploads\/Ramon-Diaz-pelo-Corinthians-em-2024.webp\",\"datePublished\":\"2025-02-24T22:50:00+00:00\",\"author\":{\"@id\":\"https:\/\/www.gaveanews.com\/#\/schema\/person\/f42654babcd2b2014a1a65af82b081f1\"},\"breadcrumb\":{\"@id\":\"https:\/\/www.gaveanews.com\/index.php\/2025\/02\/24\/libertadores-ramon-diaz-prepara-novidade-na-escalacao-do-corinthians\/#breadcrumb\"},\"inLanguage\":\"pt-BR\",\"potentialAction\":[{\"@type\":\"ReadAction\",\"target\":[\"https:\/\/www.gaveanews.com\/index.php\/2025\/02\/24\/libertadores-ramon-diaz-prepara-novidade-na-escalacao-do-corinthians\/\"]}]},{\"@type\":\"ImageObject\",\"inLanguage\":\"pt-BR\",\"@id\":\"https:\/\/www.gaveanews.com\/index.php\/2025\/02\/24\/libertadores-ramon-diaz-prepara-novidade-na-escalacao-do-corinthians\/#primaryimage\",\"url\":\"https:\/\/www.gaveanews.com\/wp-content\/uploads\/Ramon-Diaz-pelo-Corinthians-em-2024.webp\",\"contentUrl\":\"https:\/\/www.gaveanews.com\/wp-content\/uploads\/Ramon-Diaz-pelo-Corinthians-em-2024.webp\",\"width\":1346,\"height\":1009,\"caption\":\"Ram\u00f3n D\u00edaz pelo Corinthians em 2024 (Foto: Reprodu\u00e7\u00e3o\/Corinthians)\"},{\"@type\":\"BreadcrumbList\",\"@id\":\"https:\/\/www.gaveanews.com\/index.php\/2025\/02\/24\/libertadores-ramon-diaz-prepara-novidade-na-escalacao-do-corinthians\/#breadcrumb\",\"itemListElement\":[{\"@type\":\"ListItem\",\"position\":1,\"name\":\"Home\",\"item\":\"https:\/\/www.gaveanews.com\/\"},{\"@type\":\"ListItem\",\"position\":2,\"name\":\"Libertadores: Ram\u00f3n D\u00edaz prepara novidade na escala\u00e7\u00e3o do Corinthians\"}]},{\"@type\":\"WebSite\",\"@id\":\"https:\/\/www.gaveanews.com\/#website\",\"url\":\"https:\/\/www.gaveanews.com\/\",\"name\":\"G\u00e1vea News\",\"description\":\"Veja todas as not\u00edcias sobre o Flamengo: Contrata\u00e7\u00f5es, categorias de base, resultados das partidas, tabela de classifica\u00e7\u00e3o, pr\u00f3ximos jogos!\",\"potentialAction\":[{\"@type\":\"SearchAction\",\"target\":{\"@type\":\"EntryPoint\",\"urlTemplate\":\"https:\/\/www.gaveanews.com\/?s={search_term_string}\"},\"query-input\":{\"@type\":\"PropertyValueSpecification\",\"valueRequired\":true,\"valueName\":\"search_term_string\"}}],\"inLanguage\":\"pt-BR\"},{\"@type\":\"Person\",\"@id\":\"https:\/\/www.gaveanews.com\/#\/schema\/person\/f42654babcd2b2014a1a65af82b081f1\",\"name\":\"Geovanna Thomaz\",\"image\":{\"@type\":\"ImageObject\",\"inLanguage\":\"pt-BR\",\"@id\":\"https:\/\/www.gaveanews.com\/#\/schema\/person\/image\/\",\"url\":\"https:\/\/secure.gravatar.com\/avatar\/4092073255489533afb558984b49b64268c47198af8623cc82a925ae9fb7118a?s=96&d=mm&r=g\",\"contentUrl\":\"https:\/\/secure.gravatar.com\/avatar\/4092073255489533afb558984b49b64268c47198af8623cc82a925ae9fb7118a?s=96&d=mm&r=g\",\"caption\":\"Geovanna Thomaz\"}}]}<\/script>\n<!-- \/ Yoast SEO Premium plugin. -->","yoast_head_json":{"title":"Libertadores: Ram\u00f3n D\u00edaz prepara novidade na escala\u00e7\u00e3o do Corinthians","robots":{"index":"index","follow":"follow","max-snippet":"max-snippet:-1","max-image-preview":"max-image-preview:large","max-video-preview":"max-video-preview:-1"},"canonical":"https:\/\/www.gaveanews.com\/index.php\/2025\/02\/24\/libertadores-ramon-diaz-prepara-novidade-na-escalacao-do-corinthians\/","og_locale":"pt_BR","og_type":"article","og_title":"Libertadores: Ram\u00f3n D\u00edaz prepara novidade na escala\u00e7\u00e3o do Corinthians","og_description":"Corinthians avalia forma\u00e7\u00e3o ofensiva para decis\u00e3o contra Universidad Central na Libertadores O Corinthians pode entrar em campo com uma postura mais ofensiva na partida decisiva contra a Universidad Central, da Venezuela, nesta quarta-feira, pela segunda fase preliminar da Copa Libertadores. A comiss\u00e3o t\u00e9cnica liderada por Ram\u00f3n D\u00edaz testou um esquema com tr\u00eas atacantes no empate [&hellip;]","og_url":"https:\/\/www.gaveanews.com\/index.php\/2025\/02\/24\/libertadores-ramon-diaz-prepara-novidade-na-escalacao-do-corinthians\/","og_site_name":"G\u00e1vea News","article_publisher":"https:\/\/facebook.com\/gaveaNews\/","article_published_time":"2025-02-24T22:50:00+00:00","og_image":[{"width":1346,"height":1009,"url":"https:\/\/www.gaveanews.com\/wp-content\/uploads\/Ramon-Diaz-pelo-Corinthians-em-2024.webp","type":"image\/webp"}],"author":"Geovanna Thomaz","twitter_card":"summary_large_image","twitter_misc":{"Escrito por":"Geovanna Thomaz","Est. tempo de leitura":"3 minutos"},"schema":{"@context":"https:\/\/schema.org","@graph":[{"@type":"NewsArticle","@id":"https:\/\/www.gaveanews.com\/index.php\/2025\/02\/24\/libertadores-ramon-diaz-prepara-novidade-na-escalacao-do-corinthians\/#article","isPartOf":{"@id":"https:\/\/www.gaveanews.com\/index.php\/2025\/02\/24\/libertadores-ramon-diaz-prepara-novidade-na-escalacao-do-corinthians\/"},"author":{"name":"Geovanna Thomaz","@id":"https:\/\/www.gaveanews.com\/#\/schema\/person\/f42654babcd2b2014a1a65af82b081f1"},"headline":"Libertadores: Ram\u00f3n D\u00edaz prepara novidade na escala\u00e7\u00e3o do Corinthians","datePublished":"2025-02-24T22:50:00+00:00","mainEntityOfPage":{"@id":"https:\/\/www.gaveanews.com\/index.php\/2025\/02\/24\/libertadores-ramon-diaz-prepara-novidade-na-escalacao-do-corinthians\/"},"wordCount":428,"commentCount":0,"image":{"@id":"https:\/\/www.gaveanews.com\/index.php\/2025\/02\/24\/libertadores-ramon-diaz-prepara-novidade-na-escalacao-do-corinthians\/#primaryimage"},"thumbnailUrl":"https:\/\/www.gaveanews.com\/wp-content\/uploads\/Ramon-Diaz-pelo-Corinthians-em-2024.webp","articleSection":["Corinthians"],"inLanguage":"pt-BR","potentialAction":[{"@type":"CommentAction","name":"Comment","target":["https:\/\/www.gaveanews.com\/index.php\/2025\/02\/24\/libertadores-ramon-diaz-prepara-novidade-na-escalacao-do-corinthians\/#respond"]}],"copyrightYear":"2025","copyrightHolder":{"@id":"https:\/\/www.gaveanews.com\/#organization"}},{"@type":"WebPage","@id":"https:\/\/www.gaveanews.com\/index.php\/2025\/02\/24\/libertadores-ramon-diaz-prepara-novidade-na-escalacao-do-corinthians\/","url":"https:\/\/www.gaveanews.com\/index.php\/2025\/02\/24\/libertadores-ramon-diaz-prepara-novidade-na-escalacao-do-corinthians\/","name":"Libertadores: Ram\u00f3n D\u00edaz prepara novidade na escala\u00e7\u00e3o do Corinthians","isPartOf":{"@id":"https:\/\/www.gaveanews.com\/#website"},"primaryImageOfPage":{"@id":"https:\/\/www.gaveanews.com\/index.php\/2025\/02\/24\/libertadores-ramon-diaz-prepara-novidade-na-escalacao-do-corinthians\/#primaryimage"},"image":{"@id":"https:\/\/www.gaveanews.com\/index.php\/2025\/02\/24\/libertadores-ramon-diaz-prepara-novidade-na-escalacao-do-corinthians\/#primaryimage"},"thumbnailUrl":"https:\/\/www.gaveanews.com\/wp-content\/uploads\/Ramon-Diaz-pelo-Corinthians-em-2024.webp","datePublished":"2025-02-24T22:50:00+00:00","author":{"@id":"https:\/\/www.gaveanews.com\/#\/schema\/person\/f42654babcd2b2014a1a65af82b081f1"},"breadcrumb":{"@id":"https:\/\/www.gaveanews.com\/index.php\/2025\/02\/24\/libertadores-ramon-diaz-prepara-novidade-na-escalacao-do-corinthians\/#breadcrumb"},"inLanguage":"pt-BR","potentialAction":[{"@type":"ReadAction","target":["https:\/\/www.gaveanews.com\/index.php\/2025\/02\/24\/libertadores-ramon-diaz-prepara-novidade-na-escalacao-do-corinthians\/"]}]},{"@type":"ImageObject","inLanguage":"pt-BR","@id":"https:\/\/www.gaveanews.com\/index.php\/2025\/02\/24\/libertadores-ramon-diaz-prepara-novidade-na-escalacao-do-corinthians\/#primaryimage","url":"https:\/\/www.gaveanews.com\/wp-content\/uploads\/Ramon-Diaz-pelo-Corinthians-em-2024.webp","contentUrl":"https:\/\/www.gaveanews.com\/wp-content\/uploads\/Ramon-Diaz-pelo-Corinthians-em-2024.webp","width":1346,"height":1009,"caption":"Ram\u00f3n D\u00edaz pelo Corinthians em 2024 (Foto: Reprodu\u00e7\u00e3o\/Corinthians)"},{"@type":"BreadcrumbList","@id":"https:\/\/www.gaveanews.com\/index.php\/2025\/02\/24\/libertadores-ramon-diaz-prepara-novidade-na-escalacao-do-corinthians\/#breadcrumb","itemListElement":[{"@type":"ListItem","position":1,"name":"Home","item":"https:\/\/www.gaveanews.com\/"},{"@type":"ListItem","position":2,"name":"Libertadores: Ram\u00f3n D\u00edaz prepara novidade na escala\u00e7\u00e3o do Corinthians"}]},{"@type":"WebSite","@id":"https:\/\/www.gaveanews.com\/#website","url":"https:\/\/www.gaveanews.com\/","name":"G\u00e1vea News","description":"Veja todas as not\u00edcias sobre o Flamengo: Contrata\u00e7\u00f5es, categorias de base, resultados das partidas, tabela de classifica\u00e7\u00e3o, pr\u00f3ximos jogos!","potentialAction":[{"@type":"SearchAction","target":{"@type":"EntryPoint","urlTemplate":"https:\/\/www.gaveanews.com\/?s={search_term_string}"},"query-input":{"@type":"PropertyValueSpecification","valueRequired":true,"valueName":"search_term_string"}}],"inLanguage":"pt-BR"},{"@type":"Person","@id":"https:\/\/www.gaveanews.com\/#\/schema\/person\/f42654babcd2b2014a1a65af82b081f1","name":"Geovanna Thomaz","image":{"@type":"ImageObject","inLanguage":"pt-BR","@id":"https:\/\/www.gaveanews.com\/#\/schema\/person\/image\/","url":"https:\/\/secure.gravatar.com\/avatar\/4092073255489533afb558984b49b64268c47198af8623cc82a925ae9fb7118a?s=96&d=mm&r=g","contentUrl":"https:\/\/secure.gravatar.com\/avatar\/4092073255489533afb558984b49b64268c47198af8623cc82a925ae9fb7118a?s=96&d=mm&r=g","caption":"Geovanna Thomaz"}}]}},"_links":{"self":[{"href":"https:\/\/www.gaveanews.com\/index.php\/wp-json\/wp\/v2\/posts\/232046","targetHints":{"allow":["GET"]}}],"collection":[{"href":"https:\/\/www.gaveanews.com\/index.php\/wp-json\/wp\/v2\/posts"}],"about":[{"href":"https:\/\/www.gaveanews.com\/index.php\/wp-json\/wp\/v2\/types\/post"}],"author":[{"embeddable":true,"href":"https:\/\/www.gaveanews.com\/index.php\/wp-json\/wp\/v2\/users\/17"}],"replies":[{"embeddable":true,"href":"https:\/\/www.gaveanews.com\/index.php\/wp-json\/wp\/v2\/comments?post=232046"}],"version-history":[{"count":1,"href":"https:\/\/www.gaveanews.com\/index.php\/wp-json\/wp\/v2\/posts\/232046\/revisions"}],"predecessor-version":[{"id":232049,"href":"https:\/\/www.gaveanews.com\/index.php\/wp-json\/wp\/v2\/posts\/232046\/revisions\/232049"}],"wp:featuredmedia":[{"embeddable":true,"href":"https:\/\/www.gaveanews.com\/index.php\/wp-json\/wp\/v2\/media\/152536"}],"wp:attachment":[{"href":"https:\/\/www.gaveanews.com\/index.php\/wp-json\/wp\/v2\/media?parent=232046"}],"wp:term":[{"taxonomy":"category","embeddable":true,"href":"https:\/\/www.gaveanews.com\/index.php\/wp-json\/wp\/v2\/categories?post=232046"},{"taxonomy":"post_tag","embeddable":true,"href":"https:\/\/www.gaveanews.com\/index.php\/wp-json\/wp\/v2\/tags?post=232046"}],"curies":[{"name":"wp","href":"https:\/\/api.w.org\/{rel}","templated":true}]}}