{"id":232066,"date":"2025-02-24T20:15:00","date_gmt":"2025-02-24T23:15:00","guid":{"rendered":"https:\/\/www.gaveanews.com\/?p=232066"},"modified":"2025-02-24T18:23:35","modified_gmt":"2025-02-24T21:23:35","slug":"corinthians-o-verdadeiro-motivo-pelo-qual-diego-palacios-nao-esta-sendo-relacionado","status":"publish","type":"post","link":"https:\/\/www.gaveanews.com\/index.php\/2025\/02\/24\/corinthians-o-verdadeiro-motivo-pelo-qual-diego-palacios-nao-esta-sendo-relacionado\/","title":{"rendered":"Corinthians: o verdadeiro motivo pelo qual Diego Palacios n\u00e3o est\u00e1 sendo relacionado"},"content":{"rendered":"\n<p>Diego Palacios, lateral-esquerdo do Corinthians, perdeu espa\u00e7o com a equipe t\u00e9cnica. Por exemplo, o equatoriano nem sequer foi convocado para o jogo contra o Guarani no domingo passado (23), que encerrou a primeira fase do Campeonato Paulista.<\/p>\n\n\n\n<p>Na atual temporada, o defensor disputou tr\u00eas jogos, todos iniciando do banco de reservas. Palacios sofreu uma s\u00e9ria les\u00e3o no joelho, perdendo toda a temporada de 2024, mas retornou ao time para o Estadual.<\/p>\n\n\n\n<p>Quando questionado sobre o assunto, o assistente Emiliano D\u00edaz enfatizou que o atleta est\u00e1 atr\u00e1s de Hugo e Matheus Bidu na disputa por espa\u00e7o na lateral esquerda. Para complicar a situa\u00e7\u00e3o do atleta do Equador, o Corinthians prop\u00f4s a contrata\u00e7\u00e3o de Fabrizio Angileri, que joga na mesma posi\u00e7\u00e3o.<\/p>\n\n\n\n<figure class=\"wp-block-embed is-type-photo is-provider-flickr wp-block-embed-flickr\"><div class=\"wp-block-embed__wrapper\">\n<a href=\"https:\/\/www.flickr.com\/photos\/201636948@N07\/54347673197\/in\/dateposted-public\/\"><img loading=\"lazy\" decoding=\"async\" src=\"https:\/\/live.staticflickr.com\/65535\/54347673197_757b8f891f_z.webp\" alt=\"diego-palacios-lateral-do-corinthians-em-treino-aberto-1709148126222_v2_615x300\" width=\"615\" height=\"300\" \/><\/a>\n<\/div><\/figure>\n\n\n\n<p>&#8220;Sobre Palacios, n\u00f3s apenas escolhemos Hugo e Bidu. Ele est\u00e1 h\u00e1 um ano parado, os outros dois est\u00e3o muito melhores fisicamente, est\u00e3o entrosados com o time. N\u00e3o podem jogar todos. N\u00e3o temos nenhum problema com o menino, mas os outros est\u00e3o \u00e0 frente para n\u00f3s&#8221;, afirmou o membro da comiss\u00e3o t\u00e9cnica alvinegra.<\/p>\n\n\n\n<p>Em outra entrevista coletiva, Emiliano tamb\u00e9m discutiu o assunto e negou rumores de que o atleta teria praticado um ato de desordem. A expectativa \u00e9 que o atleta retome a conquista de oportunidades de forma progressiva ao longo desta temporada.<\/p>\n\n\n\n<p>Palacios jogou sua \u00faltima partida pelo Corinthians na vit\u00f3ria por 2 a 1 sobre o Noroeste, no dia 1o de fevereiro. O jogador foi convocado para o empate em 2 a 2 com a Portuguesa, no dia 15, por\u00e9m n\u00e3o entrou em campo.<\/p>\n\n\n\n<p>Na quarta-feira (26), o Corinthians enfrenta a Universidad Central-VEN, no jogo de volta da segunda fase da Copa Libertadores. A tend\u00eancia \u00e9 que Hugo assuma a posi\u00e7\u00e3o de titular e Matheus Bidu atue como op\u00e7\u00e3o no banco. Palacios tem um contrato v\u00e1lido com o Corinthians at\u00e9 o final de 2027.<\/p>\n\n\n\n<p><br><br><\/p>\n","protected":false},"excerpt":{"rendered":"<p>Diego Palacios, lateral-esquerdo do Corinthians, perdeu espa\u00e7o com a equipe t\u00e9cnica. Por exemplo, o equatoriano nem sequer foi convocado para o jogo contra o Guarani no domingo passado (23), que encerrou a primeira fase do Campeonato Paulista. Na atual temporada, o defensor disputou tr\u00eas jogos, todos iniciando do banco de reservas. Palacios sofreu uma s\u00e9ria [&hellip;]<\/p>\n","protected":false},"author":16,"featured_media":154473,"comment_status":"open","ping_status":"closed","sticky":false,"template":"","format":"standard","meta":{"footnotes":""},"categories":[141],"tags":[],"class_list":["post-232066","post","type-post","status-publish","format-standard","has-post-thumbnail","hentry","category-corinthians"],"yoast_head":"<!-- This site is optimized with the Yoast SEO Premium plugin v24.2 (Yoast SEO v26.9) - https:\/\/yoast.com\/product\/yoast-seo-premium-wordpress\/ -->\n<title>Corinthians: o verdadeiro motivo pelo qual Diego Palacios n\u00e3o est\u00e1 sendo relacionado<\/title>\n<meta name=\"robots\" content=\"index, follow, max-snippet:-1, max-image-preview:large, max-video-preview:-1\" \/>\n<link rel=\"canonical\" href=\"https:\/\/www.gaveanews.com\/index.php\/2025\/02\/24\/corinthians-o-verdadeiro-motivo-pelo-qual-diego-palacios-nao-esta-sendo-relacionado\/\" \/>\n<meta property=\"og:locale\" content=\"pt_BR\" \/>\n<meta property=\"og:type\" content=\"article\" \/>\n<meta property=\"og:title\" content=\"Corinthians: o verdadeiro motivo pelo qual Diego Palacios n\u00e3o est\u00e1 sendo relacionado\" \/>\n<meta property=\"og:description\" content=\"Diego Palacios, lateral-esquerdo do Corinthians, perdeu espa\u00e7o com a equipe t\u00e9cnica. Por exemplo, o equatoriano nem sequer foi convocado para o jogo contra o Guarani no domingo passado (23), que encerrou a primeira fase do Campeonato Paulista. Na atual temporada, o defensor disputou tr\u00eas jogos, todos iniciando do banco de reservas. Palacios sofreu uma s\u00e9ria [&hellip;]\" \/>\n<meta property=\"og:url\" content=\"https:\/\/www.gaveanews.com\/index.php\/2025\/02\/24\/corinthians-o-verdadeiro-motivo-pelo-qual-diego-palacios-nao-esta-sendo-relacionado\/\" \/>\n<meta property=\"og:site_name\" content=\"G\u00e1vea News\" \/>\n<meta property=\"article:publisher\" content=\"https:\/\/facebook.com\/gaveaNews\/\" \/>\n<meta property=\"article:published_time\" content=\"2025-02-24T23:15:00+00:00\" \/>\n<meta property=\"og:image\" content=\"https:\/\/www.gaveanews.com\/wp-content\/uploads\/Escudo-do-Corinthians-na-Neo-Quimica-Arena.webp\" \/>\n\t<meta property=\"og:image:width\" content=\"1440\" \/>\n\t<meta property=\"og:image:height\" content=\"959\" \/>\n\t<meta property=\"og:image:type\" content=\"image\/jpeg\" \/>\n<meta name=\"author\" content=\"D\u00e9bora Figueiredo\" \/>\n<meta name=\"twitter:card\" content=\"summary_large_image\" \/>\n<meta name=\"twitter:label1\" content=\"Escrito por\" \/>\n\t<meta name=\"twitter:data1\" content=\"D\u00e9bora Figueiredo\" \/>\n\t<meta name=\"twitter:label2\" content=\"Est. tempo de leitura\" \/>\n\t<meta name=\"twitter:data2\" content=\"2 minutos\" \/>\n<script type=\"application\/ld+json\" class=\"yoast-schema-graph\">{\"@context\":\"https:\/\/schema.org\",\"@graph\":[{\"@type\":\"NewsArticle\",\"@id\":\"https:\/\/www.gaveanews.com\/index.php\/2025\/02\/24\/corinthians-o-verdadeiro-motivo-pelo-qual-diego-palacios-nao-esta-sendo-relacionado\/#article\",\"isPartOf\":{\"@id\":\"https:\/\/www.gaveanews.com\/index.php\/2025\/02\/24\/corinthians-o-verdadeiro-motivo-pelo-qual-diego-palacios-nao-esta-sendo-relacionado\/\"},\"author\":{\"name\":\"D\u00e9bora Figueiredo\",\"@id\":\"https:\/\/www.gaveanews.com\/#\/schema\/person\/37122681a8575a5c8db05a56f099a5e4\"},\"headline\":\"Corinthians: o verdadeiro motivo pelo qual Diego Palacios n\u00e3o est\u00e1 sendo relacionado\",\"datePublished\":\"2025-02-24T23:15:00+00:00\",\"mainEntityOfPage\":{\"@id\":\"https:\/\/www.gaveanews.com\/index.php\/2025\/02\/24\/corinthians-o-verdadeiro-motivo-pelo-qual-diego-palacios-nao-esta-sendo-relacionado\/\"},\"wordCount\":342,\"commentCount\":0,\"image\":{\"@id\":\"https:\/\/www.gaveanews.com\/index.php\/2025\/02\/24\/corinthians-o-verdadeiro-motivo-pelo-qual-diego-palacios-nao-esta-sendo-relacionado\/#primaryimage\"},\"thumbnailUrl\":\"https:\/\/www.gaveanews.com\/wp-content\/uploads\/Escudo-do-Corinthians-na-Neo-Quimica-Arena.webp\",\"articleSection\":[\"Corinthians\"],\"inLanguage\":\"pt-BR\",\"potentialAction\":[{\"@type\":\"CommentAction\",\"name\":\"Comment\",\"target\":[\"https:\/\/www.gaveanews.com\/index.php\/2025\/02\/24\/corinthians-o-verdadeiro-motivo-pelo-qual-diego-palacios-nao-esta-sendo-relacionado\/#respond\"]}],\"copyrightYear\":\"2025\",\"copyrightHolder\":{\"@id\":\"https:\/\/www.gaveanews.com\/#organization\"}},{\"@type\":\"WebPage\",\"@id\":\"https:\/\/www.gaveanews.com\/index.php\/2025\/02\/24\/corinthians-o-verdadeiro-motivo-pelo-qual-diego-palacios-nao-esta-sendo-relacionado\/\",\"url\":\"https:\/\/www.gaveanews.com\/index.php\/2025\/02\/24\/corinthians-o-verdadeiro-motivo-pelo-qual-diego-palacios-nao-esta-sendo-relacionado\/\",\"name\":\"Corinthians: o verdadeiro motivo pelo qual Diego Palacios n\u00e3o est\u00e1 sendo relacionado\",\"isPartOf\":{\"@id\":\"https:\/\/www.gaveanews.com\/#website\"},\"primaryImageOfPage\":{\"@id\":\"https:\/\/www.gaveanews.com\/index.php\/2025\/02\/24\/corinthians-o-verdadeiro-motivo-pelo-qual-diego-palacios-nao-esta-sendo-relacionado\/#primaryimage\"},\"image\":{\"@id\":\"https:\/\/www.gaveanews.com\/index.php\/2025\/02\/24\/corinthians-o-verdadeiro-motivo-pelo-qual-diego-palacios-nao-esta-sendo-relacionado\/#primaryimage\"},\"thumbnailUrl\":\"https:\/\/www.gaveanews.com\/wp-content\/uploads\/Escudo-do-Corinthians-na-Neo-Quimica-Arena.webp\",\"datePublished\":\"2025-02-24T23:15:00+00:00\",\"author\":{\"@id\":\"https:\/\/www.gaveanews.com\/#\/schema\/person\/37122681a8575a5c8db05a56f099a5e4\"},\"breadcrumb\":{\"@id\":\"https:\/\/www.gaveanews.com\/index.php\/2025\/02\/24\/corinthians-o-verdadeiro-motivo-pelo-qual-diego-palacios-nao-esta-sendo-relacionado\/#breadcrumb\"},\"inLanguage\":\"pt-BR\",\"potentialAction\":[{\"@type\":\"ReadAction\",\"target\":[\"https:\/\/www.gaveanews.com\/index.php\/2025\/02\/24\/corinthians-o-verdadeiro-motivo-pelo-qual-diego-palacios-nao-esta-sendo-relacionado\/\"]}]},{\"@type\":\"ImageObject\",\"inLanguage\":\"pt-BR\",\"@id\":\"https:\/\/www.gaveanews.com\/index.php\/2025\/02\/24\/corinthians-o-verdadeiro-motivo-pelo-qual-diego-palacios-nao-esta-sendo-relacionado\/#primaryimage\",\"url\":\"https:\/\/www.gaveanews.com\/wp-content\/uploads\/Escudo-do-Corinthians-na-Neo-Quimica-Arena.webp\",\"contentUrl\":\"https:\/\/www.gaveanews.com\/wp-content\/uploads\/Escudo-do-Corinthians-na-Neo-Quimica-Arena.webp\",\"width\":1440,\"height\":959,\"caption\":\"Escudo do Corinthians na N\u00e9o Qu\u00edmica Arena (Foto Reprodu\u00e7\u00e3o\/Instagram)\"},{\"@type\":\"BreadcrumbList\",\"@id\":\"https:\/\/www.gaveanews.com\/index.php\/2025\/02\/24\/corinthians-o-verdadeiro-motivo-pelo-qual-diego-palacios-nao-esta-sendo-relacionado\/#breadcrumb\",\"itemListElement\":[{\"@type\":\"ListItem\",\"position\":1,\"name\":\"Home\",\"item\":\"https:\/\/www.gaveanews.com\/\"},{\"@type\":\"ListItem\",\"position\":2,\"name\":\"Corinthians: o verdadeiro motivo pelo qual Diego Palacios n\u00e3o est\u00e1 sendo relacionado\"}]},{\"@type\":\"WebSite\",\"@id\":\"https:\/\/www.gaveanews.com\/#website\",\"url\":\"https:\/\/www.gaveanews.com\/\",\"name\":\"G\u00e1vea News\",\"description\":\"Veja todas as not\u00edcias sobre o Flamengo: Contrata\u00e7\u00f5es, categorias de base, resultados das partidas, tabela de classifica\u00e7\u00e3o, pr\u00f3ximos jogos!\",\"potentialAction\":[{\"@type\":\"SearchAction\",\"target\":{\"@type\":\"EntryPoint\",\"urlTemplate\":\"https:\/\/www.gaveanews.com\/?s={search_term_string}\"},\"query-input\":{\"@type\":\"PropertyValueSpecification\",\"valueRequired\":true,\"valueName\":\"search_term_string\"}}],\"inLanguage\":\"pt-BR\"},{\"@type\":\"Person\",\"@id\":\"https:\/\/www.gaveanews.com\/#\/schema\/person\/37122681a8575a5c8db05a56f099a5e4\",\"name\":\"D\u00e9bora Figueiredo\",\"image\":{\"@type\":\"ImageObject\",\"inLanguage\":\"pt-BR\",\"@id\":\"https:\/\/www.gaveanews.com\/#\/schema\/person\/image\/\",\"url\":\"https:\/\/secure.gravatar.com\/avatar\/1f44802859351588499d26f52aed1d15796ce17e67602895b72837c08018868d?s=96&d=mm&r=g\",\"contentUrl\":\"https:\/\/secure.gravatar.com\/avatar\/1f44802859351588499d26f52aed1d15796ce17e67602895b72837c08018868d?s=96&d=mm&r=g\",\"caption\":\"D\u00e9bora Figueiredo\"}}]}<\/script>\n<!-- \/ Yoast SEO Premium plugin. -->","yoast_head_json":{"title":"Corinthians: o verdadeiro motivo pelo qual Diego Palacios n\u00e3o est\u00e1 sendo relacionado","robots":{"index":"index","follow":"follow","max-snippet":"max-snippet:-1","max-image-preview":"max-image-preview:large","max-video-preview":"max-video-preview:-1"},"canonical":"https:\/\/www.gaveanews.com\/index.php\/2025\/02\/24\/corinthians-o-verdadeiro-motivo-pelo-qual-diego-palacios-nao-esta-sendo-relacionado\/","og_locale":"pt_BR","og_type":"article","og_title":"Corinthians: o verdadeiro motivo pelo qual Diego Palacios n\u00e3o est\u00e1 sendo relacionado","og_description":"Diego Palacios, lateral-esquerdo do Corinthians, perdeu espa\u00e7o com a equipe t\u00e9cnica. Por exemplo, o equatoriano nem sequer foi convocado para o jogo contra o Guarani no domingo passado (23), que encerrou a primeira fase do Campeonato Paulista. Na atual temporada, o defensor disputou tr\u00eas jogos, todos iniciando do banco de reservas. Palacios sofreu uma s\u00e9ria [&hellip;]","og_url":"https:\/\/www.gaveanews.com\/index.php\/2025\/02\/24\/corinthians-o-verdadeiro-motivo-pelo-qual-diego-palacios-nao-esta-sendo-relacionado\/","og_site_name":"G\u00e1vea News","article_publisher":"https:\/\/facebook.com\/gaveaNews\/","article_published_time":"2025-02-24T23:15:00+00:00","og_image":[{"width":1440,"height":959,"url":"https:\/\/www.gaveanews.com\/wp-content\/uploads\/Escudo-do-Corinthians-na-Neo-Quimica-Arena.webp","type":"image\/jpeg"}],"author":"D\u00e9bora Figueiredo","twitter_card":"summary_large_image","twitter_misc":{"Escrito por":"D\u00e9bora Figueiredo","Est. tempo de leitura":"2 minutos"},"schema":{"@context":"https:\/\/schema.org","@graph":[{"@type":"NewsArticle","@id":"https:\/\/www.gaveanews.com\/index.php\/2025\/02\/24\/corinthians-o-verdadeiro-motivo-pelo-qual-diego-palacios-nao-esta-sendo-relacionado\/#article","isPartOf":{"@id":"https:\/\/www.gaveanews.com\/index.php\/2025\/02\/24\/corinthians-o-verdadeiro-motivo-pelo-qual-diego-palacios-nao-esta-sendo-relacionado\/"},"author":{"name":"D\u00e9bora Figueiredo","@id":"https:\/\/www.gaveanews.com\/#\/schema\/person\/37122681a8575a5c8db05a56f099a5e4"},"headline":"Corinthians: o verdadeiro motivo pelo qual Diego Palacios n\u00e3o est\u00e1 sendo relacionado","datePublished":"2025-02-24T23:15:00+00:00","mainEntityOfPage":{"@id":"https:\/\/www.gaveanews.com\/index.php\/2025\/02\/24\/corinthians-o-verdadeiro-motivo-pelo-qual-diego-palacios-nao-esta-sendo-relacionado\/"},"wordCount":342,"commentCount":0,"image":{"@id":"https:\/\/www.gaveanews.com\/index.php\/2025\/02\/24\/corinthians-o-verdadeiro-motivo-pelo-qual-diego-palacios-nao-esta-sendo-relacionado\/#primaryimage"},"thumbnailUrl":"https:\/\/www.gaveanews.com\/wp-content\/uploads\/Escudo-do-Corinthians-na-Neo-Quimica-Arena.webp","articleSection":["Corinthians"],"inLanguage":"pt-BR","potentialAction":[{"@type":"CommentAction","name":"Comment","target":["https:\/\/www.gaveanews.com\/index.php\/2025\/02\/24\/corinthians-o-verdadeiro-motivo-pelo-qual-diego-palacios-nao-esta-sendo-relacionado\/#respond"]}],"copyrightYear":"2025","copyrightHolder":{"@id":"https:\/\/www.gaveanews.com\/#organization"}},{"@type":"WebPage","@id":"https:\/\/www.gaveanews.com\/index.php\/2025\/02\/24\/corinthians-o-verdadeiro-motivo-pelo-qual-diego-palacios-nao-esta-sendo-relacionado\/","url":"https:\/\/www.gaveanews.com\/index.php\/2025\/02\/24\/corinthians-o-verdadeiro-motivo-pelo-qual-diego-palacios-nao-esta-sendo-relacionado\/","name":"Corinthians: o verdadeiro motivo pelo qual Diego Palacios n\u00e3o est\u00e1 sendo relacionado","isPartOf":{"@id":"https:\/\/www.gaveanews.com\/#website"},"primaryImageOfPage":{"@id":"https:\/\/www.gaveanews.com\/index.php\/2025\/02\/24\/corinthians-o-verdadeiro-motivo-pelo-qual-diego-palacios-nao-esta-sendo-relacionado\/#primaryimage"},"image":{"@id":"https:\/\/www.gaveanews.com\/index.php\/2025\/02\/24\/corinthians-o-verdadeiro-motivo-pelo-qual-diego-palacios-nao-esta-sendo-relacionado\/#primaryimage"},"thumbnailUrl":"https:\/\/www.gaveanews.com\/wp-content\/uploads\/Escudo-do-Corinthians-na-Neo-Quimica-Arena.webp","datePublished":"2025-02-24T23:15:00+00:00","author":{"@id":"https:\/\/www.gaveanews.com\/#\/schema\/person\/37122681a8575a5c8db05a56f099a5e4"},"breadcrumb":{"@id":"https:\/\/www.gaveanews.com\/index.php\/2025\/02\/24\/corinthians-o-verdadeiro-motivo-pelo-qual-diego-palacios-nao-esta-sendo-relacionado\/#breadcrumb"},"inLanguage":"pt-BR","potentialAction":[{"@type":"ReadAction","target":["https:\/\/www.gaveanews.com\/index.php\/2025\/02\/24\/corinthians-o-verdadeiro-motivo-pelo-qual-diego-palacios-nao-esta-sendo-relacionado\/"]}]},{"@type":"ImageObject","inLanguage":"pt-BR","@id":"https:\/\/www.gaveanews.com\/index.php\/2025\/02\/24\/corinthians-o-verdadeiro-motivo-pelo-qual-diego-palacios-nao-esta-sendo-relacionado\/#primaryimage","url":"https:\/\/www.gaveanews.com\/wp-content\/uploads\/Escudo-do-Corinthians-na-Neo-Quimica-Arena.webp","contentUrl":"https:\/\/www.gaveanews.com\/wp-content\/uploads\/Escudo-do-Corinthians-na-Neo-Quimica-Arena.webp","width":1440,"height":959,"caption":"Escudo do Corinthians na N\u00e9o Qu\u00edmica Arena (Foto Reprodu\u00e7\u00e3o\/Instagram)"},{"@type":"BreadcrumbList","@id":"https:\/\/www.gaveanews.com\/index.php\/2025\/02\/24\/corinthians-o-verdadeiro-motivo-pelo-qual-diego-palacios-nao-esta-sendo-relacionado\/#breadcrumb","itemListElement":[{"@type":"ListItem","position":1,"name":"Home","item":"https:\/\/www.gaveanews.com\/"},{"@type":"ListItem","position":2,"name":"Corinthians: o verdadeiro motivo pelo qual Diego Palacios n\u00e3o est\u00e1 sendo relacionado"}]},{"@type":"WebSite","@id":"https:\/\/www.gaveanews.com\/#website","url":"https:\/\/www.gaveanews.com\/","name":"G\u00e1vea News","description":"Veja todas as not\u00edcias sobre o Flamengo: Contrata\u00e7\u00f5es, categorias de base, resultados das partidas, tabela de classifica\u00e7\u00e3o, pr\u00f3ximos jogos!","potentialAction":[{"@type":"SearchAction","target":{"@type":"EntryPoint","urlTemplate":"https:\/\/www.gaveanews.com\/?s={search_term_string}"},"query-input":{"@type":"PropertyValueSpecification","valueRequired":true,"valueName":"search_term_string"}}],"inLanguage":"pt-BR"},{"@type":"Person","@id":"https:\/\/www.gaveanews.com\/#\/schema\/person\/37122681a8575a5c8db05a56f099a5e4","name":"D\u00e9bora Figueiredo","image":{"@type":"ImageObject","inLanguage":"pt-BR","@id":"https:\/\/www.gaveanews.com\/#\/schema\/person\/image\/","url":"https:\/\/secure.gravatar.com\/avatar\/1f44802859351588499d26f52aed1d15796ce17e67602895b72837c08018868d?s=96&d=mm&r=g","contentUrl":"https:\/\/secure.gravatar.com\/avatar\/1f44802859351588499d26f52aed1d15796ce17e67602895b72837c08018868d?s=96&d=mm&r=g","caption":"D\u00e9bora Figueiredo"}}]}},"_links":{"self":[{"href":"https:\/\/www.gaveanews.com\/index.php\/wp-json\/wp\/v2\/posts\/232066","targetHints":{"allow":["GET"]}}],"collection":[{"href":"https:\/\/www.gaveanews.com\/index.php\/wp-json\/wp\/v2\/posts"}],"about":[{"href":"https:\/\/www.gaveanews.com\/index.php\/wp-json\/wp\/v2\/types\/post"}],"author":[{"embeddable":true,"href":"https:\/\/www.gaveanews.com\/index.php\/wp-json\/wp\/v2\/users\/16"}],"replies":[{"embeddable":true,"href":"https:\/\/www.gaveanews.com\/index.php\/wp-json\/wp\/v2\/comments?post=232066"}],"version-history":[{"count":1,"href":"https:\/\/www.gaveanews.com\/index.php\/wp-json\/wp\/v2\/posts\/232066\/revisions"}],"predecessor-version":[{"id":232073,"href":"https:\/\/www.gaveanews.com\/index.php\/wp-json\/wp\/v2\/posts\/232066\/revisions\/232073"}],"wp:featuredmedia":[{"embeddable":true,"href":"https:\/\/www.gaveanews.com\/index.php\/wp-json\/wp\/v2\/media\/154473"}],"wp:attachment":[{"href":"https:\/\/www.gaveanews.com\/index.php\/wp-json\/wp\/v2\/media?parent=232066"}],"wp:term":[{"taxonomy":"category","embeddable":true,"href":"https:\/\/www.gaveanews.com\/index.php\/wp-json\/wp\/v2\/categories?post=232066"},{"taxonomy":"post_tag","embeddable":true,"href":"https:\/\/www.gaveanews.com\/index.php\/wp-json\/wp\/v2\/tags?post=232066"}],"curies":[{"name":"wp","href":"https:\/\/api.w.org\/{rel}","templated":true}]}}