{"id":232102,"date":"2025-02-24T20:40:00","date_gmt":"2025-02-24T23:40:00","guid":{"rendered":"https:\/\/www.gaveanews.com\/?p=232102"},"modified":"2025-02-24T18:25:10","modified_gmt":"2025-02-24T21:25:10","slug":"novo-reforco-do-corinthians-ja-chegou-ao-brasil","status":"publish","type":"post","link":"https:\/\/www.gaveanews.com\/index.php\/2025\/02\/24\/novo-reforco-do-corinthians-ja-chegou-ao-brasil\/","title":{"rendered":"Novo refor\u00e7o do Corinthians j\u00e1 chegou ao Brasil"},"content":{"rendered":"\n<p>O Corinthians est\u00e1 prestes a anunciar a sua primeira contrata\u00e7\u00e3o para 2025, e o nome que promete refor\u00e7ar a equipe \u00e9 o lateral-esquerdo argentino Fabrizio Angileri, de 30 anos. O jogador, que recentemente perdeu espa\u00e7o no Getafe, da Espanha, j\u00e1 chegou ao Brasil para realizar exames m\u00e9dicos antes de assinar contrato com o Tim\u00e3o.<\/p>\n\n\n\n<h2 class=\"wp-block-heading\" id=\"h-a-chegada-de-angileri-ao-corinthians\">A chegada de Angileri ao Corinthians<\/h2>\n\n\n\n<p>Fabrizio Angileri chega ao Corinthians com um desafio pela frente: recuperar seu melhor futebol ap\u00f3s nove meses sem atuar no Getafe. O lateral-esquerdo argentino ser\u00e1, portanto, o primeiro refor\u00e7o da equipe paulista para a temporada de 2025. <\/p>\n\n\n\n<blockquote class=\"twitter-tweet\"><p lang=\"pt\" dir=\"ltr\">Fabrizio Angileri, do Getafe, j\u00e1 desembarcou no Brasil para assinar contrato com o Corinthians.<br><br>O lateral-esquerdo argentino de 30 anos ser\u00e1 o primeiro refor\u00e7o do Tim\u00e3o para 2025.<br><br>\ud83d\uddde <a href=\"https:\/\/twitter.com\/luissfabiani?ref_src=twsrc%5Etfw\">@luissfabiani<\/a> <br>\ud83d\udcf8 Getafe <a href=\"https:\/\/t.co\/6zpZiOgCyr\">pic.twitter.com\/6zpZiOgCyr<\/a><\/p>&mdash; Planeta do Futebol \ud83c\udf0e (@futebol_info) <a href=\"https:\/\/twitter.com\/futebol_info\/status\/1894110191160856679?ref_src=twsrc%5Etfw\">February 24, 2025<\/a><\/blockquote> <script async src=\"https:\/\/platform.twitter.com\/widgets.js\" charset=\"utf-8\"><\/script>\n\n\n\n<p>Vale destacar que Angileri chega com experi\u00eancia no futebol europeu, o que pode agregar muito ao time. Sendo assim, o jogador j\u00e1 est\u00e1 no Brasil, aguardando a finaliza\u00e7\u00e3o do processo de exames m\u00e9dicos antes de assinar oficialmente com o Corinthians.<\/p>\n\n\n\n<h2 class=\"wp-block-heading\" id=\"h-fabinho-expoe-expectativas-sobre-novos-reforcos\">Fabinho exp\u00f5e expectativas sobre novos refor\u00e7os<\/h2>\n\n\n\n<p>Apesar de a contrata\u00e7\u00e3o de Angileri estar bem encaminhada, Fabinho Soldado, diretor executivo de futebol do Corinthians, foi cauteloso ao falar sobre novas contrata\u00e7\u00f5es nesta janela. Em entrevista, Fabinho afirmou que, apesar do interesse do clube em refor\u00e7os, a chegada de novos jogadores \u00e9 algo complicado.<\/p>\n\n\n\n<p>&#8220;\u00c9 um jogador que nos interessa, mas n\u00e3o consigo falar nada al\u00e9m disso. H\u00e1 todo um processo que precisa acontecer e eu n\u00e3o posso falar sobre algo que ainda n\u00e3o \u00e9 uma realidade, o fato \u00e9 que a comiss\u00e3o t\u00e9cnica o conhece. N\u00f3s temos um conhecimento tamb\u00e9m sobre ele. Esperamos que tudo isso possa finalizar para que a gente possa falar alguma coisa a respeito&#8221;, disse o diretor.<\/p>\n\n\n\n<h2 class=\"wp-block-heading\" id=\"h-a-expectativa-do-torcedor-pela-chegada-de-angileri\">A expectativa do torcedor pela chegada de Angileri<\/h2>\n\n\n\n<p>Com isso, o Corinthians aguarda o fechamento dos exames m\u00e9dicos de Angileri, e a torcida est\u00e1 ansiosa para ver o novo lateral-esquerdo em a\u00e7\u00e3o. Por isso, a contrata\u00e7\u00e3o do argentino tem gerado grande expectativa, principalmente para refor\u00e7ar o setor defensivo da equipe. O clube segue monitorando poss\u00edveis novos refor\u00e7os, mas a palavra de Fabinho foi clara: a chegada de mais jogadores nesta janela \u00e9 dif\u00edcil.<\/p>\n\n\n\n<p>Dessa maneira, o Corinthians segue suas negocia\u00e7\u00f5es para aprimorar o elenco, enquanto Angileri \u00e9 aguardado para se juntar ao time e, quem sabe, ser um dos destaques de 2025.<\/p>\n","protected":false},"excerpt":{"rendered":"<p>O Corinthians est\u00e1 prestes a anunciar a sua primeira contrata\u00e7\u00e3o para 2025, e o nome que promete refor\u00e7ar a equipe \u00e9 o lateral-esquerdo argentino Fabrizio Angileri, de 30 anos. O jogador, que recentemente perdeu espa\u00e7o no Getafe, da Espanha, j\u00e1 chegou ao Brasil para realizar exames m\u00e9dicos antes de assinar contrato com o Tim\u00e3o. A [&hellip;]<\/p>\n","protected":false},"author":24,"featured_media":154473,"comment_status":"open","ping_status":"closed","sticky":false,"template":"","format":"standard","meta":{"footnotes":""},"categories":[141],"tags":[],"class_list":["post-232102","post","type-post","status-publish","format-standard","has-post-thumbnail","hentry","category-corinthians"],"yoast_head":"<!-- This site is optimized with the Yoast SEO Premium plugin v24.2 (Yoast SEO v26.9) - https:\/\/yoast.com\/product\/yoast-seo-premium-wordpress\/ -->\n<title>Novo refor\u00e7o do Corinthians j\u00e1 chegou ao Brasil<\/title>\n<meta name=\"robots\" content=\"index, follow, max-snippet:-1, max-image-preview:large, max-video-preview:-1\" \/>\n<link rel=\"canonical\" href=\"https:\/\/www.gaveanews.com\/index.php\/2025\/02\/24\/novo-reforco-do-corinthians-ja-chegou-ao-brasil\/\" \/>\n<meta property=\"og:locale\" content=\"pt_BR\" \/>\n<meta property=\"og:type\" content=\"article\" \/>\n<meta property=\"og:title\" content=\"Novo refor\u00e7o do Corinthians j\u00e1 chegou ao Brasil\" \/>\n<meta property=\"og:description\" content=\"O Corinthians est\u00e1 prestes a anunciar a sua primeira contrata\u00e7\u00e3o para 2025, e o nome que promete refor\u00e7ar a equipe \u00e9 o lateral-esquerdo argentino Fabrizio Angileri, de 30 anos. O jogador, que recentemente perdeu espa\u00e7o no Getafe, da Espanha, j\u00e1 chegou ao Brasil para realizar exames m\u00e9dicos antes de assinar contrato com o Tim\u00e3o. A [&hellip;]\" \/>\n<meta property=\"og:url\" content=\"https:\/\/www.gaveanews.com\/index.php\/2025\/02\/24\/novo-reforco-do-corinthians-ja-chegou-ao-brasil\/\" \/>\n<meta property=\"og:site_name\" content=\"G\u00e1vea News\" \/>\n<meta property=\"article:publisher\" content=\"https:\/\/facebook.com\/gaveaNews\/\" \/>\n<meta property=\"article:published_time\" content=\"2025-02-24T23:40:00+00:00\" \/>\n<meta property=\"og:image\" content=\"https:\/\/www.gaveanews.com\/wp-content\/uploads\/Escudo-do-Corinthians-na-Neo-Quimica-Arena.webp\" \/>\n\t<meta property=\"og:image:width\" content=\"1440\" \/>\n\t<meta property=\"og:image:height\" content=\"959\" \/>\n\t<meta property=\"og:image:type\" content=\"image\/jpeg\" \/>\n<meta name=\"author\" content=\"Leandro Cardoso\" \/>\n<meta name=\"twitter:card\" content=\"summary_large_image\" \/>\n<meta name=\"twitter:label1\" content=\"Escrito por\" \/>\n\t<meta name=\"twitter:data1\" content=\"Leandro Cardoso\" \/>\n\t<meta name=\"twitter:label2\" content=\"Est. tempo de leitura\" \/>\n\t<meta name=\"twitter:data2\" content=\"3 minutos\" \/>\n<script type=\"application\/ld+json\" class=\"yoast-schema-graph\">{\"@context\":\"https:\/\/schema.org\",\"@graph\":[{\"@type\":\"NewsArticle\",\"@id\":\"https:\/\/www.gaveanews.com\/index.php\/2025\/02\/24\/novo-reforco-do-corinthians-ja-chegou-ao-brasil\/#article\",\"isPartOf\":{\"@id\":\"https:\/\/www.gaveanews.com\/index.php\/2025\/02\/24\/novo-reforco-do-corinthians-ja-chegou-ao-brasil\/\"},\"author\":{\"name\":\"Leandro Cardoso\",\"@id\":\"https:\/\/www.gaveanews.com\/#\/schema\/person\/2424ec6409bc3f068411fc5e4e9b6168\"},\"headline\":\"Novo refor\u00e7o do Corinthians j\u00e1 chegou ao Brasil\",\"datePublished\":\"2025-02-24T23:40:00+00:00\",\"mainEntityOfPage\":{\"@id\":\"https:\/\/www.gaveanews.com\/index.php\/2025\/02\/24\/novo-reforco-do-corinthians-ja-chegou-ao-brasil\/\"},\"wordCount\":429,\"commentCount\":0,\"image\":{\"@id\":\"https:\/\/www.gaveanews.com\/index.php\/2025\/02\/24\/novo-reforco-do-corinthians-ja-chegou-ao-brasil\/#primaryimage\"},\"thumbnailUrl\":\"https:\/\/www.gaveanews.com\/wp-content\/uploads\/Escudo-do-Corinthians-na-Neo-Quimica-Arena.webp\",\"articleSection\":[\"Corinthians\"],\"inLanguage\":\"pt-BR\",\"potentialAction\":[{\"@type\":\"CommentAction\",\"name\":\"Comment\",\"target\":[\"https:\/\/www.gaveanews.com\/index.php\/2025\/02\/24\/novo-reforco-do-corinthians-ja-chegou-ao-brasil\/#respond\"]}],\"copyrightYear\":\"2025\",\"copyrightHolder\":{\"@id\":\"https:\/\/www.gaveanews.com\/#organization\"}},{\"@type\":\"WebPage\",\"@id\":\"https:\/\/www.gaveanews.com\/index.php\/2025\/02\/24\/novo-reforco-do-corinthians-ja-chegou-ao-brasil\/\",\"url\":\"https:\/\/www.gaveanews.com\/index.php\/2025\/02\/24\/novo-reforco-do-corinthians-ja-chegou-ao-brasil\/\",\"name\":\"Novo refor\u00e7o do Corinthians j\u00e1 chegou ao Brasil\",\"isPartOf\":{\"@id\":\"https:\/\/www.gaveanews.com\/#website\"},\"primaryImageOfPage\":{\"@id\":\"https:\/\/www.gaveanews.com\/index.php\/2025\/02\/24\/novo-reforco-do-corinthians-ja-chegou-ao-brasil\/#primaryimage\"},\"image\":{\"@id\":\"https:\/\/www.gaveanews.com\/index.php\/2025\/02\/24\/novo-reforco-do-corinthians-ja-chegou-ao-brasil\/#primaryimage\"},\"thumbnailUrl\":\"https:\/\/www.gaveanews.com\/wp-content\/uploads\/Escudo-do-Corinthians-na-Neo-Quimica-Arena.webp\",\"datePublished\":\"2025-02-24T23:40:00+00:00\",\"author\":{\"@id\":\"https:\/\/www.gaveanews.com\/#\/schema\/person\/2424ec6409bc3f068411fc5e4e9b6168\"},\"breadcrumb\":{\"@id\":\"https:\/\/www.gaveanews.com\/index.php\/2025\/02\/24\/novo-reforco-do-corinthians-ja-chegou-ao-brasil\/#breadcrumb\"},\"inLanguage\":\"pt-BR\",\"potentialAction\":[{\"@type\":\"ReadAction\",\"target\":[\"https:\/\/www.gaveanews.com\/index.php\/2025\/02\/24\/novo-reforco-do-corinthians-ja-chegou-ao-brasil\/\"]}]},{\"@type\":\"ImageObject\",\"inLanguage\":\"pt-BR\",\"@id\":\"https:\/\/www.gaveanews.com\/index.php\/2025\/02\/24\/novo-reforco-do-corinthians-ja-chegou-ao-brasil\/#primaryimage\",\"url\":\"https:\/\/www.gaveanews.com\/wp-content\/uploads\/Escudo-do-Corinthians-na-Neo-Quimica-Arena.webp\",\"contentUrl\":\"https:\/\/www.gaveanews.com\/wp-content\/uploads\/Escudo-do-Corinthians-na-Neo-Quimica-Arena.webp\",\"width\":1440,\"height\":959,\"caption\":\"Escudo do Corinthians na N\u00e9o Qu\u00edmica Arena (Foto Reprodu\u00e7\u00e3o\/Instagram)\"},{\"@type\":\"BreadcrumbList\",\"@id\":\"https:\/\/www.gaveanews.com\/index.php\/2025\/02\/24\/novo-reforco-do-corinthians-ja-chegou-ao-brasil\/#breadcrumb\",\"itemListElement\":[{\"@type\":\"ListItem\",\"position\":1,\"name\":\"Home\",\"item\":\"https:\/\/www.gaveanews.com\/\"},{\"@type\":\"ListItem\",\"position\":2,\"name\":\"Novo refor\u00e7o do Corinthians j\u00e1 chegou ao Brasil\"}]},{\"@type\":\"WebSite\",\"@id\":\"https:\/\/www.gaveanews.com\/#website\",\"url\":\"https:\/\/www.gaveanews.com\/\",\"name\":\"G\u00e1vea News\",\"description\":\"Veja todas as not\u00edcias sobre o Flamengo: Contrata\u00e7\u00f5es, categorias de base, resultados das partidas, tabela de classifica\u00e7\u00e3o, pr\u00f3ximos jogos!\",\"potentialAction\":[{\"@type\":\"SearchAction\",\"target\":{\"@type\":\"EntryPoint\",\"urlTemplate\":\"https:\/\/www.gaveanews.com\/?s={search_term_string}\"},\"query-input\":{\"@type\":\"PropertyValueSpecification\",\"valueRequired\":true,\"valueName\":\"search_term_string\"}}],\"inLanguage\":\"pt-BR\"},{\"@type\":\"Person\",\"@id\":\"https:\/\/www.gaveanews.com\/#\/schema\/person\/2424ec6409bc3f068411fc5e4e9b6168\",\"name\":\"Leandro Cardoso\",\"image\":{\"@type\":\"ImageObject\",\"inLanguage\":\"pt-BR\",\"@id\":\"https:\/\/www.gaveanews.com\/#\/schema\/person\/image\/\",\"url\":\"https:\/\/secure.gravatar.com\/avatar\/8ca179f9b55eefe9f376f5493ef25475bfa59fbc28ce937f6076ce20e523098f?s=96&d=mm&r=g\",\"contentUrl\":\"https:\/\/secure.gravatar.com\/avatar\/8ca179f9b55eefe9f376f5493ef25475bfa59fbc28ce937f6076ce20e523098f?s=96&d=mm&r=g\",\"caption\":\"Leandro Cardoso\"}}]}<\/script>\n<!-- \/ Yoast SEO Premium plugin. -->","yoast_head_json":{"title":"Novo refor\u00e7o do Corinthians j\u00e1 chegou ao Brasil","robots":{"index":"index","follow":"follow","max-snippet":"max-snippet:-1","max-image-preview":"max-image-preview:large","max-video-preview":"max-video-preview:-1"},"canonical":"https:\/\/www.gaveanews.com\/index.php\/2025\/02\/24\/novo-reforco-do-corinthians-ja-chegou-ao-brasil\/","og_locale":"pt_BR","og_type":"article","og_title":"Novo refor\u00e7o do Corinthians j\u00e1 chegou ao Brasil","og_description":"O Corinthians est\u00e1 prestes a anunciar a sua primeira contrata\u00e7\u00e3o para 2025, e o nome que promete refor\u00e7ar a equipe \u00e9 o lateral-esquerdo argentino Fabrizio Angileri, de 30 anos. O jogador, que recentemente perdeu espa\u00e7o no Getafe, da Espanha, j\u00e1 chegou ao Brasil para realizar exames m\u00e9dicos antes de assinar contrato com o Tim\u00e3o. A [&hellip;]","og_url":"https:\/\/www.gaveanews.com\/index.php\/2025\/02\/24\/novo-reforco-do-corinthians-ja-chegou-ao-brasil\/","og_site_name":"G\u00e1vea News","article_publisher":"https:\/\/facebook.com\/gaveaNews\/","article_published_time":"2025-02-24T23:40:00+00:00","og_image":[{"width":1440,"height":959,"url":"https:\/\/www.gaveanews.com\/wp-content\/uploads\/Escudo-do-Corinthians-na-Neo-Quimica-Arena.webp","type":"image\/jpeg"}],"author":"Leandro Cardoso","twitter_card":"summary_large_image","twitter_misc":{"Escrito por":"Leandro Cardoso","Est. tempo de leitura":"3 minutos"},"schema":{"@context":"https:\/\/schema.org","@graph":[{"@type":"NewsArticle","@id":"https:\/\/www.gaveanews.com\/index.php\/2025\/02\/24\/novo-reforco-do-corinthians-ja-chegou-ao-brasil\/#article","isPartOf":{"@id":"https:\/\/www.gaveanews.com\/index.php\/2025\/02\/24\/novo-reforco-do-corinthians-ja-chegou-ao-brasil\/"},"author":{"name":"Leandro Cardoso","@id":"https:\/\/www.gaveanews.com\/#\/schema\/person\/2424ec6409bc3f068411fc5e4e9b6168"},"headline":"Novo refor\u00e7o do Corinthians j\u00e1 chegou ao Brasil","datePublished":"2025-02-24T23:40:00+00:00","mainEntityOfPage":{"@id":"https:\/\/www.gaveanews.com\/index.php\/2025\/02\/24\/novo-reforco-do-corinthians-ja-chegou-ao-brasil\/"},"wordCount":429,"commentCount":0,"image":{"@id":"https:\/\/www.gaveanews.com\/index.php\/2025\/02\/24\/novo-reforco-do-corinthians-ja-chegou-ao-brasil\/#primaryimage"},"thumbnailUrl":"https:\/\/www.gaveanews.com\/wp-content\/uploads\/Escudo-do-Corinthians-na-Neo-Quimica-Arena.webp","articleSection":["Corinthians"],"inLanguage":"pt-BR","potentialAction":[{"@type":"CommentAction","name":"Comment","target":["https:\/\/www.gaveanews.com\/index.php\/2025\/02\/24\/novo-reforco-do-corinthians-ja-chegou-ao-brasil\/#respond"]}],"copyrightYear":"2025","copyrightHolder":{"@id":"https:\/\/www.gaveanews.com\/#organization"}},{"@type":"WebPage","@id":"https:\/\/www.gaveanews.com\/index.php\/2025\/02\/24\/novo-reforco-do-corinthians-ja-chegou-ao-brasil\/","url":"https:\/\/www.gaveanews.com\/index.php\/2025\/02\/24\/novo-reforco-do-corinthians-ja-chegou-ao-brasil\/","name":"Novo refor\u00e7o do Corinthians j\u00e1 chegou ao Brasil","isPartOf":{"@id":"https:\/\/www.gaveanews.com\/#website"},"primaryImageOfPage":{"@id":"https:\/\/www.gaveanews.com\/index.php\/2025\/02\/24\/novo-reforco-do-corinthians-ja-chegou-ao-brasil\/#primaryimage"},"image":{"@id":"https:\/\/www.gaveanews.com\/index.php\/2025\/02\/24\/novo-reforco-do-corinthians-ja-chegou-ao-brasil\/#primaryimage"},"thumbnailUrl":"https:\/\/www.gaveanews.com\/wp-content\/uploads\/Escudo-do-Corinthians-na-Neo-Quimica-Arena.webp","datePublished":"2025-02-24T23:40:00+00:00","author":{"@id":"https:\/\/www.gaveanews.com\/#\/schema\/person\/2424ec6409bc3f068411fc5e4e9b6168"},"breadcrumb":{"@id":"https:\/\/www.gaveanews.com\/index.php\/2025\/02\/24\/novo-reforco-do-corinthians-ja-chegou-ao-brasil\/#breadcrumb"},"inLanguage":"pt-BR","potentialAction":[{"@type":"ReadAction","target":["https:\/\/www.gaveanews.com\/index.php\/2025\/02\/24\/novo-reforco-do-corinthians-ja-chegou-ao-brasil\/"]}]},{"@type":"ImageObject","inLanguage":"pt-BR","@id":"https:\/\/www.gaveanews.com\/index.php\/2025\/02\/24\/novo-reforco-do-corinthians-ja-chegou-ao-brasil\/#primaryimage","url":"https:\/\/www.gaveanews.com\/wp-content\/uploads\/Escudo-do-Corinthians-na-Neo-Quimica-Arena.webp","contentUrl":"https:\/\/www.gaveanews.com\/wp-content\/uploads\/Escudo-do-Corinthians-na-Neo-Quimica-Arena.webp","width":1440,"height":959,"caption":"Escudo do Corinthians na N\u00e9o Qu\u00edmica Arena (Foto Reprodu\u00e7\u00e3o\/Instagram)"},{"@type":"BreadcrumbList","@id":"https:\/\/www.gaveanews.com\/index.php\/2025\/02\/24\/novo-reforco-do-corinthians-ja-chegou-ao-brasil\/#breadcrumb","itemListElement":[{"@type":"ListItem","position":1,"name":"Home","item":"https:\/\/www.gaveanews.com\/"},{"@type":"ListItem","position":2,"name":"Novo refor\u00e7o do Corinthians j\u00e1 chegou ao Brasil"}]},{"@type":"WebSite","@id":"https:\/\/www.gaveanews.com\/#website","url":"https:\/\/www.gaveanews.com\/","name":"G\u00e1vea News","description":"Veja todas as not\u00edcias sobre o Flamengo: Contrata\u00e7\u00f5es, categorias de base, resultados das partidas, tabela de classifica\u00e7\u00e3o, pr\u00f3ximos jogos!","potentialAction":[{"@type":"SearchAction","target":{"@type":"EntryPoint","urlTemplate":"https:\/\/www.gaveanews.com\/?s={search_term_string}"},"query-input":{"@type":"PropertyValueSpecification","valueRequired":true,"valueName":"search_term_string"}}],"inLanguage":"pt-BR"},{"@type":"Person","@id":"https:\/\/www.gaveanews.com\/#\/schema\/person\/2424ec6409bc3f068411fc5e4e9b6168","name":"Leandro Cardoso","image":{"@type":"ImageObject","inLanguage":"pt-BR","@id":"https:\/\/www.gaveanews.com\/#\/schema\/person\/image\/","url":"https:\/\/secure.gravatar.com\/avatar\/8ca179f9b55eefe9f376f5493ef25475bfa59fbc28ce937f6076ce20e523098f?s=96&d=mm&r=g","contentUrl":"https:\/\/secure.gravatar.com\/avatar\/8ca179f9b55eefe9f376f5493ef25475bfa59fbc28ce937f6076ce20e523098f?s=96&d=mm&r=g","caption":"Leandro Cardoso"}}]}},"_links":{"self":[{"href":"https:\/\/www.gaveanews.com\/index.php\/wp-json\/wp\/v2\/posts\/232102","targetHints":{"allow":["GET"]}}],"collection":[{"href":"https:\/\/www.gaveanews.com\/index.php\/wp-json\/wp\/v2\/posts"}],"about":[{"href":"https:\/\/www.gaveanews.com\/index.php\/wp-json\/wp\/v2\/types\/post"}],"author":[{"embeddable":true,"href":"https:\/\/www.gaveanews.com\/index.php\/wp-json\/wp\/v2\/users\/24"}],"replies":[{"embeddable":true,"href":"https:\/\/www.gaveanews.com\/index.php\/wp-json\/wp\/v2\/comments?post=232102"}],"version-history":[{"count":1,"href":"https:\/\/www.gaveanews.com\/index.php\/wp-json\/wp\/v2\/posts\/232102\/revisions"}],"predecessor-version":[{"id":232103,"href":"https:\/\/www.gaveanews.com\/index.php\/wp-json\/wp\/v2\/posts\/232102\/revisions\/232103"}],"wp:featuredmedia":[{"embeddable":true,"href":"https:\/\/www.gaveanews.com\/index.php\/wp-json\/wp\/v2\/media\/154473"}],"wp:attachment":[{"href":"https:\/\/www.gaveanews.com\/index.php\/wp-json\/wp\/v2\/media?parent=232102"}],"wp:term":[{"taxonomy":"category","embeddable":true,"href":"https:\/\/www.gaveanews.com\/index.php\/wp-json\/wp\/v2\/categories?post=232102"},{"taxonomy":"post_tag","embeddable":true,"href":"https:\/\/www.gaveanews.com\/index.php\/wp-json\/wp\/v2\/tags?post=232102"}],"curies":[{"name":"wp","href":"https:\/\/api.w.org\/{rel}","templated":true}]}}