{"id":232145,"date":"2025-02-24T23:25:00","date_gmt":"2025-02-25T02:25:00","guid":{"rendered":"https:\/\/www.gaveanews.com\/?p=232145"},"modified":"2025-02-24T19:13:30","modified_gmt":"2025-02-24T22:13:30","slug":"thiago-carpini-quer-tirar-titular-do-sao-paulo-e-levar-para-o-vitoria","status":"publish","type":"post","link":"https:\/\/www.gaveanews.com\/index.php\/2025\/02\/24\/thiago-carpini-quer-tirar-titular-do-sao-paulo-e-levar-para-o-vitoria\/","title":{"rendered":"Thiago Carpini quer tirar titular do S\u00e3o Paulo e levar para o Vit\u00f3ria"},"content":{"rendered":"\n<h2 class=\"wp-block-heading\" id=\"h-vitoria-segue-invicto-e-thiago-carpini-revela-desejo-de-contar-com-arboleda\">Vit\u00f3ria segue invicto e Thiago Carpini revela desejo de contar com Arboleda<\/h2>\n\n\n\n<p>O Vit\u00f3ria vive um momento especial na temporada e trata a Copa do Nordeste como prioridade no primeiro semestre. Invicto h\u00e1 18 jogos, o Le\u00e3o da Barra tem mostrado um futebol consistente, lidera o Grupo A da competi\u00e7\u00e3o regional com 10 pontos e tem um aproveitamento de 83% ap\u00f3s tr\u00eas triunfos e um empate.<\/p>\n\n\n\n<p>A boa fase da equipe comandada por Thiago Carpini tem animado a torcida e gerado expectativas para o restante da temporada. Em meio a esse cen\u00e1rio, o treinador concedeu entrevista ao jornalista Elia J\u00fanior, no programa&nbsp;<em>Esporte na Band<\/em>, e revelou que gostaria de contar com o zagueiro Robert Arboleda no elenco rubro-negro. Carpini elogiou o defensor equatoriano e afirmou que sua personalidade e estilo de jogo combinam com a identidade do clube baiano.<\/p>\n\n\n\n<figure class=\"wp-block-image size-large\"><img loading=\"lazy\" decoding=\"async\" width=\"1024\" height=\"706\" src=\"http:\/\/www.gaveanews.com\/wp-content\/uploads\/Arboleda-pelo-Sao-Paulo-1024x706.webp\" alt=\"\" class=\"wp-image-167635\" srcset=\"https:\/\/www.gaveanews.com\/wp-content\/uploads\/Arboleda-pelo-Sao-Paulo-1024x706.webp 1024w, https:\/\/www.gaveanews.com\/wp-content\/uploads\/Arboleda-pelo-Sao-Paulo-300x207.webp 300w, https:\/\/www.gaveanews.com\/wp-content\/uploads\/Arboleda-pelo-Sao-Paulo-768x529.webp 768w, https:\/\/www.gaveanews.com\/wp-content\/uploads\/Arboleda-pelo-Sao-Paulo-1536x1059.webp 1536w, https:\/\/www.gaveanews.com\/wp-content\/uploads\/Arboleda-pelo-Sao-Paulo-609x420.webp 609w, https:\/\/www.gaveanews.com\/wp-content\/uploads\/Arboleda-pelo-Sao-Paulo-1218x840.webp 1218w, https:\/\/www.gaveanews.com\/wp-content\/uploads\/Arboleda-pelo-Sao-Paulo-640x441.webp 640w, https:\/\/www.gaveanews.com\/wp-content\/uploads\/Arboleda-pelo-Sao-Paulo-1280x882.webp 1280w, https:\/\/www.gaveanews.com\/wp-content\/uploads\/Arboleda-pelo-Sao-Paulo-681x469.webp 681w, https:\/\/www.gaveanews.com\/wp-content\/uploads\/Arboleda-pelo-Sao-Paulo-1362x939.webp 1362w, https:\/\/www.gaveanews.com\/wp-content\/uploads\/Arboleda-pelo-Sao-Paulo-100x69.webp 100w, https:\/\/www.gaveanews.com\/wp-content\/uploads\/Arboleda-pelo-Sao-Paulo.webp 1600w\" sizes=\"auto, (max-width: 1024px) 100vw, 1024px\" \/><figcaption class=\"wp-element-caption\">Arboleda pelo S\u00e3o Paulo (Foto: Rubens Chiri \/ S\u00e3o Paulo)<\/figcaption><\/figure>\n\n\n\n<p>\u201cEu vou trazer pra realidade do Vit\u00f3ria. Um cara que eu acho que encaixaria muito no nosso modelo de jogo seria o Arboleda. Gosto muito! Pelo conv\u00edvio que n\u00f3s tivemos, eu acho que ele tem muito a ver com a energia do clube\u201d, disse Carpini.<\/p>\n\n\n\n<p>O treinador trabalhou com Arboleda no S\u00e3o Paulo no in\u00edcio de 2024 e destacou a boa rela\u00e7\u00e3o que manteve com o jogador. Apesar do desejo de contar com o zagueiro, uma investida por sua contrata\u00e7\u00e3o \u00e9 improv\u00e1vel, j\u00e1 que o equatoriano tem contrato com o Tricolor Paulista at\u00e9 dezembro de 2027 e \u00e9 considerado pe\u00e7a importante no elenco s\u00e3o-paulino.<\/p>\n\n\n\n<p>No Vit\u00f3ria, o sistema defensivo sofreu uma mudan\u00e7a significativa recentemente com a sa\u00edda de Wagner Leonardo para o Gr\u00eamio. Atualmente, o clube tem sete zagueiros \u00e0 disposi\u00e7\u00e3o: Lucas Halter, Neris, Camutanga, Bruno Uvini, Z\u00e9 Marcos, Edu e Kauan Neves. Apesar da perda, a diretoria n\u00e3o deve buscar uma reposi\u00e7\u00e3o imediata na atual janela de transfer\u00eancias.<\/p>\n\n\n\n<p>Com a invencibilidade mantida e a lideran\u00e7a consolidada na Copa do Nordeste, o Vit\u00f3ria segue focado em sua caminhada na competi\u00e7\u00e3o regional. O pr\u00f3ximo desafio ser\u00e1 contra o Altos-PI, no dia 5 de mar\u00e7o, \u00e0s 18h (hor\u00e1rio de Bras\u00edlia), no Barrad\u00e3o. O Le\u00e3o da Barra busca manter o bom momento, garantir a classifica\u00e7\u00e3o antecipada para a pr\u00f3xima fase e se firmar como um dos principais candidatos ao t\u00edtulo.<\/p>\n","protected":false},"excerpt":{"rendered":"<p>Vit\u00f3ria segue invicto e Thiago Carpini revela desejo de contar com Arboleda O Vit\u00f3ria vive um momento especial na temporada e trata a Copa do Nordeste como prioridade no primeiro semestre. Invicto h\u00e1 18 jogos, o Le\u00e3o da Barra tem mostrado um futebol consistente, lidera o Grupo A da competi\u00e7\u00e3o regional com 10 pontos e [&hellip;]<\/p>\n","protected":false},"author":17,"featured_media":138679,"comment_status":"open","ping_status":"closed","sticky":false,"template":"","format":"standard","meta":{"footnotes":""},"categories":[151,153],"tags":[],"class_list":["post-232145","post","type-post","status-publish","format-standard","has-post-thumbnail","hentry","category-sao-paulo","category-vitoria"],"yoast_head":"<!-- This site is optimized with the Yoast SEO Premium plugin v24.2 (Yoast SEO v26.9) - https:\/\/yoast.com\/product\/yoast-seo-premium-wordpress\/ -->\n<title>Thiago Carpini quer tirar titular do S\u00e3o Paulo e levar para o Vit\u00f3ria<\/title>\n<meta name=\"robots\" content=\"index, follow, max-snippet:-1, max-image-preview:large, max-video-preview:-1\" \/>\n<link rel=\"canonical\" href=\"https:\/\/www.gaveanews.com\/index.php\/2025\/02\/24\/thiago-carpini-quer-tirar-titular-do-sao-paulo-e-levar-para-o-vitoria\/\" \/>\n<meta property=\"og:locale\" content=\"pt_BR\" \/>\n<meta property=\"og:type\" content=\"article\" \/>\n<meta property=\"og:title\" content=\"Thiago Carpini quer tirar titular do S\u00e3o Paulo e levar para o Vit\u00f3ria\" \/>\n<meta property=\"og:description\" content=\"Vit\u00f3ria segue invicto e Thiago Carpini revela desejo de contar com Arboleda O Vit\u00f3ria vive um momento especial na temporada e trata a Copa do Nordeste como prioridade no primeiro semestre. Invicto h\u00e1 18 jogos, o Le\u00e3o da Barra tem mostrado um futebol consistente, lidera o Grupo A da competi\u00e7\u00e3o regional com 10 pontos e [&hellip;]\" \/>\n<meta property=\"og:url\" content=\"https:\/\/www.gaveanews.com\/index.php\/2025\/02\/24\/thiago-carpini-quer-tirar-titular-do-sao-paulo-e-levar-para-o-vitoria\/\" \/>\n<meta property=\"og:site_name\" content=\"G\u00e1vea News\" \/>\n<meta property=\"article:publisher\" content=\"https:\/\/facebook.com\/gaveaNews\/\" \/>\n<meta property=\"article:published_time\" content=\"2025-02-25T02:25:00+00:00\" \/>\n<meta property=\"og:image\" content=\"https:\/\/www.gaveanews.com\/wp-content\/uploads\/Thiago-Carpini-durante-um-jogo-do-Sao-Paulo-no-Morumbi.webp\" \/>\n\t<meta property=\"og:image:width\" content=\"1200\" \/>\n\t<meta property=\"og:image:height\" content=\"675\" \/>\n\t<meta property=\"og:image:type\" content=\"image\/webp\" \/>\n<meta name=\"author\" content=\"Geovanna Thomaz\" \/>\n<meta name=\"twitter:card\" content=\"summary_large_image\" \/>\n<meta name=\"twitter:label1\" content=\"Escrito por\" \/>\n\t<meta name=\"twitter:data1\" content=\"Geovanna Thomaz\" \/>\n\t<meta name=\"twitter:label2\" content=\"Est. tempo de leitura\" \/>\n\t<meta name=\"twitter:data2\" content=\"3 minutos\" \/>\n<script type=\"application\/ld+json\" class=\"yoast-schema-graph\">{\"@context\":\"https:\/\/schema.org\",\"@graph\":[{\"@type\":\"NewsArticle\",\"@id\":\"https:\/\/www.gaveanews.com\/index.php\/2025\/02\/24\/thiago-carpini-quer-tirar-titular-do-sao-paulo-e-levar-para-o-vitoria\/#article\",\"isPartOf\":{\"@id\":\"https:\/\/www.gaveanews.com\/index.php\/2025\/02\/24\/thiago-carpini-quer-tirar-titular-do-sao-paulo-e-levar-para-o-vitoria\/\"},\"author\":{\"name\":\"Geovanna Thomaz\",\"@id\":\"https:\/\/www.gaveanews.com\/#\/schema\/person\/f42654babcd2b2014a1a65af82b081f1\"},\"headline\":\"Thiago Carpini quer tirar titular do S\u00e3o Paulo e levar para o Vit\u00f3ria\",\"datePublished\":\"2025-02-25T02:25:00+00:00\",\"mainEntityOfPage\":{\"@id\":\"https:\/\/www.gaveanews.com\/index.php\/2025\/02\/24\/thiago-carpini-quer-tirar-titular-do-sao-paulo-e-levar-para-o-vitoria\/\"},\"wordCount\":423,\"commentCount\":0,\"image\":{\"@id\":\"https:\/\/www.gaveanews.com\/index.php\/2025\/02\/24\/thiago-carpini-quer-tirar-titular-do-sao-paulo-e-levar-para-o-vitoria\/#primaryimage\"},\"thumbnailUrl\":\"https:\/\/www.gaveanews.com\/wp-content\/uploads\/Thiago-Carpini-durante-um-jogo-do-Sao-Paulo-no-Morumbi.webp\",\"articleSection\":[\"S\u00e3o Paulo\",\"Vit\u00f3ria\"],\"inLanguage\":\"pt-BR\",\"potentialAction\":[{\"@type\":\"CommentAction\",\"name\":\"Comment\",\"target\":[\"https:\/\/www.gaveanews.com\/index.php\/2025\/02\/24\/thiago-carpini-quer-tirar-titular-do-sao-paulo-e-levar-para-o-vitoria\/#respond\"]}],\"copyrightYear\":\"2025\",\"copyrightHolder\":{\"@id\":\"https:\/\/www.gaveanews.com\/#organization\"}},{\"@type\":\"WebPage\",\"@id\":\"https:\/\/www.gaveanews.com\/index.php\/2025\/02\/24\/thiago-carpini-quer-tirar-titular-do-sao-paulo-e-levar-para-o-vitoria\/\",\"url\":\"https:\/\/www.gaveanews.com\/index.php\/2025\/02\/24\/thiago-carpini-quer-tirar-titular-do-sao-paulo-e-levar-para-o-vitoria\/\",\"name\":\"Thiago Carpini quer tirar titular do S\u00e3o Paulo e levar para o Vit\u00f3ria\",\"isPartOf\":{\"@id\":\"https:\/\/www.gaveanews.com\/#website\"},\"primaryImageOfPage\":{\"@id\":\"https:\/\/www.gaveanews.com\/index.php\/2025\/02\/24\/thiago-carpini-quer-tirar-titular-do-sao-paulo-e-levar-para-o-vitoria\/#primaryimage\"},\"image\":{\"@id\":\"https:\/\/www.gaveanews.com\/index.php\/2025\/02\/24\/thiago-carpini-quer-tirar-titular-do-sao-paulo-e-levar-para-o-vitoria\/#primaryimage\"},\"thumbnailUrl\":\"https:\/\/www.gaveanews.com\/wp-content\/uploads\/Thiago-Carpini-durante-um-jogo-do-Sao-Paulo-no-Morumbi.webp\",\"datePublished\":\"2025-02-25T02:25:00+00:00\",\"author\":{\"@id\":\"https:\/\/www.gaveanews.com\/#\/schema\/person\/f42654babcd2b2014a1a65af82b081f1\"},\"breadcrumb\":{\"@id\":\"https:\/\/www.gaveanews.com\/index.php\/2025\/02\/24\/thiago-carpini-quer-tirar-titular-do-sao-paulo-e-levar-para-o-vitoria\/#breadcrumb\"},\"inLanguage\":\"pt-BR\",\"potentialAction\":[{\"@type\":\"ReadAction\",\"target\":[\"https:\/\/www.gaveanews.com\/index.php\/2025\/02\/24\/thiago-carpini-quer-tirar-titular-do-sao-paulo-e-levar-para-o-vitoria\/\"]}]},{\"@type\":\"ImageObject\",\"inLanguage\":\"pt-BR\",\"@id\":\"https:\/\/www.gaveanews.com\/index.php\/2025\/02\/24\/thiago-carpini-quer-tirar-titular-do-sao-paulo-e-levar-para-o-vitoria\/#primaryimage\",\"url\":\"https:\/\/www.gaveanews.com\/wp-content\/uploads\/Thiago-Carpini-durante-um-jogo-do-Sao-Paulo-no-Morumbi.webp\",\"contentUrl\":\"https:\/\/www.gaveanews.com\/wp-content\/uploads\/Thiago-Carpini-durante-um-jogo-do-Sao-Paulo-no-Morumbi.webp\",\"width\":1200,\"height\":675,\"caption\":\"Thiago Carpini durante um jogo do S\u00e3o Paulo no Morumbi (Foto: Reprodu\u00e7\u00e3o)\"},{\"@type\":\"BreadcrumbList\",\"@id\":\"https:\/\/www.gaveanews.com\/index.php\/2025\/02\/24\/thiago-carpini-quer-tirar-titular-do-sao-paulo-e-levar-para-o-vitoria\/#breadcrumb\",\"itemListElement\":[{\"@type\":\"ListItem\",\"position\":1,\"name\":\"Home\",\"item\":\"https:\/\/www.gaveanews.com\/\"},{\"@type\":\"ListItem\",\"position\":2,\"name\":\"Thiago Carpini quer tirar titular do S\u00e3o Paulo e levar para o Vit\u00f3ria\"}]},{\"@type\":\"WebSite\",\"@id\":\"https:\/\/www.gaveanews.com\/#website\",\"url\":\"https:\/\/www.gaveanews.com\/\",\"name\":\"G\u00e1vea News\",\"description\":\"Veja todas as not\u00edcias sobre o Flamengo: Contrata\u00e7\u00f5es, categorias de base, resultados das partidas, tabela de classifica\u00e7\u00e3o, pr\u00f3ximos jogos!\",\"potentialAction\":[{\"@type\":\"SearchAction\",\"target\":{\"@type\":\"EntryPoint\",\"urlTemplate\":\"https:\/\/www.gaveanews.com\/?s={search_term_string}\"},\"query-input\":{\"@type\":\"PropertyValueSpecification\",\"valueRequired\":true,\"valueName\":\"search_term_string\"}}],\"inLanguage\":\"pt-BR\"},{\"@type\":\"Person\",\"@id\":\"https:\/\/www.gaveanews.com\/#\/schema\/person\/f42654babcd2b2014a1a65af82b081f1\",\"name\":\"Geovanna Thomaz\",\"image\":{\"@type\":\"ImageObject\",\"inLanguage\":\"pt-BR\",\"@id\":\"https:\/\/www.gaveanews.com\/#\/schema\/person\/image\/\",\"url\":\"https:\/\/secure.gravatar.com\/avatar\/4092073255489533afb558984b49b64268c47198af8623cc82a925ae9fb7118a?s=96&d=mm&r=g\",\"contentUrl\":\"https:\/\/secure.gravatar.com\/avatar\/4092073255489533afb558984b49b64268c47198af8623cc82a925ae9fb7118a?s=96&d=mm&r=g\",\"caption\":\"Geovanna Thomaz\"}}]}<\/script>\n<!-- \/ Yoast SEO Premium plugin. -->","yoast_head_json":{"title":"Thiago Carpini quer tirar titular do S\u00e3o Paulo e levar para o Vit\u00f3ria","robots":{"index":"index","follow":"follow","max-snippet":"max-snippet:-1","max-image-preview":"max-image-preview:large","max-video-preview":"max-video-preview:-1"},"canonical":"https:\/\/www.gaveanews.com\/index.php\/2025\/02\/24\/thiago-carpini-quer-tirar-titular-do-sao-paulo-e-levar-para-o-vitoria\/","og_locale":"pt_BR","og_type":"article","og_title":"Thiago Carpini quer tirar titular do S\u00e3o Paulo e levar para o Vit\u00f3ria","og_description":"Vit\u00f3ria segue invicto e Thiago Carpini revela desejo de contar com Arboleda O Vit\u00f3ria vive um momento especial na temporada e trata a Copa do Nordeste como prioridade no primeiro semestre. Invicto h\u00e1 18 jogos, o Le\u00e3o da Barra tem mostrado um futebol consistente, lidera o Grupo A da competi\u00e7\u00e3o regional com 10 pontos e [&hellip;]","og_url":"https:\/\/www.gaveanews.com\/index.php\/2025\/02\/24\/thiago-carpini-quer-tirar-titular-do-sao-paulo-e-levar-para-o-vitoria\/","og_site_name":"G\u00e1vea News","article_publisher":"https:\/\/facebook.com\/gaveaNews\/","article_published_time":"2025-02-25T02:25:00+00:00","og_image":[{"width":1200,"height":675,"url":"https:\/\/www.gaveanews.com\/wp-content\/uploads\/Thiago-Carpini-durante-um-jogo-do-Sao-Paulo-no-Morumbi.webp","type":"image\/webp"}],"author":"Geovanna Thomaz","twitter_card":"summary_large_image","twitter_misc":{"Escrito por":"Geovanna Thomaz","Est. tempo de leitura":"3 minutos"},"schema":{"@context":"https:\/\/schema.org","@graph":[{"@type":"NewsArticle","@id":"https:\/\/www.gaveanews.com\/index.php\/2025\/02\/24\/thiago-carpini-quer-tirar-titular-do-sao-paulo-e-levar-para-o-vitoria\/#article","isPartOf":{"@id":"https:\/\/www.gaveanews.com\/index.php\/2025\/02\/24\/thiago-carpini-quer-tirar-titular-do-sao-paulo-e-levar-para-o-vitoria\/"},"author":{"name":"Geovanna Thomaz","@id":"https:\/\/www.gaveanews.com\/#\/schema\/person\/f42654babcd2b2014a1a65af82b081f1"},"headline":"Thiago Carpini quer tirar titular do S\u00e3o Paulo e levar para o Vit\u00f3ria","datePublished":"2025-02-25T02:25:00+00:00","mainEntityOfPage":{"@id":"https:\/\/www.gaveanews.com\/index.php\/2025\/02\/24\/thiago-carpini-quer-tirar-titular-do-sao-paulo-e-levar-para-o-vitoria\/"},"wordCount":423,"commentCount":0,"image":{"@id":"https:\/\/www.gaveanews.com\/index.php\/2025\/02\/24\/thiago-carpini-quer-tirar-titular-do-sao-paulo-e-levar-para-o-vitoria\/#primaryimage"},"thumbnailUrl":"https:\/\/www.gaveanews.com\/wp-content\/uploads\/Thiago-Carpini-durante-um-jogo-do-Sao-Paulo-no-Morumbi.webp","articleSection":["S\u00e3o Paulo","Vit\u00f3ria"],"inLanguage":"pt-BR","potentialAction":[{"@type":"CommentAction","name":"Comment","target":["https:\/\/www.gaveanews.com\/index.php\/2025\/02\/24\/thiago-carpini-quer-tirar-titular-do-sao-paulo-e-levar-para-o-vitoria\/#respond"]}],"copyrightYear":"2025","copyrightHolder":{"@id":"https:\/\/www.gaveanews.com\/#organization"}},{"@type":"WebPage","@id":"https:\/\/www.gaveanews.com\/index.php\/2025\/02\/24\/thiago-carpini-quer-tirar-titular-do-sao-paulo-e-levar-para-o-vitoria\/","url":"https:\/\/www.gaveanews.com\/index.php\/2025\/02\/24\/thiago-carpini-quer-tirar-titular-do-sao-paulo-e-levar-para-o-vitoria\/","name":"Thiago Carpini quer tirar titular do S\u00e3o Paulo e levar para o Vit\u00f3ria","isPartOf":{"@id":"https:\/\/www.gaveanews.com\/#website"},"primaryImageOfPage":{"@id":"https:\/\/www.gaveanews.com\/index.php\/2025\/02\/24\/thiago-carpini-quer-tirar-titular-do-sao-paulo-e-levar-para-o-vitoria\/#primaryimage"},"image":{"@id":"https:\/\/www.gaveanews.com\/index.php\/2025\/02\/24\/thiago-carpini-quer-tirar-titular-do-sao-paulo-e-levar-para-o-vitoria\/#primaryimage"},"thumbnailUrl":"https:\/\/www.gaveanews.com\/wp-content\/uploads\/Thiago-Carpini-durante-um-jogo-do-Sao-Paulo-no-Morumbi.webp","datePublished":"2025-02-25T02:25:00+00:00","author":{"@id":"https:\/\/www.gaveanews.com\/#\/schema\/person\/f42654babcd2b2014a1a65af82b081f1"},"breadcrumb":{"@id":"https:\/\/www.gaveanews.com\/index.php\/2025\/02\/24\/thiago-carpini-quer-tirar-titular-do-sao-paulo-e-levar-para-o-vitoria\/#breadcrumb"},"inLanguage":"pt-BR","potentialAction":[{"@type":"ReadAction","target":["https:\/\/www.gaveanews.com\/index.php\/2025\/02\/24\/thiago-carpini-quer-tirar-titular-do-sao-paulo-e-levar-para-o-vitoria\/"]}]},{"@type":"ImageObject","inLanguage":"pt-BR","@id":"https:\/\/www.gaveanews.com\/index.php\/2025\/02\/24\/thiago-carpini-quer-tirar-titular-do-sao-paulo-e-levar-para-o-vitoria\/#primaryimage","url":"https:\/\/www.gaveanews.com\/wp-content\/uploads\/Thiago-Carpini-durante-um-jogo-do-Sao-Paulo-no-Morumbi.webp","contentUrl":"https:\/\/www.gaveanews.com\/wp-content\/uploads\/Thiago-Carpini-durante-um-jogo-do-Sao-Paulo-no-Morumbi.webp","width":1200,"height":675,"caption":"Thiago Carpini durante um jogo do S\u00e3o Paulo no Morumbi (Foto: Reprodu\u00e7\u00e3o)"},{"@type":"BreadcrumbList","@id":"https:\/\/www.gaveanews.com\/index.php\/2025\/02\/24\/thiago-carpini-quer-tirar-titular-do-sao-paulo-e-levar-para-o-vitoria\/#breadcrumb","itemListElement":[{"@type":"ListItem","position":1,"name":"Home","item":"https:\/\/www.gaveanews.com\/"},{"@type":"ListItem","position":2,"name":"Thiago Carpini quer tirar titular do S\u00e3o Paulo e levar para o Vit\u00f3ria"}]},{"@type":"WebSite","@id":"https:\/\/www.gaveanews.com\/#website","url":"https:\/\/www.gaveanews.com\/","name":"G\u00e1vea News","description":"Veja todas as not\u00edcias sobre o Flamengo: Contrata\u00e7\u00f5es, categorias de base, resultados das partidas, tabela de classifica\u00e7\u00e3o, pr\u00f3ximos jogos!","potentialAction":[{"@type":"SearchAction","target":{"@type":"EntryPoint","urlTemplate":"https:\/\/www.gaveanews.com\/?s={search_term_string}"},"query-input":{"@type":"PropertyValueSpecification","valueRequired":true,"valueName":"search_term_string"}}],"inLanguage":"pt-BR"},{"@type":"Person","@id":"https:\/\/www.gaveanews.com\/#\/schema\/person\/f42654babcd2b2014a1a65af82b081f1","name":"Geovanna Thomaz","image":{"@type":"ImageObject","inLanguage":"pt-BR","@id":"https:\/\/www.gaveanews.com\/#\/schema\/person\/image\/","url":"https:\/\/secure.gravatar.com\/avatar\/4092073255489533afb558984b49b64268c47198af8623cc82a925ae9fb7118a?s=96&d=mm&r=g","contentUrl":"https:\/\/secure.gravatar.com\/avatar\/4092073255489533afb558984b49b64268c47198af8623cc82a925ae9fb7118a?s=96&d=mm&r=g","caption":"Geovanna Thomaz"}}]}},"_links":{"self":[{"href":"https:\/\/www.gaveanews.com\/index.php\/wp-json\/wp\/v2\/posts\/232145","targetHints":{"allow":["GET"]}}],"collection":[{"href":"https:\/\/www.gaveanews.com\/index.php\/wp-json\/wp\/v2\/posts"}],"about":[{"href":"https:\/\/www.gaveanews.com\/index.php\/wp-json\/wp\/v2\/types\/post"}],"author":[{"embeddable":true,"href":"https:\/\/www.gaveanews.com\/index.php\/wp-json\/wp\/v2\/users\/17"}],"replies":[{"embeddable":true,"href":"https:\/\/www.gaveanews.com\/index.php\/wp-json\/wp\/v2\/comments?post=232145"}],"version-history":[{"count":2,"href":"https:\/\/www.gaveanews.com\/index.php\/wp-json\/wp\/v2\/posts\/232145\/revisions"}],"predecessor-version":[{"id":232148,"href":"https:\/\/www.gaveanews.com\/index.php\/wp-json\/wp\/v2\/posts\/232145\/revisions\/232148"}],"wp:featuredmedia":[{"embeddable":true,"href":"https:\/\/www.gaveanews.com\/index.php\/wp-json\/wp\/v2\/media\/138679"}],"wp:attachment":[{"href":"https:\/\/www.gaveanews.com\/index.php\/wp-json\/wp\/v2\/media?parent=232145"}],"wp:term":[{"taxonomy":"category","embeddable":true,"href":"https:\/\/www.gaveanews.com\/index.php\/wp-json\/wp\/v2\/categories?post=232145"},{"taxonomy":"post_tag","embeddable":true,"href":"https:\/\/www.gaveanews.com\/index.php\/wp-json\/wp\/v2\/tags?post=232145"}],"curies":[{"name":"wp","href":"https:\/\/api.w.org\/{rel}","templated":true}]}}