{"id":232225,"date":"2025-02-24T20:53:05","date_gmt":"2025-02-24T23:53:05","guid":{"rendered":"https:\/\/www.gaveanews.com\/?p=232225"},"modified":"2025-02-24T20:55:44","modified_gmt":"2025-02-24T23:55:44","slug":"torcedor-que-levou-cabeca-de-porco-para-o-derbi-e-detido-e-punido-veja-sancoes","status":"publish","type":"post","link":"https:\/\/www.gaveanews.com\/index.php\/2025\/02\/24\/torcedor-que-levou-cabeca-de-porco-para-o-derbi-e-detido-e-punido-veja-sancoes\/","title":{"rendered":"Torcedor que levou cabe\u00e7a de porco para o D\u00e9rbi \u00e9 detido e punido; veja san\u00e7\u00f5es"},"content":{"rendered":"\n<p>O corintiano Osnir Fernando Luiz acabou detido durante uma a\u00e7\u00e3o de busca e apreens\u00e3o em sua resid\u00eancia, na Zona Norte de S\u00e3o Paulo, na manh\u00e3 desta segunda-feira, 24. Com outras passagens pela Pol\u00edcia, o torcedor ficou conhecido por arremessar uma cabe\u00e7a de porco no gramado da Neo Qu\u00edmica Arena durante o D\u00e9rbi do returno do Brasileir\u00e3o, em novembro de 2024.<\/p>\n\n\n\n<p>Conhecido como &#8216;cicatriz&#8217;, Osnir ainda levou outra cabe\u00e7a de porco ao primeiro cl\u00e1ssico da temporada contra o Palmeiras, no \u00faltimo dia 6, no Allianz Parque. J\u00e1 nessa ocasi\u00e3o deixou a parte do animal de frente \u00e0 entrada principal do est\u00e1dio &#8211; visto que n\u00e3o pode ter acesso ao local devido \u00e0 lei de torcida \u00fanica no Estado. Em depoimento nesta segunda-feira, 24, o corintiano confessou o envolvimento neste segundo caso, mas garantiu n\u00e3o ter atuado sozinho.<\/p>\n\n\n\n<p>De acordo com a Secretaria de Seguran\u00e7a P\u00fablica (SSP), foram apreendidos celulares, m\u00e1scaras, a moto utilizada na ocasi\u00e3o e os capacetes durante a a\u00e7\u00e3o dos agentes \u00e0 resid\u00eancia de Osnir. O corintiano est\u00e1 proibido de acessar aos jogos do Tim\u00e3o durante o processo e ter\u00e1 seu perfil no Instagram exclu\u00eddo nas pr\u00f3ximas horas.<\/p>\n\n\n\n<h2 class=\"wp-block-heading\" id=\"h-o-primeiro-caso\">O primeiro caso<\/h2>\n\n\n\n<p>Osni Fernando Luiz compartilhou todo processo da a\u00e7\u00e3o em seu perfil espec\u00edfico para organizadas do Tim\u00e3o, com mais de 7,8 mil seguidores, no dia 04 de novembro de 2024. A compra ocorreu horas antes do cl\u00e1ssico entre Corinthians e Palmeiras, no Mercad\u00e3o de S\u00e3o Paulo, no centro da cidade. &#8220;Pega vis\u00e3o&#8221;, escreveu o corintiano em sua primeira apari\u00e7\u00e3o com o porco em m\u00e3os.<\/p>\n\n\n\n<blockquote class=\"twitter-tweet\" data-media-max-width=\"560\"><p lang=\"pt\" dir=\"ltr\">O torcedor do Corinthians que levou a cabe\u00e7a de porco para Neo Qu\u00edmica Arena.<br><br>\ud83d\udcfd\ufe0f: Reprodu\u00e7\u00e3o<a href=\"https:\/\/t.co\/3qacwNp9M3\">pic.twitter.com\/3qacwNp9M3<\/a><\/p>&mdash; LIBERTA DEPRE (@liberta___depre) <a href=\"https:\/\/twitter.com\/liberta___depre\/status\/1853641683956543838?ref_src=twsrc%5Etfw\">November 5, 2024<\/a><\/blockquote> <script async src=\"https:\/\/platform.twitter.com\/widgets.js\" charset=\"utf-8\"><\/script>\n\n\n\n<p>O torcedor s\u00f3 reapareceu no perfil quando j\u00e1 estava nos arredores da Neo Qu\u00edmica Arena anunciando o caso. &#8220;Sabe aquela cabe\u00e7a de porco que postei mais cedo? Voc\u00eas v\u00e3o ver o que vai acontecer com ela. Vai, Corinthians! \u2018No\u00eds \u00e9 loco\u2019 mesmo. \u2018N\u00f3is\u2019 faz de tudo se for para mexer com psicol\u00f3gico [dos palmeirenses]\u201d, disse.<\/p>\n\n\n\n<p>A cena insutiada aconteceu aos 28 minutos do D\u00e9rbi, quando Raphael Veiga se aproximava para cobrar escanteio. A cabe\u00e7a do animal foi arremessada do setor sul do est\u00e1dio na dire\u00e7\u00e3o do palmeirense, que prontamente reclamou do &#8216;objeto&#8217; &#8211; sem ter identificado do que se tratava.<\/p>\n\n\n\n<h2 class=\"wp-block-heading\" id=\"h-outras-acoes-do-cicatriz\">Outras a\u00e7\u00f5es do &#8216;Cicatriz&#8217;<\/h2>\n\n\n\n<p>Osnir Fernando recebeu uma puni\u00e7\u00e3o de 120 dias da Comiss\u00e3o de \u00c9tica do Corinthians ap\u00f3s \u2018armar\u2019 um ataque \u00e0 delega\u00e7\u00e3o do Flamengo. C\u00e2meras de seguran\u00e7a do Parque S\u00e3o Jorge flagraram o corintiano com uma barra de ferro na sa\u00edda do local, momentos depois do treino rubro-negro, no dia 29 de dezembro de 2023.<\/p>\n\n\n\n<p>Bem como ocorreu agora com est\u00e1dios no geral, o corintiano tamb\u00e9m est\u00e1 proibido de ter acesso ao Parque S\u00e3o Jorge. A pena neste caso tem vig\u00eancia at\u00e9 o m\u00eas que vem. Vale pontuar que Osnir possui uma ficha criminal extensa e responde por uma s\u00e9rie de casos de viol\u00eancia nos \u00faltimos dez anos.<\/p>\n\n\n\n<p>\u201cProvoca\u00e7\u00e3o sadia. Assim que vejo. N\u00e3o peguei a barra de ferro para agredir ningu\u00e9m, n\u00e3o dei soco. O futebol raiz tem que viver, nos anos 90, todo mundo ia para jogo junto e brincava com o outro. Hoje chegou uma propor\u00e7\u00e3o que est\u00e3o acabando com o futebol\u201d, alegou Osni \u00e0 \u2018Drade\u2019.<\/p>\n","protected":false},"excerpt":{"rendered":"<p>O corintiano Osnir Fernando Luiz acabou detido durante uma a\u00e7\u00e3o de busca e apreens\u00e3o em sua resid\u00eancia, na Zona Norte de S\u00e3o Paulo, na manh\u00e3 desta segunda-feira, 24. Com outras passagens pela Pol\u00edcia, o torcedor ficou conhecido por arremessar uma cabe\u00e7a de porco no gramado da Neo Qu\u00edmica Arena durante o D\u00e9rbi do returno do [&hellip;]<\/p>\n","protected":false},"author":30,"featured_media":155414,"comment_status":"open","ping_status":"closed","sticky":false,"template":"","format":"standard","meta":{"footnotes":""},"categories":[141,150],"tags":[],"class_list":["post-232225","post","type-post","status-publish","format-standard","has-post-thumbnail","hentry","category-corinthians","category-palmeiras"],"yoast_head":"<!-- This site is optimized with the Yoast SEO Premium plugin v24.2 (Yoast SEO v26.9) - https:\/\/yoast.com\/product\/yoast-seo-premium-wordpress\/ -->\n<title>Torcedor que levou cabe\u00e7a de porco para o D\u00e9rbi \u00e9 detido e punido; veja san\u00e7\u00f5es<\/title>\n<meta name=\"robots\" content=\"index, follow, max-snippet:-1, max-image-preview:large, max-video-preview:-1\" \/>\n<link rel=\"canonical\" href=\"https:\/\/www.gaveanews.com\/index.php\/2025\/02\/24\/torcedor-que-levou-cabeca-de-porco-para-o-derbi-e-detido-e-punido-veja-sancoes\/\" \/>\n<meta property=\"og:locale\" content=\"pt_BR\" \/>\n<meta property=\"og:type\" content=\"article\" \/>\n<meta property=\"og:title\" content=\"Torcedor que levou cabe\u00e7a de porco para o D\u00e9rbi \u00e9 detido e punido; veja san\u00e7\u00f5es\" \/>\n<meta property=\"og:description\" content=\"O corintiano Osnir Fernando Luiz acabou detido durante uma a\u00e7\u00e3o de busca e apreens\u00e3o em sua resid\u00eancia, na Zona Norte de S\u00e3o Paulo, na manh\u00e3 desta segunda-feira, 24. Com outras passagens pela Pol\u00edcia, o torcedor ficou conhecido por arremessar uma cabe\u00e7a de porco no gramado da Neo Qu\u00edmica Arena durante o D\u00e9rbi do returno do [&hellip;]\" \/>\n<meta property=\"og:url\" content=\"https:\/\/www.gaveanews.com\/index.php\/2025\/02\/24\/torcedor-que-levou-cabeca-de-porco-para-o-derbi-e-detido-e-punido-veja-sancoes\/\" \/>\n<meta property=\"og:site_name\" content=\"G\u00e1vea News\" \/>\n<meta property=\"article:publisher\" content=\"https:\/\/facebook.com\/gaveaNews\/\" \/>\n<meta property=\"article:published_time\" content=\"2025-02-24T23:53:05+00:00\" \/>\n<meta property=\"article:modified_time\" content=\"2025-02-24T23:55:44+00:00\" \/>\n<meta property=\"og:image\" content=\"http:\/\/www.gaveanews.com\/wp-content\/uploads\/Escudos-de-Palmeiras-e-Corinthians.webp\" \/>\n\t<meta property=\"og:image:width\" content=\"900\" \/>\n\t<meta property=\"og:image:height\" content=\"600\" \/>\n\t<meta property=\"og:image:type\" content=\"image\/jpeg\" \/>\n<meta name=\"author\" content=\"Ana Teixeira\" \/>\n<meta name=\"twitter:card\" content=\"summary_large_image\" \/>\n<meta name=\"twitter:label1\" content=\"Escrito por\" \/>\n\t<meta name=\"twitter:data1\" content=\"Ana Teixeira\" \/>\n\t<meta name=\"twitter:label2\" content=\"Est. tempo de leitura\" \/>\n\t<meta name=\"twitter:data2\" content=\"4 minutos\" \/>\n<script type=\"application\/ld+json\" class=\"yoast-schema-graph\">{\"@context\":\"https:\/\/schema.org\",\"@graph\":[{\"@type\":\"NewsArticle\",\"@id\":\"https:\/\/www.gaveanews.com\/index.php\/2025\/02\/24\/torcedor-que-levou-cabeca-de-porco-para-o-derbi-e-detido-e-punido-veja-sancoes\/#article\",\"isPartOf\":{\"@id\":\"https:\/\/www.gaveanews.com\/index.php\/2025\/02\/24\/torcedor-que-levou-cabeca-de-porco-para-o-derbi-e-detido-e-punido-veja-sancoes\/\"},\"author\":{\"name\":\"Ana Teixeira\",\"@id\":\"https:\/\/www.gaveanews.com\/#\/schema\/person\/3b19f7288b0ce20372991275e4f2e6c2\"},\"headline\":\"Torcedor que levou cabe\u00e7a de porco para o D\u00e9rbi \u00e9 detido e punido; veja san\u00e7\u00f5es\",\"datePublished\":\"2025-02-24T23:53:05+00:00\",\"dateModified\":\"2025-02-24T23:55:44+00:00\",\"mainEntityOfPage\":{\"@id\":\"https:\/\/www.gaveanews.com\/index.php\/2025\/02\/24\/torcedor-que-levou-cabeca-de-porco-para-o-derbi-e-detido-e-punido-veja-sancoes\/\"},\"wordCount\":609,\"commentCount\":0,\"image\":{\"@id\":\"https:\/\/www.gaveanews.com\/index.php\/2025\/02\/24\/torcedor-que-levou-cabeca-de-porco-para-o-derbi-e-detido-e-punido-veja-sancoes\/#primaryimage\"},\"thumbnailUrl\":\"https:\/\/www.gaveanews.com\/wp-content\/uploads\/Escudos-de-Palmeiras-e-Corinthians.webp\",\"articleSection\":[\"Corinthians\",\"Palmeiras\"],\"inLanguage\":\"pt-BR\",\"potentialAction\":[{\"@type\":\"CommentAction\",\"name\":\"Comment\",\"target\":[\"https:\/\/www.gaveanews.com\/index.php\/2025\/02\/24\/torcedor-que-levou-cabeca-de-porco-para-o-derbi-e-detido-e-punido-veja-sancoes\/#respond\"]}],\"copyrightYear\":\"2025\",\"copyrightHolder\":{\"@id\":\"https:\/\/www.gaveanews.com\/#organization\"}},{\"@type\":\"WebPage\",\"@id\":\"https:\/\/www.gaveanews.com\/index.php\/2025\/02\/24\/torcedor-que-levou-cabeca-de-porco-para-o-derbi-e-detido-e-punido-veja-sancoes\/\",\"url\":\"https:\/\/www.gaveanews.com\/index.php\/2025\/02\/24\/torcedor-que-levou-cabeca-de-porco-para-o-derbi-e-detido-e-punido-veja-sancoes\/\",\"name\":\"Torcedor que levou cabe\u00e7a de porco para o D\u00e9rbi \u00e9 detido e punido; veja san\u00e7\u00f5es\",\"isPartOf\":{\"@id\":\"https:\/\/www.gaveanews.com\/#website\"},\"primaryImageOfPage\":{\"@id\":\"https:\/\/www.gaveanews.com\/index.php\/2025\/02\/24\/torcedor-que-levou-cabeca-de-porco-para-o-derbi-e-detido-e-punido-veja-sancoes\/#primaryimage\"},\"image\":{\"@id\":\"https:\/\/www.gaveanews.com\/index.php\/2025\/02\/24\/torcedor-que-levou-cabeca-de-porco-para-o-derbi-e-detido-e-punido-veja-sancoes\/#primaryimage\"},\"thumbnailUrl\":\"https:\/\/www.gaveanews.com\/wp-content\/uploads\/Escudos-de-Palmeiras-e-Corinthians.webp\",\"datePublished\":\"2025-02-24T23:53:05+00:00\",\"dateModified\":\"2025-02-24T23:55:44+00:00\",\"author\":{\"@id\":\"https:\/\/www.gaveanews.com\/#\/schema\/person\/3b19f7288b0ce20372991275e4f2e6c2\"},\"breadcrumb\":{\"@id\":\"https:\/\/www.gaveanews.com\/index.php\/2025\/02\/24\/torcedor-que-levou-cabeca-de-porco-para-o-derbi-e-detido-e-punido-veja-sancoes\/#breadcrumb\"},\"inLanguage\":\"pt-BR\",\"potentialAction\":[{\"@type\":\"ReadAction\",\"target\":[\"https:\/\/www.gaveanews.com\/index.php\/2025\/02\/24\/torcedor-que-levou-cabeca-de-porco-para-o-derbi-e-detido-e-punido-veja-sancoes\/\"]}]},{\"@type\":\"ImageObject\",\"inLanguage\":\"pt-BR\",\"@id\":\"https:\/\/www.gaveanews.com\/index.php\/2025\/02\/24\/torcedor-que-levou-cabeca-de-porco-para-o-derbi-e-detido-e-punido-veja-sancoes\/#primaryimage\",\"url\":\"https:\/\/www.gaveanews.com\/wp-content\/uploads\/Escudos-de-Palmeiras-e-Corinthians.webp\",\"contentUrl\":\"https:\/\/www.gaveanews.com\/wp-content\/uploads\/Escudos-de-Palmeiras-e-Corinthians.webp\",\"width\":900,\"height\":600,\"caption\":\"Escudos de Palmeiras e Corinthians (Imagem: Editoria de arte\/G\u00e1vea News\/Henrique Machado)\"},{\"@type\":\"BreadcrumbList\",\"@id\":\"https:\/\/www.gaveanews.com\/index.php\/2025\/02\/24\/torcedor-que-levou-cabeca-de-porco-para-o-derbi-e-detido-e-punido-veja-sancoes\/#breadcrumb\",\"itemListElement\":[{\"@type\":\"ListItem\",\"position\":1,\"name\":\"Home\",\"item\":\"https:\/\/www.gaveanews.com\/\"},{\"@type\":\"ListItem\",\"position\":2,\"name\":\"Torcedor que levou cabe\u00e7a de porco para o D\u00e9rbi \u00e9 detido e punido; veja san\u00e7\u00f5es\"}]},{\"@type\":\"WebSite\",\"@id\":\"https:\/\/www.gaveanews.com\/#website\",\"url\":\"https:\/\/www.gaveanews.com\/\",\"name\":\"G\u00e1vea News\",\"description\":\"Veja todas as not\u00edcias sobre o Flamengo: Contrata\u00e7\u00f5es, categorias de base, resultados das partidas, tabela de classifica\u00e7\u00e3o, pr\u00f3ximos jogos!\",\"potentialAction\":[{\"@type\":\"SearchAction\",\"target\":{\"@type\":\"EntryPoint\",\"urlTemplate\":\"https:\/\/www.gaveanews.com\/?s={search_term_string}\"},\"query-input\":{\"@type\":\"PropertyValueSpecification\",\"valueRequired\":true,\"valueName\":\"search_term_string\"}}],\"inLanguage\":\"pt-BR\"},{\"@type\":\"Person\",\"@id\":\"https:\/\/www.gaveanews.com\/#\/schema\/person\/3b19f7288b0ce20372991275e4f2e6c2\",\"name\":\"Ana Teixeira\",\"image\":{\"@type\":\"ImageObject\",\"inLanguage\":\"pt-BR\",\"@id\":\"https:\/\/www.gaveanews.com\/#\/schema\/person\/image\/\",\"url\":\"https:\/\/secure.gravatar.com\/avatar\/0a73f5a5258f3fed37fc2fa641892f3f7a4748456d4d4792f9bc550e6c19e06c?s=96&d=mm&r=g\",\"contentUrl\":\"https:\/\/secure.gravatar.com\/avatar\/0a73f5a5258f3fed37fc2fa641892f3f7a4748456d4d4792f9bc550e6c19e06c?s=96&d=mm&r=g\",\"caption\":\"Ana Teixeira\"}}]}<\/script>\n<!-- \/ Yoast SEO Premium plugin. -->","yoast_head_json":{"title":"Torcedor que levou cabe\u00e7a de porco para o D\u00e9rbi \u00e9 detido e punido; veja san\u00e7\u00f5es","robots":{"index":"index","follow":"follow","max-snippet":"max-snippet:-1","max-image-preview":"max-image-preview:large","max-video-preview":"max-video-preview:-1"},"canonical":"https:\/\/www.gaveanews.com\/index.php\/2025\/02\/24\/torcedor-que-levou-cabeca-de-porco-para-o-derbi-e-detido-e-punido-veja-sancoes\/","og_locale":"pt_BR","og_type":"article","og_title":"Torcedor que levou cabe\u00e7a de porco para o D\u00e9rbi \u00e9 detido e punido; veja san\u00e7\u00f5es","og_description":"O corintiano Osnir Fernando Luiz acabou detido durante uma a\u00e7\u00e3o de busca e apreens\u00e3o em sua resid\u00eancia, na Zona Norte de S\u00e3o Paulo, na manh\u00e3 desta segunda-feira, 24. Com outras passagens pela Pol\u00edcia, o torcedor ficou conhecido por arremessar uma cabe\u00e7a de porco no gramado da Neo Qu\u00edmica Arena durante o D\u00e9rbi do returno do [&hellip;]","og_url":"https:\/\/www.gaveanews.com\/index.php\/2025\/02\/24\/torcedor-que-levou-cabeca-de-porco-para-o-derbi-e-detido-e-punido-veja-sancoes\/","og_site_name":"G\u00e1vea News","article_publisher":"https:\/\/facebook.com\/gaveaNews\/","article_published_time":"2025-02-24T23:53:05+00:00","article_modified_time":"2025-02-24T23:55:44+00:00","og_image":[{"width":900,"height":600,"url":"http:\/\/www.gaveanews.com\/wp-content\/uploads\/Escudos-de-Palmeiras-e-Corinthians.webp","type":"image\/jpeg"}],"author":"Ana Teixeira","twitter_card":"summary_large_image","twitter_misc":{"Escrito por":"Ana Teixeira","Est. tempo de leitura":"4 minutos"},"schema":{"@context":"https:\/\/schema.org","@graph":[{"@type":"NewsArticle","@id":"https:\/\/www.gaveanews.com\/index.php\/2025\/02\/24\/torcedor-que-levou-cabeca-de-porco-para-o-derbi-e-detido-e-punido-veja-sancoes\/#article","isPartOf":{"@id":"https:\/\/www.gaveanews.com\/index.php\/2025\/02\/24\/torcedor-que-levou-cabeca-de-porco-para-o-derbi-e-detido-e-punido-veja-sancoes\/"},"author":{"name":"Ana Teixeira","@id":"https:\/\/www.gaveanews.com\/#\/schema\/person\/3b19f7288b0ce20372991275e4f2e6c2"},"headline":"Torcedor que levou cabe\u00e7a de porco para o D\u00e9rbi \u00e9 detido e punido; veja san\u00e7\u00f5es","datePublished":"2025-02-24T23:53:05+00:00","dateModified":"2025-02-24T23:55:44+00:00","mainEntityOfPage":{"@id":"https:\/\/www.gaveanews.com\/index.php\/2025\/02\/24\/torcedor-que-levou-cabeca-de-porco-para-o-derbi-e-detido-e-punido-veja-sancoes\/"},"wordCount":609,"commentCount":0,"image":{"@id":"https:\/\/www.gaveanews.com\/index.php\/2025\/02\/24\/torcedor-que-levou-cabeca-de-porco-para-o-derbi-e-detido-e-punido-veja-sancoes\/#primaryimage"},"thumbnailUrl":"https:\/\/www.gaveanews.com\/wp-content\/uploads\/Escudos-de-Palmeiras-e-Corinthians.webp","articleSection":["Corinthians","Palmeiras"],"inLanguage":"pt-BR","potentialAction":[{"@type":"CommentAction","name":"Comment","target":["https:\/\/www.gaveanews.com\/index.php\/2025\/02\/24\/torcedor-que-levou-cabeca-de-porco-para-o-derbi-e-detido-e-punido-veja-sancoes\/#respond"]}],"copyrightYear":"2025","copyrightHolder":{"@id":"https:\/\/www.gaveanews.com\/#organization"}},{"@type":"WebPage","@id":"https:\/\/www.gaveanews.com\/index.php\/2025\/02\/24\/torcedor-que-levou-cabeca-de-porco-para-o-derbi-e-detido-e-punido-veja-sancoes\/","url":"https:\/\/www.gaveanews.com\/index.php\/2025\/02\/24\/torcedor-que-levou-cabeca-de-porco-para-o-derbi-e-detido-e-punido-veja-sancoes\/","name":"Torcedor que levou cabe\u00e7a de porco para o D\u00e9rbi \u00e9 detido e punido; veja san\u00e7\u00f5es","isPartOf":{"@id":"https:\/\/www.gaveanews.com\/#website"},"primaryImageOfPage":{"@id":"https:\/\/www.gaveanews.com\/index.php\/2025\/02\/24\/torcedor-que-levou-cabeca-de-porco-para-o-derbi-e-detido-e-punido-veja-sancoes\/#primaryimage"},"image":{"@id":"https:\/\/www.gaveanews.com\/index.php\/2025\/02\/24\/torcedor-que-levou-cabeca-de-porco-para-o-derbi-e-detido-e-punido-veja-sancoes\/#primaryimage"},"thumbnailUrl":"https:\/\/www.gaveanews.com\/wp-content\/uploads\/Escudos-de-Palmeiras-e-Corinthians.webp","datePublished":"2025-02-24T23:53:05+00:00","dateModified":"2025-02-24T23:55:44+00:00","author":{"@id":"https:\/\/www.gaveanews.com\/#\/schema\/person\/3b19f7288b0ce20372991275e4f2e6c2"},"breadcrumb":{"@id":"https:\/\/www.gaveanews.com\/index.php\/2025\/02\/24\/torcedor-que-levou-cabeca-de-porco-para-o-derbi-e-detido-e-punido-veja-sancoes\/#breadcrumb"},"inLanguage":"pt-BR","potentialAction":[{"@type":"ReadAction","target":["https:\/\/www.gaveanews.com\/index.php\/2025\/02\/24\/torcedor-que-levou-cabeca-de-porco-para-o-derbi-e-detido-e-punido-veja-sancoes\/"]}]},{"@type":"ImageObject","inLanguage":"pt-BR","@id":"https:\/\/www.gaveanews.com\/index.php\/2025\/02\/24\/torcedor-que-levou-cabeca-de-porco-para-o-derbi-e-detido-e-punido-veja-sancoes\/#primaryimage","url":"https:\/\/www.gaveanews.com\/wp-content\/uploads\/Escudos-de-Palmeiras-e-Corinthians.webp","contentUrl":"https:\/\/www.gaveanews.com\/wp-content\/uploads\/Escudos-de-Palmeiras-e-Corinthians.webp","width":900,"height":600,"caption":"Escudos de Palmeiras e Corinthians (Imagem: Editoria de arte\/G\u00e1vea News\/Henrique Machado)"},{"@type":"BreadcrumbList","@id":"https:\/\/www.gaveanews.com\/index.php\/2025\/02\/24\/torcedor-que-levou-cabeca-de-porco-para-o-derbi-e-detido-e-punido-veja-sancoes\/#breadcrumb","itemListElement":[{"@type":"ListItem","position":1,"name":"Home","item":"https:\/\/www.gaveanews.com\/"},{"@type":"ListItem","position":2,"name":"Torcedor que levou cabe\u00e7a de porco para o D\u00e9rbi \u00e9 detido e punido; veja san\u00e7\u00f5es"}]},{"@type":"WebSite","@id":"https:\/\/www.gaveanews.com\/#website","url":"https:\/\/www.gaveanews.com\/","name":"G\u00e1vea News","description":"Veja todas as not\u00edcias sobre o Flamengo: Contrata\u00e7\u00f5es, categorias de base, resultados das partidas, tabela de classifica\u00e7\u00e3o, pr\u00f3ximos jogos!","potentialAction":[{"@type":"SearchAction","target":{"@type":"EntryPoint","urlTemplate":"https:\/\/www.gaveanews.com\/?s={search_term_string}"},"query-input":{"@type":"PropertyValueSpecification","valueRequired":true,"valueName":"search_term_string"}}],"inLanguage":"pt-BR"},{"@type":"Person","@id":"https:\/\/www.gaveanews.com\/#\/schema\/person\/3b19f7288b0ce20372991275e4f2e6c2","name":"Ana Teixeira","image":{"@type":"ImageObject","inLanguage":"pt-BR","@id":"https:\/\/www.gaveanews.com\/#\/schema\/person\/image\/","url":"https:\/\/secure.gravatar.com\/avatar\/0a73f5a5258f3fed37fc2fa641892f3f7a4748456d4d4792f9bc550e6c19e06c?s=96&d=mm&r=g","contentUrl":"https:\/\/secure.gravatar.com\/avatar\/0a73f5a5258f3fed37fc2fa641892f3f7a4748456d4d4792f9bc550e6c19e06c?s=96&d=mm&r=g","caption":"Ana Teixeira"}}]}},"_links":{"self":[{"href":"https:\/\/www.gaveanews.com\/index.php\/wp-json\/wp\/v2\/posts\/232225","targetHints":{"allow":["GET"]}}],"collection":[{"href":"https:\/\/www.gaveanews.com\/index.php\/wp-json\/wp\/v2\/posts"}],"about":[{"href":"https:\/\/www.gaveanews.com\/index.php\/wp-json\/wp\/v2\/types\/post"}],"author":[{"embeddable":true,"href":"https:\/\/www.gaveanews.com\/index.php\/wp-json\/wp\/v2\/users\/30"}],"replies":[{"embeddable":true,"href":"https:\/\/www.gaveanews.com\/index.php\/wp-json\/wp\/v2\/comments?post=232225"}],"version-history":[{"count":2,"href":"https:\/\/www.gaveanews.com\/index.php\/wp-json\/wp\/v2\/posts\/232225\/revisions"}],"predecessor-version":[{"id":232232,"href":"https:\/\/www.gaveanews.com\/index.php\/wp-json\/wp\/v2\/posts\/232225\/revisions\/232232"}],"wp:featuredmedia":[{"embeddable":true,"href":"https:\/\/www.gaveanews.com\/index.php\/wp-json\/wp\/v2\/media\/155414"}],"wp:attachment":[{"href":"https:\/\/www.gaveanews.com\/index.php\/wp-json\/wp\/v2\/media?parent=232225"}],"wp:term":[{"taxonomy":"category","embeddable":true,"href":"https:\/\/www.gaveanews.com\/index.php\/wp-json\/wp\/v2\/categories?post=232225"},{"taxonomy":"post_tag","embeddable":true,"href":"https:\/\/www.gaveanews.com\/index.php\/wp-json\/wp\/v2\/tags?post=232225"}],"curies":[{"name":"wp","href":"https:\/\/api.w.org\/{rel}","templated":true}]}}